{"id":14621,"date":"2016-07-15T17:05:50","date_gmt":"2016-07-15T14:05:50","guid":{"rendered":"http:\/\/balcilar-blog.com\/?p=14621"},"modified":"2016-07-15T17:05:50","modified_gmt":"2016-07-15T14:05:50","slug":"yuksek-sosyete-reytinglerin-tepesine-oturdu","status":"publish","type":"post","link":"https:\/\/balcilar-blog.com\/?p=14621","title":{"rendered":"Y\u00fcksek Sosyete reytinglerin tepesine oturdu!"},"content":{"rendered":"<p><img loading=\"lazy\" decoding=\"async\" class=\"alignnone size-full wp-image-14628\" src=\"http:\/\/balcilar-blog.com\/wp-content\/uploads\/2016\/07\/CnWgc4qWcAAtAhH.jpg\" alt=\"CnWgc4qWcAAtAhH\" width=\"640\" height=\"360\" srcset=\"https:\/\/balcilar-blog.com\/wp-content\/uploads\/2016\/07\/CnWgc4qWcAAtAhH.jpg 640w, https:\/\/balcilar-blog.com\/wp-content\/uploads\/2016\/07\/CnWgc4qWcAAtAhH-300x169.jpg 300w\" sizes=\"auto, (max-width: 640px) 100vw, 640px\" \/><\/p>\n<p>Y\u00fcksek Sosyete d\u00fcn ak\u015fam 4.b\u00f6l\u00fcm\u00fc ile Star Tv&#8217;de ekranlara geldi. Yaz dizileri i\u00e7inde \u00e7ok be\u011fenilen dizi reytinglerin tepesine oturdu. Ald\u0131\u011f\u0131 puanlar da bunu teyit ediyor.<\/p>\n<p>Total&#8217;de : 4,54 &#8211; 17,43<\/p>\n<p>AB&#8217;de : 5,11 &#8211; 21,44<\/p>\n<p>Bi Yap\u0131m &#8211; Burak Sa\u011fya\u015far&#8217;\u0131n yap\u0131mc\u0131s\u0131 oldu\u011fu Y\u00fcksek Sosyete&#8217;de Hazar Erg\u00fc\u00e7l\u00fc, Engin \u00d6zt\u00fcrk, Meri\u00e7 Aral, Ozan Dolunay ve Z\u00fchal Olcay oynuyor.<\/p>\n<p>Ge\u00e7en 3.b\u00f6l\u00fcm sonunda Kerem ile Cansu sal\u0131ncakta sallan\u0131rken Ece&#8217;den gelen telefon mesaj\u0131, Cansu&#8217;nun tad\u0131n\u0131 ka\u00e7\u0131r\u0131r. &#8220;Mert&#8217;in sevgilisi varm\u0131\u015f, evleniyormu\u015f.&#8221; mesaj\u0131 geceyi k\u00f6t\u00fc bitirir.<\/p>\n<p><img loading=\"lazy\" decoding=\"async\" class=\"alignnone size-full wp-image-14632\" src=\"http:\/\/balcilar-blog.com\/wp-content\/uploads\/2016\/07\/CnLcGX8WAAA10Do.jpg\" alt=\"CnLcGX8WAAA10Do\" width=\"640\" height=\"427\" srcset=\"https:\/\/balcilar-blog.com\/wp-content\/uploads\/2016\/07\/CnLcGX8WAAA10Do.jpg 640w, https:\/\/balcilar-blog.com\/wp-content\/uploads\/2016\/07\/CnLcGX8WAAA10Do-300x200.jpg 300w\" sizes=\"auto, (max-width: 640px) 100vw, 640px\" \/><\/p>\n<p>Ece ise ger\u00e7ek patron Mert ile iyi bir gece ge\u00e7irir. Sokak pilavc\u0131s\u0131ndan Pilav ve tatl\u0131 yiyen Mert i\u00e7in gece \u00e7ok g\u00fczel ge\u00e7er. Ece, bir de onu oynat\u0131r, g\u00f6bek att\u0131r\u0131r. G\u00f6r\u00fcn\u00fc\u015fe g\u00f6re \u015faka gibi ba\u015flayan Mert&#8217;in Ece&#8217;ye ilgisi sanki a\u015fka d\u00f6n\u00fc\u015f\u00fcr.<\/p>\n<p><img loading=\"lazy\" decoding=\"async\" class=\"alignnone size-full wp-image-14629\" src=\"http:\/\/balcilar-blog.com\/wp-content\/uploads\/2016\/07\/CnWGmYtWYAEc-89.jpg\" alt=\"CnWGmYtWYAEc-89\" width=\"640\" height=\"360\" srcset=\"https:\/\/balcilar-blog.com\/wp-content\/uploads\/2016\/07\/CnWGmYtWYAEc-89.jpg 640w, https:\/\/balcilar-blog.com\/wp-content\/uploads\/2016\/07\/CnWGmYtWYAEc-89-300x169.jpg 300w\" sizes=\"auto, (max-width: 640px) 100vw, 640px\" \/><\/p>\n<p>Sabah i\u015fyerinde Cansu Ece&#8217;ye bir not f\u0131rlat\u0131r. Soyunma odas\u0131na gelmesini ister. Ece odaya girince \u015fa\u015f\u0131r\u0131r. Cansu, Ece&#8217;ye bir s\u00fcrpriz haz\u0131rlar. Mert&#8217;in y\u00fcz\u00fcn\u00fc panoya asar, oklarla surat\u0131na, y\u00fcz\u00fcne, g\u00f6z\u00fcne oklar\u0131 f\u0131rlat\u0131rlar. Hem g\u00fcler, hem de intikam al\u0131rlar. Kerem&#8217;in mavi\u015f g\u00f6zlerine atarlar.<\/p>\n<p><img loading=\"lazy\" decoding=\"async\" class=\"alignnone size-full wp-image-14630\" src=\"http:\/\/balcilar-blog.com\/wp-content\/uploads\/2016\/07\/CnWNkAfWYAQ1j9q.jpg\" alt=\"CnWNkAfWYAQ1j9q\" width=\"640\" height=\"360\" srcset=\"https:\/\/balcilar-blog.com\/wp-content\/uploads\/2016\/07\/CnWNkAfWYAQ1j9q.jpg 640w, https:\/\/balcilar-blog.com\/wp-content\/uploads\/2016\/07\/CnWNkAfWYAQ1j9q-300x169.jpg 300w\" sizes=\"auto, (max-width: 640px) 100vw, 640px\" \/><\/p>\n<p>Ertesi g\u00fcn Kerem Mert&#8217;e sitem eder, o mesaj y\u00fcz\u00fcnden her \u015feyi yok ettin. Mert Kerem&#8217;e bir karar vermesini s\u00f6yler. \u015eirin mi? Cansu mu? Kerem bir karar vermek zorundad\u0131r, annesinin istedi\u011fi k\u0131z \u015eirin ile evlenecek mi? Yoksa g\u00f6nl\u00fcn\u00fcz istedi\u011fi a\u015fka m\u0131 gidecek?<\/p>\n<p>Kerem de \u00f6yle yapar, \u015eirin&#8217;i al\u0131r hayallerini ger\u00e7ekle\u015ftirece\u011fi araziye al\u0131r g\u00f6t\u00fcr\u00fcr. \u015eirin biz da\u011f ba\u015f\u0131na m\u0131 geldik diye sitem eder. G\u00f6n\u00fclleri uyu\u015fmad\u0131\u011f\u0131 gibi zevkleri de farkl\u0131d\u0131r. \u015eirin Kerem&#8217;in annesini \u015fikayet eder. Beni sevmiyor, i\u015f yerinde ba\u015fka bir k\u0131z\u0131 seviyor.<\/p>\n<p>Ay\u015fen Han\u0131m o k\u0131z\u0131 g\u00f6rmek, a\u011fz\u0131n\u0131n pay\u0131n\u0131 vermek i\u00e7in o\u011flunun i\u015f yerine gider. Ece yerine Cansu ilke kar\u015f\u0131la\u015f\u0131r. Cansu m\u00fc\u015fteri zannetti\u011fi Ay\u015fen Han\u0131ma ilgi g\u00f6sterir. Ay\u015fen Cansu&#8217;yu ilk g\u00f6r\u00fc\u015fte sever. Cansu, Asistan Kerem zanneder. Mert &#8211; Karem kar\u0131\u015f\u0131kl\u0131\u011f\u0131 evlilik i\u015fini de kar\u0131\u015ft\u0131r\u0131r.<\/p>\n<p>Di\u011fer taraftan torununun marketteki ba\u015far\u0131lar\u0131 raporlar\u0131n\u0131 inceleyen babaanne Bedia \u00c7alhanlar, torunu Mert&#8217;in ba\u015far\u0131s\u0131n\u0131 i\u015f yerinde g\u00f6rmek ister. Do\u011fruca Oliva&#8217;ya gider. Ayn\u0131 anda Kerem&#8217;in annesinin de gelmesi ile ortal\u0131k kar\u0131\u015f\u0131r. Mert ile Kerem eli aya\u011f\u0131 dola\u015f\u0131r. Bu zor durumu, sap\u0131-saman\u0131 kar\u0131\u015ft\u0131rmadan atlat\u0131rlar. Kimse kimin kim, ne oldu\u011funu anlamaz. \u00c7\u0131k\u0131\u015fta babaanne ile tan\u0131\u015fan Ay\u015fen Han\u0131m kar\u015f\u0131la\u015f\u0131rlar. Bu da gargaraya getirilir. \u0130\u00e7eriden bu durumu seyreden Ece ile Cansu pek bir \u015fey anlayamazlar.<\/p>\n<p><img loading=\"lazy\" decoding=\"async\" class=\"alignnone size-full wp-image-14622\" src=\"http:\/\/balcilar-blog.com\/wp-content\/uploads\/2016\/07\/CnWRwRzW8AABGWt.jpg\" alt=\"CnWRwRzW8AABGWt\" width=\"640\" height=\"360\" srcset=\"https:\/\/balcilar-blog.com\/wp-content\/uploads\/2016\/07\/CnWRwRzW8AABGWt.jpg 640w, https:\/\/balcilar-blog.com\/wp-content\/uploads\/2016\/07\/CnWRwRzW8AABGWt-300x169.jpg 300w\" sizes=\"auto, (max-width: 640px) 100vw, 640px\" \/><\/p>\n<p>Cansu, Kerem&#8217;i bir t\u00fcrl\u00fc \u00e7\u00f6zemez. Alt\u0131nda l\u00fcks arabalar falan. Mert, Kerem&#8217;i s\u0131k\u0131\u015ft\u0131r\u0131r. \u00d6pt\u00fcn m\u00fc, \u00f6pmedin mi? Kerem karar\u0131n\u0131 verir. \u015eirin ile konu\u015facak, karar\u0131n\u0131 s\u00f6yleyecektir.<\/p>\n<p>Di\u011fer taraftan Metin kar\u0131s\u0131na sus pay\u0131 l\u00fcks bir araba al\u0131r. Ama onu memnun edemez. L\u00fcks bir araba da metresine alm\u0131\u015ft\u0131r.<\/p>\n<p>Markete gelen mallar\u0131 sat\u0131n alma memuru kabul etmez. Adam ben bu mallar\u0131 geri g\u00f6t\u00fcrsem hepsi \u00e7\u00fcr\u00fcr, zarar ederim. Duyan Cansu dayanamaz bu 700 liral\u0131k zarar\u0131 kar\u015f\u0131lamak ister. Sat\u0131c\u0131 zor da olasa hesap numaras\u0131n\u0131 verir. Bu durumu uzaktan dinleyip, g\u00f6ren Kerem.sen beni anlamad\u0131\u011f\u0131n\u0131 s\u00f6yl\u00fcyordun ya, ben de seni anlam\u0131yorum. Sen nas\u0131l bir k\u0131zs\u0131n. Kafam\u0131 kar\u0131\u015ft\u0131r\u0131yorsun.<\/p>\n<p><img loading=\"lazy\" decoding=\"async\" class=\"alignnone size-full wp-image-14624\" src=\"http:\/\/balcilar-blog.com\/wp-content\/uploads\/2016\/07\/CnWaaZJWYAAyHLG.jpg\" alt=\"CnWaaZJWYAAyHLG\" width=\"640\" height=\"360\" srcset=\"https:\/\/balcilar-blog.com\/wp-content\/uploads\/2016\/07\/CnWaaZJWYAAyHLG.jpg 640w, https:\/\/balcilar-blog.com\/wp-content\/uploads\/2016\/07\/CnWaaZJWYAAyHLG-300x169.jpg 300w\" sizes=\"auto, (max-width: 640px) 100vw, 640px\" \/><\/p>\n<p>Cansu babas\u0131na gider, konu\u015fmak ister. Okuldan bir arkada\u015f\u0131n\u0131n evinde kalmak istedi\u011fini s\u00f6yler. \u015eirkette bana hisse vermiyorsun, kalma iznini de vereceksin. Babas\u0131 sadece hafta i\u00e7leri, hafta sonlar\u0131 evde olacaks\u0131n diyerek izin verir.<\/p>\n<p>Toplar valizini arkada\u015f\u0131 Ece&#8217;nin evine gider. Ece, \u00e7ok sevinir. Evin eksilerini art\u0131lar\u0131n\u0131 g\u00f6sterir. \u00c7ay demler, kar\u015f\u0131l\u0131kl\u0131 oturur, keyifle i\u00e7erler.<\/p>\n<p><img loading=\"lazy\" decoding=\"async\" class=\"alignnone size-full wp-image-14623\" src=\"http:\/\/balcilar-blog.com\/wp-content\/uploads\/2016\/07\/CnL8fUDWAAA1YIZ.jpg\" alt=\"CnL8fUDWAAA1YIZ\" width=\"640\" height=\"427\" srcset=\"https:\/\/balcilar-blog.com\/wp-content\/uploads\/2016\/07\/CnL8fUDWAAA1YIZ.jpg 640w, https:\/\/balcilar-blog.com\/wp-content\/uploads\/2016\/07\/CnL8fUDWAAA1YIZ-300x200.jpg 300w\" sizes=\"auto, (max-width: 640px) 100vw, 640px\" \/><\/p>\n<p>Cansu&#8217;nun evden gitti\u011fini S\u00fcreyya Han\u0131m o\u011flu Can&#8217;dan \u00f6\u011frenir. Ece diye bir arkada\u015f\u0131nda kalaca\u011f\u0131n\u0131 s\u00f6yler. Bilmedi\u011finiz yere, kimdir, nedir diyerek \u00e7ok sinirlenir. \u0130zni babas\u0131n\u0131n verdi\u011fini duyar, bana hi\u00e7e saym\u0131\u015f.<\/p>\n<p><img loading=\"lazy\" decoding=\"async\" class=\"alignnone size-full wp-image-14626\" src=\"http:\/\/balcilar-blog.com\/wp-content\/uploads\/2016\/07\/CnWdiFrW8AEP4Nf.jpg\" alt=\"CnWdiFrW8AEP4Nf\" width=\"640\" height=\"360\" srcset=\"https:\/\/balcilar-blog.com\/wp-content\/uploads\/2016\/07\/CnWdiFrW8AEP4Nf.jpg 640w, https:\/\/balcilar-blog.com\/wp-content\/uploads\/2016\/07\/CnWdiFrW8AEP4Nf-300x169.jpg 300w\" sizes=\"auto, (max-width: 640px) 100vw, 640px\" \/><\/p>\n<p>Kerem o ak\u015fam \u015eirin&#8217;i yeme\u011fe g\u00f6t\u00fcr, kar\u015f\u0131l\u0131kl\u0131 otururlar. Yemekten \u00f6nce ne s\u00f6yleyece\u011fini sorar. Kerem, ke\u015fke sana a\u015f\u0131k olabilseydim, zor da olsa s\u00f6yler. \u00d6z\u00fcr diler, sana yalan s\u00f6ylememem, evet ba\u015fka birinden ho\u015flan\u0131yorum. \u015eirin duydu\u011fu ger\u00e7ekler kar\u015f\u0131s\u0131nda g\u00f6z ya\u015flar\u0131n\u0131 tutamaz. Sak\u0131n Kerem, gelme pe\u015fimden gelme&#8230; Heme oray\u0131 terk eder.<\/p>\n<p><img loading=\"lazy\" decoding=\"async\" class=\"alignnone size-full wp-image-14627\" src=\"http:\/\/balcilar-blog.com\/wp-content\/uploads\/2016\/07\/CnWfMV9XYAA3IOb.jpg\" alt=\"CnWfMV9XYAA3IOb\" width=\"640\" height=\"360\" srcset=\"https:\/\/balcilar-blog.com\/wp-content\/uploads\/2016\/07\/CnWfMV9XYAA3IOb.jpg 640w, https:\/\/balcilar-blog.com\/wp-content\/uploads\/2016\/07\/CnWfMV9XYAA3IOb-300x169.jpg 300w\" sizes=\"auto, (max-width: 640px) 100vw, 640px\" \/><\/p>\n<p>S\u00fcreyya Han\u0131m k\u0131z\u0131 Cansu&#8217;ya mesaj atar. &#8220;Hemen eve gel, seni mirastan men ederim.&#8221;<\/p>\n<p>Kerem de masa da tek ba\u015f\u0131na kal\u0131r, halleri ile ba\u015f ba\u015fad\u0131r. G\u00f6z\u00fcn\u00fcn \u00f6n\u00fcnden Cansu ile ge\u00e7en an an gelip ge\u00e7er. Kalp at\u0131\u015flar\u0131 h\u0131zlan\u0131r. Fonda g\u00fczel bir \u015fark\u0131 \u00e7alar. O an sevdi\u011fi k\u0131z\u0131n Cansu oldu\u011funu anlar ve 4.b\u00f6l\u00fcm burada sona erer.<\/p>\n<p><img loading=\"lazy\" decoding=\"async\" class=\"alignnone size-full wp-image-14641\" src=\"http:\/\/balcilar-blog.com\/wp-content\/uploads\/2016\/07\/Ekran-Al\u0131nt\u0131s\u0131YS.4.SON_.jpg\" alt=\"Ekran Al\u0131nt\u0131s\u0131YS.4.SON\" width=\"640\" height=\"383\" srcset=\"https:\/\/balcilar-blog.com\/wp-content\/uploads\/2016\/07\/Ekran-Al\u0131nt\u0131s\u0131YS.4.SON_.jpg 640w, https:\/\/balcilar-blog.com\/wp-content\/uploads\/2016\/07\/Ekran-Al\u0131nt\u0131s\u0131YS.4.SON_-300x180.jpg 300w\" sizes=\"auto, (max-width: 640px) 100vw, 640px\" \/><\/p>\n<p>Y\u00fcksek Sosyete bana g\u00f6re yaz dizileri i\u00e7inde seyredilebilecek dizilerden biri. Dizinin reytingleri de onu g\u00f6steriyor. \u015eayet b\u00f6yle giderse Eyl\u00fcl ay\u0131nda sezon dizisi olarak devam\u0131n\u0131 g\u00f6rebiliriz.<\/p>\n<p>Keyifli seyirler.<\/p>\n<p>Sayg\u0131lar ve sevgiler.<\/p>\n<p>Abdurrahman Balc\u0131lar<\/p>\n<p>Twitter:\u00a0<a href=\"https:\/\/twitter.com\/abbalcilar\">abdurrahman balc\u0131lar<\/a><a href=\"https:\/\/twitter.com\/abbalcilar\"><strong>@abbalcilar<\/strong><\/a><\/p>\n<p>Mail :\u00a0<a href=\"mailto:ab.balcilar@hotmail.com\">ab.balcilar@hotmail.com<\/a><\/p>\n<p>Blog:\u00a0<a href=\"http:\/\/t.co\/znqmIZgIqn\">blog.milliyet.com.tr\/cansever<\/a><\/p>\n<p>Blog:\u00a0<strong>balcilar-blog.com<\/strong><\/p>\n<p>Not: G\u00f6rseller Y\u00fcksek Sosyete Twitter sayfas\u0131ndan al\u0131nm\u0131\u015ft\u0131r.<\/p>\n<p>&nbsp;<\/p>\n","protected":false},"excerpt":{"rendered":"<p>Y\u00fcksek Sosyete d\u00fcn ak\u015fam 4.b\u00f6l\u00fcm\u00fc ile Star Tv&#8217;de ekranlara geldi. Yaz dizileri i\u00e7inde \u00e7ok be\u011fenilen dizi reytinglerin tepesine oturdu. Ald\u0131\u011f\u0131 puanlar da bunu teyit ediyor. Total&#8217;de : 4,54 &#8211; 17,43 AB&#8217;de : 5,11 &#8211; 21,44 Bi Yap\u0131m &#8211; Burak Sa\u011fya\u015far&#8217;\u0131n yap\u0131mc\u0131s\u0131 oldu\u011fu Y\u00fcksek Sosyete&#8217;de Hazar Erg\u00fc\u00e7l\u00fc, Engin \u00d6zt\u00fcrk, Meri\u00e7 Aral, Ozan Dolunay ve Z\u00fchal Olcay [&hellip;]<\/p>\n","protected":false},"author":3,"featured_media":14628,"comment_status":"open","ping_status":"open","sticky":false,"template":"","format":"standard","meta":{"footnotes":""},"categories":[2],"tags":[1140,286,1139,30,25,1138],"class_list":["post-14621","post","type-post","status-publish","format-standard","has-post-thumbnail","hentry","category-tv-programlari","tag-bi-yapim","tag-burak-sagyasar","tag-engin-ozturk","tag-hazar-erguclu","tag-star-tv","tag-yuksek-sosyete"],"views":3429,"blog_post_layout_featured_media_urls":{"thumbnail":["https:\/\/balcilar-blog.com\/wp-content\/uploads\/2016\/07\/CnWgc4qWcAAtAhH-150x150.jpg",150,150,true],"full":["https:\/\/balcilar-blog.com\/wp-content\/uploads\/2016\/07\/CnWgc4qWcAAtAhH.jpg",640,360,false]},"categories_names":{"2":{"name":"TV Programlar\u0131","link":"https:\/\/balcilar-blog.com\/?cat=2"}},"tags_names":{"1140":{"name":"Bi Yap\u0131m","link":"https:\/\/balcilar-blog.com\/?tag=bi-yapim"},"286":{"name":"Burak Sa\u011fya\u015far","link":"https:\/\/balcilar-blog.com\/?tag=burak-sagyasar"},"1139":{"name":"Engin \u00d6zt\u00fcrk","link":"https:\/\/balcilar-blog.com\/?tag=engin-ozturk"},"30":{"name":"Hazar Erg\u00fc\u00e7l\u00fc","link":"https:\/\/balcilar-blog.com\/?tag=hazar-erguclu"},"25":{"name":"Star Tv","link":"https:\/\/balcilar-blog.com\/?tag=star-tv"},"1138":{"name":"Y\u00fcksek Sosyete","link":"https:\/\/balcilar-blog.com\/?tag=yuksek-sosyete"}},"comments_number":"0","wpmagazine_modules_lite_featured_media_urls":{"thumbnail":["https:\/\/balcilar-blog.com\/wp-content\/uploads\/2016\/07\/CnWgc4qWcAAtAhH-150x150.jpg",150,150,true],"cvmm-medium":["https:\/\/balcilar-blog.com\/wp-content\/uploads\/2016\/07\/CnWgc4qWcAAtAhH.jpg",300,169,false],"cvmm-medium-plus":["https:\/\/balcilar-blog.com\/wp-content\/uploads\/2016\/07\/CnWgc4qWcAAtAhH.jpg",305,172,false],"cvmm-portrait":["https:\/\/balcilar-blog.com\/wp-content\/uploads\/2016\/07\/CnWgc4qWcAAtAhH.jpg",400,225,false],"cvmm-medium-square":["https:\/\/balcilar-blog.com\/wp-content\/uploads\/2016\/07\/CnWgc4qWcAAtAhH.jpg",600,338,false],"cvmm-large":["https:\/\/balcilar-blog.com\/wp-content\/uploads\/2016\/07\/CnWgc4qWcAAtAhH.jpg",640,360,false],"cvmm-small":["https:\/\/balcilar-blog.com\/wp-content\/uploads\/2016\/07\/CnWgc4qWcAAtAhH.jpg",130,73,false],"full":["https:\/\/balcilar-blog.com\/wp-content\/uploads\/2016\/07\/CnWgc4qWcAAtAhH.jpg",640,360,false]},"_links":{"self":[{"href":"https:\/\/balcilar-blog.com\/index.php?rest_route=\/wp\/v2\/posts\/14621","targetHints":{"allow":["GET"]}}],"collection":[{"href":"https:\/\/balcilar-blog.com\/index.php?rest_route=\/wp\/v2\/posts"}],"about":[{"href":"https:\/\/balcilar-blog.com\/index.php?rest_route=\/wp\/v2\/types\/post"}],"author":[{"embeddable":true,"href":"https:\/\/balcilar-blog.com\/index.php?rest_route=\/wp\/v2\/users\/3"}],"replies":[{"embeddable":true,"href":"https:\/\/balcilar-blog.com\/index.php?rest_route=%2Fwp%2Fv2%2Fcomments&post=14621"}],"version-history":[{"count":3,"href":"https:\/\/balcilar-blog.com\/index.php?rest_route=\/wp\/v2\/posts\/14621\/revisions"}],"predecessor-version":[{"id":14642,"href":"https:\/\/balcilar-blog.com\/index.php?rest_route=\/wp\/v2\/posts\/14621\/revisions\/14642"}],"wp:featuredmedia":[{"embeddable":true,"href":"https:\/\/balcilar-blog.com\/index.php?rest_route=\/wp\/v2\/media\/14628"}],"wp:attachment":[{"href":"https:\/\/balcilar-blog.com\/index.php?rest_route=%2Fwp%2Fv2%2Fmedia&parent=14621"}],"wp:term":[{"taxonomy":"category","embeddable":true,"href":"https:\/\/balcilar-blog.com\/index.php?rest_route=%2Fwp%2Fv2%2Fcategories&post=14621"},{"taxonomy":"post_tag","embeddable":true,"href":"https:\/\/balcilar-blog.com\/index.php?rest_route=%2Fwp%2Fv2%2Ftags&post=14621"}],"curies":[{"name":"wp","href":"https:\/\/api.w.org\/{rel}","templated":true}]}}