{"id":14523,"date":"2016-07-05T22:20:23","date_gmt":"2016-07-05T19:20:23","guid":{"rendered":"http:\/\/balcilar-blog.com\/?p=14523"},"modified":"2016-07-05T23:54:09","modified_gmt":"2016-07-05T20:54:09","slug":"cagatay-ulusoy-ayvalikta-tatilde","status":"publish","type":"post","link":"https:\/\/balcilar-blog.com\/?p=14523","title":{"rendered":"\u00c7a\u011fatay Ulusoy Ayval\u0131k&#8217;ta&#8230; Tatilde..!"},"content":{"rendered":"<p><img loading=\"lazy\" decoding=\"async\" class=\"alignnone size-full wp-image-14525\" src=\"http:\/\/balcilar-blog.com\/wp-content\/uploads\/2016\/07\/Cmnd36kXgAEwJIh.jpg\" alt=\"Cmnd36kXgAEwJIh\" width=\"407\" height=\"640\" srcset=\"https:\/\/balcilar-blog.com\/wp-content\/uploads\/2016\/07\/Cmnd36kXgAEwJIh.jpg 407w, https:\/\/balcilar-blog.com\/wp-content\/uploads\/2016\/07\/Cmnd36kXgAEwJIh-191x300.jpg 191w\" sizes=\"auto, (max-width: 407px) 100vw, 407px\" \/><\/p>\n<p>&nbsp;<\/p>\n<p><span style=\"color: #ff0000;\"><strong>\u00c7a\u011fatay Ulusoy<\/strong><\/span>, Colin&#8217;s reklam filmi \u00e7ekimleri sonras\u0131 Nisan ay\u0131 ortas\u0131nda gitti\u011fi Los Angeles &#8211; Santa Monica&#8217;dan d\u00f6nd\u00fc. \u0130zmir \u00c7e\u015fme Ala\u00e7at\u0131\u2019dan sonra Ayval\u0131k\u2019a ge\u00e7ti.<\/p>\n<p>Yak\u0131\u015f\u0131kl\u0131 oyuncu, Ayval\u0131k Magazin Dergisi ekibinin objektifine tak\u0131ld\u0131.<\/p>\n<p>Kitesurf yapan \u00c7a\u011fatay Ulusoy\u2019un a\u011fustos ay\u0131nda ba\u015flayacak dizi \u00e7ekimleri \u00f6ncesi formunu korudu\u011fu g\u00f6r\u00fcld\u00fc.<\/p>\n<p>Ulusoy, \u201c<span style=\"color: #0000ff;\"><strong>\u0130\u00e7eride<\/strong><\/span>\u201d adl\u0131 dizide <span style=\"color: #ff0000;\"><strong>Aras Bulut \u0130ynemli<\/strong><\/span> ve <span style=\"color: #ff0000;\"><strong>\u00c7etin Tekindor<\/strong><\/span>\u2019la ba\u015frol\u00fc payla\u015facak. Bayram sonras\u0131 \u00e7ekim haz\u0131rl\u0131klar\u0131 yap\u0131lacak . Dizinin ba\u015frol bayan oyuncusu a\u00e7\u0131klanacak ve ard\u0131ndan A\u011fustos ay\u0131 i\u00e7inde dizinin tan\u0131t\u0131m faragman\u0131 ve ilk b\u00f6l\u00fcm\u00fcn \u00e7ekimleri yap\u0131lacak. \u00c7a\u011fatay Ulusoy\u2019un, birinci b\u00f6l\u00fcm\u00fcn sonunda Aras Bulut\u2019la karde\u015f oldu\u011fu ortaya \u00e7\u0131kacak.<\/p>\n<p>\u00c7a\u011fatay Ulusoy&#8217;un teknede <span style=\"color: #0000ff;\"><strong>Kitesurf<\/strong><\/span> haz\u0131rl\u0131k \u00e7al\u0131\u015fma g\u00f6r\u00fcnt\u00fcleri:<\/p>\n<p><img loading=\"lazy\" decoding=\"async\" class=\"alignnone size-full wp-image-14531\" src=\"http:\/\/balcilar-blog.com\/wp-content\/uploads\/2016\/07\/Ekran-Al\u0131nt\u0131s\u0131-AYVA-2.jpg\" alt=\"Ekran Al\u0131nt\u0131s\u0131 AYVA 2\" width=\"640\" height=\"364\" srcset=\"https:\/\/balcilar-blog.com\/wp-content\/uploads\/2016\/07\/Ekran-Al\u0131nt\u0131s\u0131-AYVA-2.jpg 640w, https:\/\/balcilar-blog.com\/wp-content\/uploads\/2016\/07\/Ekran-Al\u0131nt\u0131s\u0131-AYVA-2-300x171.jpg 300w\" sizes=\"auto, (max-width: 640px) 100vw, 640px\" \/><\/p>\n<p><img loading=\"lazy\" decoding=\"async\" class=\"alignnone size-full wp-image-14532\" src=\"http:\/\/balcilar-blog.com\/wp-content\/uploads\/2016\/07\/Ekran-Al\u0131nt\u0131s\u0131-CU-AYVALIK-1.jpg\" alt=\"Ekran Al\u0131nt\u0131s\u0131 CU AYVALIK 1\" width=\"640\" height=\"391\" srcset=\"https:\/\/balcilar-blog.com\/wp-content\/uploads\/2016\/07\/Ekran-Al\u0131nt\u0131s\u0131-CU-AYVALIK-1.jpg 640w, https:\/\/balcilar-blog.com\/wp-content\/uploads\/2016\/07\/Ekran-Al\u0131nt\u0131s\u0131-CU-AYVALIK-1-300x183.jpg 300w\" sizes=\"auto, (max-width: 640px) 100vw, 640px\" \/><\/p>\n<div style=\"width: 640px;\" class=\"wp-video\"><video class=\"wp-video-shortcode\" id=\"video-14523-1\" width=\"640\" height=\"360\" preload=\"metadata\" controls=\"controls\"><source type=\"video\/mp4\" src=\"http:\/\/video.ucankus.com\/cagataysiteyekoys.mp4?_=1\" \/><a href=\"http:\/\/video.ucankus.com\/cagataysiteyekoys.mp4\">http:\/\/video.ucankus.com\/cagataysiteyekoys.mp4<\/a><\/video><\/div>\n<div id=\"playerContainer\" class=\"player-container full-screen-enabled video-playing\" data-source-type=\"consumer\" data-config=\"{&quot;video_url&quot;:&quot;https:\\\/\\\/video.twimg.com\\\/ext_tw_video\\\/750334551759749120\\\/pu\\\/pl\\\/iIKAq3gfaEUvlZOM.m3u8&quot;,&quot;disable_embed&quot;:&quot;0&quot;,&quot;videoInfo&quot;:{&quot;title&quot;:null,&quot;description&quot;:null,&quot;publisher&quot;:{&quot;screen_name&quot;:&quot;CUfansGR&quot;,&quot;name&quot;:&quot;\\u00C7a\\u011Fatay Ulusoy GR&quot;,&quot;profile_image_url&quot;:&quot;http:\\\/\\\/pbs.twimg.com\\\/profile_images\\\/726476336890519552\\\/yyb2drqf_normal.jpg&quot;}},&quot;cardUrl&quot;:&quot;https:\\\/\\\/t.co\\\/RuvU7d0vPY&quot;,&quot;content_type&quot;:&quot;application\\\/x-mpegURL&quot;,&quot;owner_id&quot;:&quot;1477966310&quot;,&quot;visit_cta_url&quot;:null,&quot;scribe_playlist_url&quot;:&quot;http:\\\/\\\/twitter.com\\\/CUfansGR\\\/status\\\/750337967277936640\\\/video\\\/1&quot;,&quot;source_type&quot;:&quot;consumer&quot;,&quot;image_src&quot;:&quot;https:\\\/\\\/pbs.twimg.com\\\/ext_tw_video_thumb\\\/750334551759749120\\\/pu\\\/img\\\/KRZhH-lr0DkzQYDM.jpg&quot;,&quot;status&quot;:{&quot;created_at&quot;:&quot;Tue Jul 05 14:38:06 +0000 2016&quot;,&quot;id&quot;:750337967277936640,&quot;id_str&quot;:&quot;750337967277936640&quot;,&quot;text&quot;:&quot;\\u00c7a\\u011fatay Ulusoy spotted kitesurfing in Ayvalik, Turkey! https:\\\/\\\/t.co\\\/RuvU7d0vPY&quot;,&quot;truncated&quot;:false,&quot;entities&quot;:{&quot;hashtags&quot;:[],&quot;symbols&quot;:[],&quot;user_mentions&quot;:[],&quot;urls&quot;:[],&quot;media&quot;:[{&quot;id&quot;:750334551759749120,&quot;id_str&quot;:&quot;750334551759749120&quot;,&quot;indices&quot;:[55,78],&quot;media_url&quot;:&quot;http:\\\/\\\/pbs.twimg.com\\\/ext_tw_video_thumb\\\/750334551759749120\\\/pu\\\/img\\\/KRZhH-lr0DkzQYDM.jpg&quot;,&quot;media_url_https&quot;:&quot;https:\\\/\\\/pbs.twimg.com\\\/ext_tw_video_thumb\\\/750334551759749120\\\/pu\\\/img\\\/KRZhH-lr0DkzQYDM.jpg&quot;,&quot;url&quot;:&quot;https:\\\/\\\/t.co\\\/RuvU7d0vPY&quot;,&quot;display_url&quot;:&quot;pic.twitter.com\\\/RuvU7d0vPY&quot;,&quot;expanded_url&quot;:&quot;http:\\\/\\\/twitter.com\\\/CUfansGR\\\/status\\\/750337967277936640\\\/video\\\/1&quot;,&quot;type&quot;:&quot;photo&quot;,&quot;sizes&quot;:{&quot;thumb&quot;:{&quot;w&quot;:150,&quot;h&quot;:150,&quot;resize&quot;:&quot;crop&quot;},&quot;medium&quot;:{&quot;w&quot;:600,&quot;h&quot;:338,&quot;resize&quot;:&quot;fit&quot;},&quot;small&quot;:{&quot;w&quot;:340,&quot;h&quot;:191,&quot;resize&quot;:&quot;fit&quot;},&quot;large&quot;:{&quot;w&quot;:1024,&quot;h&quot;:576,&quot;resize&quot;:&quot;fit&quot;}}}]},&quot;source&quot;:&quot;\\u003ca href=\\&quot;http:\\\/\\\/twitter.com\\&quot; rel=\\&quot;nofollow\\&quot;\\u003eTwitter Web Client\\u003c\\\/a\\u003e&quot;,&quot;in_reply_to_status_id&quot;:null,&quot;in_reply_to_status_id_str&quot;:null,&quot;in_reply_to_user_id&quot;:null,&quot;in_reply_to_user_id_str&quot;:null,&quot;in_reply_to_screen_name&quot;:null,&quot;geo&quot;:null,&quot;coordinates&quot;:null,&quot;place&quot;:null,&quot;contributors&quot;:null,&quot;retweet_count&quot;:0,&quot;favorite_count&quot;:0,&quot;favorited&quot;:false,&quot;retweeted&quot;:false,&quot;possibly_sensitive&quot;:false,&quot;lang&quot;:&quot;tr&quot;},&quot;video_session_enabled&quot;:false,&quot;media_id&quot;:&quot;750334551759749120&quot;,&quot;statusTimestamp&quot;:{&quot;local&quot;:&quot;14:38 - 05 Tem 2016&quot;},&quot;media_type&quot;:1,&quot;user&quot;:{&quot;screen_name&quot;:&quot;CUfansGR&quot;,&quot;name&quot;:&quot;\\u00C7a\\u011Fatay Ulusoy GR&quot;},&quot;watch_now_cta_url&quot;:null,&quot;tweet_id&quot;:&quot;750337967277936640&quot;}\">\n<p>\u00c7a\u011fatay Ulusoy Ayval\u0131k d\u00f6n\u00fc\u015f\u00fc Bayram sonras\u0131 &#8220;\u0130\u00e7eride&#8221; adl\u0131 dizinin haz\u0131rl\u0131k \u00e7al\u0131\u015fmalar\u0131na kat\u0131lacakt\u0131r.<\/p>\n<p><img loading=\"lazy\" decoding=\"async\" class=\"alignnone size-full wp-image-14525\" src=\"http:\/\/balcilar-blog.com\/wp-content\/uploads\/2016\/07\/Cmnd36kXgAEwJIh.jpg\" alt=\"Cmnd36kXgAEwJIh\" width=\"407\" height=\"640\" srcset=\"https:\/\/balcilar-blog.com\/wp-content\/uploads\/2016\/07\/Cmnd36kXgAEwJIh.jpg 407w, https:\/\/balcilar-blog.com\/wp-content\/uploads\/2016\/07\/Cmnd36kXgAEwJIh-191x300.jpg 191w\" sizes=\"auto, (max-width: 407px) 100vw, 407px\" \/><\/p>\n<p>Yeni dizisi i\u00e7in olduk\u00e7a iyi form tutan Ulusoy, dizisindeki rol\u00fc \u00e7ok iddial\u0131 geliyor. \u0130zleyicini \u015fa\u015f\u0131rtacak, ekran kar\u015f\u0131nda koltuklara \u00e7ivilecektir.<\/p>\n<p>\u00c7a\u011fatay Ulusoy ve t\u00fcm ekibine dizide ba\u015far\u0131lar diliyorum.<\/p>\n<\/div>\n<div class=\"player-container full-screen-enabled video-playing\" data-source-type=\"consumer\" data-config=\"{&quot;video_url&quot;:&quot;https:\\\/\\\/video.twimg.com\\\/ext_tw_video\\\/750334551759749120\\\/pu\\\/pl\\\/iIKAq3gfaEUvlZOM.m3u8&quot;,&quot;disable_embed&quot;:&quot;0&quot;,&quot;videoInfo&quot;:{&quot;title&quot;:null,&quot;description&quot;:null,&quot;publisher&quot;:{&quot;screen_name&quot;:&quot;CUfansGR&quot;,&quot;name&quot;:&quot;\\u00C7a\\u011Fatay Ulusoy GR&quot;,&quot;profile_image_url&quot;:&quot;http:\\\/\\\/pbs.twimg.com\\\/profile_images\\\/726476336890519552\\\/yyb2drqf_normal.jpg&quot;}},&quot;cardUrl&quot;:&quot;https:\\\/\\\/t.co\\\/RuvU7d0vPY&quot;,&quot;content_type&quot;:&quot;application\\\/x-mpegURL&quot;,&quot;owner_id&quot;:&quot;1477966310&quot;,&quot;visit_cta_url&quot;:null,&quot;scribe_playlist_url&quot;:&quot;http:\\\/\\\/twitter.com\\\/CUfansGR\\\/status\\\/750337967277936640\\\/video\\\/1&quot;,&quot;source_type&quot;:&quot;consumer&quot;,&quot;image_src&quot;:&quot;https:\\\/\\\/pbs.twimg.com\\\/ext_tw_video_thumb\\\/750334551759749120\\\/pu\\\/img\\\/KRZhH-lr0DkzQYDM.jpg&quot;,&quot;status&quot;:{&quot;created_at&quot;:&quot;Tue Jul 05 14:38:06 +0000 2016&quot;,&quot;id&quot;:750337967277936640,&quot;id_str&quot;:&quot;750337967277936640&quot;,&quot;text&quot;:&quot;\\u00c7a\\u011fatay Ulusoy spotted kitesurfing in Ayvalik, Turkey! https:\\\/\\\/t.co\\\/RuvU7d0vPY&quot;,&quot;truncated&quot;:false,&quot;entities&quot;:{&quot;hashtags&quot;:[],&quot;symbols&quot;:[],&quot;user_mentions&quot;:[],&quot;urls&quot;:[],&quot;media&quot;:[{&quot;id&quot;:750334551759749120,&quot;id_str&quot;:&quot;750334551759749120&quot;,&quot;indices&quot;:[55,78],&quot;media_url&quot;:&quot;http:\\\/\\\/pbs.twimg.com\\\/ext_tw_video_thumb\\\/750334551759749120\\\/pu\\\/img\\\/KRZhH-lr0DkzQYDM.jpg&quot;,&quot;media_url_https&quot;:&quot;https:\\\/\\\/pbs.twimg.com\\\/ext_tw_video_thumb\\\/750334551759749120\\\/pu\\\/img\\\/KRZhH-lr0DkzQYDM.jpg&quot;,&quot;url&quot;:&quot;https:\\\/\\\/t.co\\\/RuvU7d0vPY&quot;,&quot;display_url&quot;:&quot;pic.twitter.com\\\/RuvU7d0vPY&quot;,&quot;expanded_url&quot;:&quot;http:\\\/\\\/twitter.com\\\/CUfansGR\\\/status\\\/750337967277936640\\\/video\\\/1&quot;,&quot;type&quot;:&quot;photo&quot;,&quot;sizes&quot;:{&quot;thumb&quot;:{&quot;w&quot;:150,&quot;h&quot;:150,&quot;resize&quot;:&quot;crop&quot;},&quot;medium&quot;:{&quot;w&quot;:600,&quot;h&quot;:338,&quot;resize&quot;:&quot;fit&quot;},&quot;small&quot;:{&quot;w&quot;:340,&quot;h&quot;:191,&quot;resize&quot;:&quot;fit&quot;},&quot;large&quot;:{&quot;w&quot;:1024,&quot;h&quot;:576,&quot;resize&quot;:&quot;fit&quot;}}}]},&quot;source&quot;:&quot;\\u003ca href=\\&quot;http:\\\/\\\/twitter.com\\&quot; rel=\\&quot;nofollow\\&quot;\\u003eTwitter Web Client\\u003c\\\/a\\u003e&quot;,&quot;in_reply_to_status_id&quot;:null,&quot;in_reply_to_status_id_str&quot;:null,&quot;in_reply_to_user_id&quot;:null,&quot;in_reply_to_user_id_str&quot;:null,&quot;in_reply_to_screen_name&quot;:null,&quot;geo&quot;:null,&quot;coordinates&quot;:null,&quot;place&quot;:null,&quot;contributors&quot;:null,&quot;retweet_count&quot;:0,&quot;favorite_count&quot;:0,&quot;favorited&quot;:false,&quot;retweeted&quot;:false,&quot;possibly_sensitive&quot;:false,&quot;lang&quot;:&quot;tr&quot;},&quot;video_session_enabled&quot;:false,&quot;media_id&quot;:&quot;750334551759749120&quot;,&quot;statusTimestamp&quot;:{&quot;local&quot;:&quot;14:38 - 05 Tem 2016&quot;},&quot;media_type&quot;:1,&quot;user&quot;:{&quot;screen_name&quot;:&quot;CUfansGR&quot;,&quot;name&quot;:&quot;\\u00C7a\\u011Fatay Ulusoy GR&quot;},&quot;watch_now_cta_url&quot;:null,&quot;tweet_id&quot;:&quot;750337967277936640&quot;}\"><\/div>\n<div class=\"player-container full-screen-enabled video-playing\" data-source-type=\"consumer\" data-config=\"{&quot;video_url&quot;:&quot;https:\\\/\\\/video.twimg.com\\\/ext_tw_video\\\/750334551759749120\\\/pu\\\/pl\\\/iIKAq3gfaEUvlZOM.m3u8&quot;,&quot;disable_embed&quot;:&quot;0&quot;,&quot;videoInfo&quot;:{&quot;title&quot;:null,&quot;description&quot;:null,&quot;publisher&quot;:{&quot;screen_name&quot;:&quot;CUfansGR&quot;,&quot;name&quot;:&quot;\\u00C7a\\u011Fatay Ulusoy GR&quot;,&quot;profile_image_url&quot;:&quot;http:\\\/\\\/pbs.twimg.com\\\/profile_images\\\/726476336890519552\\\/yyb2drqf_normal.jpg&quot;}},&quot;cardUrl&quot;:&quot;https:\\\/\\\/t.co\\\/RuvU7d0vPY&quot;,&quot;content_type&quot;:&quot;application\\\/x-mpegURL&quot;,&quot;owner_id&quot;:&quot;1477966310&quot;,&quot;visit_cta_url&quot;:null,&quot;scribe_playlist_url&quot;:&quot;http:\\\/\\\/twitter.com\\\/CUfansGR\\\/status\\\/750337967277936640\\\/video\\\/1&quot;,&quot;source_type&quot;:&quot;consumer&quot;,&quot;image_src&quot;:&quot;https:\\\/\\\/pbs.twimg.com\\\/ext_tw_video_thumb\\\/750334551759749120\\\/pu\\\/img\\\/KRZhH-lr0DkzQYDM.jpg&quot;,&quot;status&quot;:{&quot;created_at&quot;:&quot;Tue Jul 05 14:38:06 +0000 2016&quot;,&quot;id&quot;:750337967277936640,&quot;id_str&quot;:&quot;750337967277936640&quot;,&quot;text&quot;:&quot;\\u00c7a\\u011fatay Ulusoy spotted kitesurfing in Ayvalik, Turkey! https:\\\/\\\/t.co\\\/RuvU7d0vPY&quot;,&quot;truncated&quot;:false,&quot;entities&quot;:{&quot;hashtags&quot;:[],&quot;symbols&quot;:[],&quot;user_mentions&quot;:[],&quot;urls&quot;:[],&quot;media&quot;:[{&quot;id&quot;:750334551759749120,&quot;id_str&quot;:&quot;750334551759749120&quot;,&quot;indices&quot;:[55,78],&quot;media_url&quot;:&quot;http:\\\/\\\/pbs.twimg.com\\\/ext_tw_video_thumb\\\/750334551759749120\\\/pu\\\/img\\\/KRZhH-lr0DkzQYDM.jpg&quot;,&quot;media_url_https&quot;:&quot;https:\\\/\\\/pbs.twimg.com\\\/ext_tw_video_thumb\\\/750334551759749120\\\/pu\\\/img\\\/KRZhH-lr0DkzQYDM.jpg&quot;,&quot;url&quot;:&quot;https:\\\/\\\/t.co\\\/RuvU7d0vPY&quot;,&quot;display_url&quot;:&quot;pic.twitter.com\\\/RuvU7d0vPY&quot;,&quot;expanded_url&quot;:&quot;http:\\\/\\\/twitter.com\\\/CUfansGR\\\/status\\\/750337967277936640\\\/video\\\/1&quot;,&quot;type&quot;:&quot;photo&quot;,&quot;sizes&quot;:{&quot;thumb&quot;:{&quot;w&quot;:150,&quot;h&quot;:150,&quot;resize&quot;:&quot;crop&quot;},&quot;medium&quot;:{&quot;w&quot;:600,&quot;h&quot;:338,&quot;resize&quot;:&quot;fit&quot;},&quot;small&quot;:{&quot;w&quot;:340,&quot;h&quot;:191,&quot;resize&quot;:&quot;fit&quot;},&quot;large&quot;:{&quot;w&quot;:1024,&quot;h&quot;:576,&quot;resize&quot;:&quot;fit&quot;}}}]},&quot;source&quot;:&quot;\\u003ca href=\\&quot;http:\\\/\\\/twitter.com\\&quot; rel=\\&quot;nofollow\\&quot;\\u003eTwitter Web Client\\u003c\\\/a\\u003e&quot;,&quot;in_reply_to_status_id&quot;:null,&quot;in_reply_to_status_id_str&quot;:null,&quot;in_reply_to_user_id&quot;:null,&quot;in_reply_to_user_id_str&quot;:null,&quot;in_reply_to_screen_name&quot;:null,&quot;geo&quot;:null,&quot;coordinates&quot;:null,&quot;place&quot;:null,&quot;contributors&quot;:null,&quot;retweet_count&quot;:0,&quot;favorite_count&quot;:0,&quot;favorited&quot;:false,&quot;retweeted&quot;:false,&quot;possibly_sensitive&quot;:false,&quot;lang&quot;:&quot;tr&quot;},&quot;video_session_enabled&quot;:false,&quot;media_id&quot;:&quot;750334551759749120&quot;,&quot;statusTimestamp&quot;:{&quot;local&quot;:&quot;14:38 - 05 Tem 2016&quot;},&quot;media_type&quot;:1,&quot;user&quot;:{&quot;screen_name&quot;:&quot;CUfansGR&quot;,&quot;name&quot;:&quot;\\u00C7a\\u011Fatay Ulusoy GR&quot;},&quot;watch_now_cta_url&quot;:null,&quot;tweet_id&quot;:&quot;750337967277936640&quot;}\"><\/div>\n<div class=\"player-container full-screen-enabled video-playing\" data-source-type=\"consumer\" data-config=\"{&quot;video_url&quot;:&quot;https:\\\/\\\/video.twimg.com\\\/ext_tw_video\\\/750334551759749120\\\/pu\\\/pl\\\/iIKAq3gfaEUvlZOM.m3u8&quot;,&quot;disable_embed&quot;:&quot;0&quot;,&quot;videoInfo&quot;:{&quot;title&quot;:null,&quot;description&quot;:null,&quot;publisher&quot;:{&quot;screen_name&quot;:&quot;CUfansGR&quot;,&quot;name&quot;:&quot;\\u00C7a\\u011Fatay Ulusoy GR&quot;,&quot;profile_image_url&quot;:&quot;http:\\\/\\\/pbs.twimg.com\\\/profile_images\\\/726476336890519552\\\/yyb2drqf_normal.jpg&quot;}},&quot;cardUrl&quot;:&quot;https:\\\/\\\/t.co\\\/RuvU7d0vPY&quot;,&quot;content_type&quot;:&quot;application\\\/x-mpegURL&quot;,&quot;owner_id&quot;:&quot;1477966310&quot;,&quot;visit_cta_url&quot;:null,&quot;scribe_playlist_url&quot;:&quot;http:\\\/\\\/twitter.com\\\/CUfansGR\\\/status\\\/750337967277936640\\\/video\\\/1&quot;,&quot;source_type&quot;:&quot;consumer&quot;,&quot;image_src&quot;:&quot;https:\\\/\\\/pbs.twimg.com\\\/ext_tw_video_thumb\\\/750334551759749120\\\/pu\\\/img\\\/KRZhH-lr0DkzQYDM.jpg&quot;,&quot;status&quot;:{&quot;created_at&quot;:&quot;Tue Jul 05 14:38:06 +0000 2016&quot;,&quot;id&quot;:750337967277936640,&quot;id_str&quot;:&quot;750337967277936640&quot;,&quot;text&quot;:&quot;\\u00c7a\\u011fatay Ulusoy spotted kitesurfing in Ayvalik, Turkey! https:\\\/\\\/t.co\\\/RuvU7d0vPY&quot;,&quot;truncated&quot;:false,&quot;entities&quot;:{&quot;hashtags&quot;:[],&quot;symbols&quot;:[],&quot;user_mentions&quot;:[],&quot;urls&quot;:[],&quot;media&quot;:[{&quot;id&quot;:750334551759749120,&quot;id_str&quot;:&quot;750334551759749120&quot;,&quot;indices&quot;:[55,78],&quot;media_url&quot;:&quot;http:\\\/\\\/pbs.twimg.com\\\/ext_tw_video_thumb\\\/750334551759749120\\\/pu\\\/img\\\/KRZhH-lr0DkzQYDM.jpg&quot;,&quot;media_url_https&quot;:&quot;https:\\\/\\\/pbs.twimg.com\\\/ext_tw_video_thumb\\\/750334551759749120\\\/pu\\\/img\\\/KRZhH-lr0DkzQYDM.jpg&quot;,&quot;url&quot;:&quot;https:\\\/\\\/t.co\\\/RuvU7d0vPY&quot;,&quot;display_url&quot;:&quot;pic.twitter.com\\\/RuvU7d0vPY&quot;,&quot;expanded_url&quot;:&quot;http:\\\/\\\/twitter.com\\\/CUfansGR\\\/status\\\/750337967277936640\\\/video\\\/1&quot;,&quot;type&quot;:&quot;photo&quot;,&quot;sizes&quot;:{&quot;thumb&quot;:{&quot;w&quot;:150,&quot;h&quot;:150,&quot;resize&quot;:&quot;crop&quot;},&quot;medium&quot;:{&quot;w&quot;:600,&quot;h&quot;:338,&quot;resize&quot;:&quot;fit&quot;},&quot;small&quot;:{&quot;w&quot;:340,&quot;h&quot;:191,&quot;resize&quot;:&quot;fit&quot;},&quot;large&quot;:{&quot;w&quot;:1024,&quot;h&quot;:576,&quot;resize&quot;:&quot;fit&quot;}}}]},&quot;source&quot;:&quot;\\u003ca href=\\&quot;http:\\\/\\\/twitter.com\\&quot; rel=\\&quot;nofollow\\&quot;\\u003eTwitter Web Client\\u003c\\\/a\\u003e&quot;,&quot;in_reply_to_status_id&quot;:null,&quot;in_reply_to_status_id_str&quot;:null,&quot;in_reply_to_user_id&quot;:null,&quot;in_reply_to_user_id_str&quot;:null,&quot;in_reply_to_screen_name&quot;:null,&quot;geo&quot;:null,&quot;coordinates&quot;:null,&quot;place&quot;:null,&quot;contributors&quot;:null,&quot;retweet_count&quot;:0,&quot;favorite_count&quot;:0,&quot;favorited&quot;:false,&quot;retweeted&quot;:false,&quot;possibly_sensitive&quot;:false,&quot;lang&quot;:&quot;tr&quot;},&quot;video_session_enabled&quot;:false,&quot;media_id&quot;:&quot;750334551759749120&quot;,&quot;statusTimestamp&quot;:{&quot;local&quot;:&quot;14:38 - 05 Tem 2016&quot;},&quot;media_type&quot;:1,&quot;user&quot;:{&quot;screen_name&quot;:&quot;CUfansGR&quot;,&quot;name&quot;:&quot;\\u00C7a\\u011Fatay Ulusoy GR&quot;},&quot;watch_now_cta_url&quot;:null,&quot;tweet_id&quot;:&quot;750337967277936640&quot;}\">\n<p>Sayg\u0131lar ve sevgiler.<\/p>\n<p>Abdurrahman Balc\u0131lar<\/p>\n<p>Twitter:\u00a0<a href=\"https:\/\/twitter.com\/abbalcilar\">abdurrahman balc\u0131lar<\/a><a href=\"https:\/\/twitter.com\/abbalcilar\"><strong>@abbalcilar<\/strong><\/a><\/p>\n<p>Mail :\u00a0<a href=\"mailto:ab.balcilar@hotmail.com\">ab.balcilar@hotmail.com<\/a><\/p>\n<p>Blog:\u00a0<a href=\"http:\/\/t.co\/znqmIZgIqn\">blog.milliyet.com.tr\/cansever<\/a><\/p>\n<p>Blog:\u00a0<strong>balcilar-blog.com<\/strong><\/p>\n<\/div>\n<div id=\"playerContainer\" class=\"player-container full-screen-enabled video-playing\" data-source-type=\"consumer\" data-config=\"{&quot;video_url&quot;:&quot;https:\\\/\\\/video.twimg.com\\\/ext_tw_video\\\/750334551759749120\\\/pu\\\/pl\\\/iIKAq3gfaEUvlZOM.m3u8&quot;,&quot;disable_embed&quot;:&quot;0&quot;,&quot;videoInfo&quot;:{&quot;title&quot;:null,&quot;description&quot;:null,&quot;publisher&quot;:{&quot;screen_name&quot;:&quot;CUfansGR&quot;,&quot;name&quot;:&quot;\\u00C7a\\u011Fatay Ulusoy GR&quot;,&quot;profile_image_url&quot;:&quot;http:\\\/\\\/pbs.twimg.com\\\/profile_images\\\/726476336890519552\\\/yyb2drqf_normal.jpg&quot;}},&quot;cardUrl&quot;:&quot;https:\\\/\\\/t.co\\\/RuvU7d0vPY&quot;,&quot;content_type&quot;:&quot;application\\\/x-mpegURL&quot;,&quot;owner_id&quot;:&quot;1477966310&quot;,&quot;visit_cta_url&quot;:null,&quot;scribe_playlist_url&quot;:&quot;http:\\\/\\\/twitter.com\\\/CUfansGR\\\/status\\\/750337967277936640\\\/video\\\/1&quot;,&quot;source_type&quot;:&quot;consumer&quot;,&quot;image_src&quot;:&quot;https:\\\/\\\/pbs.twimg.com\\\/ext_tw_video_thumb\\\/750334551759749120\\\/pu\\\/img\\\/KRZhH-lr0DkzQYDM.jpg&quot;,&quot;status&quot;:{&quot;created_at&quot;:&quot;Tue Jul 05 14:38:06 +0000 2016&quot;,&quot;id&quot;:750337967277936640,&quot;id_str&quot;:&quot;750337967277936640&quot;,&quot;text&quot;:&quot;\\u00c7a\\u011fatay Ulusoy spotted kitesurfing in Ayvalik, Turkey! https:\\\/\\\/t.co\\\/RuvU7d0vPY&quot;,&quot;truncated&quot;:false,&quot;entities&quot;:{&quot;hashtags&quot;:[],&quot;symbols&quot;:[],&quot;user_mentions&quot;:[],&quot;urls&quot;:[],&quot;media&quot;:[{&quot;id&quot;:750334551759749120,&quot;id_str&quot;:&quot;750334551759749120&quot;,&quot;indices&quot;:[55,78],&quot;media_url&quot;:&quot;http:\\\/\\\/pbs.twimg.com\\\/ext_tw_video_thumb\\\/750334551759749120\\\/pu\\\/img\\\/KRZhH-lr0DkzQYDM.jpg&quot;,&quot;media_url_https&quot;:&quot;https:\\\/\\\/pbs.twimg.com\\\/ext_tw_video_thumb\\\/750334551759749120\\\/pu\\\/img\\\/KRZhH-lr0DkzQYDM.jpg&quot;,&quot;url&quot;:&quot;https:\\\/\\\/t.co\\\/RuvU7d0vPY&quot;,&quot;display_url&quot;:&quot;pic.twitter.com\\\/RuvU7d0vPY&quot;,&quot;expanded_url&quot;:&quot;http:\\\/\\\/twitter.com\\\/CUfansGR\\\/status\\\/750337967277936640\\\/video\\\/1&quot;,&quot;type&quot;:&quot;photo&quot;,&quot;sizes&quot;:{&quot;thumb&quot;:{&quot;w&quot;:150,&quot;h&quot;:150,&quot;resize&quot;:&quot;crop&quot;},&quot;medium&quot;:{&quot;w&quot;:600,&quot;h&quot;:338,&quot;resize&quot;:&quot;fit&quot;},&quot;small&quot;:{&quot;w&quot;:340,&quot;h&quot;:191,&quot;resize&quot;:&quot;fit&quot;},&quot;large&quot;:{&quot;w&quot;:1024,&quot;h&quot;:576,&quot;resize&quot;:&quot;fit&quot;}}}]},&quot;source&quot;:&quot;\\u003ca href=\\&quot;http:\\\/\\\/twitter.com\\&quot; rel=\\&quot;nofollow\\&quot;\\u003eTwitter Web Client\\u003c\\\/a\\u003e&quot;,&quot;in_reply_to_status_id&quot;:null,&quot;in_reply_to_status_id_str&quot;:null,&quot;in_reply_to_user_id&quot;:null,&quot;in_reply_to_user_id_str&quot;:null,&quot;in_reply_to_screen_name&quot;:null,&quot;geo&quot;:null,&quot;coordinates&quot;:null,&quot;place&quot;:null,&quot;contributors&quot;:null,&quot;retweet_count&quot;:0,&quot;favorite_count&quot;:0,&quot;favorited&quot;:false,&quot;retweeted&quot;:false,&quot;possibly_sensitive&quot;:false,&quot;lang&quot;:&quot;tr&quot;},&quot;video_session_enabled&quot;:false,&quot;media_id&quot;:&quot;750334551759749120&quot;,&quot;statusTimestamp&quot;:{&quot;local&quot;:&quot;14:38 - 05 Tem 2016&quot;},&quot;media_type&quot;:1,&quot;user&quot;:{&quot;screen_name&quot;:&quot;CUfansGR&quot;,&quot;name&quot;:&quot;\\u00C7a\\u011Fatay Ulusoy GR&quot;},&quot;watch_now_cta_url&quot;:null,&quot;tweet_id&quot;:&quot;750337967277936640&quot;}\">\n<div class=\"duration-badge\">\n<div class=\"equalizer\"><img decoding=\"async\" src=\"https:\/\/abs.twimg.com\/web-video-player\/567d7d4420c7f39ebdb77a85729d20128b586840\/styles\/img\/media_equalizer.gif\" alt=\"equalizer\" \/><\/div>\n<\/div>\n<\/div>\n<p>Not: Haber ve g\u00f6rsel video U\u00e7anku\u015f Tv ve Ayval\u0131k Magazin Dergisi \u00e7ekimleri.<\/p>\n","protected":false},"excerpt":{"rendered":"<p>&nbsp; \u00c7a\u011fatay Ulusoy, Colin&#8217;s reklam filmi \u00e7ekimleri sonras\u0131 Nisan ay\u0131 ortas\u0131nda gitti\u011fi Los Angeles &#8211; Santa Monica&#8217;dan d\u00f6nd\u00fc. \u0130zmir \u00c7e\u015fme Ala\u00e7at\u0131\u2019dan sonra Ayval\u0131k\u2019a ge\u00e7ti. Yak\u0131\u015f\u0131kl\u0131 oyuncu, Ayval\u0131k Magazin Dergisi ekibinin objektifine tak\u0131ld\u0131. Kitesurf yapan \u00c7a\u011fatay Ulusoy\u2019un a\u011fustos ay\u0131nda ba\u015flayacak dizi \u00e7ekimleri \u00f6ncesi formunu korudu\u011fu g\u00f6r\u00fcld\u00fc. Ulusoy, \u201c\u0130\u00e7eride\u201d adl\u0131 dizide Aras Bulut \u0130ynemli ve \u00c7etin Tekindor\u2019la [&hellip;]<\/p>\n","protected":false},"author":3,"featured_media":14525,"comment_status":"open","ping_status":"open","sticky":false,"template":"","format":"standard","meta":{"footnotes":""},"categories":[7],"tags":[533,1179,15,693,1160],"class_list":["post-14523","post","type-post","status-publish","format-standard","has-post-thumbnail","hentry","category-magazin","tag-aras-bulut-iynemli","tag-ayvalik","tag-cagatay-ulusoy","tag-cetin-tekindor","tag-iceride"],"views":3871,"blog_post_layout_featured_media_urls":{"thumbnail":["https:\/\/balcilar-blog.com\/wp-content\/uploads\/2016\/07\/Cmnd36kXgAEwJIh-150x150.jpg",150,150,true],"full":["https:\/\/balcilar-blog.com\/wp-content\/uploads\/2016\/07\/Cmnd36kXgAEwJIh.jpg",407,640,false]},"categories_names":{"7":{"name":"Magazin","link":"https:\/\/balcilar-blog.com\/?cat=7"}},"tags_names":{"533":{"name":"Aras Bulut \u0130ynemli","link":"https:\/\/balcilar-blog.com\/?tag=aras-bulut-iynemli"},"1179":{"name":"Ayval\u0131k","link":"https:\/\/balcilar-blog.com\/?tag=ayvalik"},"15":{"name":"\u00e7a\u011fatay ulusoy","link":"https:\/\/balcilar-blog.com\/?tag=cagatay-ulusoy"},"693":{"name":"\u00c7etin Tekindor","link":"https:\/\/balcilar-blog.com\/?tag=cetin-tekindor"},"1160":{"name":"\u0130\u00c7ER\u0130DE","link":"https:\/\/balcilar-blog.com\/?tag=iceride"}},"comments_number":"0","wpmagazine_modules_lite_featured_media_urls":{"thumbnail":["https:\/\/balcilar-blog.com\/wp-content\/uploads\/2016\/07\/Cmnd36kXgAEwJIh-150x150.jpg",150,150,true],"cvmm-medium":["https:\/\/balcilar-blog.com\/wp-content\/uploads\/2016\/07\/Cmnd36kXgAEwJIh.jpg",191,300,false],"cvmm-medium-plus":["https:\/\/balcilar-blog.com\/wp-content\/uploads\/2016\/07\/Cmnd36kXgAEwJIh.jpg",132,207,false],"cvmm-portrait":["https:\/\/balcilar-blog.com\/wp-content\/uploads\/2016\/07\/Cmnd36kXgAEwJIh.jpg",382,600,false],"cvmm-medium-square":["https:\/\/balcilar-blog.com\/wp-content\/uploads\/2016\/07\/Cmnd36kXgAEwJIh.jpg",382,600,false],"cvmm-large":["https:\/\/balcilar-blog.com\/wp-content\/uploads\/2016\/07\/Cmnd36kXgAEwJIh.jpg",407,640,false],"cvmm-small":["https:\/\/balcilar-blog.com\/wp-content\/uploads\/2016\/07\/Cmnd36kXgAEwJIh.jpg",60,95,false],"full":["https:\/\/balcilar-blog.com\/wp-content\/uploads\/2016\/07\/Cmnd36kXgAEwJIh.jpg",407,640,false]},"_links":{"self":[{"href":"https:\/\/balcilar-blog.com\/index.php?rest_route=\/wp\/v2\/posts\/14523","targetHints":{"allow":["GET"]}}],"collection":[{"href":"https:\/\/balcilar-blog.com\/index.php?rest_route=\/wp\/v2\/posts"}],"about":[{"href":"https:\/\/balcilar-blog.com\/index.php?rest_route=\/wp\/v2\/types\/post"}],"author":[{"embeddable":true,"href":"https:\/\/balcilar-blog.com\/index.php?rest_route=\/wp\/v2\/users\/3"}],"replies":[{"embeddable":true,"href":"https:\/\/balcilar-blog.com\/index.php?rest_route=%2Fwp%2Fv2%2Fcomments&post=14523"}],"version-history":[{"count":9,"href":"https:\/\/balcilar-blog.com\/index.php?rest_route=\/wp\/v2\/posts\/14523\/revisions"}],"predecessor-version":[{"id":14538,"href":"https:\/\/balcilar-blog.com\/index.php?rest_route=\/wp\/v2\/posts\/14523\/revisions\/14538"}],"wp:featuredmedia":[{"embeddable":true,"href":"https:\/\/balcilar-blog.com\/index.php?rest_route=\/wp\/v2\/media\/14525"}],"wp:attachment":[{"href":"https:\/\/balcilar-blog.com\/index.php?rest_route=%2Fwp%2Fv2%2Fmedia&parent=14523"}],"wp:term":[{"taxonomy":"category","embeddable":true,"href":"https:\/\/balcilar-blog.com\/index.php?rest_route=%2Fwp%2Fv2%2Fcategories&post=14523"},{"taxonomy":"post_tag","embeddable":true,"href":"https:\/\/balcilar-blog.com\/index.php?rest_route=%2Fwp%2Fv2%2Ftags&post=14523"}],"curies":[{"name":"wp","href":"https:\/\/api.w.org\/{rel}","templated":true}]}}