{"id":14453,"date":"2016-06-30T15:25:25","date_gmt":"2016-06-30T12:25:25","guid":{"rendered":"http:\/\/balcilar-blog.com\/?p=14453"},"modified":"2016-06-30T15:34:41","modified_gmt":"2016-06-30T12:34:41","slug":"yuksek-sosyetenin-3-bolumu-izleyiciyi-ekranlara-civileyecek","status":"publish","type":"post","link":"https:\/\/balcilar-blog.com\/?p=14453","title":{"rendered":"Y\u00fcksek Sosyete&#8217;nin 3.B\u00f6l\u00fcm\u00fc izleyiciyi ekranlara \u00e7ivileyecek!"},"content":{"rendered":"<p><img loading=\"lazy\" decoding=\"async\" class=\"alignnone size-full wp-image-14459\" src=\"http:\/\/balcilar-blog.com\/wp-content\/uploads\/2016\/06\/Ekran-Al\u0131nt\u0131s\u0131Y.S.3.5.jpg\" alt=\"Ekran Al\u0131nt\u0131s\u0131Y.S.3.5\" width=\"640\" height=\"364\" srcset=\"https:\/\/balcilar-blog.com\/wp-content\/uploads\/2016\/06\/Ekran-Al\u0131nt\u0131s\u0131Y.S.3.5.jpg 640w, https:\/\/balcilar-blog.com\/wp-content\/uploads\/2016\/06\/Ekran-Al\u0131nt\u0131s\u0131Y.S.3.5-300x171.jpg 300w\" sizes=\"auto, (max-width: 640px) 100vw, 640px\" \/><\/p>\n<p>Bi Yap\u0131m &#8211; Burak Sa\u011fya\u015far&#8217;\u0131n yap\u0131mc\u0131s\u0131 oldu\u011fu, Star Tv&#8217;de yay\u0131nlanan, Hazar Erg\u00fc\u00e7l\u00fc, Engin \u00d6zt\u00fcrk, Meri\u00e7 Aral, Ozan Dolunay ve Z\u00fchal Ocay&#8217;\u0131n ba\u015fl\u0131ca rolleri payla\u015ft\u0131\u011f\u0131 Y\u00fcksek Sosyete bu ak\u015fam 3. b\u00f6l\u00fcm\u00fc ile ekranlar\u0131m\u0131zda olacak. Bir yaz dizisi olarak ba\u015flad\u0131 Y\u00fcksek Sosyete&#8230; Hazar Erg\u00fc\u00e7l\u00fc sempatik tav\u0131rlar\u0131 ile dikkatleri \u00e7ekti. Aslen K\u0131br\u0131s&#8217;l\u0131 olan sevilen oyuncunun bu ilk ba\u015frol dizisi oluyor. \u00d6nceki y\u0131llarda, Kuzey G\u00fcney, Medcezir ve Analar ve Anneler dizilerinde izlemi\u015ftik.<\/p>\n<p>Ge\u00e7en hafta Y\u00fcksek Sosyete&#8217;nin 2.b\u00f6l\u00fcmde reytingleri iyi geldi. Total&#8217;de 4.45 AB&#8217;de ise 4.76 reytingle her iki grupta da g\u00fcn 2.oldu.<\/p>\n<p>Zengin k\u0131z fakir o\u011flan konu ama, fakir o\u011flan zengin o\u011flan\u0131n yerine ge\u00e7ince i\u015fler kar\u0131\u015fm\u0131\u015f gibi. Konu klasik bir konu ama \u015fimdilik ak\u0131c\u0131 gidiyor. Dizimiz reytingleri ba\u015far\u0131 grafi\u011fi y\u00fcksek seyrederse, Eyl\u00fcl ay\u0131ndan itibaren sezon dizisi olarak devam edebilir.<\/p>\n<p>Biz gelelim bu ak\u015fam 3.b\u00f6l\u00fcmde olacaklara:<\/p>\n<p>Ge\u00e7en b\u00f6l\u00fcmde Cansu&#8217;nun zengin sosyete kad\u0131ndan \u00f6z\u00fcr krizi damgas\u0131n\u0131 vurmu\u015ftu. M\u00fcd\u00fcr Mert Bey (Kerem), Cansu&#8217;nun i\u015fine son vermeye kadar b\u00fcy\u00fcm\u00fc\u015ft\u00fc. \u0130\u015fine son verip, vermedi\u011fini, Cansu&#8217;nun \u00f6z\u00fcr dileyip, dilemedi\u011fini bu b\u00f6l\u00fcmde g\u00f6rece\u011fiz.<\/p>\n<p><img loading=\"lazy\" decoding=\"async\" class=\"alignnone size-full wp-image-14457\" src=\"http:\/\/balcilar-blog.com\/wp-content\/uploads\/2016\/06\/Ekran-Al\u0131nt\u0131s\u0131Y.S.3.3.jpg\" alt=\"Ekran Al\u0131nt\u0131s\u0131Y.S.3.3\" width=\"640\" height=\"383\" srcset=\"https:\/\/balcilar-blog.com\/wp-content\/uploads\/2016\/06\/Ekran-Al\u0131nt\u0131s\u0131Y.S.3.3.jpg 640w, https:\/\/balcilar-blog.com\/wp-content\/uploads\/2016\/06\/Ekran-Al\u0131nt\u0131s\u0131Y.S.3.3-300x180.jpg 300w\" sizes=\"auto, (max-width: 640px) 100vw, 640px\" \/>Cansu&#8217;nun annesi S\u00fcreyya Han\u0131m, k\u0131z\u0131n\u0131n ba\u015f\u0131na gelenler y\u00fcz\u00fcnden Cansu&#8217;ya y\u00fcklenir.<\/p>\n<p><img loading=\"lazy\" decoding=\"async\" class=\"alignnone size-full wp-image-14454\" src=\"http:\/\/balcilar-blog.com\/wp-content\/uploads\/2016\/06\/CmI0H-CWIAA20OL.jpg\" alt=\"CmI0H-CWIAA20OL\" width=\"640\" height=\"427\" srcset=\"https:\/\/balcilar-blog.com\/wp-content\/uploads\/2016\/06\/CmI0H-CWIAA20OL.jpg 640w, https:\/\/balcilar-blog.com\/wp-content\/uploads\/2016\/06\/CmI0H-CWIAA20OL-300x200.jpg 300w\" sizes=\"auto, (max-width: 640px) 100vw, 640px\" \/><\/p>\n<p>Cansu Kerem&#8217;e birbirimizden biraz uzak dursak daha iyi olur dese de, Kerem Cansu&#8217;nun elinden tutar, iki dakikal\u0131\u011f\u0131na i\u015f yerinden ayr\u0131lmay\u0131 teklif eder. Patronmu\u015f, \u00e7al\u0131\u015fanm\u0131\u015f hepsini unutal\u0131m. Kerem Cansu&#8217;ya, hayalinde almay\u0131 planlad\u0131\u011f\u0131 araziye g\u00f6t\u00fcr.<\/p>\n<p><img loading=\"lazy\" decoding=\"async\" class=\"alignnone size-full wp-image-14461\" src=\"http:\/\/balcilar-blog.com\/wp-content\/uploads\/2016\/06\/Ekran-Al\u0131nt\u0131s\u0131Y.S.3.7.jpg\" alt=\"Ekran Al\u0131nt\u0131s\u0131Y.S.3.7\" width=\"640\" height=\"372\" srcset=\"https:\/\/balcilar-blog.com\/wp-content\/uploads\/2016\/06\/Ekran-Al\u0131nt\u0131s\u0131Y.S.3.7.jpg 640w, https:\/\/balcilar-blog.com\/wp-content\/uploads\/2016\/06\/Ekran-Al\u0131nt\u0131s\u0131Y.S.3.7-300x174.jpg 300w\" sizes=\"auto, (max-width: 640px) 100vw, 640px\" \/><\/p>\n<p>Cansu&#8217;ya sal\u0131ncak bindir, sallar. Kerem, k\u00fc\u00e7\u00fckl\u00fc\u011f\u00fcnde ne kadar h\u0131zl\u0131 sallan\u0131rsa bu d\u00fcnyadan kopup ba\u015fka d\u00fcnyaya gidece\u011fini inanm\u0131\u015ft\u0131r. Cansu&#8217;nun keyfine diyecek yoktur.<\/p>\n<p><img loading=\"lazy\" decoding=\"async\" class=\"alignnone size-full wp-image-14465\" src=\"http:\/\/balcilar-blog.com\/wp-content\/uploads\/2016\/06\/Ekran-Al\u0131nt\u0131s\u0131Y.S.3.3A.jpg\" alt=\"Ekran Al\u0131nt\u0131s\u0131Y.S.3.3A\" width=\"640\" height=\"372\" srcset=\"https:\/\/balcilar-blog.com\/wp-content\/uploads\/2016\/06\/Ekran-Al\u0131nt\u0131s\u0131Y.S.3.3A.jpg 640w, https:\/\/balcilar-blog.com\/wp-content\/uploads\/2016\/06\/Ekran-Al\u0131nt\u0131s\u0131Y.S.3.3A-300x174.jpg 300w\" sizes=\"auto, (max-width: 640px) 100vw, 640px\" \/><\/p>\n<p>Di\u011fer taraftan Ece&#8217;ye, patron Mert takm\u0131\u015ft\u0131r. Ama Ece m\u00fcd\u00fcr Kerem&#8217;e a\u015f\u0131kt\u0131r. Mert, Ece&#8217;ye bir not g\u00f6nderir.<\/p>\n<p><img loading=\"lazy\" decoding=\"async\" class=\"alignnone size-full wp-image-14464\" src=\"http:\/\/balcilar-blog.com\/wp-content\/uploads\/2016\/06\/y\u00fcksek-sosyete-3-6.jpg\" alt=\"y\u00fcksek-sosyete-3-6\" width=\"640\" height=\"426\" srcset=\"https:\/\/balcilar-blog.com\/wp-content\/uploads\/2016\/06\/y\u00fcksek-sosyete-3-6.jpg 640w, https:\/\/balcilar-blog.com\/wp-content\/uploads\/2016\/06\/y\u00fcksek-sosyete-3-6-300x200.jpg 300w\" sizes=\"auto, (max-width: 640px) 100vw, 640px\" \/><\/p>\n<p>&#8220;Biliyorum yak\u0131\u015f\u0131kl\u0131y\u0131m. Bi o kadar da sempatik. Affet ve s\u00f6yle ka\u00e7ta bulu\u015facik?&#8221; Mert Ece&#8217;ye de\u011fi\u015fik \u015faklabanl\u0131klar yapar, a\u011fz\u0131nda bir tutam maydanoz ile sempatik g\u00f6z\u00fck\u00fcp, g\u00fcld\u00fcrmeye \u00e7al\u0131\u015f\u0131r.<\/p>\n<p><img loading=\"lazy\" decoding=\"async\" class=\"alignnone size-full wp-image-14458\" src=\"http:\/\/balcilar-blog.com\/wp-content\/uploads\/2016\/06\/Ekran-Al\u0131nt\u0131s\u0131Y.S.3.4.jpg\" alt=\"Ekran Al\u0131nt\u0131s\u0131Y.S.3.4\" width=\"640\" height=\"372\" srcset=\"https:\/\/balcilar-blog.com\/wp-content\/uploads\/2016\/06\/Ekran-Al\u0131nt\u0131s\u0131Y.S.3.4.jpg 640w, https:\/\/balcilar-blog.com\/wp-content\/uploads\/2016\/06\/Ekran-Al\u0131nt\u0131s\u0131Y.S.3.4-300x174.jpg 300w\" sizes=\"auto, (max-width: 640px) 100vw, 640px\" \/><\/p>\n<p>Bu klasik numaray\u0131 hat\u0131rlarsan\u0131z Medcezir&#8217;de Yaman (\u00c7a\u011fatay Ulusoy), Mira&#8217;ya (Serenay Sar\u0131kaya) yapm\u0131\u015ft\u0131.<\/p>\n<p><img loading=\"lazy\" decoding=\"async\" class=\"alignnone size-full wp-image-14463\" src=\"http:\/\/balcilar-blog.com\/wp-content\/uploads\/2016\/06\/y\u00fcksek-sosyete-3-4.jpg\" alt=\"y\u00fcksek-sosyete-3-4\" width=\"640\" height=\"426\" srcset=\"https:\/\/balcilar-blog.com\/wp-content\/uploads\/2016\/06\/y\u00fcksek-sosyete-3-4.jpg 640w, https:\/\/balcilar-blog.com\/wp-content\/uploads\/2016\/06\/y\u00fcksek-sosyete-3-4-300x200.jpg 300w\" sizes=\"auto, (max-width: 640px) 100vw, 640px\" \/><\/p>\n<p>S\u00fcreyya Han\u0131m, kocas\u0131 Metin&#8217;in metresi I\u015f\u0131l&#8217;a takm\u0131\u015ft\u0131r. Sen bu d\u00fcnyaya ait de\u011filsin, buras\u0131 sana bi ka\u00e7 beden b\u00fcy\u00fck&#8230; I\u015f\u0131l&#8217;\u0131n Metin&#8217;den bir de \u00e7ocu\u011fu vard\u0131r.<\/p>\n<p><img loading=\"lazy\" decoding=\"async\" class=\"alignnone size-full wp-image-14456\" src=\"http:\/\/balcilar-blog.com\/wp-content\/uploads\/2016\/06\/Ekran-Al\u0131nt\u0131s\u0131Y.S.3.2.jpg\" alt=\"Ekran Al\u0131nt\u0131s\u0131Y.S.3.2\" width=\"640\" height=\"378\" srcset=\"https:\/\/balcilar-blog.com\/wp-content\/uploads\/2016\/06\/Ekran-Al\u0131nt\u0131s\u0131Y.S.3.2.jpg 640w, https:\/\/balcilar-blog.com\/wp-content\/uploads\/2016\/06\/Ekran-Al\u0131nt\u0131s\u0131Y.S.3.2-300x177.jpg 300w\" sizes=\"auto, (max-width: 640px) 100vw, 640px\" \/><\/p>\n<p>\u00c7ocu\u011fu S\u00fcreyya Ninesinin kuca\u011f\u0131na vermek ister. Metin metresine, kar\u0131s\u0131na bula\u015fmamas\u0131 i\u00e7in tehdit eder.<\/p>\n<p><img loading=\"lazy\" decoding=\"async\" class=\"alignnone size-full wp-image-14460\" src=\"http:\/\/balcilar-blog.com\/wp-content\/uploads\/2016\/06\/Ekran-Al\u0131nt\u0131s\u0131Y.S.3.6.jpg\" alt=\"Ekran Al\u0131nt\u0131s\u0131Y.S.3.6\" width=\"640\" height=\"360\" srcset=\"https:\/\/balcilar-blog.com\/wp-content\/uploads\/2016\/06\/Ekran-Al\u0131nt\u0131s\u0131Y.S.3.6.jpg 640w, https:\/\/balcilar-blog.com\/wp-content\/uploads\/2016\/06\/Ekran-Al\u0131nt\u0131s\u0131Y.S.3.6-300x169.jpg 300w\" sizes=\"auto, (max-width: 640px) 100vw, 640px\" \/><\/p>\n<p>Sal\u0131ncakta sallanan Cansu, adeta b\u00fcy\u00fclenmi\u015ftir. Biri bu b\u00fcy\u00fc bozsun diye i\u00e7inden ge\u00e7irir. Mert ise kimse bu b\u00fcy\u00fcy\u00fc bozmas\u0131n diye i\u00e7inden dua eder.<\/p>\n<p><img loading=\"lazy\" decoding=\"async\" class=\"alignnone size-full wp-image-14462\" src=\"http:\/\/balcilar-blog.com\/wp-content\/uploads\/2016\/06\/y\u00fcksek-sosyete-3-1.jpg\" alt=\"y\u00fcksek-sosyete-3-1\" width=\"640\" height=\"426\" srcset=\"https:\/\/balcilar-blog.com\/wp-content\/uploads\/2016\/06\/y\u00fcksek-sosyete-3-1.jpg 640w, https:\/\/balcilar-blog.com\/wp-content\/uploads\/2016\/06\/y\u00fcksek-sosyete-3-1-300x200.jpg 300w\" sizes=\"auto, (max-width: 640px) 100vw, 640px\" \/><\/p>\n<p>Bu g\u00fczel b\u00f6l\u00fcm bu ak\u015fam Saat: 20.00&#8217;de Star Tv ekranlar\u0131nda olacak. \u0130zleyicisini ekran ba\u015f\u0131na \u00e7ivileyecek!<\/p>\n<p>Keyifli Seyirler.<\/p>\n<p>Sayg\u0131lar ve sevgiler.<\/p>\n<p>Abdurrahman Balc\u0131lar<\/p>\n<p>Twitter:\u00a0<a href=\"https:\/\/twitter.com\/abbalcilar\">abdurrahman balc\u0131lar<\/a><a href=\"https:\/\/twitter.com\/abbalcilar\"><strong>@abbalcilar<\/strong><\/a><\/p>\n<p>Mail :\u00a0<a href=\"mailto:ab.balcilar@hotmail.com\">ab.balcilar@hotmail.com<\/a><\/p>\n<p>Blog:\u00a0<a href=\"http:\/\/t.co\/znqmIZgIqn\">blog.milliyet.com.tr\/cansever<\/a><\/p>\n<p>Blog:\u00a0<strong>balcilar-blog.com<\/strong><\/p>\n<p>Not: G\u00f6rseller Yuksek Sosyete Twitter sayfas\u0131ndan ve taraf\u0131mdan fragmandan al\u0131nm\u0131\u015ft\u0131r.<\/p>\n<p>&nbsp;<\/p>\n","protected":false},"excerpt":{"rendered":"<p>Bi Yap\u0131m &#8211; Burak Sa\u011fya\u015far&#8217;\u0131n yap\u0131mc\u0131s\u0131 oldu\u011fu, Star Tv&#8217;de yay\u0131nlanan, Hazar Erg\u00fc\u00e7l\u00fc, Engin \u00d6zt\u00fcrk, Meri\u00e7 Aral, Ozan Dolunay ve Z\u00fchal Ocay&#8217;\u0131n ba\u015fl\u0131ca rolleri payla\u015ft\u0131\u011f\u0131 Y\u00fcksek Sosyete bu ak\u015fam 3. b\u00f6l\u00fcm\u00fc ile ekranlar\u0131m\u0131zda olacak. Bir yaz dizisi olarak ba\u015flad\u0131 Y\u00fcksek Sosyete&#8230; Hazar Erg\u00fc\u00e7l\u00fc sempatik tav\u0131rlar\u0131 ile dikkatleri \u00e7ekti. Aslen K\u0131br\u0131s&#8217;l\u0131 olan sevilen oyuncunun bu ilk ba\u015frol [&hellip;]<\/p>\n","protected":false},"author":3,"featured_media":14459,"comment_status":"open","ping_status":"open","sticky":false,"template":"","format":"standard","meta":{"footnotes":""},"categories":[2],"tags":[],"class_list":["post-14453","post","type-post","status-publish","format-standard","has-post-thumbnail","hentry","category-tv-programlari"],"views":3432,"blog_post_layout_featured_media_urls":{"thumbnail":["https:\/\/balcilar-blog.com\/wp-content\/uploads\/2016\/06\/Ekran-Al\u0131nt\u0131s\u0131Y.S.3.5-150x150.jpg",150,150,true],"full":["https:\/\/balcilar-blog.com\/wp-content\/uploads\/2016\/06\/Ekran-Al\u0131nt\u0131s\u0131Y.S.3.5.jpg",640,364,false]},"categories_names":{"2":{"name":"TV Programlar\u0131","link":"https:\/\/balcilar-blog.com\/?cat=2"}},"tags_names":[],"comments_number":"0","wpmagazine_modules_lite_featured_media_urls":{"thumbnail":["https:\/\/balcilar-blog.com\/wp-content\/uploads\/2016\/06\/Ekran-Al\u0131nt\u0131s\u0131Y.S.3.5-150x150.jpg",150,150,true],"cvmm-medium":["https:\/\/balcilar-blog.com\/wp-content\/uploads\/2016\/06\/Ekran-Al\u0131nt\u0131s\u0131Y.S.3.5.jpg",300,171,false],"cvmm-medium-plus":["https:\/\/balcilar-blog.com\/wp-content\/uploads\/2016\/06\/Ekran-Al\u0131nt\u0131s\u0131Y.S.3.5.jpg",305,173,false],"cvmm-portrait":["https:\/\/balcilar-blog.com\/wp-content\/uploads\/2016\/06\/Ekran-Al\u0131nt\u0131s\u0131Y.S.3.5.jpg",400,228,false],"cvmm-medium-square":["https:\/\/balcilar-blog.com\/wp-content\/uploads\/2016\/06\/Ekran-Al\u0131nt\u0131s\u0131Y.S.3.5.jpg",600,341,false],"cvmm-large":["https:\/\/balcilar-blog.com\/wp-content\/uploads\/2016\/06\/Ekran-Al\u0131nt\u0131s\u0131Y.S.3.5.jpg",640,364,false],"cvmm-small":["https:\/\/balcilar-blog.com\/wp-content\/uploads\/2016\/06\/Ekran-Al\u0131nt\u0131s\u0131Y.S.3.5.jpg",130,74,false],"full":["https:\/\/balcilar-blog.com\/wp-content\/uploads\/2016\/06\/Ekran-Al\u0131nt\u0131s\u0131Y.S.3.5.jpg",640,364,false]},"_links":{"self":[{"href":"https:\/\/balcilar-blog.com\/index.php?rest_route=\/wp\/v2\/posts\/14453","targetHints":{"allow":["GET"]}}],"collection":[{"href":"https:\/\/balcilar-blog.com\/index.php?rest_route=\/wp\/v2\/posts"}],"about":[{"href":"https:\/\/balcilar-blog.com\/index.php?rest_route=\/wp\/v2\/types\/post"}],"author":[{"embeddable":true,"href":"https:\/\/balcilar-blog.com\/index.php?rest_route=\/wp\/v2\/users\/3"}],"replies":[{"embeddable":true,"href":"https:\/\/balcilar-blog.com\/index.php?rest_route=%2Fwp%2Fv2%2Fcomments&post=14453"}],"version-history":[{"count":3,"href":"https:\/\/balcilar-blog.com\/index.php?rest_route=\/wp\/v2\/posts\/14453\/revisions"}],"predecessor-version":[{"id":14468,"href":"https:\/\/balcilar-blog.com\/index.php?rest_route=\/wp\/v2\/posts\/14453\/revisions\/14468"}],"wp:featuredmedia":[{"embeddable":true,"href":"https:\/\/balcilar-blog.com\/index.php?rest_route=\/wp\/v2\/media\/14459"}],"wp:attachment":[{"href":"https:\/\/balcilar-blog.com\/index.php?rest_route=%2Fwp%2Fv2%2Fmedia&parent=14453"}],"wp:term":[{"taxonomy":"category","embeddable":true,"href":"https:\/\/balcilar-blog.com\/index.php?rest_route=%2Fwp%2Fv2%2Fcategories&post=14453"},{"taxonomy":"post_tag","embeddable":true,"href":"https:\/\/balcilar-blog.com\/index.php?rest_route=%2Fwp%2Fv2%2Ftags&post=14453"}],"curies":[{"name":"wp","href":"https:\/\/api.w.org\/{rel}","templated":true}]}}