{"id":14318,"date":"2016-06-21T18:33:02","date_gmt":"2016-06-21T15:33:02","guid":{"rendered":"http:\/\/balcilar-blog.com\/?p=14318"},"modified":"2016-06-21T18:48:42","modified_gmt":"2016-06-21T15:48:42","slug":"paramparcanin-sezon-finalinde-gurpinar-ailesi-gercekten-paramparca-oldu","status":"publish","type":"post","link":"https:\/\/balcilar-blog.com\/?p=14318","title":{"rendered":"Parampar\u00e7a&#8217;n\u0131n sezon finalinde G\u00fcrp\u0131nar ailesi ger\u00e7ekten parampar\u00e7a oldu!"},"content":{"rendered":"<p><img loading=\"lazy\" decoding=\"async\" class=\"alignnone size-full wp-image-14319\" src=\"http:\/\/balcilar-blog.com\/wp-content\/uploads\/2016\/06\/ClbIRMwWgAE2dpM.jpg\" alt=\"ClbIRMwWgAE2dpM\" width=\"640\" height=\"366\" srcset=\"https:\/\/balcilar-blog.com\/wp-content\/uploads\/2016\/06\/ClbIRMwWgAE2dpM.jpg 640w, https:\/\/balcilar-blog.com\/wp-content\/uploads\/2016\/06\/ClbIRMwWgAE2dpM-300x172.jpg 300w\" sizes=\"auto, (max-width: 640px) 100vw, 640px\" \/><\/p>\n<p>D\u00fcn ak\u015fam Star Tv&#8217;de sevilen dizi Parampar\u00e7a 71.b\u00f6l\u00fcm\u00fc ile sezon finali yapt\u0131 ve yaz tatiline girdi. Dizinin ad\u0131 gibi G\u00fcrp\u0131nar ailesi de Parampar\u00e7a oldu! Tabiri yerindeyse \u00e7il yavrusu gibi da\u011f\u0131ld\u0131lar. Olan Cihan G\u00fcrp\u0131nar&#8217;a oldu. Adamca\u011f\u0131z neredeyse \u00e7\u0131ld\u0131rma noktas\u0131na geldi.<\/p>\n<p>Cansu ile Deniz y\u00fcz\u00fck takar ve ni\u015fanlan\u0131rlar. Haberi alan Cihan \u015fa\u015fk\u0131nd\u0131r. Dilara Cihan&#8217;\u0131 su\u00e7lar. Deniz&#8217;in mekan\u0131 mafya taraf\u0131ndan taran\u0131r, her taraf peri\u015fand\u0131r. O s\u0131rada gelen \u00d6zkan da, dahil canlar\u0131n\u0131 zor kurtar\u0131rlar. Deniz arazi mafyas\u0131na girmi\u015f, art\u0131k beli tabancal\u0131 bir mafya adam\u0131d\u0131r. Cihan k\u0131z\u0131 Cansu&#8217;ya ofisine \u00e7a\u011f\u0131r\u0131r. Baba-k\u0131z konu\u015furlar. Cansu Deniz&#8217;i sevdi\u011fini s\u00f6yler. Cihan, sen daha \u00e7ok k\u00fc\u00e7\u00fcks\u00fcn&#8230;<\/p>\n<p>Ozan&#8217;\u0131n hisselerini, kumpas kurarak elinden al\u0131rlar. Harun&#8217;un halas\u0131 i\u015fin i\u00e7indedir. Dilara Harun&#8217;a giderek, Can&#8217;dan ile halas\u0131n\u0131n planlar\u0131n\u0131n hesab\u0131n\u0131 sorar. Biti, bundan sonra ne beni ne o\u011flumu g\u00f6rmeyeceksin diyerek terk eder.<\/p>\n<p>Harun Bey, Halas\u0131na gider, sen neler yap\u0131yorsun diye hesap sorar. Ben senin y\u00fcz\u00fcnden o\u011flumu, sevdi\u011fim kad\u0131n\u0131 kaybettim. \u00c7ok hiddetlenir.<\/p>\n<p>\u00d6zkan, Deniz&#8217;in mekan\u0131n taranmas\u0131n\u0131 ve olanlar\u0131 Cihan Beye anlat\u0131r. Deniz&#8217;in beli tabancal\u0131 bir mafya ad\u0131m\u0131 oldu\u011funu anlat\u0131r.<\/p>\n<p>Hazal da ba\u015fka bir havadad\u0131r. M\u00fczisyen sevgilisi \u00d6zg\u00fcr ile evlilik planlar\u0131 yapmaktad\u0131r. \u00d6zg\u00fcr ise Yeliz adl\u0131 ba\u015fka bir k\u0131za hamile b\u0131rakm\u0131\u015ft\u0131r, onunla evlenmek zorundad\u0131r.<\/p>\n<p>Cihan, Deniz ile konu\u015fur. K\u0131z\u0131 Cansu&#8217;yu zorla da olsa oradan uzakla\u015ft\u0131r\u0131r. Deniz&#8217;e, benim k\u0131z\u0131mdan uzak duracaks\u0131n diye tembihler. \u00c7ocu\u011fumu g\u00f6rmeyeceksin, k\u0131z\u0131ma yakla\u015fmayacaks\u0131n. Daha sonra Cansu ile g\u00f6r\u00fc\u015f\u00fcr. Deniz&#8217;in Cafesi tarand\u0131\u011f\u0131n\u0131 s\u00f6yler. Baba-k\u0131z tart\u0131\u015f\u0131rlar. Cihan, \u00e7ok sinirlenir. Kulak misafiri olan Hazal,sinsi sinsi g\u00fcl\u00fcmser. Cihan Bey, senin o \u00e7ocukla g\u00f6r\u00fc\u015fmesini izin vermiyor der.<\/p>\n<p><img loading=\"lazy\" decoding=\"async\" class=\"alignnone size-full wp-image-14332\" src=\"http:\/\/balcilar-blog.com\/wp-content\/uploads\/2016\/06\/Ekran-PR\u00c7.71.2.jpg\" alt=\"Ekran PR\u00c7.71.2\" width=\"640\" height=\"352\" srcset=\"https:\/\/balcilar-blog.com\/wp-content\/uploads\/2016\/06\/Ekran-PR\u00c7.71.2.jpg 640w, https:\/\/balcilar-blog.com\/wp-content\/uploads\/2016\/06\/Ekran-PR\u00c7.71.2-300x165.jpg 300w\" sizes=\"auto, (max-width: 640px) 100vw, 640px\" \/><\/p>\n<p>Cansu Deniz ile bulu\u015fur. Olanlar\u0131 tart\u0131\u015f\u0131rlar. Deniz ben ne yapt\u0131ysam senin i\u00e7in yapt\u0131m diyerek Cansu&#8217;ya ikna eder. Onlar\u0131 sar\u0131l\u0131rken g\u00f6ren Cihan, ben sana k\u0131z\u0131mdan uzak dur dedim der ve y\u00fcz\u00fcne bir tokat patlat\u0131r. K\u0131z\u0131n\u0131 eve kapat\u0131r.<\/p>\n<p><img loading=\"lazy\" decoding=\"async\" class=\"alignnone size-full wp-image-14322\" src=\"http:\/\/balcilar-blog.com\/wp-content\/uploads\/2016\/06\/Ekran-Al\u0131nt\u0131s\u0131PR\u00c7.71.1.jpg\" alt=\"Ekran Al\u0131nt\u0131s\u0131PR\u00c7.71.1\" width=\"640\" height=\"348\" srcset=\"https:\/\/balcilar-blog.com\/wp-content\/uploads\/2016\/06\/Ekran-Al\u0131nt\u0131s\u0131PR\u00c7.71.1.jpg 640w, https:\/\/balcilar-blog.com\/wp-content\/uploads\/2016\/06\/Ekran-Al\u0131nt\u0131s\u0131PR\u00c7.71.1-300x163.jpg 300w\" sizes=\"auto, (max-width: 640px) 100vw, 640px\" \/><\/p>\n<p>Ozan, hisse devir s\u00f6zle\u015fmesini al\u0131r, babas\u0131na getirir. Babas\u0131 Cihan: Her \u015feyimi kaybederim sana deli damgas\u0131n\u0131 vurdurtmam. S\u00f6zle\u015fmeyi y\u0131rtar atar.<\/p>\n<p>\u00d6zkan, sevdi\u011fi k\u0131z Sevin\u00e7 ile aras\u0131 bozulur. Sevin\u00e7 \u00d6zkan&#8217;\u0131n as\u0131l kim oldu\u011funu, kendisine yalan s\u00f6yledi\u011fini \u00f6\u011frenir. Konu\u015farak durumu kurtarmaya \u00e7al\u0131\u015f\u0131rlar. Al\u0131r k\u0131z\u0131 eve ablas\u0131 Keriman&#8217;a getirir.<\/p>\n<p>Mahide Han\u0131m, Dilara&#8217;n\u0131n evine gider, \u00f6z\u00fcr diler, b\u00fct\u00fcn su\u00e7un kendisinde oldu\u011funu, Harun&#8217;un hi\u00e7 bir su\u00e7u olmad\u0131\u011f\u0131n\u0131 s\u00f6yler.<\/p>\n<p>Ozan Candan ile bulu\u015fur. Ben seni ger\u00e7ekten sevdin, sen arkamdan dolap \u00e7evirdin. Candan, ben seni seviyorum. Ozan bende para yok, her \u015feyimi babana devrettim. Candan, gidelim buralardan, bende para var. Ozan&#8217;a sar\u0131l\u0131r.<\/p>\n<p><img loading=\"lazy\" decoding=\"async\" class=\"alignnone size-full wp-image-14323\" src=\"http:\/\/balcilar-blog.com\/wp-content\/uploads\/2016\/06\/Ekran-Al\u0131nt\u0131s\u0131PR\u00c7.71.4.jpg\" alt=\"Ekran Al\u0131nt\u0131s\u0131PR\u00c7.71.4\" width=\"640\" height=\"354\" srcset=\"https:\/\/balcilar-blog.com\/wp-content\/uploads\/2016\/06\/Ekran-Al\u0131nt\u0131s\u0131PR\u00c7.71.4.jpg 640w, https:\/\/balcilar-blog.com\/wp-content\/uploads\/2016\/06\/Ekran-Al\u0131nt\u0131s\u0131PR\u00c7.71.4-300x166.jpg 300w\" sizes=\"auto, (max-width: 640px) 100vw, 640px\" \/><\/p>\n<p>Mahide Han\u0131m, hizmet\u00e7isinin cep telefonuna kaydetti\u011fi ye\u011feni Harun ile tart\u0131\u015fmalar\u0131n\u0131, Dilara&#8217;n\u0131n cep telefonuna paslar. Bu tart\u0131\u015fmaya duyan Dilara, Harun&#8217;un su\u00e7u olmad\u0131\u011f\u0131na inan\u0131r ve Harun&#8217;a gider. Tekrar bar\u0131\u015f\u0131rlar.<\/p>\n<p>Hazal, sevdi\u011fi gen\u00e7 i\u00e7in klip \u00e7ektirir. Bor\u00e7lan\u0131r, firma Hazal&#8217;dan alaca\u011f\u0131n\u0131 ister, vermeyince babas\u0131 Cihan beyden isterler. Cihan Bey Hazal&#8217;\u0131 \u00e7a\u011f\u0131r\u0131r. Niye b\u00f6yle yapt\u0131\u011f\u0131n\u0131 s\u00f6yler, Hazal, bana \u00f6z k\u0131z\u0131na hisse vermedi\u011fini s\u00f6yler. Tart\u0131\u015f\u0131rlar, Cihan Hazal\u0131 i\u015f yerinden kovar. Hazal eve gider valizini toplar evi terk eder.<\/p>\n<p>Yeliz&#8217;in babas\u0131 \u00d6zg\u00fcr&#8217;\u00fc evine gelir. Tabancay\u0131 bo\u011faz\u0131na dayar, ya k\u0131z\u0131mla evlenirsin ya da&#8230;<\/p>\n<p><img loading=\"lazy\" decoding=\"async\" class=\"alignnone size-full wp-image-14324\" src=\"http:\/\/balcilar-blog.com\/wp-content\/uploads\/2016\/06\/Ekran-Al\u0131nt\u0131s\u0131PR\u00c7.71.5.jpg\" alt=\"Ekran Al\u0131nt\u0131s\u0131PR\u00c7.71.5\" width=\"640\" height=\"355\" srcset=\"https:\/\/balcilar-blog.com\/wp-content\/uploads\/2016\/06\/Ekran-Al\u0131nt\u0131s\u0131PR\u00c7.71.5.jpg 640w, https:\/\/balcilar-blog.com\/wp-content\/uploads\/2016\/06\/Ekran-Al\u0131nt\u0131s\u0131PR\u00c7.71.5-300x166.jpg 300w\" sizes=\"auto, (max-width: 640px) 100vw, 640px\" \/><\/p>\n<p>\u00d6zg\u00fcr kabul etmek zorunda kal\u0131r. Daha sonra Hazal valizi ile \u00e7\u0131kagelir. \u00d6zg\u00fcr, ben mi istedim klip \u00e7ek diye. Evlenece\u011fimizi mi zannediyorsun? Ben evleniyorum, biz seninle evlenemeyiz deyince Hazal \u00e7\u0131lg\u0131na d\u00f6ner. Masadan kapt\u0131\u011f\u0131 ekmek b\u0131\u00e7a\u011f\u0131n\u0131 sevdi\u011fi \u00d6zg\u00fcr&#8217;\u00fcn karn\u0131na saplar. \u00d6zg\u00fcr kanlar i\u00e7inde yere d\u00fc\u015fer.<\/p>\n<p><img loading=\"lazy\" decoding=\"async\" class=\"alignnone size-full wp-image-14327\" src=\"http:\/\/balcilar-blog.com\/wp-content\/uploads\/2016\/06\/Ekran-Al\u0131nt\u0131s\u0131PR\u00c7.71.8.jpg\" alt=\"Ekran Al\u0131nt\u0131s\u0131PR\u00c7.71.8\" width=\"640\" height=\"354\" srcset=\"https:\/\/balcilar-blog.com\/wp-content\/uploads\/2016\/06\/Ekran-Al\u0131nt\u0131s\u0131PR\u00c7.71.8.jpg 640w, https:\/\/balcilar-blog.com\/wp-content\/uploads\/2016\/06\/Ekran-Al\u0131nt\u0131s\u0131PR\u00c7.71.8-300x166.jpg 300w\" sizes=\"auto, (max-width: 640px) 100vw, 640px\" \/><\/p>\n<p>Deniz babas\u0131ndan da cesaret alarak, Cansu ile g\u00f6r\u00fc\u015f\u00fcr, senin i\u00e7in gergini yapaca\u011f\u0131m der. Cansu da valizini toplar evi terk eder. Nikah dairesinde y\u0131ld\u0131r\u0131m nikah\u0131 ile evlenirler.<\/p>\n<p><img loading=\"lazy\" decoding=\"async\" class=\"alignnone size-full wp-image-14325\" src=\"http:\/\/balcilar-blog.com\/wp-content\/uploads\/2016\/06\/Ekran-Al\u0131nt\u0131s\u0131PR\u00c7.71.6.jpg\" alt=\"Ekran Al\u0131nt\u0131s\u0131PR\u00c7.71.6\" width=\"640\" height=\"352\" srcset=\"https:\/\/balcilar-blog.com\/wp-content\/uploads\/2016\/06\/Ekran-Al\u0131nt\u0131s\u0131PR\u00c7.71.6.jpg 640w, https:\/\/balcilar-blog.com\/wp-content\/uploads\/2016\/06\/Ekran-Al\u0131nt\u0131s\u0131PR\u00c7.71.6-300x165.jpg 300w\" sizes=\"auto, (max-width: 640px) 100vw, 640px\" \/><\/p>\n<p>Kar\u015f\u0131l\u0131kl\u0131 evetler s\u00f6ylenir, imzalar at\u0131l\u0131r. Nikah biti\u011finde, Cansu&#8217;nun \u00f6z babas\u0131 kap\u0131da g\u00f6z\u00fck\u00fcr, ellerini a\u00e7arak \u00e7aresizli\u011fini belirtir.<\/p>\n<p><img loading=\"lazy\" decoding=\"async\" class=\"alignnone size-full wp-image-14326\" src=\"http:\/\/balcilar-blog.com\/wp-content\/uploads\/2016\/06\/Ekran-Al\u0131nt\u0131s\u0131PR\u00c7.71.7.jpg\" alt=\"Ekran Al\u0131nt\u0131s\u0131PR\u00c7.71.7\" width=\"640\" height=\"360\" srcset=\"https:\/\/balcilar-blog.com\/wp-content\/uploads\/2016\/06\/Ekran-Al\u0131nt\u0131s\u0131PR\u00c7.71.7.jpg 640w, https:\/\/balcilar-blog.com\/wp-content\/uploads\/2016\/06\/Ekran-Al\u0131nt\u0131s\u0131PR\u00c7.71.7-300x169.jpg 300w\" sizes=\"auto, (max-width: 640px) 100vw, 640px\" \/><\/p>\n<p>Ozan kafas\u0131ndan plan yapar. Birlikte yurt d\u0131\u015f\u0131na ka\u00e7acaklard\u0131r. Candan ile hava alan\u0131na giderler. \u00c7ekin yapt\u0131r\u0131rlar. Ozan, dergi almak i\u00e7in ayr\u0131l\u0131r. Candan&#8217;\u0131 u\u00e7a\u011fa bindirir. Para dolu \u00e7antay\u0131 de\u011fi\u015ftirir. U\u00e7ak kalkmak \u00fczeredir. Candan u\u00e7akta, Ozan d\u0131\u015far\u0131da kal\u0131r. Candan&#8217;a g\u00fczel bir kaz\u0131k atar, el sallar.<\/p>\n<p><img loading=\"lazy\" decoding=\"async\" class=\"alignnone size-medium wp-image-14329\" src=\"http:\/\/balcilar-blog.com\/wp-content\/uploads\/2016\/06\/Ekran-Al\u0131nt\u0131s\u0131PR\u00c7.71.9A-300x168.jpg\" alt=\"Ekran Al\u0131nt\u0131s\u0131PR\u00c7.71.9A\" width=\"300\" height=\"168\" srcset=\"https:\/\/balcilar-blog.com\/wp-content\/uploads\/2016\/06\/Ekran-Al\u0131nt\u0131s\u0131PR\u00c7.71.9A-300x168.jpg 300w, https:\/\/balcilar-blog.com\/wp-content\/uploads\/2016\/06\/Ekran-Al\u0131nt\u0131s\u0131PR\u00c7.71.9A.jpg 640w\" sizes=\"auto, (max-width: 300px) 100vw, 300px\" \/>\u00a0<img loading=\"lazy\" decoding=\"async\" class=\"alignnone size-medium wp-image-14331\" src=\"http:\/\/balcilar-blog.com\/wp-content\/uploads\/2016\/06\/Ekran-Al\u0131nt\u0131s\u0131PR\u00c771.9B-300x170.jpg\" alt=\"Ekran Al\u0131nt\u0131s\u0131PR\u00c771.9B\" width=\"300\" height=\"170\" srcset=\"https:\/\/balcilar-blog.com\/wp-content\/uploads\/2016\/06\/Ekran-Al\u0131nt\u0131s\u0131PR\u00c771.9B-300x170.jpg 300w, https:\/\/balcilar-blog.com\/wp-content\/uploads\/2016\/06\/Ekran-Al\u0131nt\u0131s\u0131PR\u00c771.9B.jpg 640w\" sizes=\"auto, (max-width: 300px) 100vw, 300px\" \/><\/p>\n<p>Cihan Bey, babas\u0131 Rahmi Beyin bir a\u00e7\u0131\u011f\u0131n\u0131 yakalar. Deniz&#8217;in babas\u0131na konu\u015fmak \u00fczere birlikte giderler. Bulunan eski bir resimde, k\u0131z\u0131n\u0131n damad\u0131 taraf\u0131ndan itilmesinde Rahmi Beyin sessiz kald\u0131\u011f\u0131n\u0131 g\u00f6r\u00fcr. Kar\u015f\u0131l\u0131\u011f\u0131nda damad\u0131ndan para alm\u0131\u015ft\u0131r. Sen babam de\u011filsin diye sitem eder. Rahmi Bey y\u0131llar \u00f6nceki bu hatas\u0131n\u0131 y\u00fcz\u00fcnden o\u011flu Cihan ondan kopmu\u015ftur.<\/p>\n<p>Ay\u015fe Cihan&#8217;\u0131n durumunu \u00e7ok \u00fcz\u00fcl\u00fcr. Cihan\u0131n i\u015f yerine gider. Maide Han\u0131m da k\u0131z\u0131n\u0131 arar, pe\u015finden gider. O s\u0131rada Rahmi Bey o\u011flu Cihan&#8217;\u0131n yaz\u0131hanesi gider. O\u011flum deyince, Cihan bana bir daha o\u011flum deme baba&#8230; Rahmi Bey ben istemedim, ben san hep k\u00f6t\u00fcl\u00fck yapt\u0131m. Cihan, o\u011flum ben sana veda etmeye geldim. Cebinden tabancas\u0131n\u0131 \u00e7\u0131kar\u0131r, \u015faka\u011f\u0131na dayar.<\/p>\n<p><img loading=\"lazy\" decoding=\"async\" class=\"alignnone size-full wp-image-14328\" src=\"http:\/\/balcilar-blog.com\/wp-content\/uploads\/2016\/06\/Ekran-Al\u0131nt\u0131s\u0131PR\u00c7.71.9.jpg\" alt=\"Ekran Al\u0131nt\u0131s\u0131PR\u00c7.71.9\" width=\"640\" height=\"362\" srcset=\"https:\/\/balcilar-blog.com\/wp-content\/uploads\/2016\/06\/Ekran-Al\u0131nt\u0131s\u0131PR\u00c7.71.9.jpg 640w, https:\/\/balcilar-blog.com\/wp-content\/uploads\/2016\/06\/Ekran-Al\u0131nt\u0131s\u0131PR\u00c7.71.9-300x170.jpg 300w\" sizes=\"auto, (max-width: 640px) 100vw, 640px\" \/><\/p>\n<p>Cihan hemen f\u0131rlar, elinden tabancay\u0131 almaya \u00e7al\u0131\u015f\u0131r. O s\u0131rada kap\u0131dan sevdi\u011fi kad\u0131n Ay\u015fe girer. Cihan yakla\u015fma dese de tabancadan \u00e7\u0131kan kur\u015fun, Ay\u015fe&#8217;nin karn\u0131na saplan\u0131r. Mahide han\u0131m, yavrum diyerek \u00e7\u0131\u011fl\u0131klar atar. Ay\u015fe Cihan&#8217;\u0131n kuca\u011f\u0131nda kanlar i\u00e7inde can \u00e7eki\u015fir ve Parampara\u00e7a&#8217;n\u0131n sezon final b\u00f6l\u00fcm\u00fc burada sona erer.<\/p>\n<p><img loading=\"lazy\" decoding=\"async\" class=\"alignnone size-full wp-image-14330\" src=\"http:\/\/balcilar-blog.com\/wp-content\/uploads\/2016\/06\/Ekran-Al\u0131nt\u0131s\u0131PR\u00c7.71.SON1_.jpg\" alt=\"Ekran Al\u0131nt\u0131s\u0131PR\u00c7.71.SON1\" width=\"640\" height=\"365\" srcset=\"https:\/\/balcilar-blog.com\/wp-content\/uploads\/2016\/06\/Ekran-Al\u0131nt\u0131s\u0131PR\u00c7.71.SON1_.jpg 640w, https:\/\/balcilar-blog.com\/wp-content\/uploads\/2016\/06\/Ekran-Al\u0131nt\u0131s\u0131PR\u00c7.71.SON1_-300x171.jpg 300w\" sizes=\"auto, (max-width: 640px) 100vw, 640px\" \/><\/p>\n<p>Parampar\u00e7a&#8217;da G\u00fcrp\u0131nar ailesi parampar\u00e7a olmu\u015ftur. Cansu, gizlice ailenin hi\u00e7 bir ferdi olmadan Deniz ile evlenir. Hazal, sevdi\u011fi adam \u00d6zg\u00fcr&#8217;\u00fc b\u0131\u00e7aklar katil olur. Babas\u0131 Rahmi Bey, intihar edeyim, o\u011flumun ba\u015f\u0131ndan def olup gideyim derken, \u00e7\u0131kan kur\u015fun o\u011flunun dostu A\u015fye&#8217;i vurdu.<\/p>\n<p>Cihan G\u00fcrp\u0131nar (Erkan Petekkaya) hangisine yans\u0131n! \u015eimdi ne yaps\u0131n. K\u0131zlar\u0131n\u0131n haline mi, Ay\u015fe&#8217;nin vuruldu\u011funa m\u0131 a\u011flas\u0131n, o\u011flu Ozan&#8217;\u0131n Candan Soylu&#8217;dan kurtuldu\u011funa m\u0131 sevinsin!<\/p>\n<p>Sezon final b\u00f6l\u00fcm\u00fc reytinglerine g\u00f6z atarsak: Hem Total&#8217;de (4,40), hem de AB&#8217;de (4,10) 2.s\u0131rada yer alm\u0131\u015ft\u0131r.<\/p>\n<p>Parampar\u00e7a&#8217;n\u0131n yap\u0131mc\u0131s\u0131 Endemol T\u00fcrkiye yeni sezon Eyl\u00fcl&#8217;e, 3.sezona randevu vererek sezon finali yapt\u0131 ve tatile girdi.<\/p>\n<p><img loading=\"lazy\" decoding=\"async\" class=\"alignnone size-full wp-image-14320\" src=\"http:\/\/balcilar-blog.com\/wp-content\/uploads\/2016\/06\/ClbFilKWgAABOfO.jpg\" alt=\"ClbFilKWgAABOfO\" width=\"616\" height=\"480\" srcset=\"https:\/\/balcilar-blog.com\/wp-content\/uploads\/2016\/06\/ClbFilKWgAABOfO.jpg 616w, https:\/\/balcilar-blog.com\/wp-content\/uploads\/2016\/06\/ClbFilKWgAABOfO-300x234.jpg 300w\" sizes=\"auto, (max-width: 616px) 100vw, 616px\" \/><\/p>\n<p>&nbsp;<\/p>\n<p>Sayg\u0131lar ve sevgiler.<\/p>\n<p>Abdurrahman Balc\u0131lar<\/p>\n<p>Twitter:\u00a0<a href=\"https:\/\/twitter.com\/abbalcilar\">abdurrahman balc\u0131lar<\/a><a href=\"https:\/\/twitter.com\/abbalcilar\"><strong>@abbalcilar<\/strong><\/a><\/p>\n<p>Mail :\u00a0<a href=\"mailto:ab.balcilar@hotmail.com\">ab.balcilar@hotmail.com<\/a><\/p>\n<p>Blog:\u00a0<a href=\"http:\/\/t.co\/znqmIZgIqn\">blog.milliyet.com.tr\/cansever<\/a><\/p>\n<p>Blog:\u00a0<strong>balcilar-blog.com<\/strong><\/p>\n<p>Not: G\u00f6rseller taraf\u0131mdan diziden ve parampar\u00e7a twitter sayfas\u0131ndan al\u0131nm\u0131\u015ft\u0131r.<\/p>\n<p>&nbsp;<\/p>\n","protected":false},"excerpt":{"rendered":"<p>D\u00fcn ak\u015fam Star Tv&#8217;de sevilen dizi Parampar\u00e7a 71.b\u00f6l\u00fcm\u00fc ile sezon finali yapt\u0131 ve yaz tatiline girdi. Dizinin ad\u0131 gibi G\u00fcrp\u0131nar ailesi de Parampar\u00e7a oldu! Tabiri yerindeyse \u00e7il yavrusu gibi da\u011f\u0131ld\u0131lar. Olan Cihan G\u00fcrp\u0131nar&#8217;a oldu. Adamca\u011f\u0131z neredeyse \u00e7\u0131ld\u0131rma noktas\u0131na geldi. Cansu ile Deniz y\u00fcz\u00fck takar ve ni\u015fanlan\u0131rlar. Haberi alan Cihan \u015fa\u015fk\u0131nd\u0131r. Dilara Cihan&#8217;\u0131 su\u00e7lar. Deniz&#8217;in mekan\u0131 [&hellip;]<\/p>\n","protected":false},"author":3,"featured_media":14319,"comment_status":"open","ping_status":"open","sticky":false,"template":"","format":"standard","meta":{"footnotes":""},"categories":[2],"tags":[560,558,667],"class_list":["post-14318","post","type-post","status-publish","format-standard","has-post-thumbnail","hentry","category-tv-programlari","tag-erkan-petekkaya","tag-paramparca","tag-star"],"views":4298,"blog_post_layout_featured_media_urls":{"thumbnail":["https:\/\/balcilar-blog.com\/wp-content\/uploads\/2016\/06\/ClbIRMwWgAE2dpM-150x150.jpg",150,150,true],"full":["https:\/\/balcilar-blog.com\/wp-content\/uploads\/2016\/06\/ClbIRMwWgAE2dpM.jpg",640,366,false]},"categories_names":{"2":{"name":"TV Programlar\u0131","link":"https:\/\/balcilar-blog.com\/?cat=2"}},"tags_names":{"560":{"name":"Erkan Petekkaya","link":"https:\/\/balcilar-blog.com\/?tag=erkan-petekkaya"},"558":{"name":"Parampar\u00e7a","link":"https:\/\/balcilar-blog.com\/?tag=paramparca"},"667":{"name":"Star","link":"https:\/\/balcilar-blog.com\/?tag=star"}},"comments_number":"0","wpmagazine_modules_lite_featured_media_urls":{"thumbnail":["https:\/\/balcilar-blog.com\/wp-content\/uploads\/2016\/06\/ClbIRMwWgAE2dpM-150x150.jpg",150,150,true],"cvmm-medium":["https:\/\/balcilar-blog.com\/wp-content\/uploads\/2016\/06\/ClbIRMwWgAE2dpM.jpg",300,172,false],"cvmm-medium-plus":["https:\/\/balcilar-blog.com\/wp-content\/uploads\/2016\/06\/ClbIRMwWgAE2dpM.jpg",305,174,false],"cvmm-portrait":["https:\/\/balcilar-blog.com\/wp-content\/uploads\/2016\/06\/ClbIRMwWgAE2dpM.jpg",400,229,false],"cvmm-medium-square":["https:\/\/balcilar-blog.com\/wp-content\/uploads\/2016\/06\/ClbIRMwWgAE2dpM.jpg",600,343,false],"cvmm-large":["https:\/\/balcilar-blog.com\/wp-content\/uploads\/2016\/06\/ClbIRMwWgAE2dpM.jpg",640,366,false],"cvmm-small":["https:\/\/balcilar-blog.com\/wp-content\/uploads\/2016\/06\/ClbIRMwWgAE2dpM.jpg",130,74,false],"full":["https:\/\/balcilar-blog.com\/wp-content\/uploads\/2016\/06\/ClbIRMwWgAE2dpM.jpg",640,366,false]},"_links":{"self":[{"href":"https:\/\/balcilar-blog.com\/index.php?rest_route=\/wp\/v2\/posts\/14318","targetHints":{"allow":["GET"]}}],"collection":[{"href":"https:\/\/balcilar-blog.com\/index.php?rest_route=\/wp\/v2\/posts"}],"about":[{"href":"https:\/\/balcilar-blog.com\/index.php?rest_route=\/wp\/v2\/types\/post"}],"author":[{"embeddable":true,"href":"https:\/\/balcilar-blog.com\/index.php?rest_route=\/wp\/v2\/users\/3"}],"replies":[{"embeddable":true,"href":"https:\/\/balcilar-blog.com\/index.php?rest_route=%2Fwp%2Fv2%2Fcomments&post=14318"}],"version-history":[{"count":5,"href":"https:\/\/balcilar-blog.com\/index.php?rest_route=\/wp\/v2\/posts\/14318\/revisions"}],"predecessor-version":[{"id":14336,"href":"https:\/\/balcilar-blog.com\/index.php?rest_route=\/wp\/v2\/posts\/14318\/revisions\/14336"}],"wp:featuredmedia":[{"embeddable":true,"href":"https:\/\/balcilar-blog.com\/index.php?rest_route=\/wp\/v2\/media\/14319"}],"wp:attachment":[{"href":"https:\/\/balcilar-blog.com\/index.php?rest_route=%2Fwp%2Fv2%2Fmedia&parent=14318"}],"wp:term":[{"taxonomy":"category","embeddable":true,"href":"https:\/\/balcilar-blog.com\/index.php?rest_route=%2Fwp%2Fv2%2Fcategories&post=14318"},{"taxonomy":"post_tag","embeddable":true,"href":"https:\/\/balcilar-blog.com\/index.php?rest_route=%2Fwp%2Fv2%2Ftags&post=14318"}],"curies":[{"name":"wp","href":"https:\/\/api.w.org\/{rel}","templated":true}]}}