{"id":14244,"date":"2016-06-17T15:51:20","date_gmt":"2016-06-17T12:51:20","guid":{"rendered":"http:\/\/balcilar-blog.com\/?p=14244"},"modified":"2016-06-17T16:49:39","modified_gmt":"2016-06-17T13:49:39","slug":"medcezirin-kotu-cocugu-orkun-padisah-iv-murad-oluyor","status":"publish","type":"post","link":"https:\/\/balcilar-blog.com\/?p=14244","title":{"rendered":"Medcezir&#8217;in k\u00f6t\u00fc \u00e7ocu\u011fu Orkun, Padi\u015fah 4.Murad oluyor!"},"content":{"rendered":"<p><img loading=\"lazy\" decoding=\"async\" class=\"alignnone size-full wp-image-14153\" src=\"http:\/\/balcilar-blog.com\/wp-content\/uploads\/2016\/06\/muhtesem-yuzyil-kosem-dizisijpg.jpg\" alt=\"muhtesem-yuzyil-kosem-dizisijpg\" width=\"448\" height=\"265\" srcset=\"https:\/\/balcilar-blog.com\/wp-content\/uploads\/2016\/06\/muhtesem-yuzyil-kosem-dizisijpg.jpg 448w, https:\/\/balcilar-blog.com\/wp-content\/uploads\/2016\/06\/muhtesem-yuzyil-kosem-dizisijpg-300x177.jpg 300w\" sizes=\"auto, (max-width: 448px) 100vw, 448px\" \/><\/p>\n<p>Ba\u015frollerini \u00c7a\u011fatay Ulusoy ve Serenay Sar\u0131kaya&#8217;n\u0131n oynad\u0131\u011f\u0131 Medcezir dizisi dizi okulu gibi oldu. \u0130ki sezon oynayan, sevilen dizinin alt kadrosunda oynayan, hemen hemen b\u00fct\u00fcn oyuncular yeni dizilerde ba\u015f rol ve yard\u0131mc\u0131 rollerde oynamaya ba\u015flad\u0131. Ay Yap\u0131m&#8217;\u0131n Medcezir&#8217;i dizi okulu gibi oldu. Yeti\u015ftirdi, deneyim kazand\u0131rd\u0131 ve sekt\u00f6re bir \u00e7ok oyuncu g\u00f6nderdi. Medcezir kadrosunda yer alan b\u00fct\u00fcn oyuncular\u0131 yeni bir \u00e7ok dizlerde g\u00f6r\u00fcyoruz. K\u00f6sem&#8217;in ge\u00e7en b\u00f6l\u00fcmlerinde de Medcezir&#8217;in Mert&#8217;i Taner \u00d6lmez, Sultan Gen\u00e7 Osman&#8217;\u0131 canland\u0131rm\u0131\u015ft\u0131. Yeni\u00e7eriler taraf\u0131ndan \u00f6ld\u00fcr\u00fcld\u00fc ve diziden ayr\u0131ld\u0131.<\/p>\n<p>\u015eimdi de Medcezir&#8217;de Yaman&#8217;\u0131n belal\u0131s\u0131 Orkun karakterini oynayan Metin Akd\u00fclger, Muhte\u015fem Y\u00fczy\u0131l K\u00f6sem&#8217;in yeni sezonunda IV.Murad karakterini can verecek. Orkun, padi\u015fah oluyor. Ge\u00e7en b\u00f6l\u00fcmde, K\u00f6sem Sultan&#8217;un \u00e7ocuk ya\u015f\u0131ndaki o\u011flu, \u015eehzade Murad tahta oturtulmu\u015ftu.<\/p>\n<p>&nbsp;<\/p>\n<p><img loading=\"lazy\" decoding=\"async\" class=\"alignnone size-full wp-image-14247\" src=\"http:\/\/balcilar-blog.com\/wp-content\/uploads\/2016\/06\/CkmfdJTVAAEjJJU.jpg\" alt=\"CkmfdJTVAAEjJJU\" width=\"640\" height=\"322\" srcset=\"https:\/\/balcilar-blog.com\/wp-content\/uploads\/2016\/06\/CkmfdJTVAAEjJJU.jpg 640w, https:\/\/balcilar-blog.com\/wp-content\/uploads\/2016\/06\/CkmfdJTVAAEjJJU-300x151.jpg 300w\" sizes=\"auto, (max-width: 640px) 100vw, 640px\" \/><\/p>\n<p>Metin Akd\u00fclger, Murad&#8217;\u0131n 20&#8217;li ya\u015f gen\u00e7lik y\u0131llar\u0131na hayat verecek. \u0130yi bir karakter oyuncusu olan Akd\u00fclger&#8217;in ba\u015far\u0131l\u0131 olaca\u011f\u0131n\u0131 tahmin ediyorum.<\/p>\n<p><img loading=\"lazy\" decoding=\"async\" class=\"alignnone size-full wp-image-14246\" src=\"http:\/\/balcilar-blog.com\/wp-content\/uploads\/2016\/06\/boyuyasikilosunenedir_metin-akdu.jpg\" alt=\"boyuyasikilosunenedir_metin-akdu\" width=\"640\" height=\"333\" srcset=\"https:\/\/balcilar-blog.com\/wp-content\/uploads\/2016\/06\/boyuyasikilosunenedir_metin-akdu.jpg 640w, https:\/\/balcilar-blog.com\/wp-content\/uploads\/2016\/06\/boyuyasikilosunenedir_metin-akdu-300x156.jpg 300w\" sizes=\"auto, (max-width: 640px) 100vw, 640px\" \/><\/p>\n<p>\u0130\u015fin garibi, Metin Akd\u00fclger bu rol i\u00e7in el s\u0131k\u0131\u015ft\u0131\u011f\u0131 bir anla\u015fmadan vazge\u00e7ti. Ba\u015frol\u00fc g\u00fczel oyuncu \u00d6zge G\u00fcrel ile payla\u015faca\u011f\u0131 yeni bir dizi i\u00e7in yap\u0131mc\u0131 Ali G\u00fcndo\u011fdu ile anla\u015fan gen\u00e7 oyuncu, teklif edilen 4. Murat rol\u00fc ile bu anla\u015fmadan \u00e7ekildi.<\/p>\n<p><img loading=\"lazy\" decoding=\"async\" class=\"alignnone size-medium wp-image-14107\" src=\"http:\/\/balcilar-blog.com\/wp-content\/uploads\/2016\/06\/images-IV.mURAT_-201x300.jpg\" alt=\"images IV.mURAT\" width=\"201\" height=\"300\" srcset=\"https:\/\/balcilar-blog.com\/wp-content\/uploads\/2016\/06\/images-IV.mURAT_-201x300.jpg 201w, https:\/\/balcilar-blog.com\/wp-content\/uploads\/2016\/06\/images-IV.mURAT_.jpg 428w\" sizes=\"auto, (max-width: 201px) 100vw, 201px\" \/>\u00a0<img loading=\"lazy\" decoding=\"async\" class=\"alignnone size-medium wp-image-14252\" src=\"http:\/\/balcilar-blog.com\/wp-content\/uploads\/2016\/06\/images-akd\u00fcl-1-214x300.jpg\" alt=\"images akd\u00fcl\" width=\"214\" height=\"300\" srcset=\"https:\/\/balcilar-blog.com\/wp-content\/uploads\/2016\/06\/images-akd\u00fcl-1-214x300.jpg 214w, https:\/\/balcilar-blog.com\/wp-content\/uploads\/2016\/06\/images-akd\u00fcl-1.jpg 457w\" sizes=\"auto, (max-width: 214px) 100vw, 214px\" \/><\/p>\n<p>Metin Akd\u00fclger, Medcezir&#8217;deki rol arkada\u015f\u0131 Hazar Erg\u00fc\u00e7l\u00fc ile Analar ve Anneler dizisinde, Atv&#8217;de 9 b\u00f6l\u00fcm oynayan dizide rol alm\u0131\u015ft\u0131.<\/p>\n<p>Tims Productions&#8217;un tarihi dizisi, Ekim ay\u0131 i\u00e7erisinde yeni sezon ba\u015flayacak ve 31.b\u00f6l\u00fcm ile kald\u0131\u011f\u0131 yerden devem edecektir. 4.Murad karakteri olarak, Metin Akd\u00fclger&#8217;e ba\u015far\u0131lar dileyelim.<\/p>\n<p>Sayg\u0131lar ve sevgiler.<\/p>\n<p>Abdurrahman Balc\u0131lar<\/p>\n<p>Twitter:\u00a0<a href=\"https:\/\/twitter.com\/abbalcilar\">abdurrahman balc\u0131lar<\/a><a href=\"https:\/\/twitter.com\/abbalcilar\"><strong>@abbalcilar<\/strong><\/a><\/p>\n<p>Mail :\u00a0<a href=\"mailto:ab.balcilar@hotmail.com\">ab.balcilar@hotmail.com<\/a><\/p>\n<p>Blog:\u00a0<a href=\"http:\/\/t.co\/znqmIZgIqn\">blog.milliyet.com.tr\/cansever<\/a><\/p>\n<p>Blog:\u00a0<strong>balcilar-blog.com<\/strong><\/p>\n<p>Not: Kaynak: U\u00e7anku\u015f&#8217;un haberi.<\/p>\n<p>&nbsp;<\/p>\n","protected":false},"excerpt":{"rendered":"<p>Ba\u015frollerini \u00c7a\u011fatay Ulusoy ve Serenay Sar\u0131kaya&#8217;n\u0131n oynad\u0131\u011f\u0131 Medcezir dizisi dizi okulu gibi oldu. \u0130ki sezon oynayan, sevilen dizinin alt kadrosunda oynayan, hemen hemen b\u00fct\u00fcn oyuncular yeni dizilerde ba\u015f rol ve yard\u0131mc\u0131 rollerde oynamaya ba\u015flad\u0131. Ay Yap\u0131m&#8217;\u0131n Medcezir&#8217;i dizi okulu gibi oldu. Yeti\u015ftirdi, deneyim kazand\u0131rd\u0131 ve sekt\u00f6re bir \u00e7ok oyuncu g\u00f6nderdi. Medcezir kadrosunda yer alan b\u00fct\u00fcn [&hellip;]<\/p>\n","protected":false},"author":3,"featured_media":14153,"comment_status":"open","ping_status":"open","sticky":false,"template":"","format":"standard","meta":{"footnotes":""},"categories":[2],"tags":[15,30,1158,16,798,990,28],"class_list":["post-14244","post","type-post","status-publish","format-standard","has-post-thumbnail","hentry","category-tv-programlari","tag-cagatay-ulusoy","tag-hazar-erguclu","tag-iv-murad","tag-medcezir","tag-metin-akdulger","tag-muhtesem-yuzyil-kosem","tag-taner-olmez"],"views":5178,"blog_post_layout_featured_media_urls":{"thumbnail":["https:\/\/balcilar-blog.com\/wp-content\/uploads\/2016\/06\/muhtesem-yuzyil-kosem-dizisijpg-150x150.jpg",150,150,true],"full":["https:\/\/balcilar-blog.com\/wp-content\/uploads\/2016\/06\/muhtesem-yuzyil-kosem-dizisijpg.jpg",448,265,false]},"categories_names":{"2":{"name":"TV Programlar\u0131","link":"https:\/\/balcilar-blog.com\/?cat=2"}},"tags_names":{"15":{"name":"\u00e7a\u011fatay ulusoy","link":"https:\/\/balcilar-blog.com\/?tag=cagatay-ulusoy"},"30":{"name":"Hazar Erg\u00fc\u00e7l\u00fc","link":"https:\/\/balcilar-blog.com\/?tag=hazar-erguclu"},"1158":{"name":"IV.Murad","link":"https:\/\/balcilar-blog.com\/?tag=iv-murad"},"16":{"name":"medcezir","link":"https:\/\/balcilar-blog.com\/?tag=medcezir"},"798":{"name":"Metin Akd\u00fclger","link":"https:\/\/balcilar-blog.com\/?tag=metin-akdulger"},"990":{"name":"Muhte\u015fem Y\u00fczy\u0131l K\u00f6sem","link":"https:\/\/balcilar-blog.com\/?tag=muhtesem-yuzyil-kosem"},"28":{"name":"Taner \u00d6lmez","link":"https:\/\/balcilar-blog.com\/?tag=taner-olmez"}},"comments_number":"0","wpmagazine_modules_lite_featured_media_urls":{"thumbnail":["https:\/\/balcilar-blog.com\/wp-content\/uploads\/2016\/06\/muhtesem-yuzyil-kosem-dizisijpg-150x150.jpg",150,150,true],"cvmm-medium":["https:\/\/balcilar-blog.com\/wp-content\/uploads\/2016\/06\/muhtesem-yuzyil-kosem-dizisijpg.jpg",300,177,false],"cvmm-medium-plus":["https:\/\/balcilar-blog.com\/wp-content\/uploads\/2016\/06\/muhtesem-yuzyil-kosem-dizisijpg.jpg",305,180,false],"cvmm-portrait":["https:\/\/balcilar-blog.com\/wp-content\/uploads\/2016\/06\/muhtesem-yuzyil-kosem-dizisijpg.jpg",400,237,false],"cvmm-medium-square":["https:\/\/balcilar-blog.com\/wp-content\/uploads\/2016\/06\/muhtesem-yuzyil-kosem-dizisijpg.jpg",448,265,false],"cvmm-large":["https:\/\/balcilar-blog.com\/wp-content\/uploads\/2016\/06\/muhtesem-yuzyil-kosem-dizisijpg.jpg",448,265,false],"cvmm-small":["https:\/\/balcilar-blog.com\/wp-content\/uploads\/2016\/06\/muhtesem-yuzyil-kosem-dizisijpg.jpg",130,77,false],"full":["https:\/\/balcilar-blog.com\/wp-content\/uploads\/2016\/06\/muhtesem-yuzyil-kosem-dizisijpg.jpg",448,265,false]},"_links":{"self":[{"href":"https:\/\/balcilar-blog.com\/index.php?rest_route=\/wp\/v2\/posts\/14244","targetHints":{"allow":["GET"]}}],"collection":[{"href":"https:\/\/balcilar-blog.com\/index.php?rest_route=\/wp\/v2\/posts"}],"about":[{"href":"https:\/\/balcilar-blog.com\/index.php?rest_route=\/wp\/v2\/types\/post"}],"author":[{"embeddable":true,"href":"https:\/\/balcilar-blog.com\/index.php?rest_route=\/wp\/v2\/users\/3"}],"replies":[{"embeddable":true,"href":"https:\/\/balcilar-blog.com\/index.php?rest_route=%2Fwp%2Fv2%2Fcomments&post=14244"}],"version-history":[{"count":6,"href":"https:\/\/balcilar-blog.com\/index.php?rest_route=\/wp\/v2\/posts\/14244\/revisions"}],"predecessor-version":[{"id":14256,"href":"https:\/\/balcilar-blog.com\/index.php?rest_route=\/wp\/v2\/posts\/14244\/revisions\/14256"}],"wp:featuredmedia":[{"embeddable":true,"href":"https:\/\/balcilar-blog.com\/index.php?rest_route=\/wp\/v2\/media\/14153"}],"wp:attachment":[{"href":"https:\/\/balcilar-blog.com\/index.php?rest_route=%2Fwp%2Fv2%2Fmedia&parent=14244"}],"wp:term":[{"taxonomy":"category","embeddable":true,"href":"https:\/\/balcilar-blog.com\/index.php?rest_route=%2Fwp%2Fv2%2Fcategories&post=14244"},{"taxonomy":"post_tag","embeddable":true,"href":"https:\/\/balcilar-blog.com\/index.php?rest_route=%2Fwp%2Fv2%2Ftags&post=14244"}],"curies":[{"name":"wp","href":"https:\/\/api.w.org\/{rel}","templated":true}]}}