{"id":1423,"date":"2014-04-17T11:14:17","date_gmt":"2014-04-17T08:14:17","guid":{"rendered":"http:\/\/balcilar-blog.com\/?p=1423"},"modified":"2014-04-17T11:33:36","modified_gmt":"2014-04-17T08:33:36","slug":"kurt-seyit-ve-sura-alustadan-istanbula-dogru","status":"publish","type":"post","link":"https:\/\/balcilar-blog.com\/?p=1423","title":{"rendered":"Kurt Seyit ve \u015eura \/ Alu\u015fta&#8217;dan \u0130stanbul\u2019a do\u011fru!"},"content":{"rendered":"<p><a href=\"http:\/\/balcilar-blog.com\/wp-content\/uploads\/2014\/04\/Ekran-Al\u0131nt\u0131s\u0131.PNG-ks.17.png\"><img loading=\"lazy\" decoding=\"async\" class=\"alignnone size-medium wp-image-1422\" alt=\"Ekran Al\u0131nt\u0131s\u0131.PNG ks.17\" src=\"http:\/\/balcilar-blog.com\/wp-content\/uploads\/2014\/04\/Ekran-Al\u0131nt\u0131s\u0131.PNG-ks.17-300x166.png\" width=\"300\" height=\"166\" srcset=\"https:\/\/balcilar-blog.com\/wp-content\/uploads\/2014\/04\/Ekran-Al\u0131nt\u0131s\u0131.PNG-ks.17-300x166.png 300w, https:\/\/balcilar-blog.com\/wp-content\/uploads\/2014\/04\/Ekran-Al\u0131nt\u0131s\u0131.PNG-ks.17.png 778w\" sizes=\"auto, (max-width: 300px) 100vw, 300px\" \/><\/a><\/p>\n<p>Star Tv.in a\u015fk ve macera dizisi \u201cKert Seyit ve \u015eura\u201d y\u00fcrekleri da\u011flayan 6.b\u00f6l\u00fcm\u00fc ile ekranlar\u0131m\u0131zdayd\u0131. Seyit, i\u00e7 sava\u015fta kaybetti\u011fi anne ve babas\u0131n\u0131 mezara koydu. Ana vatan topraklar\u0131na bircik sevdi\u011fi \u015eura\u2019s\u0131 ve yaral\u0131 karde\u015fi Osman ile hareket etti.<\/p>\n<p>Reytinglerde AB\u2019de ge\u00e7en hafta oldu\u011fu gibi 4.s\u0131rada, Total\u2019de 2 basamak gerileyerek 11.s\u0131rada yer ald\u0131.<\/p>\n<p>Seyit, do\u011fdu\u011fu b\u00fcy\u00fcd\u00fc\u011f\u00fc topraklarda kucak dolusu ac\u0131 b\u0131rakarak Anadolu\u2019ya ge\u00e7iyor. Ne \u00fcmitlerle gelmi\u015fti bu topraklara\u2026 A\u015fk\u0131 \u015eura ile bir \u00d6m\u00fcr ya\u015fayacak, babas\u0131n\u0131n yerine Mirza olacakt\u0131. Olmad\u0131, yerli Rus isyanc\u0131lar\u0131 t\u00fcm Rusya\u2019da oldu\u011fu gibi, i\u00e7 sava\u015f\u0131 K\u0131r\u0131m\u2019da da ta\u015f\u0131d\u0131lar. O topraklarda \u015fimdilik sadece karde\u015fi Mahmut ve kar\u0131s\u0131 ile kald\u0131.<\/p>\n<p>Petro, ihtiraslar\u0131 y\u00fcz\u00fcnden kimseyi ac\u0131mad\u0131 kur\u015funlar\u0131 ile can yakt\u0131. Seyit\u2019i bir t\u00fcrl\u00fc \u00f6ld\u00fcremedi. Oysa Seyit\u2019i \u00f6ld\u00fcrmek ve sevdi\u011fi \u015eura\u2019y\u0131 al\u0131p Petrograd\u2019a d\u00f6nmekti tek amac\u0131.<\/p>\n<p><img decoding=\"async\" alt=\"\" src=\"http:\/\/www2.dizifilm.com\/newpics\/fotogaleri\/act\/4715_2568_12042014_2.jpg\" \/><\/p>\n<p>\u015eura, Eminof\u2019lar\u0131n ba\u011f evinde zor g\u00fcnler ge\u00e7irir. Seyit, i\u00e7 sava\u015f nedeniyle onu s\u0131k\u00e7a yaln\u0131z b\u0131rakmaktad\u0131r. Ablas\u0131 Tina\u2019ya mektup yazar. Ke\u015fke Seyit\u2019in ailesinin beni nas\u0131l el \u00fcst\u00fcnde tutu\u011funu g\u00f6rseydiniz. G\u00f6zya\u015flar\u0131n\u0131 tutamaz. Ger\u00e7ekleri yazm\u0131yordu, Seyit\u2019in babas\u0131 beni istemedi diyemezdi.<\/p>\n<p>G\u00fczel Barones, \u0130stanbul\u2019a d\u00f6nece\u011fi g\u00fcnleri beklemektedir. Kurt Seyit\u2019in ya\u015fad\u0131\u011f\u0131n\u0131 Viktor\u2019dan \u00f6\u011frenmesi ona inan\u0131lmaz bir sevin\u00e7 ya\u015fat\u0131r.<\/p>\n<p>Mahmut kar\u0131s\u0131na, bir bal\u0131k\u00e7\u0131 teknesi ayarlad\u0131m yar\u0131n buralardan gidiyoruz, der. Annesi Osman\u2019a g\u00f6nderdi\u011fi mektubu sorar. Osman, Seyit abim yoktu, tam d\u00f6n\u00fcyordum o \u00e7\u0131kt\u0131, ben de ona verdim. \u00c7ok asil, g\u00fczel bir k\u0131z. Seyit abimin ona neden a\u015f\u0131k oldu\u011funu anlayabiliyorum. \u00c7ok g\u00fczel, su gibi duru bir k\u0131z de \u015eura i\u00e7in.<\/p>\n<p><a href=\"http:\/\/balcilar-blog.com\/wp-content\/uploads\/2014\/04\/Ekran-Al\u0131nt\u0131s\u0131.PNG-KS.2.png\"><img loading=\"lazy\" decoding=\"async\" class=\"alignnone size-medium wp-image-1408\" alt=\"Ekran Al\u0131nt\u0131s\u0131.PNG KS.2\" src=\"http:\/\/balcilar-blog.com\/wp-content\/uploads\/2014\/04\/Ekran-Al\u0131nt\u0131s\u0131.PNG-KS.2-300x160.png\" width=\"300\" height=\"160\" srcset=\"https:\/\/balcilar-blog.com\/wp-content\/uploads\/2014\/04\/Ekran-Al\u0131nt\u0131s\u0131.PNG-KS.2-300x160.png 300w, https:\/\/balcilar-blog.com\/wp-content\/uploads\/2014\/04\/Ekran-Al\u0131nt\u0131s\u0131.PNG-KS.2.png 779w\" sizes=\"auto, (max-width: 300px) 100vw, 300px\" \/><\/a><\/p>\n<p>Petro\u2019nun babas\u0131 ba\u015f\u0131na tabancay\u0131 dayar, \u00e7eker teti\u011fi intihar eder, silah sesini duyan kar\u0131s\u0131 ko\u015far yan\u0131na gider.<\/p>\n<p><a href=\"http:\/\/balcilar-blog.com\/wp-content\/uploads\/2014\/04\/Ekran-Al\u0131nt\u0131s\u0131.PNG-ks.1.png\"><img loading=\"lazy\" decoding=\"async\" class=\"alignnone size-medium wp-image-1407\" alt=\"Ekran Al\u0131nt\u0131s\u0131.PNG ks.1\" src=\"http:\/\/balcilar-blog.com\/wp-content\/uploads\/2014\/04\/Ekran-Al\u0131nt\u0131s\u0131.PNG-ks.1-300x161.png\" width=\"300\" height=\"161\" srcset=\"https:\/\/balcilar-blog.com\/wp-content\/uploads\/2014\/04\/Ekran-Al\u0131nt\u0131s\u0131.PNG-ks.1-300x161.png 300w, https:\/\/balcilar-blog.com\/wp-content\/uploads\/2014\/04\/Ekran-Al\u0131nt\u0131s\u0131.PNG-ks.1.png 876w\" sizes=\"auto, (max-width: 300px) 100vw, 300px\" \/><\/a><\/p>\n<p>Seyit eve d\u00f6ner, \u015eura \u00f6zlemle sar\u0131l\u0131r biricik sevdi\u011fi Seyit\u2019ine. \u015eura, beni bir daha bu kadar uzun yaln\u0131z b\u0131rakma. Seyit, bir daha seni asla yaln\u0131z b\u0131rakmayaca\u011f\u0131m. Sevdi\u011fi adam\u0131 s\u0131rt\u0131n\u0131 sabunlayarak bir g\u00fczel banyo yapt\u0131r\u0131r.\u00a0 \u015eura, buradan ne zaman gidece\u011fiz, kar\u015f\u0131 k\u0131y\u0131ya gidelim T\u00fcrk topraklar\u0131na. Bu gece geli\u015fini kutlamak istiyorum. Mutlu bir gece ge\u00e7irirler. Seyit uykudan kalkar, annesinin g\u00f6nderdi\u011fi mektubu okur. Erkenden \u00e7iftli\u011fe gider. Amac\u0131 bir daha babas\u0131 ile konu\u015fmakt\u0131r. D\u00f6rtnala giderken annesinin mektupta yazd\u0131\u011f\u0131 s\u00f6zler kulaklar\u0131nda \u00e7\u0131nlar. \u0130syanc\u0131lar topra\u011f\u0131m\u0131za g\u00f6z koydular. Baban\u0131n sana ihtiyac\u0131 var. Seni hasretle bekliyoruz.<\/p>\n<p><img decoding=\"async\" alt=\"\" src=\"http:\/\/www2.dizifilm.com\/newpics\/fotogaleri\/act\/4715_2568_12042014_5.jpg\" \/><\/p>\n<p>\u015eura dola\u015fmak ister, Petro ben de seninle geleyim. Celil fazla uzakla\u015fmay\u0131n. Bir yerde durup, konu\u015furlar. \u015eura, buralardan bir an \u00f6nce gitmek istiyorum. Petro; tamam, birlikte gidelim. Seni annene g\u00f6t\u00fcreyim. \u015eura; O kadar kalay m\u0131? Petro; \u015eura, benim sana bir \u015fey itiraf etmem laz\u0131m. K\u0131r\u0131m\u2019a sadece direni\u015fe kat\u0131lmak i\u00e7in gelmedim, ben buraya senin i\u00e7in geldim. Seni burada b\u0131rakamam. \u015eura, ben Seyit\u2019i b\u0131rakamam, onun ellerini b\u0131rakamam. Kar\u015f\u0131ya T\u00fcrk topraklar\u0131na ge\u00e7ece\u011fiz.<\/p>\n<p><a href=\"http:\/\/balcilar-blog.com\/wp-content\/uploads\/2014\/04\/Ekran-Al\u0131nt\u0131s\u0131.PNG-KS.5.png\"><img loading=\"lazy\" decoding=\"async\" class=\"alignnone size-medium wp-image-1410\" alt=\"Ekran Al\u0131nt\u0131s\u0131.PNG KS.5\" src=\"http:\/\/balcilar-blog.com\/wp-content\/uploads\/2014\/04\/Ekran-Al\u0131nt\u0131s\u0131.PNG-KS.5-300x164.png\" width=\"300\" height=\"164\" srcset=\"https:\/\/balcilar-blog.com\/wp-content\/uploads\/2014\/04\/Ekran-Al\u0131nt\u0131s\u0131.PNG-KS.5-300x164.png 300w, https:\/\/balcilar-blog.com\/wp-content\/uploads\/2014\/04\/Ekran-Al\u0131nt\u0131s\u0131.PNG-KS.5.png 766w\" sizes=\"auto, (max-width: 300px) 100vw, 300px\" \/><\/a><\/p>\n<p>Seyit, babas\u0131n\u0131n kar\u015f\u0131na \u00e7\u0131kar. Seyitof, \u00f6z\u00fcr dilemeye mi geldin? Seyit, burada kal\u0131p size rahats\u0131zl\u0131k vermeyece\u011fim. Sevdiklerimin huzuru i\u00e7in K\u0131r\u0131m\u2019dan ayr\u0131lmaya karar verdim. \u015eura, benim misafirim de\u011fil, benim hayat\u0131m ve gelece\u011fim. \u00d6z\u00fcr dileyeceksin diyen babas\u0131na, as\u0131l siz ona s\u00f6yledikleriniz y\u00fcz\u00fcnden \u00f6z\u00fcr dilemelisiniz. Mehmet Seyitof, ben bundan sonra sen cepheden d\u00f6nmemi\u015f gibi ya\u015fayaca\u011f\u0131m, der.<\/p>\n<p><a href=\"http:\/\/balcilar-blog.com\/wp-content\/uploads\/2014\/04\/Ekran-Al\u0131nt\u0131s\u0131.PNG-KS.7.png\"><img loading=\"lazy\" decoding=\"async\" class=\"alignnone size-medium wp-image-1412\" alt=\"Ekran Al\u0131nt\u0131s\u0131.PNG KS.7\" src=\"http:\/\/balcilar-blog.com\/wp-content\/uploads\/2014\/04\/Ekran-Al\u0131nt\u0131s\u0131.PNG-KS.7-300x163.png\" width=\"300\" height=\"163\" srcset=\"https:\/\/balcilar-blog.com\/wp-content\/uploads\/2014\/04\/Ekran-Al\u0131nt\u0131s\u0131.PNG-KS.7-300x163.png 300w, https:\/\/balcilar-blog.com\/wp-content\/uploads\/2014\/04\/Ekran-Al\u0131nt\u0131s\u0131.PNG-KS.7.png 760w\" sizes=\"auto, (max-width: 300px) 100vw, 300px\" \/><\/a><\/p>\n<p>Seyit, g\u00f6zya\u015flar\u0131n\u0131 tutmaz. Eve giren babas\u0131n\u0131n arkas\u0131ndan bakar kal\u0131r. A\u011flayan annesine hakk\u0131n\u0131 helal et, der. Mahmut ve Osman ile vedala\u015f\u0131r, Osman\u2019\u0131n kula\u011f\u0131na annem-babam sana emanet.<\/p>\n<p><a href=\"http:\/\/balcilar-blog.com\/wp-content\/uploads\/2014\/04\/Ekran-Al\u0131nt\u0131s\u0131.PNG-KS.9.png\"><img loading=\"lazy\" decoding=\"async\" class=\"alignnone size-medium wp-image-1414\" alt=\"Ekran Al\u0131nt\u0131s\u0131.PNG KS.9\" src=\"http:\/\/balcilar-blog.com\/wp-content\/uploads\/2014\/04\/Ekran-Al\u0131nt\u0131s\u0131.PNG-KS.9-300x165.png\" width=\"300\" height=\"165\" srcset=\"https:\/\/balcilar-blog.com\/wp-content\/uploads\/2014\/04\/Ekran-Al\u0131nt\u0131s\u0131.PNG-KS.9-300x165.png 300w, https:\/\/balcilar-blog.com\/wp-content\/uploads\/2014\/04\/Ekran-Al\u0131nt\u0131s\u0131.PNG-KS.9.png 758w\" sizes=\"auto, (max-width: 300px) 100vw, 300px\" \/><\/a><\/p>\n<p>G\u00fczide\u2019yi, \u0130stanbul\u2019da Binnaz\u2019\u0131n erkek karde\u015fi Yahya ile evlendirmek istemektedirler. Hal buki, G\u00fczide Celil\u2019i sevmektedir. At arabas\u0131na ile Celil\u2019in bulundu\u011fu ba\u011f evine do\u011fru yola \u00e7\u0131kar. Yolda at arabas\u0131n\u0131n tekeri \u00e7\u0131kar. Ba\u011f evine gelir. Celil evden \u00e7\u0131kar. \u0130smail Efendiye, han\u0131mefendinin arabas\u0131yla ilgilenir misin? Celil Kamilof diyerek kendisini tan\u0131t\u0131r. \u0130\u00e7eri davet eder, E\u015fi Tatya ile tan\u0131\u015ft\u0131r\u0131r. Evli oldu\u011funu duyunca, bay\u0131lacak gibi olur. Tatya iyi bir dostlu\u011fun ba\u015flang\u0131c\u0131 olur deyince, ne yaz\u0131k ki, \u00e7ok k\u0131sa s\u00fcre i\u00e7inde buralardan ayr\u0131l\u0131yorum, evleniyorum. \u0130stanbul\u2019a gidiyorum. Araba tamir olunca, ko\u015farak evden ayr\u0131l\u0131r. D\u00f6n\u00fc\u015fte, sevdi\u011fi adam\u0131n evli oldu\u011funu \u00f6\u011frenen G\u00fczide, ablas\u0131na ben \u0130stanbul\u2019daki o adamla evlenece\u011fim, der.<\/p>\n<p><a href=\"http:\/\/balcilar-blog.com\/wp-content\/uploads\/2014\/04\/Ekran-Al\u0131nt\u0131s\u0131.PNG-KS.10.png\"><img loading=\"lazy\" decoding=\"async\" class=\"alignnone size-medium wp-image-1415\" alt=\"Ekran Al\u0131nt\u0131s\u0131.PNG KS.10\" src=\"http:\/\/balcilar-blog.com\/wp-content\/uploads\/2014\/04\/Ekran-Al\u0131nt\u0131s\u0131.PNG-KS.10-300x161.png\" width=\"300\" height=\"161\" srcset=\"https:\/\/balcilar-blog.com\/wp-content\/uploads\/2014\/04\/Ekran-Al\u0131nt\u0131s\u0131.PNG-KS.10-300x161.png 300w, https:\/\/balcilar-blog.com\/wp-content\/uploads\/2014\/04\/Ekran-Al\u0131nt\u0131s\u0131.PNG-KS.10.png 763w\" sizes=\"auto, (max-width: 300px) 100vw, 300px\" \/><\/a><\/p>\n<p>Sabah, Mahmut ba\u011f evine gelir, Seyit\u2019e ve Celil\u2019e hemen gidin buradan, sizi \u00f6ld\u00fcrecekler. Petro odas\u0131nda yoktur. Seyit \u00e7iftli\u011fe gidip annemi-babam\u0131 bakmam laz\u0131m. \u015eura beni b\u0131rakma dese de, onlar\u0131 de\u011firmene g\u00f6nderirler.<\/p>\n<p>Yasef, silah\u0131n\u0131 Seyit ve Celil\u2019e \u00e7eker. Petro, Yasef\u2019i ate\u015f eder ve \u00f6ld\u00fcr\u00fcr. Seyit\u2019e hayat\u0131n\u0131 kurtard\u0131m. Seyit, sa\u011f ol, der. Kad\u0131nlar\u0131 Petro\u2019ya emanet ederler. Yolda Tatya\u2019n\u0131n kanamas\u0131 ba\u015flar. \u0130smail, doktor buraya gelemez, biz ona g\u00f6t\u00fcrelim. Yolda Tatya \u00f6l\u00fcr.<\/p>\n<p>\u0130syanc\u0131lar, Eminof\u2019lar\u0131n \u00e7iftli\u011fine sald\u0131r\u0131r. Baba Eminof ve Osman siper al\u0131p kar\u015f\u0131 ate\u015fe ba\u015flarlar. \u0130syanc\u0131lar\u0131 birer birer vururlar.<\/p>\n<p><img decoding=\"async\" alt=\"\" src=\"http:\/\/www2.dizifilm.com\/newpics\/fotogaleri\/act\/4715_2568_12042014_4.jpg\" \/><\/p>\n<p>Seyit ve Celil yard\u0131ma gelirler. Eminof&#8217;lar ile isyanc\u0131lar aras\u0131nda \u015fiddetli \u00e7at\u0131\u015fma olur.<\/p>\n<p><a href=\"http:\/\/balcilar-blog.com\/wp-content\/uploads\/2014\/04\/Ekran-Al\u0131nt\u0131s\u0131.PNG-ks.11.png\"><img loading=\"lazy\" decoding=\"async\" class=\"alignnone size-medium wp-image-1416\" alt=\"Ekran Al\u0131nt\u0131s\u0131.PNG ks.11\" src=\"http:\/\/balcilar-blog.com\/wp-content\/uploads\/2014\/04\/Ekran-Al\u0131nt\u0131s\u0131.PNG-ks.11-300x165.png\" width=\"300\" height=\"165\" srcset=\"https:\/\/balcilar-blog.com\/wp-content\/uploads\/2014\/04\/Ekran-Al\u0131nt\u0131s\u0131.PNG-ks.11-300x165.png 300w, https:\/\/balcilar-blog.com\/wp-content\/uploads\/2014\/04\/Ekran-Al\u0131nt\u0131s\u0131.PNG-ks.11.png 781w\" sizes=\"auto, (max-width: 300px) 100vw, 300px\" \/><\/a><\/p>\n<p>Petro, saklad\u0131\u011f\u0131 bir \u00e7antadan para ve alt\u0131nlar\u0131 ceplerine doldurur. Araban\u0131n yan\u0131na gelir. Bir isyanc\u0131 silah\u0131n\u0131 pedro\u2019ya do\u011frultur, Pedro \u00e7evik davran\u0131p onu \u00f6ld\u00fcr\u00fcr.<\/p>\n<p><a href=\"http:\/\/balcilar-blog.com\/wp-content\/uploads\/2014\/04\/Ekran-Al\u0131nt\u0131s\u0131.PNG-ks.6.2.png\"><img loading=\"lazy\" decoding=\"async\" class=\"alignnone size-medium wp-image-1411\" alt=\"Ekran Al\u0131nt\u0131s\u0131.PNG ks.6.2\" src=\"http:\/\/balcilar-blog.com\/wp-content\/uploads\/2014\/04\/Ekran-Al\u0131nt\u0131s\u0131.PNG-ks.6.2-300x172.png\" width=\"300\" height=\"172\" srcset=\"https:\/\/balcilar-blog.com\/wp-content\/uploads\/2014\/04\/Ekran-Al\u0131nt\u0131s\u0131.PNG-ks.6.2-300x172.png 300w, https:\/\/balcilar-blog.com\/wp-content\/uploads\/2014\/04\/Ekran-Al\u0131nt\u0131s\u0131.PNG-ks.6.2.png 791w\" sizes=\"auto, (max-width: 300px) 100vw, 300px\" \/><\/a><\/p>\n<p>Amans\u0131z \u00e7at\u0131\u015fma devam eder. \u0130\u00e7eri giren bir isyanc\u0131 anne Zahide Han\u0131m\u0131 g\u00f6\u011fs\u00fcnden vurur, \u00f6ld\u00fcr\u00fcr. Mahmut da vuran\u0131 \u00f6ld\u00fcr\u00fcr. Daha sonra da baba Mehmet Eminof vurulur. Seyit son nefesine yeti\u015fir, kahrolur. B\u00fct\u00fcn aile peri\u015fan olur.<\/p>\n<p><a href=\"http:\/\/balcilar-blog.com\/wp-content\/uploads\/2014\/04\/Ekran-Al\u0131nt\u0131s\u0131.PNG-ks.13.png\"><img loading=\"lazy\" decoding=\"async\" class=\"alignnone size-medium wp-image-1418\" alt=\"Ekran Al\u0131nt\u0131s\u0131.PNG ks.13\" src=\"http:\/\/balcilar-blog.com\/wp-content\/uploads\/2014\/04\/Ekran-Al\u0131nt\u0131s\u0131.PNG-ks.13-300x168.png\" width=\"300\" height=\"168\" srcset=\"https:\/\/balcilar-blog.com\/wp-content\/uploads\/2014\/04\/Ekran-Al\u0131nt\u0131s\u0131.PNG-ks.13-300x168.png 300w, https:\/\/balcilar-blog.com\/wp-content\/uploads\/2014\/04\/Ekran-Al\u0131nt\u0131s\u0131.PNG-ks.13.png 782w\" sizes=\"auto, (max-width: 300px) 100vw, 300px\" \/><\/a><\/p>\n<p>Ya\u011fmur alt\u0131nda yan yana iki mezar kaz\u0131p, anne ve babalar\u0131n\u0131 kara topra\u011f\u0131n alt\u0131na koyarlar.<\/p>\n<p><img decoding=\"async\" alt=\"\" src=\"http:\/\/www2.dizifilm.com\/newpics\/fotogaleri\/act\/4715_2568_12042014_6.jpg\" \/><\/p>\n<p>Seyit\u2019in g\u00f6zya\u015flar\u0131 ya\u011fmur sular\u0131na kar\u0131\u015f\u0131r sel olur. Seyit, ben geldi\u011fim yere ate\u015fi getiriyorum, Yasef hakl\u0131 \u00e7\u0131kt\u0131, der. Celil, sen gelmeden \u00f6nce o ate\u015f buraya d\u00fc\u015fm\u00fc\u015ft\u00fc.<\/p>\n<p><a href=\"http:\/\/balcilar-blog.com\/wp-content\/uploads\/2014\/04\/Ekran-Al\u0131nt\u0131s\u0131.PNG-ks.14.png\"><img loading=\"lazy\" decoding=\"async\" class=\"alignnone size-medium wp-image-1419\" alt=\"Ekran Al\u0131nt\u0131s\u0131.PNG ks.14\" src=\"http:\/\/balcilar-blog.com\/wp-content\/uploads\/2014\/04\/Ekran-Al\u0131nt\u0131s\u0131.PNG-ks.14-300x165.png\" width=\"300\" height=\"165\" srcset=\"https:\/\/balcilar-blog.com\/wp-content\/uploads\/2014\/04\/Ekran-Al\u0131nt\u0131s\u0131.PNG-ks.14-300x165.png 300w, https:\/\/balcilar-blog.com\/wp-content\/uploads\/2014\/04\/Ekran-Al\u0131nt\u0131s\u0131.PNG-ks.14.png 782w\" sizes=\"auto, (max-width: 300px) 100vw, 300px\" \/><\/a><\/p>\n<p>Seyit ve Celil \u00e7iftlikten ayr\u0131l\u0131rken, o s\u0131rada Mamut\u2019un kar\u0131s\u0131 ve Seher kalfa gelir. Mahmut ile Seyit helalle\u015firler. Seyit ben Osman\u2019\u0131 da bulay\u0131m.<\/p>\n<p><a href=\"http:\/\/balcilar-blog.com\/wp-content\/uploads\/2014\/04\/Ekran-Al\u0131nt\u0131s\u0131.PNG-ks.16.png\"><img loading=\"lazy\" decoding=\"async\" class=\"alignnone size-medium wp-image-1421\" alt=\"Ekran Al\u0131nt\u0131s\u0131.PNG ks.16\" src=\"http:\/\/balcilar-blog.com\/wp-content\/uploads\/2014\/04\/Ekran-Al\u0131nt\u0131s\u0131.PNG-ks.16-300x169.png\" width=\"300\" height=\"169\" srcset=\"https:\/\/balcilar-blog.com\/wp-content\/uploads\/2014\/04\/Ekran-Al\u0131nt\u0131s\u0131.PNG-ks.16-300x169.png 300w, https:\/\/balcilar-blog.com\/wp-content\/uploads\/2014\/04\/Ekran-Al\u0131nt\u0131s\u0131.PNG-ks.16.png 784w\" sizes=\"auto, (max-width: 300px) 100vw, 300px\" \/><\/a><\/p>\n<p>\u0130syanc\u0131 gen\u00e7 buraya kadar Osman Eminof, in at\u0131ndan. Osman ka\u00e7ar, arkadan dolan\u0131r, onu vurur. Pedro da Mi\u015fel\u2019i vurur, Mi\u015fel yaralan\u0131r. O s\u0131rada Osman onlar\u0131 g\u00f6r\u00fcr. Tam silah\u0131n\u0131 do\u011frultur ki, Pedro Osman\u2019\u0131 vurur. Mi\u015fel bu olay\u0131 \u015fahit olur.<\/p>\n<p><a href=\"http:\/\/balcilar-blog.com\/wp-content\/uploads\/2014\/04\/Ekran-Al\u0131nt\u0131s\u0131.PNG-ks.15.png\"><img loading=\"lazy\" decoding=\"async\" class=\"alignnone size-medium wp-image-1420\" alt=\"Ekran Al\u0131nt\u0131s\u0131.PNG ks.15\" src=\"http:\/\/balcilar-blog.com\/wp-content\/uploads\/2014\/04\/Ekran-Al\u0131nt\u0131s\u0131.PNG-ks.15-300x167.png\" width=\"300\" height=\"167\" srcset=\"https:\/\/balcilar-blog.com\/wp-content\/uploads\/2014\/04\/Ekran-Al\u0131nt\u0131s\u0131.PNG-ks.15-300x167.png 300w, https:\/\/balcilar-blog.com\/wp-content\/uploads\/2014\/04\/Ekran-Al\u0131nt\u0131s\u0131.PNG-ks.15.png 780w\" sizes=\"auto, (max-width: 300px) 100vw, 300px\" \/><\/a><\/p>\n<p>Seyit, silah san\u0131klar\u0131 takaya y\u00fckletir. O s\u0131rada yukar\u0131dan Osman a\u011fabey diye ba\u011f\u0131r\u0131r. Petro, ko\u015farak gelen Osman\u2019\u0131 tekrar s\u0131r\u0131ndan vurur. Seyit Osman diyerek o taraf ko\u015far. Petro, Osman\u2019n\u0131n ba\u015f\u0131ndad\u0131r. Mi\u015fel, Osman\u2019\u0131 vurdu seyit. Seyit \u00fczerine gelen Mi\u015fel\u2019in konu\u015fmas\u0131n\u0131 f\u0131rsat vermeden vurur. Sonra, Mi\u015fel\u2019i bakar a\u011flar. Osman\u2019a dayan, ben geldim, kurtaraca\u011f\u0131m seni. Kuca\u011f\u0131na al\u0131r tekneye ta\u015f\u0131r. Petro, Seyit siz gidin kurtar Osman\u2019\u0131 dese de elinde tabanca vard\u0131. Seyit\u2019i de s\u0131rt\u0131ndan vurabilirdi, yapmad\u0131.<\/p>\n<p><a href=\"http:\/\/balcilar-blog.com\/wp-content\/uploads\/2014\/04\/Ekran-Al\u0131nt\u0131s\u0131.PNGckurt.png\"><img loading=\"lazy\" decoding=\"async\" class=\"alignnone size-medium wp-image-1426\" alt=\"Ekran Al\u0131nt\u0131s\u0131.PNGckurt\" src=\"http:\/\/balcilar-blog.com\/wp-content\/uploads\/2014\/04\/Ekran-Al\u0131nt\u0131s\u0131.PNGckurt-300x190.png\" width=\"300\" height=\"190\" srcset=\"https:\/\/balcilar-blog.com\/wp-content\/uploads\/2014\/04\/Ekran-Al\u0131nt\u0131s\u0131.PNGckurt-300x190.png 300w, https:\/\/balcilar-blog.com\/wp-content\/uploads\/2014\/04\/Ekran-Al\u0131nt\u0131s\u0131.PNGckurt.png 715w\" sizes=\"auto, (max-width: 300px) 100vw, 300px\" \/><\/a><\/p>\n<p>Tekne hareket eder, Seyit\u2019in akl\u0131 ba\u015f\u0131na gelir. \u015eura diye seslenir. Tekne kaptan\u0131na \u00a0geri d\u00f6n der. \u015eura, teknenin k\u00fcpe\u015fte alt\u0131ndan \u00e7\u0131kar. Seyit, \u0130smail Kalfa beni buraya getirdi. Osman\u2019\u0131n ba\u015f\u0131nda \u00e7aresiz kal\u0131rlar. Ve 6. B\u00f6l\u00fcm burada sona erer.<\/p>\n<p><a href=\"http:\/\/balcilar-blog.com\/wp-content\/uploads\/2014\/04\/Ekran-Al\u0131nt\u0131s\u0131.PNG-ks.18.png\"><img loading=\"lazy\" decoding=\"async\" class=\"alignnone size-medium wp-image-1406\" alt=\"Ekran Al\u0131nt\u0131s\u0131.PNG ks.18\" src=\"http:\/\/balcilar-blog.com\/wp-content\/uploads\/2014\/04\/Ekran-Al\u0131nt\u0131s\u0131.PNG-ks.18-300x167.png\" width=\"300\" height=\"167\" srcset=\"https:\/\/balcilar-blog.com\/wp-content\/uploads\/2014\/04\/Ekran-Al\u0131nt\u0131s\u0131.PNG-ks.18-300x167.png 300w, https:\/\/balcilar-blog.com\/wp-content\/uploads\/2014\/04\/Ekran-Al\u0131nt\u0131s\u0131.PNG-ks.18.png 783w\" sizes=\"auto, (max-width: 300px) 100vw, 300px\" \/><\/a><\/p>\n<p>Ay Yap\u0131m\u2019\u0131n bu heyecanl\u0131 K\u0131r\u0131m b\u00f6l\u00fcm\u00fc bitmi\u015f, Anadolu topraklar\u0131na do\u011fru tekne yolculu\u011fu ba\u015flam\u0131\u015ft\u0131r. Osman kurtulacak m\u0131? Celil, kar\u0131s\u0131 Tatya\u2019y\u0131 kaybetti. O da pe\u015flerinden gelecek mi? \u0130lerleyen b\u00f6l\u00fcmlerde i\u015fgal alt\u0131ndaki, \u0130stanbul\u2019da onlar\u0131n bundan sonraki ya\u015famlar\u0131n\u0131 birlikte izleyece\u011fiz.<\/p>\n<p>Keyifli Seyirler.<\/p>\n<p>Sayg\u0131lar ve sevgiler.<\/p>\n<p>Abdurrahman Balc\u0131lar<\/p>\n<p>Twitter: abdurrahman balc\u0131lar@abbalcilar<\/p>\n<p>Mail : <a href=\"mailto:ab.balcilar@hotmail.com\">ab.balcilar@hotmail.com<\/a><\/p>\n<p>Blog: milliyet.com.tr\/cansever<\/p>\n<p>Not: G\u00f6rseller internetten ve dizifilm.com\u2019dan ve taraf\u0131mdan diziden kopyalanarak al\u0131nm\u0131\u015ft\u0131r.<\/p>\n<p>&nbsp;<\/p>\n<p>&nbsp;<\/p>\n","protected":false},"excerpt":{"rendered":"<p>Star Tv.in a\u015fk ve macera dizisi \u201cKert Seyit ve \u015eura\u201d y\u00fcrekleri da\u011flayan 6.b\u00f6l\u00fcm\u00fc ile ekranlar\u0131m\u0131zdayd\u0131. Seyit, i\u00e7 sava\u015fta kaybetti\u011fi anne ve babas\u0131n\u0131 mezara koydu. Ana vatan topraklar\u0131na bircik sevdi\u011fi \u015eura\u2019s\u0131 ve yaral\u0131 karde\u015fi Osman ile hareket etti. Reytinglerde AB\u2019de ge\u00e7en hafta oldu\u011fu gibi 4.s\u0131rada, Total\u2019de 2 basamak gerileyerek 11.s\u0131rada yer ald\u0131. Seyit, do\u011fdu\u011fu b\u00fcy\u00fcd\u00fc\u011f\u00fc topraklarda [&hellip;]<\/p>\n","protected":false},"author":3,"featured_media":0,"comment_status":"open","ping_status":"open","sticky":false,"template":"","format":"standard","meta":{"footnotes":""},"categories":[2],"tags":[26,234,25],"class_list":["post-1423","post","type-post","status-publish","format-standard","hentry","category-tv-programlari","tag-ay-yapim","tag-kurt-seyit-ve-sura","tag-star-tv"],"views":4532,"blog_post_layout_featured_media_urls":{"thumbnail":"","full":""},"categories_names":{"2":{"name":"TV Programlar\u0131","link":"https:\/\/balcilar-blog.com\/?cat=2"}},"tags_names":{"26":{"name":"Ay Yap\u0131m","link":"https:\/\/balcilar-blog.com\/?tag=ay-yapim"},"234":{"name":"Kurt Seyit ve \u015eura","link":"https:\/\/balcilar-blog.com\/?tag=kurt-seyit-ve-sura"},"25":{"name":"Star Tv","link":"https:\/\/balcilar-blog.com\/?tag=star-tv"}},"comments_number":"0","wpmagazine_modules_lite_featured_media_urls":{"thumbnail":"","cvmm-medium":"","cvmm-medium-plus":"","cvmm-portrait":"","cvmm-medium-square":"","cvmm-large":"","cvmm-small":"","full":""},"_links":{"self":[{"href":"https:\/\/balcilar-blog.com\/index.php?rest_route=\/wp\/v2\/posts\/1423","targetHints":{"allow":["GET"]}}],"collection":[{"href":"https:\/\/balcilar-blog.com\/index.php?rest_route=\/wp\/v2\/posts"}],"about":[{"href":"https:\/\/balcilar-blog.com\/index.php?rest_route=\/wp\/v2\/types\/post"}],"author":[{"embeddable":true,"href":"https:\/\/balcilar-blog.com\/index.php?rest_route=\/wp\/v2\/users\/3"}],"replies":[{"embeddable":true,"href":"https:\/\/balcilar-blog.com\/index.php?rest_route=%2Fwp%2Fv2%2Fcomments&post=1423"}],"version-history":[{"count":5,"href":"https:\/\/balcilar-blog.com\/index.php?rest_route=\/wp\/v2\/posts\/1423\/revisions"}],"predecessor-version":[{"id":1430,"href":"https:\/\/balcilar-blog.com\/index.php?rest_route=\/wp\/v2\/posts\/1423\/revisions\/1430"}],"wp:attachment":[{"href":"https:\/\/balcilar-blog.com\/index.php?rest_route=%2Fwp%2Fv2%2Fmedia&parent=1423"}],"wp:term":[{"taxonomy":"category","embeddable":true,"href":"https:\/\/balcilar-blog.com\/index.php?rest_route=%2Fwp%2Fv2%2Fcategories&post=1423"},{"taxonomy":"post_tag","embeddable":true,"href":"https:\/\/balcilar-blog.com\/index.php?rest_route=%2Fwp%2Fv2%2Ftags&post=1423"}],"curies":[{"name":"wp","href":"https:\/\/api.w.org\/{rel}","templated":true}]}}