{"id":13955,"date":"2016-05-27T18:01:34","date_gmt":"2016-05-27T15:01:34","guid":{"rendered":"http:\/\/balcilar-blog.com\/?p=13955"},"modified":"2016-05-27T22:25:59","modified_gmt":"2016-05-27T19:25:59","slug":"sehzade-mehmetin-katli-kosemi-yikti-cigliklari-saray-koridorlarini-cinlatti","status":"publish","type":"post","link":"https:\/\/balcilar-blog.com\/?p=13955","title":{"rendered":"\u015eehzade Mehmet&#8217;in katli, K\u00f6sem&#8217;i y\u0131kt\u0131. \u00c7\u0131\u011fl\u0131klar\u0131 saray koridorlar\u0131n\u0131 \u00e7\u0131nlatt\u0131!"},"content":{"rendered":"<p><img loading=\"lazy\" decoding=\"async\" class=\"alignnone size-full wp-image-13956\" src=\"http:\/\/balcilar-blog.com\/wp-content\/uploads\/2016\/05\/CjZXI_wXIAIQVRJ.jpg\" alt=\"CjZXI_wXIAIQVRJ\" width=\"608\" height=\"480\" srcset=\"https:\/\/balcilar-blog.com\/wp-content\/uploads\/2016\/05\/CjZXI_wXIAIQVRJ.jpg 608w, https:\/\/balcilar-blog.com\/wp-content\/uploads\/2016\/05\/CjZXI_wXIAIQVRJ-300x237.jpg 300w\" sizes=\"auto, (max-width: 608px) 100vw, 608px\" \/><\/p>\n<p>Muhte\u015fem Y\u00fczy\u0131l K\u00f6sem, d\u00fcn ak\u015fam 28.B\u00f6l\u00fcm\u00fc ile ekranlar\u0131m\u0131zdayd\u0131. Sultan Osman, \u015eehzade Mehmet&#8217;in\u00a0katli vaciptir icazetini al\u0131r ve Mehmet&#8217;i huzuruna \u00e7a\u011f\u0131r\u0131r. G\u00f6z\u00fc \u00f6n\u00fcnde bo\u011fularak \u00f6ld\u00fcrt\u00fcr.<\/p>\n<p>K\u00f6sem&#8217;in \u00e7\u0131\u011fl\u0131klar\u0131 saray koridorlar\u0131n\u0131 \u00e7\u0131nlatt\u0131, b\u00fct\u00fcn yeni\u00e7eri askerinin g\u00f6zlerinden ya\u015flar d\u00f6k\u00fcld\u00fc.<\/p>\n<p>D\u00fcn ak\u015famki Galatasaray &#8211; Fenerbah\u00e7e Ziraat T\u00fcrkiye Kupas\u0131 final ma\u00e7\u0131 nedeniyle dizi reytingleri d\u00fc\u015f\u00fckt\u00fc. K\u00f6sem, AB&#8217;de ald\u0131\u011f\u0131 3,98 reytingle normal s\u0131rada 4.s\u0131rada, dizilerde ise ilk s\u0131rada yer ald\u0131. Total grubunda ise 17.s\u0131rada yer ald\u0131.<\/p>\n<p>Gelim bu haftaki b\u00f6l\u00fcme:<\/p>\n<p>K\u00f6sem haberi al\u0131r almaz saraya, Z\u00fclfikar ile gelir.<\/p>\n<p>&nbsp;<\/p>\n<p><img loading=\"lazy\" decoding=\"async\" class=\"alignnone size-full wp-image-13960\" src=\"http:\/\/balcilar-blog.com\/wp-content\/uploads\/2016\/05\/CjYR1zXWUAAuQyj.jpg\" alt=\"CjYR1zXWUAAuQyj\" width=\"640\" height=\"370\" srcset=\"https:\/\/balcilar-blog.com\/wp-content\/uploads\/2016\/05\/CjYR1zXWUAAuQyj.jpg 640w, https:\/\/balcilar-blog.com\/wp-content\/uploads\/2016\/05\/CjYR1zXWUAAuQyj-300x173.jpg 300w\" sizes=\"auto, (max-width: 640px) 100vw, 640px\" \/><\/p>\n<p>Kap\u0131da yeni\u00e7eriler de bekliyordur. Ama i\u015f i\u015ften ge\u00e7mi\u015ftir.<\/p>\n<p><img loading=\"lazy\" decoding=\"async\" class=\"alignnone size-full wp-image-13963\" src=\"http:\/\/balcilar-blog.com\/wp-content\/uploads\/2016\/05\/CjZrj0wWkAAkB04.jpg\" alt=\"CjZrj0wWkAAkB04\" width=\"640\" height=\"361\" srcset=\"https:\/\/balcilar-blog.com\/wp-content\/uploads\/2016\/05\/CjZrj0wWkAAkB04.jpg 640w, https:\/\/balcilar-blog.com\/wp-content\/uploads\/2016\/05\/CjZrj0wWkAAkB04-300x169.jpg 300w\" sizes=\"auto, (max-width: 640px) 100vw, 640px\" \/><\/p>\n<p>Sultan Osman huzuruna \u00e7a\u011f\u0131rd\u0131\u011f\u0131 karde\u015fi Mehmet ile konu\u015fur.<\/p>\n<p><img loading=\"lazy\" decoding=\"async\" class=\"alignnone size-full wp-image-13958\" src=\"http:\/\/balcilar-blog.com\/wp-content\/uploads\/2016\/05\/CjShEX1WsAEIL18.jpg\" alt=\"CjShEX1WsAEIL18\" width=\"640\" height=\"427\" srcset=\"https:\/\/balcilar-blog.com\/wp-content\/uploads\/2016\/05\/CjShEX1WsAEIL18.jpg 640w, https:\/\/balcilar-blog.com\/wp-content\/uploads\/2016\/05\/CjShEX1WsAEIL18-300x200.jpg 300w\" sizes=\"auto, (max-width: 640px) 100vw, 640px\" \/><\/p>\n<p>Ge\u00e7mi\u015fteki av olay\u0131ndan s\u00f6z eder, ben s\u00f6z\u00fcm\u00fc tutum sen tutmad\u0131n diyerek sar\u0131l\u0131r.<\/p>\n<p><img loading=\"lazy\" decoding=\"async\" class=\"alignnone size-full wp-image-13964\" src=\"http:\/\/balcilar-blog.com\/wp-content\/uploads\/2016\/05\/CjZu6i_W0AAsUmO.jpg\" alt=\"CjZu6i_W0AAsUmO\" width=\"640\" height=\"427\" srcset=\"https:\/\/balcilar-blog.com\/wp-content\/uploads\/2016\/05\/CjZu6i_W0AAsUmO.jpg 640w, https:\/\/balcilar-blog.com\/wp-content\/uploads\/2016\/05\/CjZu6i_W0AAsUmO-300x200.jpg 300w\" sizes=\"auto, (max-width: 640px) 100vw, 640px\" \/><\/p>\n<p>Sonra da cellatlara katlini emreder, huzurunda bo\u011fularak \u00f6ld\u00fcr\u00fcl\u00fcr.<\/p>\n<p><img loading=\"lazy\" decoding=\"async\" class=\"alignnone size-full wp-image-13962\" src=\"http:\/\/balcilar-blog.com\/wp-content\/uploads\/2016\/05\/CjZnf4MXEAAGz9T.jpg\" alt=\"CjZnf4MXEAAGz9T\" width=\"392\" height=\"640\" srcset=\"https:\/\/balcilar-blog.com\/wp-content\/uploads\/2016\/05\/CjZnf4MXEAAGz9T.jpg 392w, https:\/\/balcilar-blog.com\/wp-content\/uploads\/2016\/05\/CjZnf4MXEAAGz9T-184x300.jpg 184w\" sizes=\"auto, (max-width: 392px) 100vw, 392px\" \/><\/p>\n<p>Sultan Osman&#8217;\u0131n g\u00f6zlerinden timsah g\u00f6zya\u015flar\u0131 d\u00f6k\u00fcl\u00fcr.<\/p>\n<p><img loading=\"lazy\" decoding=\"async\" class=\"alignnone size-full wp-image-13972\" src=\"http:\/\/balcilar-blog.com\/wp-content\/uploads\/2016\/05\/Ekran-Al\u0131nt\u0131s\u0131K\u00d6SEM.28.2.jpg\" alt=\"Ekran Al\u0131nt\u0131s\u0131K\u00d6SEM.28.2\" width=\"640\" height=\"351\" srcset=\"https:\/\/balcilar-blog.com\/wp-content\/uploads\/2016\/05\/Ekran-Al\u0131nt\u0131s\u0131K\u00d6SEM.28.2.jpg 640w, https:\/\/balcilar-blog.com\/wp-content\/uploads\/2016\/05\/Ekran-Al\u0131nt\u0131s\u0131K\u00d6SEM.28.2-300x165.jpg 300w\" sizes=\"auto, (max-width: 640px) 100vw, 640px\" \/><\/p>\n<p>K\u00f6sem Sultan, yerde yatan o\u011fluna sar\u0131l\u0131r. Kahrolur, \u00e7\u0131\u011fl\u0131klar\u0131 saray koridorlar\u0131nda yank\u0131lan\u0131r.<\/p>\n<p><img loading=\"lazy\" decoding=\"async\" class=\"alignnone size-full wp-image-13961\" src=\"http:\/\/balcilar-blog.com\/wp-content\/uploads\/2016\/05\/CjZD9XJWkAEW8HT.jpg\" alt=\"CjZD9XJWkAEW8HT\" width=\"640\" height=\"370\" srcset=\"https:\/\/balcilar-blog.com\/wp-content\/uploads\/2016\/05\/CjZD9XJWkAEW8HT.jpg 640w, https:\/\/balcilar-blog.com\/wp-content\/uploads\/2016\/05\/CjZD9XJWkAEW8HT-300x173.jpg 300w\" sizes=\"auto, (max-width: 640px) 100vw, 640px\" \/><\/p>\n<p>K\u00f6sem Sultan&#8217;\u0131n kara g\u00fcn\u00fcd\u00fcr. O\u011flu Mehmet&#8217;e sar\u0131l\u0131r, ok\u015far. K\u00f6sem&#8217;in yakar\u0131\u015flar\u0131, yeni\u00e7erilerin y\u00fcreklerini da\u011flar. Onlar da, \u015fehzadeleri i\u00e7in g\u00f6z ya\u015f\u0131 d\u00f6kerler.<\/p>\n<p><img loading=\"lazy\" decoding=\"async\" class=\"alignnone size-full wp-image-13973\" src=\"http:\/\/balcilar-blog.com\/wp-content\/uploads\/2016\/05\/Ekran-Al\u0131nt\u0131s\u0131K\u00d6SEM28.4.jpg\" alt=\"Ekran Al\u0131nt\u0131s\u0131K\u00d6SEM28.4\" width=\"640\" height=\"360\" srcset=\"https:\/\/balcilar-blog.com\/wp-content\/uploads\/2016\/05\/Ekran-Al\u0131nt\u0131s\u0131K\u00d6SEM28.4.jpg 640w, https:\/\/balcilar-blog.com\/wp-content\/uploads\/2016\/05\/Ekran-Al\u0131nt\u0131s\u0131K\u00d6SEM28.4-300x169.jpg 300w\" sizes=\"auto, (max-width: 640px) 100vw, 640px\" \/><\/p>\n<p>Mehmet&#8217;in katlinden sonra \u0130stanbul \u00fczerine ya\u011fan kar, gelen kara k\u0131\u015fa Sultan Osman sebep oldu\u011fu s\u00f6ylenir. Osman da karde\u015f katlini ba\u015flatt\u0131\u011f\u0131 i\u00e7in, Allah&#8217;\u0131n kendisini lanetledi\u011fini inan\u0131r. K\u0131\u015f f\u0131rt\u0131nas\u0131 Sultan Osman&#8217;\u0131n i\u00e7inde de ba\u015flar. B\u00fct\u00fcn \u0130stanbul&#8217;da a\u00e7l\u0131k, hastal\u0131k, yokluklar ba\u015f g\u00f6sterir.<\/p>\n<p>K\u00f6sem, kocas\u0131 Sultan Ahmet ve Mehmet&#8217;in t\u00fcrbesini ziyaret gider. \u00dcst\u00fcne Osman da gelir. Konu\u015furlar, Mehmet&#8217;in \u00f6l\u00fcm\u00fcne siz sebep oldunuz validem diyen Osman&#8217;a ben sizin validen de\u011filim art\u0131k, hareme kapatt\u0131\u011f\u0131n evlatlar\u0131m\u0131 dokunursan, kimseye b\u0131rakmam ben al\u0131r\u0131m can\u0131n\u0131&#8230;<\/p>\n<p><img loading=\"lazy\" decoding=\"async\" class=\"alignnone size-full wp-image-13969\" src=\"http:\/\/balcilar-blog.com\/wp-content\/uploads\/2016\/05\/CjZ2s5qUUAEc3xt.jpg\" alt=\"CjZ2s5qUUAEc3xt\" width=\"640\" height=\"351\" srcset=\"https:\/\/balcilar-blog.com\/wp-content\/uploads\/2016\/05\/CjZ2s5qUUAEc3xt.jpg 640w, https:\/\/balcilar-blog.com\/wp-content\/uploads\/2016\/05\/CjZ2s5qUUAEc3xt-300x165.jpg 300w\" sizes=\"auto, (max-width: 640px) 100vw, 640px\" \/><\/p>\n<p>Safiye Sultan&#8217;a ziyarete gelen Z\u00fclfikar, Osman&#8217;\u0131n sonunun geldi\u011fini Yeni\u00e7eri oca\u011f\u0131n\u0131n kaynad\u0131\u011f\u0131n\u0131, tahta ekber ve er\u015fed olan \u0130skender&#8217;in \u00e7\u0131kmas\u0131n\u0131 \u00f6nerir. Z\u00fclfikar, \u015fehzade \u0130skender&#8217;in elini \u00f6perek ba\u011fl\u0131l\u0131\u011f\u0131n\u0131 belirtir. K\u00f6sem, \u0130skender&#8217;in sa\u011f oldu\u011funu, Safiye Sultan&#8217;\u0131n onu tahta ge\u00e7irmek istedi\u011fini bilir. Bu durumu halime Sultan ile konu\u015fur.<\/p>\n<p><img loading=\"lazy\" decoding=\"async\" class=\"alignnone size-full wp-image-13967\" src=\"http:\/\/balcilar-blog.com\/wp-content\/uploads\/2016\/05\/CjZ41ppUgAEW8uU.jpg\" alt=\"CjZ41ppUgAEW8uU\" width=\"640\" height=\"427\" srcset=\"https:\/\/balcilar-blog.com\/wp-content\/uploads\/2016\/05\/CjZ41ppUgAEW8uU.jpg 640w, https:\/\/balcilar-blog.com\/wp-content\/uploads\/2016\/05\/CjZ41ppUgAEW8uU-300x200.jpg 300w\" sizes=\"auto, (max-width: 640px) 100vw, 640px\" \/><\/p>\n<p>So\u011fuk ve karl\u0131 ge\u00e7en k\u0131\u015f hastal\u0131\u011f\u0131 ve k\u0131tl\u0131\u011f\u0131 beraberinde getir. Halk K\u00f6sem Sultan&#8217;dan yard\u0131m ister. Sultan Osman da sokaklar\u0131 dola\u015farak, bu rezaleti g\u00f6zleriyle g\u00f6r\u00fcr. Osman, \u015eeyh\u00fclislam Esad Efendinin k\u0131z\u0131 ile tan\u0131\u015f\u0131r. K\u00f6sem a\u00e7lara \u00e7orba da\u011f\u0131t\u0131r. K\u00f6sem, Sultan Osman&#8217;a fetva veren haini bulur, Ta\u015fk\u00f6pr\u00fcl\u00fc Zade efendiden hesap sorar. Herkesin yapt\u0131klar\u0131n\u0131n bedelini \u00f6deyecek, evvela sen&#8230;<\/p>\n<p>Sultan Osman \u015eeyh\u00fclislam Esad Efendiyi kendisine desteklemesi i\u00e7in, k\u0131z\u0131 Akile ile evlenmeye karar verir. Esad Efendi kabul etmese de emrivaki yapar, nikah k\u0131yd\u0131r\u0131r.<\/p>\n<p><img loading=\"lazy\" decoding=\"async\" class=\"alignnone size-full wp-image-13970\" src=\"http:\/\/balcilar-blog.com\/wp-content\/uploads\/2016\/05\/Ekran-Al\u0131nt\u0131s\u0131K\u00d6SEM28.6.jpg\" alt=\"Ekran Al\u0131nt\u0131s\u0131K\u00d6SEM28.6\" width=\"640\" height=\"381\" srcset=\"https:\/\/balcilar-blog.com\/wp-content\/uploads\/2016\/05\/Ekran-Al\u0131nt\u0131s\u0131K\u00d6SEM28.6.jpg 640w, https:\/\/balcilar-blog.com\/wp-content\/uploads\/2016\/05\/Ekran-Al\u0131nt\u0131s\u0131K\u00d6SEM28.6-300x179.jpg 300w\" sizes=\"auto, (max-width: 640px) 100vw, 640px\" \/><\/p>\n<p>Melek Sima, Osman&#8217;a k\u0131rg\u0131nd\u0131r. Osman siyasetten k\u0131y\u0131lm\u0131\u015f bir nikah oldu\u011funu s\u00f6yler.<\/p>\n<p>Sultan Osman&#8217;\u0131n sefere \u00e7\u0131kmas\u0131 beklenir. Bahar gelir. Sultan Osman&#8217;\u0131n seferden d\u00f6nememesi i\u00e7in Safiye Sultan planlar haz\u0131rlar. Ulemay\u0131 toplar, o\u011flu \u015eehzade \u0130skender&#8217;in ya\u015fad\u0131\u011f\u0131n\u0131, padi\u015fah olmas\u0131n\u0131 ister.<\/p>\n<p>\u0130skender K\u00f6sem&#8217;in kar\u015f\u0131s\u0131na ge\u00e7er, ba\u015f\u0131ma ne geldiyse senin y\u00fcz\u00fcnden geldi. Evlatlar\u0131n i\u00e7in tehdit olarak g\u00f6rd\u00fcm. Ben ya\u015fad\u0131\u011f\u0131m m\u00fcddet\u00e7e kaybedeceksin. Evlatlar\u0131n\u0131 idam edece\u011fim, sen yapayaln\u0131z kalacaks\u0131n.<\/p>\n<p><img loading=\"lazy\" decoding=\"async\" class=\"alignnone size-full wp-image-13968\" src=\"http:\/\/balcilar-blog.com\/wp-content\/uploads\/2016\/05\/CjZ_8m7VAAAxPxP.jpg\" alt=\"CjZ_8m7VAAAxPxP\" width=\"640\" height=\"427\" srcset=\"https:\/\/balcilar-blog.com\/wp-content\/uploads\/2016\/05\/CjZ_8m7VAAAxPxP.jpg 640w, https:\/\/balcilar-blog.com\/wp-content\/uploads\/2016\/05\/CjZ_8m7VAAAxPxP-300x200.jpg 300w\" sizes=\"auto, (max-width: 640px) 100vw, 640px\" \/><\/p>\n<p>Padi\u015fah Osman seferdedir. Yeni\u00e7eri kaybeder, geri \u00e7ekilir. Ulufe alamad\u0131klar\u0131 i\u00e7in ya\u011fma ya\u011fma yaparlar. Yeni\u00e7eri aras\u0131ndaki huzursuzluk isyana do\u011fru gitmektedir. Sultan Osman yeni\u00e7erinin haddini bildirmek ister. \u00c7ad\u0131r\u0131ndan \u00e7\u0131kar, askere hainlerin idam edilece\u011fini s\u00f6yler. Hainlerin kelleri u\u00e7urulur.<\/p>\n<p><img loading=\"lazy\" decoding=\"async\" class=\"alignnone size-full wp-image-13959\" src=\"http:\/\/balcilar-blog.com\/wp-content\/uploads\/2016\/05\/CjTjwDIWUAAY78m.jpg\" alt=\"CjTjwDIWUAAY78m\" width=\"640\" height=\"427\" srcset=\"https:\/\/balcilar-blog.com\/wp-content\/uploads\/2016\/05\/CjTjwDIWUAAY78m.jpg 640w, https:\/\/balcilar-blog.com\/wp-content\/uploads\/2016\/05\/CjTjwDIWUAAY78m-300x200.jpg 300w\" sizes=\"auto, (max-width: 640px) 100vw, 640px\" \/><\/p>\n<p>Safiye Sultan B\u00fclb\u00fcl A\u011fa ile saraya giderken, yolda Davut Pa\u015fa arabas\u0131 durdurur, Safiye Sultan derdest edilir. Halime Sultan, Safiye Sultan\u0131 sorguya \u00e7eker. \u0130skender&#8217;in yerini s\u00f6ylemesini ister. B\u00fclb\u00fcl A\u011fa, Z\u00fclf\u00fckar&#8217;dan Safiye Sultan&#8217;\u0131 kurtarmas\u0131 ister. Ama Safiye Sultan, bo\u011fularak idam edilmek \u00fczeredir.<\/p>\n<p><img loading=\"lazy\" decoding=\"async\" class=\"alignnone size-full wp-image-13966\" src=\"http:\/\/balcilar-blog.com\/wp-content\/uploads\/2016\/05\/CjZyabQWkAEbt8S-1.jpg\" alt=\"CjZyabQWkAEbt8S\" width=\"640\" height=\"427\" srcset=\"https:\/\/balcilar-blog.com\/wp-content\/uploads\/2016\/05\/CjZyabQWkAEbt8S-1.jpg 640w, https:\/\/balcilar-blog.com\/wp-content\/uploads\/2016\/05\/CjZyabQWkAEbt8S-1-300x200.jpg 300w\" sizes=\"auto, (max-width: 640px) 100vw, 640px\" \/><\/p>\n<p>Son anda Z\u00fclfikar m\u00fcdahale der, kurtar\u0131r. \u0130skender&#8217;in payitaht\u0131 terk etmesi sa\u011flan\u0131r. Safiye \u0130skender&#8217;in can\u0131n\u0131 Z\u00fclfikar&#8217;a emanet eder. \u0130skender gemi ile g\u00f6nderilir. H\u00fcma\u015fah Sultan ve Z\u00fclfikar onu yolcu ederler. \u0130skender&#8217;in yan\u0131nda babas\u0131n\u0131n k\u0131l\u0131c\u0131 ve kaftan\u0131 olan bir de sand\u0131k vard\u0131r. Bu bir tuzakt\u0131r, sand\u0131\u011f\u0131 a\u00e7ar, ve ate\u015f al\u0131r. Bu i\u015fte de K\u00f6sem&#8217;in parma\u011f\u0131 vard\u0131r. Koca gemi yanar. H\u00fcma\u015fah \u00e7\u0131lg\u0131na d\u00f6ner, Z\u00fclfikar&#8217;a sen mi yapt\u0131n diyerek hesap sorar.<\/p>\n<p>Di\u011fer tarafta, cephede yeni\u00e7eri isyandad\u0131r. Padi\u015fah\u0131n ota\u011f\u0131na do\u011fru harekete ge\u00e7erler. Sultan Osman dertleri neymi\u015f bakal\u0131m deyip \u00e7ad\u0131r\u0131ndan \u00e7\u0131kar. Ne s\u00f6yleyeceksiniz y\u00fcz\u00fcme s\u00f6yleyin. Askerin eli k\u0131l\u0131c\u0131ndad\u0131r. Ve burada 28.b\u00f6l\u00fcm sona erer.<\/p>\n<p><img loading=\"lazy\" decoding=\"async\" class=\"alignnone size-full wp-image-13971\" src=\"http:\/\/balcilar-blog.com\/wp-content\/uploads\/2016\/05\/Ekran-Al\u0131nt\u0131s\u0131K.S.28.SON_.jpg\" alt=\"Ekran Al\u0131nt\u0131s\u0131K.S.28.SON\" width=\"640\" height=\"379\" srcset=\"https:\/\/balcilar-blog.com\/wp-content\/uploads\/2016\/05\/Ekran-Al\u0131nt\u0131s\u0131K.S.28.SON_.jpg 640w, https:\/\/balcilar-blog.com\/wp-content\/uploads\/2016\/05\/Ekran-Al\u0131nt\u0131s\u0131K.S.28.SON_-300x178.jpg 300w\" sizes=\"auto, (max-width: 640px) 100vw, 640px\" \/><\/p>\n<p>Sultan Osman yeni\u00e7eriler taraf\u0131ndan katledilecek mi? Haftaya hep birlikte g\u00f6rece\u011fiz.<\/p>\n<p>Tims Productions konuyu gayet g\u00fczel i\u015fliyor. Benim anlamad\u0131\u011f\u0131m Osmanl\u0131 da kad\u0131n sultanlar bu kadar m\u0131 etkin rol oynam\u0131\u015f. Hadi K\u00f6sem&#8217;i biliyoruz. Bir tarafta Safiye Sultan, di\u011fer tarafta Halime Sultan! Benim as\u0131l merak etti\u011fim K\u00f6sem Sultan&#8217;\u0131n sonu ne olacak?<\/p>\n<p>Keyifli Seyirler<\/p>\n<p>Sayg\u0131lar ve sevgiler.<\/p>\n<p>Abdurrahman Balc\u0131lar<\/p>\n<p>Twitter:\u00a0<a href=\"https:\/\/twitter.com\/abbalcilar\">abdurrahman balc\u0131lar<\/a><a href=\"https:\/\/twitter.com\/abbalcilar\"><strong>@abbalcilar<\/strong><\/a><\/p>\n<p>Mail :\u00a0<a href=\"mailto:ab.balcilar@hotmail.com\">ab.balcilar@hotmail.com<\/a><\/p>\n<p>Blog:\u00a0<a href=\"http:\/\/t.co\/znqmIZgIqn\">blog.milliyet.com.tr\/cansever<\/a><\/p>\n<p>Blog:\u00a0<strong>balcilar<\/strong>&#8211;<strong>blog.com<\/strong><\/p>\n<p>&nbsp;<\/p>\n<p>Not: G\u00f6rseller myyKosem Twetter sayfas\u0131ndan ve taraf\u0131mdan diziden kopyalanarak al\u0131nm\u0131\u015ft\u0131r.<\/p>\n","protected":false},"excerpt":{"rendered":"<p>Muhte\u015fem Y\u00fczy\u0131l K\u00f6sem, d\u00fcn ak\u015fam 28.B\u00f6l\u00fcm\u00fc ile ekranlar\u0131m\u0131zdayd\u0131. Sultan Osman, \u015eehzade Mehmet&#8217;in\u00a0katli vaciptir icazetini al\u0131r ve Mehmet&#8217;i huzuruna \u00e7a\u011f\u0131r\u0131r. G\u00f6z\u00fc \u00f6n\u00fcnde bo\u011fularak \u00f6ld\u00fcrt\u00fcr. K\u00f6sem&#8217;in \u00e7\u0131\u011fl\u0131klar\u0131 saray koridorlar\u0131n\u0131 \u00e7\u0131nlatt\u0131, b\u00fct\u00fcn yeni\u00e7eri askerinin g\u00f6zlerinden ya\u015flar d\u00f6k\u00fcld\u00fc. D\u00fcn ak\u015famki Galatasaray &#8211; Fenerbah\u00e7e Ziraat T\u00fcrkiye Kupas\u0131 final ma\u00e7\u0131 nedeniyle dizi reytingleri d\u00fc\u015f\u00fckt\u00fc. K\u00f6sem, AB&#8217;de ald\u0131\u011f\u0131 3,98 reytingle normal s\u0131rada [&hellip;]<\/p>\n","protected":false},"author":3,"featured_media":13956,"comment_status":"open","ping_status":"open","sticky":false,"template":"","format":"standard","meta":{"footnotes":""},"categories":[2],"tags":[453,990,940],"class_list":["post-13955","post","type-post","status-publish","format-standard","has-post-thumbnail","hentry","category-tv-programlari","tag-kosem-sultan","tag-muhtesem-yuzyil-kosem","tag-tims-productions"],"views":5223,"blog_post_layout_featured_media_urls":{"thumbnail":["https:\/\/balcilar-blog.com\/wp-content\/uploads\/2016\/05\/CjZXI_wXIAIQVRJ-150x150.jpg",150,150,true],"full":["https:\/\/balcilar-blog.com\/wp-content\/uploads\/2016\/05\/CjZXI_wXIAIQVRJ.jpg",608,480,false]},"categories_names":{"2":{"name":"TV Programlar\u0131","link":"https:\/\/balcilar-blog.com\/?cat=2"}},"tags_names":{"453":{"name":"K\u00f6sem Sultan","link":"https:\/\/balcilar-blog.com\/?tag=kosem-sultan"},"990":{"name":"Muhte\u015fem Y\u00fczy\u0131l K\u00f6sem","link":"https:\/\/balcilar-blog.com\/?tag=muhtesem-yuzyil-kosem"},"940":{"name":"Tims Productions","link":"https:\/\/balcilar-blog.com\/?tag=tims-productions"}},"comments_number":"0","wpmagazine_modules_lite_featured_media_urls":{"thumbnail":["https:\/\/balcilar-blog.com\/wp-content\/uploads\/2016\/05\/CjZXI_wXIAIQVRJ-150x150.jpg",150,150,true],"cvmm-medium":["https:\/\/balcilar-blog.com\/wp-content\/uploads\/2016\/05\/CjZXI_wXIAIQVRJ.jpg",300,237,false],"cvmm-medium-plus":["https:\/\/balcilar-blog.com\/wp-content\/uploads\/2016\/05\/CjZXI_wXIAIQVRJ.jpg",262,207,false],"cvmm-portrait":["https:\/\/balcilar-blog.com\/wp-content\/uploads\/2016\/05\/CjZXI_wXIAIQVRJ.jpg",400,316,false],"cvmm-medium-square":["https:\/\/balcilar-blog.com\/wp-content\/uploads\/2016\/05\/CjZXI_wXIAIQVRJ.jpg",600,474,false],"cvmm-large":["https:\/\/balcilar-blog.com\/wp-content\/uploads\/2016\/05\/CjZXI_wXIAIQVRJ.jpg",608,480,false],"cvmm-small":["https:\/\/balcilar-blog.com\/wp-content\/uploads\/2016\/05\/CjZXI_wXIAIQVRJ.jpg",120,95,false],"full":["https:\/\/balcilar-blog.com\/wp-content\/uploads\/2016\/05\/CjZXI_wXIAIQVRJ.jpg",608,480,false]},"_links":{"self":[{"href":"https:\/\/balcilar-blog.com\/index.php?rest_route=\/wp\/v2\/posts\/13955","targetHints":{"allow":["GET"]}}],"collection":[{"href":"https:\/\/balcilar-blog.com\/index.php?rest_route=\/wp\/v2\/posts"}],"about":[{"href":"https:\/\/balcilar-blog.com\/index.php?rest_route=\/wp\/v2\/types\/post"}],"author":[{"embeddable":true,"href":"https:\/\/balcilar-blog.com\/index.php?rest_route=\/wp\/v2\/users\/3"}],"replies":[{"embeddable":true,"href":"https:\/\/balcilar-blog.com\/index.php?rest_route=%2Fwp%2Fv2%2Fcomments&post=13955"}],"version-history":[{"count":4,"href":"https:\/\/balcilar-blog.com\/index.php?rest_route=\/wp\/v2\/posts\/13955\/revisions"}],"predecessor-version":[{"id":13976,"href":"https:\/\/balcilar-blog.com\/index.php?rest_route=\/wp\/v2\/posts\/13955\/revisions\/13976"}],"wp:featuredmedia":[{"embeddable":true,"href":"https:\/\/balcilar-blog.com\/index.php?rest_route=\/wp\/v2\/media\/13956"}],"wp:attachment":[{"href":"https:\/\/balcilar-blog.com\/index.php?rest_route=%2Fwp%2Fv2%2Fmedia&parent=13955"}],"wp:term":[{"taxonomy":"category","embeddable":true,"href":"https:\/\/balcilar-blog.com\/index.php?rest_route=%2Fwp%2Fv2%2Fcategories&post=13955"},{"taxonomy":"post_tag","embeddable":true,"href":"https:\/\/balcilar-blog.com\/index.php?rest_route=%2Fwp%2Fv2%2Ftags&post=13955"}],"curies":[{"name":"wp","href":"https:\/\/api.w.org\/{rel}","templated":true}]}}