{"id":13777,"date":"2016-05-12T13:33:02","date_gmt":"2016-05-12T10:33:02","guid":{"rendered":"http:\/\/balcilar-blog.com\/?p=13777"},"modified":"2016-05-12T14:17:48","modified_gmt":"2016-05-12T11:17:48","slug":"fatmagulun-sucu-neden-bir-basari-daha-ve-turk-dizilerin-basarisi","status":"publish","type":"post","link":"https:\/\/balcilar-blog.com\/?p=13777","title":{"rendered":"Fatmag\u00fcl&#8217;\u00fcn Su\u00e7u Ne\u2019den bir ba\u015far\u0131 daha ve T\u00fcrk dizilerin ba\u015far\u0131s\u0131!"},"content":{"rendered":"<p><img loading=\"lazy\" decoding=\"async\" class=\"alignnone size-full wp-image-13778\" src=\"http:\/\/balcilar-blog.com\/wp-content\/uploads\/2016\/05\/fatmagulun-sucu-ne-kp.jpg\" alt=\"fatmagulun-sucu-ne kp\" width=\"648\" height=\"350\" srcset=\"https:\/\/balcilar-blog.com\/wp-content\/uploads\/2016\/05\/fatmagulun-sucu-ne-kp.jpg 648w, https:\/\/balcilar-blog.com\/wp-content\/uploads\/2016\/05\/fatmagulun-sucu-ne-kp-300x162.jpg 300w\" sizes=\"auto, (max-width: 648px) 100vw, 648px\" \/><\/p>\n<p>FENOMEN D\u0130Z\u0130 ALMANYA\u2019DA YEN\u0130DEN \u00c7EK\u0130LECEK!<\/p>\n<p>Ay Yap\u0131m\u2019\u0131n fenomen dizisi Fatmag\u00fcl\u2019\u00fcn Su\u00e7u Ne?\u2019nin yap\u0131m haklar\u0131 ge\u00e7ti\u011fimiz g\u00fcn Almanya\u2019n\u0131n \u00fcnl\u00fc yap\u0131m \u015firketi Bantry Bay taraf\u0131ndan sat\u0131n al\u0131nd\u0131. Alman oyuncularla yeniden \u00e7ekilecek Fatmag\u00fcl\u2019\u00fcn hikayesi, bu kez Avrupa\u2019y\u0131 etkisi alt\u0131na alacak.<\/p>\n<p>D\u00fcnyada 50\u2019den fazla \u00fclkede yay\u0131nlanan, belgesellere konu olan ve farkl\u0131 co\u011frafyalarda ya\u015fayan pek \u00e7ok kad\u0131n\u0131n hayat\u0131na ilham veren Fatmag\u00fcl\u2019\u00fcn Su\u00e7u Ne? dizisinin ba\u015far\u0131s\u0131 s\u00fcr\u00fcyor. T\u00fcrk dizilerinin d\u00fcnyadaki y\u00fckseli\u015fine son \u00f6rnek olarak ya\u015fanan geli\u015fmeye gore Fatmag\u00fcl\u2019\u00fcn Su\u00e7u Ne? dizisinin yap\u0131m haklar\u0131 Alman yap\u0131m \u015firketi Bantry Bay\u2019e sat\u0131ld\u0131. \u0130mzalar\u0131n at\u0131lmas\u0131n\u0131n ard\u0131ndan mutluluklar\u0131n\u0131 dile getiren yap\u0131m \u015firketi yetkilileri \u201c Fatmag\u00fcl, global bir hikayeye sahip oldu\u011funu ve ba\u015far\u0131s\u0131n\u0131 \u00e7oktan kan\u0131tlad\u0131. Biz de bu m\u00fcthi\u015f dizinin ilk remake\u2019ini yapacak olmaktan dolay\u0131 gururluyuz.\u201d c\u00fcmleleriyle duygular\u0131n\u0131 ifade ettiler.<\/p>\n<p><img loading=\"lazy\" decoding=\"async\" class=\"alignnone size-full wp-image-13780\" src=\"http:\/\/balcilar-blog.com\/wp-content\/uploads\/2016\/05\/fatmag\u00fc-2.jpg\" alt=\"fatmag\u00fc 2\" width=\"640\" height=\"355\" srcset=\"https:\/\/balcilar-blog.com\/wp-content\/uploads\/2016\/05\/fatmag\u00fc-2.jpg 640w, https:\/\/balcilar-blog.com\/wp-content\/uploads\/2016\/05\/fatmag\u00fc-2-300x166.jpg 300w\" sizes=\"auto, (max-width: 640px) 100vw, 640px\" \/><\/p>\n<p>Ay Yap\u0131m yap\u0131mc\u0131l\u0131\u011f\u0131nda ger\u00e7ekle\u015fen, Ece Y\u00f6ren\u00e7 ve Melek Gen\u00e7o\u011flu taraf\u0131ndan senaryola\u015ft\u0131r\u0131lan, ba\u015frollerinde Beren Saat ve Engin Aky\u00fcrek\u2019in rol ald\u0131\u011f\u0131, Hilal Saral\u2019\u0131n y\u00f6netmenli\u011fini \u00fcstlendi\u011fi Fatmag\u00fcl\u2019\u00fcn Su\u00e7u Ne? T\u00fcrkiye\u2019de yay\u0131nland\u0131\u011f\u0131 d\u00f6nemde ula\u015ft\u0131\u011f\u0131 y\u00fcksek ratinglerle fenomen olmu\u015f ve ard\u0131ndan d\u00fcnya \u00e7ap\u0131nda 50\u2019den fazla \u00fclkeye sat\u0131lm\u0131\u015ft\u0131.<\/p>\n<p><img loading=\"lazy\" decoding=\"async\" class=\"alignnone size-full wp-image-13779\" src=\"http:\/\/balcilar-blog.com\/wp-content\/uploads\/2016\/05\/fatmag\u00fcl-su\u00e7u.jpg\" alt=\"fatmag\u00fcl su\u00e7u\" width=\"640\" height=\"432\" srcset=\"https:\/\/balcilar-blog.com\/wp-content\/uploads\/2016\/05\/fatmag\u00fcl-su\u00e7u.jpg 640w, https:\/\/balcilar-blog.com\/wp-content\/uploads\/2016\/05\/fatmag\u00fcl-su\u00e7u-300x203.jpg 300w\" sizes=\"auto, (max-width: 640px) 100vw, 640px\" \/><\/p>\n<p>Hali haz\u0131rda Latin Amerika izleyicisinin soluk solu\u011fa takip etti\u011fi Fatmag\u00fcl\u2019\u00fcn Su\u00e7u Ne dizisinin Almanya remake\u2019inin haz\u0131rl\u0131klar\u0131 ise \u00e7ok yak\u0131nda ba\u015flayacak.<\/p>\n<p>Dizi sekt\u00f6r\u00fcndeki bu ba\u015far\u0131 \u00fclkemize d\u00f6viz kazand\u0131r\u0131yor. Bacas\u0131z sanayi diyebiliriz. \u00d6nceki y\u0131llarda da bir \u00e7ok yap\u0131m yurt d\u0131\u015f\u0131na ba\u015fta Arap \u00fclkeleri olmak \u00fczere sat\u0131lm\u0131\u015f, daha sonra da G\u00fcney Amerika \u00a0\u00fclkelerine bu ak\u0131m ba\u015flam\u0131\u015ft\u0131r. G\u00f6sterildi\u011fi \u00fclkelerde seyircinin tad\u0131 dama\u011f\u0131nda kalm\u0131\u015f, bir \u00e7ok T\u00fcrk oyuncusu fenomen olmu\u015ftur.<\/p>\n<p>Bu dizilerden birka\u00e7\u0131 \u015funlar:<\/p>\n<p>K\u00fc\u00e7\u00fck Kad\u0131nlar, Asi, Dila Han\u0131m, \u0130ffet, Ezel, A\u015fk ve Ceza, Ad\u0131n\u0131 Feriha Koydum, G\u00fcm\u00fc\u015f, \u00d6yle Bir Ge\u00e7er Zaman Ki, S\u0131la, A\u015fk-\u0131 Mennu, Binbir Gece, Fatnag\u00fcl&#8217;\u00fcn Su\u00e7u Ne?, Muhte\u015fem Y\u00fczy\u0131l, Kurtlar Vadisi, Karaday\u0131, Parampar\u00e7a ve son olarak Medcezir. \u00d6yle ki Medcezir g\u00f6sterime girdi\u011fi \u015eili de 4 b\u00f6l\u00fcmde \u00c7a\u011fatay Ulusoy \u00e7ok be\u011fenilmi\u015ftir. Reytinglerde en \u00fcst s\u0131ralarda yer alm\u0131\u015ft\u0131r. Ayr\u0131ca Tuba B\u00fcy\u00fck\u00fcst\u00fcn ve Hazal Kaya yurtd\u0131\u015f\u0131nda \u00e7ok be\u011fenilen \u00fcnl\u00fc oyuncular\u0131m\u0131z olmu\u015flard\u0131r.<\/p>\n<p>Muhte\u015fem Y\u00fczy\u0131l (Halit Ergen\u00e7 &#8211; Meryem Uzerli &#8211; Vahide G\u00f6rd\u00fcm)<\/p>\n<p><img loading=\"lazy\" decoding=\"async\" class=\"alignnone size-full wp-image-13784\" src=\"http:\/\/balcilar-blog.com\/wp-content\/uploads\/2016\/05\/Bildschirmfoto-2015-11-26-um-10.25.32.png\" alt=\"Bildschirmfoto-2015-11-26-um-10.25.32\" width=\"631\" height=\"480\" srcset=\"https:\/\/balcilar-blog.com\/wp-content\/uploads\/2016\/05\/Bildschirmfoto-2015-11-26-um-10.25.32.png 631w, https:\/\/balcilar-blog.com\/wp-content\/uploads\/2016\/05\/Bildschirmfoto-2015-11-26-um-10.25.32-300x228.png 300w\" sizes=\"auto, (max-width: 631px) 100vw, 631px\" \/><\/p>\n<p>&nbsp;<\/p>\n<p>G\u00fcm\u00fc\u015f ( K\u0131van\u00e7 Tatl\u0131tu\u011f &#8211; Song\u00fcl \u00d6den)<\/p>\n<p><img loading=\"lazy\" decoding=\"async\" class=\"alignnone size-full wp-image-13788\" src=\"http:\/\/balcilar-blog.com\/wp-content\/uploads\/2016\/05\/dunyada-en-cok-izlenen-turk-.jpg\" alt=\"dunyada-en-cok-izlenen-turk-\" width=\"640\" height=\"358\" srcset=\"https:\/\/balcilar-blog.com\/wp-content\/uploads\/2016\/05\/dunyada-en-cok-izlenen-turk-.jpg 640w, https:\/\/balcilar-blog.com\/wp-content\/uploads\/2016\/05\/dunyada-en-cok-izlenen-turk--300x168.jpg 300w\" sizes=\"auto, (max-width: 640px) 100vw, 640px\" \/><\/p>\n<p>&nbsp;<\/p>\n<p>Ad\u0131n\u0131 Feriha Koydum ( Hazal Kaya &#8211; \u00c7a\u011fatay Ulusoy)<\/p>\n<p><img loading=\"lazy\" decoding=\"async\" class=\"alignnone size-full wp-image-13786\" src=\"http:\/\/balcilar-blog.com\/wp-content\/uploads\/2016\/05\/Bildschirmfoto-2015-11-26-um-10.39.23.png\" alt=\"Bildschirmfoto-2015-11-26-um-10.39.23\" width=\"640\" height=\"444\" srcset=\"https:\/\/balcilar-blog.com\/wp-content\/uploads\/2016\/05\/Bildschirmfoto-2015-11-26-um-10.39.23.png 640w, https:\/\/balcilar-blog.com\/wp-content\/uploads\/2016\/05\/Bildschirmfoto-2015-11-26-um-10.39.23-300x208.png 300w\" sizes=\"auto, (max-width: 640px) 100vw, 640px\" \/><\/p>\n<p>&nbsp;<\/p>\n<p>Asi (Tuba B\u00fcy\u00fck\u00fcst\u00fcn &#8211; Murat Y\u0131ld\u0131r\u0131m)<\/p>\n<p><img loading=\"lazy\" decoding=\"async\" class=\"alignnone size-full wp-image-13783\" src=\"http:\/\/balcilar-blog.com\/wp-content\/uploads\/2016\/05\/Bildschirmfoto-2015-11-26-um-10.42.24.png\" alt=\"Bildschirmfoto-2015-11-26-um-10.42.24\" width=\"640\" height=\"329\" srcset=\"https:\/\/balcilar-blog.com\/wp-content\/uploads\/2016\/05\/Bildschirmfoto-2015-11-26-um-10.42.24.png 640w, https:\/\/balcilar-blog.com\/wp-content\/uploads\/2016\/05\/Bildschirmfoto-2015-11-26-um-10.42.24-300x154.png 300w\" sizes=\"auto, (max-width: 640px) 100vw, 640px\" \/><\/p>\n<p>Medcezir (\u00c7a\u011fatay Ulusoy &#8211; Serenay Sar\u0131kaya)<\/p>\n<p><img loading=\"lazy\" decoding=\"async\" class=\"alignnone size-full wp-image-13785\" src=\"http:\/\/balcilar-blog.com\/wp-content\/uploads\/2016\/05\/Bildschirmfoto-2015-11-26-um-10.36.40.png\" alt=\"Bildschirmfoto-2015-11-26-um-10.36.40\" width=\"640\" height=\"357\" srcset=\"https:\/\/balcilar-blog.com\/wp-content\/uploads\/2016\/05\/Bildschirmfoto-2015-11-26-um-10.36.40.png 640w, https:\/\/balcilar-blog.com\/wp-content\/uploads\/2016\/05\/Bildschirmfoto-2015-11-26-um-10.36.40-300x167.png 300w\" sizes=\"auto, (max-width: 640px) 100vw, 640px\" \/><\/p>\n<p>Yurtd\u0131\u015f\u0131nda izlenen T\u00fcrk dizi say\u0131s\u0131 40&#8217;\u0131 ge\u00e7mi\u015ftir. Almanya gibi baz\u0131 \u00fclkeler de Fatmag\u00fcl&#8217;\u00fcn Su\u00e7u Ne? gibi ses getiren dizileri kendileri \u00e7ekmeye karar vermi\u015fler ki, telif hakk\u0131n\u0131 sat\u0131n alm\u0131\u015flar.<\/p>\n<p>Buradan T\u00fcrk Dizi Yap\u0131m \u015firketleri ve rol alan t\u00fcm oyuncular\u0131m\u0131z\u0131 tebrik eder, ba\u015far\u0131lar\u0131n\u0131n devam\u0131n\u0131 dilerim.<\/p>\n<p>Sayg\u0131lar ve sevgiler.<\/p>\n<p>Abdurrahman Balc\u0131lar<\/p>\n<p>Twitter:\u00a0<a href=\"https:\/\/twitter.com\/abbalcilar\">abdurrahman balc\u0131lar<\/a><a href=\"https:\/\/twitter.com\/abbalcilar\"><strong>@abbalcilar<\/strong><\/a><\/p>\n<p>Mail :\u00a0<a href=\"mailto:ab.balcilar@hotmail.com\">ab.balcilar@hotmail.com<\/a><\/p>\n<p>Blog:\u00a0<a href=\"http:\/\/t.co\/znqmIZgIqn\">blog.milliyet.com.tr\/cansever<\/a><\/p>\n<p>Blog:\u00a0<strong>balcilar<\/strong>&#8211;<strong>blog.com<\/strong><\/p>\n<p>Not: Haber Ay Yap\u0131m &#8211; Persona Sanat Bas\u0131n b\u00fclteni. G\u00f6rseller internetten al\u0131nm\u0131\u015ft\u0131r.<\/p>\n<p>&nbsp;<\/p>\n","protected":false},"excerpt":{"rendered":"<p>FENOMEN D\u0130Z\u0130 ALMANYA\u2019DA YEN\u0130DEN \u00c7EK\u0130LECEK! Ay Yap\u0131m\u2019\u0131n fenomen dizisi Fatmag\u00fcl\u2019\u00fcn Su\u00e7u Ne?\u2019nin yap\u0131m haklar\u0131 ge\u00e7ti\u011fimiz g\u00fcn Almanya\u2019n\u0131n \u00fcnl\u00fc yap\u0131m \u015firketi Bantry Bay taraf\u0131ndan sat\u0131n al\u0131nd\u0131. Alman oyuncularla yeniden \u00e7ekilecek Fatmag\u00fcl\u2019\u00fcn hikayesi, bu kez Avrupa\u2019y\u0131 etkisi alt\u0131na alacak. D\u00fcnyada 50\u2019den fazla \u00fclkede yay\u0131nlanan, belgesellere konu olan ve farkl\u0131 co\u011frafyalarda ya\u015fayan pek \u00e7ok kad\u0131n\u0131n hayat\u0131na ilham veren [&hellip;]<\/p>\n","protected":false},"author":3,"featured_media":13778,"comment_status":"open","ping_status":"open","sticky":false,"template":"","format":"standard","meta":{"footnotes":""},"categories":[2],"tags":[26,665,82,1041],"class_list":["post-13777","post","type-post","status-publish","format-standard","has-post-thumbnail","hentry","category-tv-programlari","tag-ay-yapim","tag-beren-saat","tag-engin-akyurek","tag-fatmagulun-sucu-ne"],"views":3277,"blog_post_layout_featured_media_urls":{"thumbnail":["https:\/\/balcilar-blog.com\/wp-content\/uploads\/2016\/05\/fatmagulun-sucu-ne-kp-150x150.jpg",150,150,true],"full":["https:\/\/balcilar-blog.com\/wp-content\/uploads\/2016\/05\/fatmagulun-sucu-ne-kp.jpg",648,350,false]},"categories_names":{"2":{"name":"TV Programlar\u0131","link":"https:\/\/balcilar-blog.com\/?cat=2"}},"tags_names":{"26":{"name":"Ay Yap\u0131m","link":"https:\/\/balcilar-blog.com\/?tag=ay-yapim"},"665":{"name":"Beren Saat","link":"https:\/\/balcilar-blog.com\/?tag=beren-saat"},"82":{"name":"Engin Aky\u00fcrek","link":"https:\/\/balcilar-blog.com\/?tag=engin-akyurek"},"1041":{"name":"Fatmag\u00fcl'\u00fcn Su\u00e7u Ne","link":"https:\/\/balcilar-blog.com\/?tag=fatmagulun-sucu-ne"}},"comments_number":"0","wpmagazine_modules_lite_featured_media_urls":{"thumbnail":["https:\/\/balcilar-blog.com\/wp-content\/uploads\/2016\/05\/fatmagulun-sucu-ne-kp-150x150.jpg",150,150,true],"cvmm-medium":["https:\/\/balcilar-blog.com\/wp-content\/uploads\/2016\/05\/fatmagulun-sucu-ne-kp.jpg",300,162,false],"cvmm-medium-plus":["https:\/\/balcilar-blog.com\/wp-content\/uploads\/2016\/05\/fatmagulun-sucu-ne-kp.jpg",305,165,false],"cvmm-portrait":["https:\/\/balcilar-blog.com\/wp-content\/uploads\/2016\/05\/fatmagulun-sucu-ne-kp.jpg",400,216,false],"cvmm-medium-square":["https:\/\/balcilar-blog.com\/wp-content\/uploads\/2016\/05\/fatmagulun-sucu-ne-kp.jpg",600,324,false],"cvmm-large":["https:\/\/balcilar-blog.com\/wp-content\/uploads\/2016\/05\/fatmagulun-sucu-ne-kp.jpg",648,350,false],"cvmm-small":["https:\/\/balcilar-blog.com\/wp-content\/uploads\/2016\/05\/fatmagulun-sucu-ne-kp.jpg",130,70,false],"full":["https:\/\/balcilar-blog.com\/wp-content\/uploads\/2016\/05\/fatmagulun-sucu-ne-kp.jpg",648,350,false]},"_links":{"self":[{"href":"https:\/\/balcilar-blog.com\/index.php?rest_route=\/wp\/v2\/posts\/13777","targetHints":{"allow":["GET"]}}],"collection":[{"href":"https:\/\/balcilar-blog.com\/index.php?rest_route=\/wp\/v2\/posts"}],"about":[{"href":"https:\/\/balcilar-blog.com\/index.php?rest_route=\/wp\/v2\/types\/post"}],"author":[{"embeddable":true,"href":"https:\/\/balcilar-blog.com\/index.php?rest_route=\/wp\/v2\/users\/3"}],"replies":[{"embeddable":true,"href":"https:\/\/balcilar-blog.com\/index.php?rest_route=%2Fwp%2Fv2%2Fcomments&post=13777"}],"version-history":[{"count":5,"href":"https:\/\/balcilar-blog.com\/index.php?rest_route=\/wp\/v2\/posts\/13777\/revisions"}],"predecessor-version":[{"id":13792,"href":"https:\/\/balcilar-blog.com\/index.php?rest_route=\/wp\/v2\/posts\/13777\/revisions\/13792"}],"wp:featuredmedia":[{"embeddable":true,"href":"https:\/\/balcilar-blog.com\/index.php?rest_route=\/wp\/v2\/media\/13778"}],"wp:attachment":[{"href":"https:\/\/balcilar-blog.com\/index.php?rest_route=%2Fwp%2Fv2%2Fmedia&parent=13777"}],"wp:term":[{"taxonomy":"category","embeddable":true,"href":"https:\/\/balcilar-blog.com\/index.php?rest_route=%2Fwp%2Fv2%2Fcategories&post=13777"},{"taxonomy":"post_tag","embeddable":true,"href":"https:\/\/balcilar-blog.com\/index.php?rest_route=%2Fwp%2Fv2%2Ftags&post=13777"}],"curies":[{"name":"wp","href":"https:\/\/api.w.org\/{rel}","templated":true}]}}