{"id":13530,"date":"2016-04-18T15:11:14","date_gmt":"2016-04-18T12:11:14","guid":{"rendered":"http:\/\/balcilar-blog.com\/?p=13530"},"modified":"2016-04-18T19:33:43","modified_gmt":"2016-04-18T16:33:43","slug":"ekranlarin-kare-asi-olan-unlulerin-yeni-dizileri-ve-partnerleri","status":"publish","type":"post","link":"https:\/\/balcilar-blog.com\/?p=13530","title":{"rendered":"Ekranlar\u0131n kare as\u0131 olan \u00fcnl\u00fclerin yeni dizileri ve partnerleri!"},"content":{"rendered":"<p>&nbsp;<\/p>\n<p><img loading=\"lazy\" decoding=\"async\" class=\"alignnone size-full wp-image-13547\" src=\"http:\/\/balcilar-blog.com\/wp-content\/uploads\/2016\/04\/cats-khk\u00e7.jpg\" alt=\"cats k+h+k+\u00e7\" width=\"547\" height=\"480\" srcset=\"https:\/\/balcilar-blog.com\/wp-content\/uploads\/2016\/04\/cats-khk\u00e7.jpg 547w, https:\/\/balcilar-blog.com\/wp-content\/uploads\/2016\/04\/cats-khk\u00e7-300x263.jpg 300w\" sizes=\"auto, (max-width: 547px) 100vw, 547px\" \/><\/p>\n<p>2015 Eyl\u00fcl dizi sezonunu dinlenerek ge\u00e7iren bana g\u00f6re, ekranlar\u0131n Kare As\u0131 olarak kabul edilen erkek j\u00f6nlerimizin 2016 Eyl\u00fcl yeni sezon dizileri ve birlikte oynayacaklar\u0131 partnerleri merak ediliyor.<\/p>\n<p>Kim bu \u00fcnl\u00fcler?<\/p>\n<p>Kenan \u0130mirzal\u0131o\u011flu, Halit Ergen\u00e7, K\u0131van\u00e7 Tatl\u0131tu\u011f ve \u00c7a\u011fatay Ulusoy.<\/p>\n<p>Bu d\u00f6rt oyuncumuz da son 5 y\u0131lda, kaliteli yap\u0131mlara imza atm\u0131\u015f, adlar\u0131ndan s\u00f6z ettirmi\u015flerdir.<\/p>\n<p>Kenan \u0130mirzal\u0131o\u011flu; Karaday\u0131 dizisi ile olduk\u00e7a sevilmi\u015ftir. Pazartesi geceleri reyting rekorlar\u0131 k\u0131rm\u0131\u015ft\u0131r.<\/p>\n<p>Halil Ergen\u00e7; Muhte\u015fem Y\u00fczy\u0131l ile ad\u0131n\u0131 dizi sekt\u00f6r\u00fcne yazd\u0131rm\u0131\u015ft\u0131r. Onlarca d\u00fcnya \u00fclkesinde g\u00f6sterilmi\u015ftir.<\/p>\n<p>K\u0131van\u00e7 Tatl\u0131tu\u011f; Son dizisi Kurt Seyit ve \u015eura dizisi reyting kurban\u0131 olsa da, Kuzey G\u00fcney dizisi ile hakl\u0131 bir ba\u015far\u0131 elde etmi\u015ftir. Kuzey karakteri olarak \u00e7ok sevilmi\u015ftir.<\/p>\n<p>\u00c7a\u011fatay Ulusoy; \u0130lk dizisi Ad\u0131n\u0131 Feriha Koydum, sonra Medcezir dizisindeki Yaman karakteri olarak g\u00f6sterdi\u011fi performans\u0131 ile kendisini kabul ettirmi\u015f, aranan oyuncular aras\u0131na girmi\u015ftir.<\/p>\n<p>&nbsp;<\/p>\n<p>\u015eimdi edindi\u011fimiz bilgilere g\u00f6re tek tek bakal\u0131m:<\/p>\n<p>&nbsp;<\/p>\n<p><strong>Kenan \u0130mirzal\u0131o\u011flu :<\/strong><\/p>\n<p>&nbsp;<\/p>\n<p><img loading=\"lazy\" decoding=\"async\" class=\"alignnone size-full wp-image-13544\" src=\"http:\/\/balcilar-blog.com\/wp-content\/uploads\/2016\/04\/kenan-imirzal\u0131-o\u011flu.jpg\" alt=\"kenan imirzal\u0131 o\u011flu\" width=\"640\" height=\"436\" srcset=\"https:\/\/balcilar-blog.com\/wp-content\/uploads\/2016\/04\/kenan-imirzal\u0131-o\u011flu.jpg 640w, https:\/\/balcilar-blog.com\/wp-content\/uploads\/2016\/04\/kenan-imirzal\u0131-o\u011flu-300x204.jpg 300w\" sizes=\"auto, (max-width: 640px) 100vw, 640px\" \/><\/p>\n<p>Son olarak Karaday\u0131 dizisinde oynayan \u00fcnl\u00fc oyuncu, bildi\u011finiz \u00fczere 4 sezon Berguzar Korel ile ba\u015f rol\u00fc oynam\u0131\u015f, sevilen dizi 15 Haziran 2015&#8217;de 115.b\u00f6l\u00fcmde final yapm\u0131\u015ft\u0131.<\/p>\n<p>Dizi s\u00fcreleri konusunda itiraz\u0131 olan \u0130mirzal\u0131o\u011flu, s\u00fcrelerin k\u0131salt\u0131lmas\u0131n\u0131 istemektedir. Yeni sezon dizisi i\u00e7in 2 sezon s\u00fcrecek bir dizi i\u00e7in b\u00f6l\u00fcm ba\u015f\u0131na Ay Yap\u0131m 100 bin TL. teklif etmi\u015f. Ancak \u00fcnl\u00fc oyuncu b\u00f6l\u00fcm ba\u015f\u0131na 140 bin TL. istiyormu\u015f. \u00d6n\u00fcm\u00fczdeki ay, 14 May\u0131s&#8217;da Ayval\u0131k Cunda Adas\u0131nda, Sinem Kobal ile evlenecek olan sanat\u00e7\u0131 balay\u0131 yapacak, sonra da Eyl\u00fcl&#8217;de d\u00f6nem dizisinde oynayacakt\u0131r. \u015eimdilik dizinin ad\u0131 ve konusu hakk\u0131nda a\u00e7\u0131klama yok. Bayan partneri Fahriye Evcen olaca\u011f\u0131 duyumunu ald\u0131k. Evcen de b\u00f6l\u00fcm ba\u015f\u0131na 50 bin lira alacakm\u0131\u015f. \u00c7ok enteresan de\u011fil mi, \u00f6nce alacaklar\u0131 \u00fccretler konu\u015fuluyor!<\/p>\n<p>&nbsp;<\/p>\n<p><strong>Halit Ergen\u00e7<\/strong> :<\/p>\n<p><img loading=\"lazy\" decoding=\"async\" class=\"alignnone size-full wp-image-13546\" src=\"http:\/\/balcilar-blog.com\/wp-content\/uploads\/2016\/04\/halit_ergenc_yeni_.jpg\" alt=\"halit_ergenc_yeni_\" width=\"640\" height=\"359\" srcset=\"https:\/\/balcilar-blog.com\/wp-content\/uploads\/2016\/04\/halit_ergenc_yeni_.jpg 640w, https:\/\/balcilar-blog.com\/wp-content\/uploads\/2016\/04\/halit_ergenc_yeni_-300x168.jpg 300w\" sizes=\"auto, (max-width: 640px) 100vw, 640px\" \/><\/p>\n<p>03 Turkey Medya yap\u0131m firmas\u0131yla anla\u015fmaya varan Ergen\u00e7, bu kez halk kahraman\u0131 rol\u00fcnde kar\u015f\u0131m\u0131za \u00e7\u0131kacak. &#8220;\u0130zmir 1918&#8221; adl\u0131 dizinin konusu ise \u0130zmir\u2019in kurtulu\u015fu \u00fczerine. Dizide Cevat adl\u0131 bir vatan evlad\u0131n\u0131 canland\u0131racakm\u0131\u015f.<\/p>\n<p>Yeni dizide senaryoyu Nuran Evren \u015eit yazd\u0131\u011f\u0131, 03 Turkey Medya&#8217;n\u0131n yap\u0131mc\u0131s\u0131 oldu\u011fu dizinin \u00e7ekimleri \u0130zmit\u2019teki \u201cFilinta\u201d dizisinin de \u00e7ekildi\u011fi platoda yap\u0131laca\u011f\u0131 s\u00f6yleniyor. Asl\u0131nda konu \u0130zmir ise, \u0130zmir&#8217;de \u00e7ekilmeli&#8230;Dizinin y\u00f6netmenli\u011fini Ya\u011fmur-Durul Taylan \u00fcstlenecek. Bayan partnerinin kim olaca\u011f\u0131 hen\u00fcz netlik kazanm\u0131\u015f de\u011fil. E\u015fi Berg\u00fczer Korel ve Cansu Dere&#8217;nin ad\u0131 ge\u00e7se de, Halit Ergen\u00e7\u2019le ba\u015frol\u00fc payla\u015fmas\u0131 i\u00e7in g\u00f6r\u00fc\u015fme yap\u0131lan isimler aras\u0131nda Nurg\u00fcl Ye\u015fil\u00e7ay\u2019\u0131n da oldu\u011fu s\u00f6yleniyor.<\/p>\n<p>&nbsp;<\/p>\n<p><strong>K\u0131van\u00e7 Tatl\u0131tu\u011f :<\/strong><\/p>\n<p><img loading=\"lazy\" decoding=\"async\" class=\"alignnone size-full wp-image-13545\" src=\"http:\/\/balcilar-blog.com\/wp-content\/uploads\/2016\/04\/kivanc-tatlitug-.jpg\" alt=\"kivanc-tatlitug-\" width=\"640\" height=\"384\" srcset=\"https:\/\/balcilar-blog.com\/wp-content\/uploads\/2016\/04\/kivanc-tatlitug-.jpg 640w, https:\/\/balcilar-blog.com\/wp-content\/uploads\/2016\/04\/kivanc-tatlitug--300x180.jpg 300w\" sizes=\"auto, (max-width: 640px) 100vw, 640px\" \/><\/p>\n<p>Ay Yap\u0131m ile anla\u015fmal\u0131 olan Tatl\u0131tu\u011f, &#8220;Siyah Beyaz&#8221; adl\u0131 bir d\u00f6nem dizisinden s\u00f6z ediliyor. Kurt Seyit \u015eura dizisinin erken final yapmas\u0131ndan sonra uzun bir ara vermi\u015ftir. Yeni dizide bayan partneri olarak daha \u00f6nce El\u00e7in Sangu&#8217;nun ad\u0131 ge\u00e7mi\u015fti. Son yap\u0131lan a\u00e7\u0131klamalara g\u00f6re, Cansu Dere ile anla\u015fma sa\u011fland\u0131\u011f\u0131 s\u00f6yleniyor. Ayr\u0131ca Yap\u0131m \u015firketinin Tuba B\u00fcy\u00fck\u00fcst\u00fcn&#8217;e de teklif g\u00f6t\u00fcrd\u00fc\u011f\u00fc iddia ediliyor. Zira K\u0131van\u00e7 Tatl\u0131tu\u011f, Tuba B\u00fcy\u00fck\u00fcst\u00fcn ile oynamak istiyormu\u015f.<\/p>\n<p>K\u0131van\u00e7 Tatl\u0131tu\u011f\u2019un yeni projesinin senaristli\u011fini Eylem Canpolat ve Sema Ergenekon payla\u015f\u0131yor. Sema Ergenekon\u2019un Instagram hesab\u0131nda yapt\u0131\u011f\u0131 bir g\u00f6nderme dizinin ad\u0131n\u0131n Siyah Beyaz olaca\u011f\u0131 iddialar\u0131n\u0131 kuvvetlendirdi. Bunun do\u011frulu\u011fu ilerleyen g\u00fcnlerde kesin bir a\u00e7\u0131klama yap\u0131ld\u0131\u011f\u0131 zaman anlayaca\u011f\u0131z. Senaryo yaz\u0131m a\u015famas\u0131nda oldu\u011fundan konusu hakk\u0131nda bir bilgi yok.<\/p>\n<p>&nbsp;<\/p>\n<p><strong>\u00c7a\u011fatay Ulusoy :<\/strong><\/p>\n<p><img loading=\"lazy\" decoding=\"async\" class=\"alignnone size-full wp-image-13543\" src=\"http:\/\/balcilar-blog.com\/wp-content\/uploads\/2016\/04\/Cf7lCNqWwAAt7yJ-1.jpg\" alt=\"Cf7lCNqWwAAt7yJ\" width=\"640\" height=\"426\" srcset=\"https:\/\/balcilar-blog.com\/wp-content\/uploads\/2016\/04\/Cf7lCNqWwAAt7yJ-1.jpg 640w, https:\/\/balcilar-blog.com\/wp-content\/uploads\/2016\/04\/Cf7lCNqWwAAt7yJ-1-300x200.jpg 300w\" sizes=\"auto, (max-width: 640px) 100vw, 640px\" \/><\/p>\n<p>Son aylada 2016 y\u0131l\u0131n\u0131n en \u00e7ok ses getiren, sosyal medyada \u00e7ok konu\u015fulan yak\u0131\u015f\u0131kl\u0131 oyuncusu \u00c7a\u011fatay Ulusoy geliyor. Ge\u00e7ti\u011fimiz ay sonunda Bodrum&#8217;da bir Jeans firmas\u0131n\u0131n reklam filmi ve foto\u011fraflar\u0131n\u0131n \u00e7ekilmesi olay olmu\u015ftur. \u015eu g\u00fcnlerde b\u00fct\u00fcn kanallarda bu reklam filmi boy g\u00f6steriyor. Ulusoy&#8217;un Amerikal\u0131 manken Taylor Marie Hill ile \u00e7ektikleri k\u0131sa reklam filmi ve foto\u011fraflar \u00e7ok be\u011fenildi, sosyal medyada \u00e7ok konu\u015fuldu.<\/p>\n<p>\u00c7a\u011fatay Ulusoy yeni sezon dizisi i\u00e7in zaten Ay Yap\u0131m ile anla\u015fmas\u0131 vard\u0131. Bir polisiye dizi olaca\u011f\u0131n\u0131 biliniyor. Resmi bir a\u00e7\u0131klama yap\u0131lmasa da, Leonardo DiCaprio&#8217;nun 2006 y\u0131l\u0131nda \u00e7ekti\u011fi bir sinema filminden al\u0131nt\u0131, The Departed (K\u00f6stebek) adl\u0131 filmden uyarlama olacakt\u0131r. \u015eimdilik bayan partneri belli de\u011fil, senaryo yaz\u0131m a\u015famas\u0131nda. Daha \u00f6nce Merve Bolu\u011fur ismi telaffuz edilmi\u015fti ama net de\u011fil. Yap\u0131m \u015eirketi Hazal Kaya&#8217;ya da teklif g\u00f6t\u00fcrm\u00fc\u015f. Ayr\u0131ca Serenay Akta\u015f ile de g\u00f6r\u00fc\u015f\u00fcld\u00fc\u011f\u00fc s\u00f6yleniyor. Ayn\u0131 dizide \u00c7etin Tekindor ve Haluk Bilginer&#8217;in de isimleri ge\u00e7iyor. B\u00fct\u00fcn bu bilgiler \u015fimdilik s\u0131r gibi saklan\u0131yor. Ama \u015furas\u0131 bir ger\u00e7ek ki, bir y\u0131l dinlenmi\u015f, Delibal gibi ba\u015far\u0131l\u0131 bir sinema filminde rol alm\u0131\u015f olan \u00c7a\u011fatay, son reklam filmi ile moral bulmu\u015ftur. Ben kendi ad\u0131ma yeni sezonda \u00c7a\u011fatay Ulusoy&#8217;dan s\u00fcper bir performans ve yap\u0131m bekliyorum.<\/p>\n<p>\u0130\u015fte say\u0131n okurlar\u0131m. \u015eu g\u00fcnlerde \u00e7ok\u00e7a konu\u015fulan ve merak edilen ekranlar\u0131m\u0131z\u0131n 4 Kare As\u0131 olarak tabir etti\u011fimiz ba\u015far\u0131l\u0131 oyuncular\u0131m\u0131z\u0131n yeni dizileri ile ilgili bilgiler b\u00f6yle&#8230;<\/p>\n<p>Yeni sezonda hep birlikte izleyece\u011fiz, ba\u015far\u0131lar\u0131n\u0131 g\u00f6rece\u011fiz.<\/p>\n<p>D\u00f6rt oyuncumuza ba\u015far\u0131lar, uzun soluklu, kaliteli yap\u0131mlar\u0131 olmas\u0131 dileklerimle&#8230;<\/p>\n<p>Sayg\u0131lar ve sevgiler.<\/p>\n<p>Abdurrahman Balc\u0131lar<\/p>\n<p>Twitter:\u00a0<a href=\"https:\/\/twitter.com\/abbalcilar\">abdurrahman balc\u0131lar<\/a><a href=\"https:\/\/twitter.com\/abbalcilar\"><strong>@abbalcilar<\/strong><\/a><\/p>\n<p>Mail :\u00a0<a href=\"mailto:ab.balcilar@hotmail.com\">ab.balcilar@hotmail.com<\/a><\/p>\n<p>Blog:\u00a0<a href=\"http:\/\/t.co\/znqmIZgIqn\">blog.milliyet.com.tr\/cansever<\/a><\/p>\n<p>Blog:\u00a0<strong>balcilar<\/strong>&#8211;<strong>blog.com<\/strong><\/p>\n","protected":false},"excerpt":{"rendered":"<p>&nbsp; 2015 Eyl\u00fcl dizi sezonunu dinlenerek ge\u00e7iren bana g\u00f6re, ekranlar\u0131n Kare As\u0131 olarak kabul edilen erkek j\u00f6nlerimizin 2016 Eyl\u00fcl yeni sezon dizileri ve birlikte oynayacaklar\u0131 partnerleri merak ediliyor. Kim bu \u00fcnl\u00fcler? Kenan \u0130mirzal\u0131o\u011flu, Halit Ergen\u00e7, K\u0131van\u00e7 Tatl\u0131tu\u011f ve \u00c7a\u011fatay Ulusoy. Bu d\u00f6rt oyuncumuz da son 5 y\u0131lda, kaliteli yap\u0131mlara imza atm\u0131\u015f, adlar\u0131ndan s\u00f6z ettirmi\u015flerdir. Kenan [&hellip;]<\/p>\n","protected":false},"author":3,"featured_media":13547,"comment_status":"open","ping_status":"open","sticky":false,"template":"","format":"standard","meta":{"footnotes":""},"categories":[2],"tags":[15,700,545,80],"class_list":["post-13530","post","type-post","status-publish","format-standard","has-post-thumbnail","hentry","category-tv-programlari","tag-cagatay-ulusoy","tag-halit-ergenc","tag-kenan-imirzalioglu","tag-kivanc-tatlitug"],"views":3551,"blog_post_layout_featured_media_urls":{"thumbnail":["https:\/\/balcilar-blog.com\/wp-content\/uploads\/2016\/04\/cats-khk\u00e7-150x150.jpg",150,150,true],"full":["https:\/\/balcilar-blog.com\/wp-content\/uploads\/2016\/04\/cats-khk\u00e7.jpg",547,480,false]},"categories_names":{"2":{"name":"TV Programlar\u0131","link":"https:\/\/balcilar-blog.com\/?cat=2"}},"tags_names":{"15":{"name":"\u00e7a\u011fatay ulusoy","link":"https:\/\/balcilar-blog.com\/?tag=cagatay-ulusoy"},"700":{"name":"Halit Ergen\u00e7","link":"https:\/\/balcilar-blog.com\/?tag=halit-ergenc"},"545":{"name":"Kenan \u0130mirzal\u0131o\u011flu","link":"https:\/\/balcilar-blog.com\/?tag=kenan-imirzalioglu"},"80":{"name":"K\u0131van\u00e7 Tatl\u0131tu\u011f","link":"https:\/\/balcilar-blog.com\/?tag=kivanc-tatlitug"}},"comments_number":"0","wpmagazine_modules_lite_featured_media_urls":{"thumbnail":["https:\/\/balcilar-blog.com\/wp-content\/uploads\/2016\/04\/cats-khk\u00e7-150x150.jpg",150,150,true],"cvmm-medium":["https:\/\/balcilar-blog.com\/wp-content\/uploads\/2016\/04\/cats-khk\u00e7.jpg",300,263,false],"cvmm-medium-plus":["https:\/\/balcilar-blog.com\/wp-content\/uploads\/2016\/04\/cats-khk\u00e7.jpg",236,207,false],"cvmm-portrait":["https:\/\/balcilar-blog.com\/wp-content\/uploads\/2016\/04\/cats-khk\u00e7.jpg",400,351,false],"cvmm-medium-square":["https:\/\/balcilar-blog.com\/wp-content\/uploads\/2016\/04\/cats-khk\u00e7.jpg",547,480,false],"cvmm-large":["https:\/\/balcilar-blog.com\/wp-content\/uploads\/2016\/04\/cats-khk\u00e7.jpg",547,480,false],"cvmm-small":["https:\/\/balcilar-blog.com\/wp-content\/uploads\/2016\/04\/cats-khk\u00e7.jpg",108,95,false],"full":["https:\/\/balcilar-blog.com\/wp-content\/uploads\/2016\/04\/cats-khk\u00e7.jpg",547,480,false]},"_links":{"self":[{"href":"https:\/\/balcilar-blog.com\/index.php?rest_route=\/wp\/v2\/posts\/13530","targetHints":{"allow":["GET"]}}],"collection":[{"href":"https:\/\/balcilar-blog.com\/index.php?rest_route=\/wp\/v2\/posts"}],"about":[{"href":"https:\/\/balcilar-blog.com\/index.php?rest_route=\/wp\/v2\/types\/post"}],"author":[{"embeddable":true,"href":"https:\/\/balcilar-blog.com\/index.php?rest_route=\/wp\/v2\/users\/3"}],"replies":[{"embeddable":true,"href":"https:\/\/balcilar-blog.com\/index.php?rest_route=%2Fwp%2Fv2%2Fcomments&post=13530"}],"version-history":[{"count":6,"href":"https:\/\/balcilar-blog.com\/index.php?rest_route=\/wp\/v2\/posts\/13530\/revisions"}],"predecessor-version":[{"id":13551,"href":"https:\/\/balcilar-blog.com\/index.php?rest_route=\/wp\/v2\/posts\/13530\/revisions\/13551"}],"wp:featuredmedia":[{"embeddable":true,"href":"https:\/\/balcilar-blog.com\/index.php?rest_route=\/wp\/v2\/media\/13547"}],"wp:attachment":[{"href":"https:\/\/balcilar-blog.com\/index.php?rest_route=%2Fwp%2Fv2%2Fmedia&parent=13530"}],"wp:term":[{"taxonomy":"category","embeddable":true,"href":"https:\/\/balcilar-blog.com\/index.php?rest_route=%2Fwp%2Fv2%2Fcategories&post=13530"},{"taxonomy":"post_tag","embeddable":true,"href":"https:\/\/balcilar-blog.com\/index.php?rest_route=%2Fwp%2Fv2%2Ftags&post=13530"}],"curies":[{"name":"wp","href":"https:\/\/api.w.org\/{rel}","templated":true}]}}