{"id":13351,"date":"2016-04-04T11:34:26","date_gmt":"2016-04-04T08:34:26","guid":{"rendered":"http:\/\/balcilar-blog.com\/?p=13351"},"modified":"2016-04-04T11:34:26","modified_gmt":"2016-04-04T08:34:26","slug":"gecen-haftanin-28-mart-03-nisan-2016-en-cok-izlenen-dizileri","status":"publish","type":"post","link":"https:\/\/balcilar-blog.com\/?p=13351","title":{"rendered":"Ge\u00e7en Haftan\u0131n (28 Mart &#8211; 03 Nisan 2016) en \u00e7ok izlenen dizileri!"},"content":{"rendered":"<p><img loading=\"lazy\" decoding=\"async\" class=\"alignnone size-full wp-image-13358\" src=\"http:\/\/balcilar-blog.com\/wp-content\/uploads\/2016\/04\/cats-4-nisan.jpg\" alt=\"cats 4 nisan\" width=\"640\" height=\"472\" srcset=\"https:\/\/balcilar-blog.com\/wp-content\/uploads\/2016\/04\/cats-4-nisan.jpg 640w, https:\/\/balcilar-blog.com\/wp-content\/uploads\/2016\/04\/cats-4-nisan-300x221.jpg 300w, https:\/\/balcilar-blog.com\/wp-content\/uploads\/2016\/04\/cats-4-nisan-210x155.jpg 210w\" sizes=\"auto, (max-width: 640px) 100vw, 640px\" \/><\/p>\n<p>TNS \u00f6l\u00e7\u00fcmlerine g\u00f6re haz\u0131rlad\u0131\u011f\u0131m 28 Mart &#8211; 03 Nisan 2016 Tarihleri aras\u0131nda ekranlar\u0131m\u0131za gelen, Total\u2019de ve AB\u2019de ilk ona giren, haftan\u0131n dizi karnesini a\u015fa\u011f\u0131da bilgilerinize sunuyorum.<\/p>\n<p>Bu hafta da TRT1&#8217;in Dirili\u015f Ertu\u011frul bu hafta her iki kategoride ilk s\u0131rada yer ald\u0131. AB&#8217;de ald\u0131\u011f\u0131 15.00 tam puan ile yer ald\u0131. AB&#8217;nin 10.s\u0131ras\u0131nda ise, 4,43 reyting puan\u0131 ile Kanal D&#8217;nin dizisi Tatl\u0131 \u0130ntikam yer ald\u0131. Total&#8217;in ilk s\u0131ras\u0131nda 9,99 ile gene Dirili\u015f Ertu\u011frul yer alm\u0131\u015ft\u0131r. Total&#8217;de 1o. s\u0131ras\u0131nda ise, 5,55 ile Show Tv&#8217;nin Asla Vazge\u00e7mem yer alm\u0131\u015ft\u0131r.<\/p>\n<p>Star Tv&#8217;nin dizisi &#8220;G\u00f6\u00e7 Zaman\u0131&#8221; bu hafta ekranla gelen b\u00f6l\u00fcm\u00fcnde Total&#8217;de 3,57 puanla ve kendi g\u00fcn\u00fcnde 7.s\u0131rada yer ald\u0131. AB&#8217;de 10.s\u0131rada yer alm\u0131\u015ft\u0131r.<\/p>\n<p>Bu hafta Sal\u0131 geceleri ekranlara gelen Kanal D&#8217;nin Hayat \u015eark\u0131s\u0131 8.b\u00f6l\u00fcm\u00fc ile ilgiyi devam ettiriyor. Ve haftan\u0131n dizileri aras\u0131nda 7.s\u0131rada yer ald\u0131. Sal\u0131 kendi g\u00fcn\u00fcnde Total&#8217;de 6,01 ile 2.s\u0131rada, AB&#8217;de 6,82 2.s\u0131rada yer alm\u0131\u015ft\u0131r.<\/p>\n<p>Meryem Uzerli&#8217;nin dizisi Gecenin Krali\u00e7esi ilgi tamamen bitti. Total&#8217;de 29.s\u0131rada, AB&#8217;de 35.s\u0131rada yer alm\u0131\u015ft\u0131r. Bu hafta bir de\u011fi\u015fiklik olmaz ise, 13.B\u00f6l\u00fcm Sal\u0131 ge\u00e7esi final yapacak.<\/p>\n<p>Show Tv&#8217;nin iddial\u0131 dizisi K\u0131\u015f G\u00fcne\u015fi 6. b\u00f6l\u00fcm\u00fc ekranlarda geldi. Reytingleri yine olduk\u00e7a d\u00fc\u015f\u00fckt\u00fc. Total&#8217;de 30. AB&#8217;de 25.s\u0131rada yer alabildi. Dizi kanal m\u00fcdahalesi ile 3 Nisan&#8217;da 7.b\u00f6l\u00fcm\u00fc ekranlara gelikten sonra, 8. b\u00f6l\u00fcm\u00fcn Pazar ak\u015famlar\u0131 yay\u0131nlanaca\u011f\u0131 s\u00f6yleniyor.<\/p>\n<p>Cumartesi gecesi &#8220;Tatl\u0131 \u0130ntikam&#8221; iyi bir ba\u015flanma yapt\u0131. Bunun da tesad\u00fcf olamad\u0131\u011f\u0131n\u0131 g\u00f6sterdi. Bu hafta her iki grupta dizilerde ilk s\u0131rada yer ald\u0131. Leyla Lydia Tu\u011futlu ile Furkan And\u0131\u00e7 olduk\u00e7a ba\u015far\u0131l\u0131lar.<\/p>\n<p>Reyting Nedir?<br \/>\nReyting, izleyici tercihlerine g\u00f6re ortaya \u00e7\u0131kan izlenme pay\u0131n\u0131n kanallara ve programlara payla\u015ft\u0131r\u0131lmas\u0131 ile olu\u015fan de\u011ferlendirmedir. Reyting de\u011ferlendirmesi kanallar ve reklam \u015firketleri ad\u0131na TNS taraf\u0131ndan ger\u00e7ekle\u015ftirilir. \u00d6l\u00e7me i\u015flemi yakla\u015f\u0131k 2200 haneye yerle\u015ftirilen ve gizli tutulan reyting \u00f6l\u00e7me cihazlar\u0131 ile elde edilir. Reyting sonu\u00e7lar\u0131, t\u00fcm g\u00fcn boyunca izlenen programlar\u0131n listelenmesine imkan verir.<\/p>\n<p>Bu hafta en \u00e7ok izlenen ilk ona giren dizlere g\u00f6z atal\u0131m. Bu s\u0131ralama sadece dizilerin reytingler y\u00fczdesine g\u00f6re en \u00e7ok izlenen dizilerin ilk 10\u2019da yer alanlar\u0131n\u0131 s\u0131ralamaya koyuyorum. Yar\u0131\u015fma, e\u011flence ve haber programlar\u0131 y\u00fczdeleri y\u00fcksek olsa da bu s\u0131ralamaya koymuyorum. Bu sadece dizilerin yar\u0131\u015f\u0131d\u0131r, en \u00e7ok izlenen dizilerin s\u0131ralamas\u0131d\u0131r. Bir nevi dizilerin karnesidir.<\/p>\n<p><strong>Ge\u00e7en Haftan\u0131n En \u00c7ok \u0130zlenen Dizileri:<\/strong><\/p>\n<p><strong>Total ilk 10:<\/strong><\/p>\n<p>1.Dirili\u015f Ertu\u011frul 52.B\u00f6l\u00fcm (TRT1)&#8230;&#8230;&#8230;&#8230;&#8230;&#8230;&#8230;&#8230;&#8230;&#8230;9,99 &#8211; 21,78<\/p>\n<p>2.E\u015fk\u0131ya D\u00fcnyaya H\u00fck\u00fcmdar Olmaz 29.B\u00f6l\u00fcm (Atv).8,98 &#8211; 21,78<\/p>\n<p>3.K\u0131rg\u0131n \u00c7i\u00e7ekler 39.B\u00f6l\u00fcm (Atv)&#8230;&#8230;&#8230;&#8230;&#8230;&#8230;&#8230;&#8230;&#8230;&#8230;&#8230;8,42 &#8211; 20,58<\/p>\n<p>4.Parampar\u00e7a 59.B\u00f6l\u00fcm (Star Tv)&#8230;&#8230;&#8230;&#8230;&#8230;&#8230;&#8230;&#8230;&#8230;&#8230;..7,37 &#8211; 17,95<\/p>\n<p>5.Kurtlar Vadisi Pusu 288.B\u00f6l\u00fcm (Kanal D)&#8230;&#8230;&#8230;&#8230;&#8230;.6,89 &#8211; 17,37<\/p>\n<p>6.Kara Sevda 24.B\u00f6l\u00fcm (Star Tv)&#8230;&#8230;&#8230;&#8230;&#8230;&#8230;&#8230;&#8230;&#8230;&#8230;&#8230;6,44 &#8211; 15,32<\/p>\n<p>7.Hayat \u015eark\u0131s\u0131 8.B\u00f6l\u00fcm (Kanal D)&#8230;&#8230;&#8230;&#8230;&#8230;&#8230;&#8230;&#8230;&#8230;&#8230;6,01 &#8211; 15,02<\/p>\n<p>8.Karag\u00fcl 115.B\u00f6l\u00fcm (Fox Tv)&#8230;&#8230;&#8230;&#8230;&#8230;&#8230;&#8230;&#8230;&#8230;&#8230;&#8230;&#8230;..5,92 &#8211; 14,78<\/p>\n<p>9.O Hayat Benim 89.B\u00f6l\u00fcm (Fox Tv)&#8230;&#8230;&#8230;&#8230;&#8230;&#8230;&#8230;&#8230;&#8230;5,90 &#8211; 14,99<\/p>\n<p>10.Asla Vazge\u00e7mem 44.B\u00f6l\u00fcm (Show Tv)&#8230;&#8230;&#8230;&#8230;&#8230;&#8230;&#8230;5,55 &#8211; 14,56<\/p>\n<p>&nbsp;<\/p>\n<p><strong>AB\u2019de ilk 10:<\/strong><\/p>\n<p>1.Dirili\u015f Ertu\u011frul 52.B\u00f6l\u00fcm (TRT1)&#8230;&#8230;&#8230;&#8230;&#8230;&#8230;&#8230;&#8230;&#8230;&#8230;.15.00 &#8211; 33,75<\/p>\n<p>2.E\u015fk\u0131ya D\u00fcnyaya H\u00fck\u00fcmdar Olmaz 27.B\u00f6l\u00fcm (Atv)&#8230;8,47 &#8211; 20,84<\/p>\n<p>3.Hayat \u015eark\u0131s\u0131 8.B\u00f6l\u00fcm (Kanal D)&#8230;&#8230;&#8230;&#8230;&#8230;&#8230;&#8230;&#8230;&#8230;&#8230;..6,82 &#8211; 17,22<\/p>\n<p>4.Parampar\u00e7a 59.B\u00f6l\u00fcm (Star Tv)&#8230;&#8230;&#8230;&#8230;&#8230;&#8230;&#8230;&#8230;&#8230;&#8230;&#8230;.6,16 &#8211; 15,49<\/p>\n<p>5.Poyraz Karayel 51.B\u00f6l\u00fcm (Kanal D)&#8230;&#8230;&#8230;&#8230;&#8230;&#8230;&#8230;&#8230;&#8230;.6,02 &#8211; 13,78<\/p>\n<p>6.Kiral\u0131k A\u015fk 40.B\u00f6l\u00fcm (Star)&#8230;&#8230;&#8230;&#8230;&#8230;&#8230;&#8230;&#8230;&#8230;&#8230;&#8230;&#8230;&#8230;..5,58 &#8211; 14,77<\/p>\n<p>7.K\u0131rg\u0131n \u00c7i\u00e7ekler 39.B\u00f6l\u00fcm (Atv)&#8230;&#8230;&#8230;&#8230;&#8230;&#8230;&#8230;&#8230;&#8230;&#8230;&#8230;&#8230;5,11 &#8211; 12,99<\/p>\n<p>8.Kara Sevda 24.B\u00f6l\u00fcm (Star Tv)&#8230;&#8230;&#8230;&#8230;&#8230;&#8230;&#8230;&#8230;&#8230;&#8230;&#8230;&#8230;5,02 &#8211; 11,60<\/p>\n<p>9.Kurtlar Vadisi Pusu 288.B\u00f6l\u00fcm (Kanal D)&#8230;&#8230;&#8230;&#8230;&#8230;&#8230;4,84 &#8211; 14.00<\/p>\n<p>10.Tatl\u0131 \u0130ntikam 2.B\u00f6l\u00fcm (Kanal D)&#8230;&#8230;&#8230;&#8230;&#8230;&#8230;&#8230;&#8230;&#8230;&#8230;.4,43 &#8211; 13,36<\/p>\n<p>&nbsp;<\/p>\n<p><strong>TOTAL ve AB Grubunda reytingleri en y\u00fcksek olan ilk 5 s\u0131ralamas\u0131:<\/strong><\/p>\n<p><strong>1- Dirili\u015f Ertu\u011frul :<\/strong> Bu hafta da TRT1&#8217;in tarihi dizisi Dirili\u015f Ertu\u011frul 52.B\u00f6l\u00fcm\u00fcnde de AB&#8217;de ald\u0131\u011f\u0131 15.00 tam puan ile ilk s\u0131rada yer ald\u0131. Tu\u011ftekin, ya\u015fananlardan Ertu\u011frul\u2019u sorumlu tutmaktad\u0131r. G\u00fcndo\u011fdu alp ba\u015f\u0131 olarak, Do\u011fan ve Banu \u00c7i\u00e7ek\u2019in yakalanmas\u0131 i\u00e7in g\u00f6revlendirilmi\u015ftir. Ertu\u011frul ise Aytolun ve G\u00fcm\u00fc\u015ftekin\u2019in gizli oyunlar\u0131n\u0131 ortaya \u00e7\u0131karmak i\u00e7in yeni bir plan yapm\u0131\u015ft\u0131r. Banu \u00c7i\u00e7ek\u2019le Selcan\u2019\u0131n g\u00f6r\u00fc\u015ft\u00fc\u011f\u00fcn\u00fc g\u00f6ren Goncag\u00fcl, obaya gelerek g\u00f6rd\u00fcklerini halas\u0131na anlat\u0131r. Aytolun, Goncag\u00fcl\u2019\u00fcn anlatt\u0131klar\u0131yla tela\u015flanm\u0131\u015ft\u0131r. Do\u011fan, G\u00fcndo\u011fdu Bey taraf\u0131ndan yakalan\u0131r. Banu \u00c7i\u00e7ek ise ka\u00e7arken yaralanm\u0131\u015ft\u0131r. Di\u011fer yandan Saadettin K\u00f6pek b\u00fct\u00fcn T\u00fcrkmen beylerini kervansarayda toplar.<\/p>\n<p><img loading=\"lazy\" decoding=\"async\" class=\"alignnone size-full wp-image-13353\" src=\"http:\/\/balcilar-blog.com\/wp-content\/uploads\/2016\/04\/dirilis-ertugrul-un-52-bolumu.jpg\" alt=\"dirilis-ertugrul-un-52-bolumu\" width=\"640\" height=\"338\" srcset=\"https:\/\/balcilar-blog.com\/wp-content\/uploads\/2016\/04\/dirilis-ertugrul-un-52-bolumu.jpg 640w, https:\/\/balcilar-blog.com\/wp-content\/uploads\/2016\/04\/dirilis-ertugrul-un-52-bolumu-300x158.jpg 300w\" sizes=\"auto, (max-width: 640px) 100vw, 640px\" \/><\/p>\n<p>&nbsp;<\/p>\n<p><strong>2.E\u015fk\u0131ya D\u00fcnyaya H\u00fck\u00fcmdar Olmaz<\/strong> : Oktay Kaynarca&#8217;n\u0131n sevilen dizisi Sal\u0131 gecelerinin birincili\u011fi kimselere kapt\u0131rm\u0131yor. Bu hafta Total&#8217;de ald\u0131\u011f\u0131 8,98 ile 2.s\u0131rada yer al\u0131yor. H\u0131z\u0131r \u00c7ak\u0131rbeyli&#8217;nin ac\u0131s\u0131 bir iken iki oluverir. Selim, karde\u015finin elinden ikinci kez \u00f6l\u00fcmle y\u00fczle\u015fir. B\u00fclent&#8217;in asl\u0131nda kim oldu\u011fu da art\u0131k herkes taraf\u0131ndan bilinmektedir. Mahmut ger\u00e7e\u011fiyle yeniden kar\u015f\u0131 kar\u015f\u0131ya gelen H\u0131z\u0131r&#8217;\u0131n korkular\u0131 daha da artar. Art\u0131k herkes tedirgindir \u00e7\u00fcnk\u00fc Mahmut hayattayken tehlikenin nereden gelece\u011fini kimse kestiremez. \u00dcnal bu karga\u015fadan istifade ederek Nevzat ve Davut&#8217;la bir g\u00f6r\u00fc\u015fme ayarlar. Amac\u0131 aralar\u0131nda olan anla\u015fmazl\u0131\u011fa bir nokta koyarak Viktor&#8217;a kar\u015f\u0131 devlet g\u00fcc\u00fcn\u00fc yan\u0131nda tutmakt\u0131r. Nazl\u0131 kay\u0131p o\u011flunun g\u00f6z ya\u015f\u0131n\u0131 d\u00f6kerken Meryem baba evinde yaln\u0131z ve savunmas\u0131zd\u0131r. H\u0131z\u0131r ba\u015flar\u0131nda gezen beladan kar\u0131s\u0131n\u0131 korumak ad\u0131na eve geri d\u00f6nmesini a\u00e7\u0131k\u00e7a istese de Meryem kovuldu\u011fu eve d\u00f6nmemekte kararl\u0131d\u0131r.<\/p>\n<p><img loading=\"lazy\" decoding=\"async\" class=\"alignnone size-full wp-image-13354\" src=\"http:\/\/balcilar-blog.com\/wp-content\/uploads\/2016\/04\/eskiya-dunyaya-hukumdar-olmaz-291.jpg\" alt=\"eskiya-dunyaya-hukumdar-olmaz-291\" width=\"640\" height=\"354\" srcset=\"https:\/\/balcilar-blog.com\/wp-content\/uploads\/2016\/04\/eskiya-dunyaya-hukumdar-olmaz-291.jpg 640w, https:\/\/balcilar-blog.com\/wp-content\/uploads\/2016\/04\/eskiya-dunyaya-hukumdar-olmaz-291-300x166.jpg 300w\" sizes=\"auto, (max-width: 640px) 100vw, 640px\" \/><\/p>\n<p>&nbsp;<\/p>\n<p><strong>3.K\u0131rg\u0131n \u00c7i\u00e7ekler :<\/strong> Pazartesi geceleri seyircini g\u00f6zya\u015f\u0131 d\u00f6kt\u00fcren, bol ac\u0131l\u0131 K\u0131rg\u0131n \u00c7i\u00e7ekler bu hafta Total&#8217;de ald\u0131\u011f\u0131 8,42 reyting puan\u0131 ile bu hafta 3.s\u0131rada yer ald\u0131. Kimsesiz kalan Defne, elinde bavulla yetimhane kap\u0131s\u0131ndad\u0131r. K\u0131zlar Defne&#8217;nin durumuna \u00fcz\u00fcl\u00fcrken Cemre ve Meral \u00f6fkelerini kenara b\u0131rakmayacakt\u0131r. Defne&#8217;yi zor g\u00fcnler beklemektedir. Banu ve Ekrem&#8217;in ili\u015fkisini \u00f6\u011frenen G\u00fcney, her \u015feyi annesine anlat\u0131r. Bu ili\u015fkiyi ondan saklayan Song\u00fcl&#8217;e ise fena halde k\u0131r\u0131lm\u0131\u015ft\u0131r. Song\u00fcl, kendini affettirmek i\u00e7in t\u00fcrl\u00fc yola ba\u015fvurur. Eyl\u00fcl, Kemal&#8217;in kendisini taciz etti\u011fini Nazan&#8217;\u0131n g\u00f6rd\u00fc\u011f\u00fcn\u00fc \u00f6\u011frenip annesine her \u015feyi anlatmas\u0131n\u0131 ister ve Mesude&#8217;yi Nazan&#8217;\u0131n ziyaretine g\u00f6t\u00fcr\u00fcr. Mesude&#8217;nin bo\u015fanma iste\u011fini ciddiye almayan Kemal, bu kez mahkemenin uzakla\u015ft\u0131rma karar\u0131yla y\u00fczle\u015fir. Nazan&#8217;\u0131n Mesude&#8217;ye g\u00f6rd\u00fcklerini anlataca\u011f\u0131n\u0131 \u00f6\u011frenince de Defne ve Serkan&#8217;\u0131 ziyaret eder ve ceza evindeki Nazan&#8217;a mesaj g\u00f6nderir.<\/p>\n<p><img loading=\"lazy\" decoding=\"async\" class=\"size-full wp-image-13352\" src=\"http:\/\/balcilar-blog.com\/wp-content\/uploads\/2016\/04\/atv-kirgin-cicekler-yen.jpg\" alt=\"CREATOR: gd-jpeg v1.0 (using IJG JPEG v62), quality = 85\" width=\"640\" height=\"470\" srcset=\"https:\/\/balcilar-blog.com\/wp-content\/uploads\/2016\/04\/atv-kirgin-cicekler-yen.jpg 640w, https:\/\/balcilar-blog.com\/wp-content\/uploads\/2016\/04\/atv-kirgin-cicekler-yen-300x220.jpg 300w, https:\/\/balcilar-blog.com\/wp-content\/uploads\/2016\/04\/atv-kirgin-cicekler-yen-210x155.jpg 210w\" sizes=\"auto, (max-width: 640px) 100vw, 640px\" \/><\/p>\n<p><strong>4.Parampar\u00e7a :<\/strong> Bu hafta 4.s\u0131ray\u0131 tekrar Kara Sevda&#8217;dan alan Parampar\u00e7a, Totalde ald\u0131\u011f\u0131 7,37 puanla yerle\u015fti. Hazal\u2019\u0131n do\u011fum g\u00fcn\u00fcnde ya\u015fad\u0131\u011f\u0131 \u015fok ile eve giden Deniz\u2019i ikinci bir \u015fok beklemektedir. Annesinin \u00f6l\u00fcm\u00fcnden Rahmi Bey\u2019i sorumlu tutan Deniz, hesap sormak i\u00e7in yal\u0131ya gider ve bu s\u00fcre\u00e7te annesinin ge\u00e7mi\u015fiyle de y\u00fczle\u015fmek zorunda kal\u0131r. Cihan ise Hazal\u2019\u0131n k\u00f6t\u00fcl\u00fcklerini daha fazla alttan almamaya karar verir. Demir\u2019e bak\u0131c\u0131 olarak yal\u0131ya gelen Sevin\u00e7 art\u0131k, Hazal\u2019\u0131n su\u00e7 orta\u011f\u0131d\u0131r. Dilara\u2019n\u0131n do\u011fumunu Maide Han\u0131m\u2019dan \u00f6\u011frenen Harun, Demir\u2019in kendi \u00e7ocu\u011fu oldu\u011funa emindir. Maide Han\u0131m, vak\u0131f bahanesiyle yal\u0131ya gider ve bebe\u011fe ait bir e\u015fyay\u0131 gizlice al\u0131r. Dilara\u2019dan bir \u015fans daha istemeye kararl\u0131 olan Harun, Dilara ile y\u00fcz y\u00fcze gelmenin bir yolunu bulur ancak, Candan bu bulu\u015fmaya izin vermeyecektir.<\/p>\n<p><img loading=\"lazy\" decoding=\"async\" class=\"alignnone size-full wp-image-13355\" src=\"http:\/\/balcilar-blog.com\/wp-content\/uploads\/2016\/04\/parampar\u00e7a-59.b\u00f6l\u00fcm.jpg\" alt=\"parampar\u00e7a 59.b\u00f6l\u00fcm\" width=\"640\" height=\"400\" srcset=\"https:\/\/balcilar-blog.com\/wp-content\/uploads\/2016\/04\/parampar\u00e7a-59.b\u00f6l\u00fcm.jpg 640w, https:\/\/balcilar-blog.com\/wp-content\/uploads\/2016\/04\/parampar\u00e7a-59.b\u00f6l\u00fcm-300x188.jpg 300w\" sizes=\"auto, (max-width: 640px) 100vw, 640px\" \/><\/p>\n<p>&nbsp;<\/p>\n<p><strong>5.Kurtlar Vadisi Pusu:<\/strong> Uzun bir aradan sonra tekrar ilk be\u015fe girdi. Total&#8217;de ald\u0131\u011f\u0131 6,89 puanla 5.s\u0131rada yer ald\u0131. Ge\u00e7ti\u011fimiz hafta Polat Alemdar ve Yusuf Kuzuzade\u2019nin bulu\u015fmas\u0131yla sona eren Kurtlar Vadisi Pusu\u2019nun 287. B\u00f6l\u00fcm\u00fcnde Polat, Yusuf\u2019u gizli mekan\u0131nda a\u011f\u0131rlam\u0131\u015ft\u0131. Yusuf, Polat Alemdar\u2019dan i\u00e7ine girdi\u011fi \u00e7emberin bilmedi\u011fi ger\u00e7eklerini duyacak. Bundan sonra Yusuf\u2019un kendisi i\u00e7in \u00e7izece\u011fi yol hangi do\u011frultuda olacak? Yusuf, \u0131srarla cevab\u0131n\u0131 arad\u0131\u011f\u0131 sorunun cevab\u0131n\u0131 alabilecek mi? G\u00f6lge\u2019nin orkestras\u0131 tamamlan\u0131yor\u2026 Adamlar\u0131, \u00f6rg\u00fct lideri ile bir araya gelerek planlar\u0131n\u0131 uygulamaya koyuyorlar. Bu plana Siyah Sancak\u2019\u0131n cevab\u0131 gecikmeyecektir. G\u00f6lge ise iki nehir aras\u0131nda hareket ge\u00e7irdi\u011fi ta\u015flar\u0131n ard\u0131ndan hasat zaman\u0131 i\u00e7in f\u0131rsat kolluyor\u2026<\/p>\n<p><img loading=\"lazy\" decoding=\"async\" class=\"alignnone size-full wp-image-13356\" src=\"http:\/\/balcilar-blog.com\/wp-content\/uploads\/2016\/04\/659887kurtlar_vadisi.png\" alt=\"659887kurtlar_vadisi\" width=\"640\" height=\"311\" srcset=\"https:\/\/balcilar-blog.com\/wp-content\/uploads\/2016\/04\/659887kurtlar_vadisi.png 640w, https:\/\/balcilar-blog.com\/wp-content\/uploads\/2016\/04\/659887kurtlar_vadisi-300x146.png 300w\" sizes=\"auto, (max-width: 640px) 100vw, 640px\" \/><\/p>\n<p>&nbsp;<\/p>\n<p><strong>Her iki kategorinin ilk on&#8217;da yer alan diziler:<\/strong><\/p>\n<p>K\u0131rg\u0131n \u00c7i\u00e7ekler, Parampar\u00e7a, E\u015fk\u0131ya D\u00fcnyaya H\u00fck\u00fcmdar Olmaz, Hayat \u015eark\u0131s\u0131, Dirili\u015f Ertu\u011frul, Kara Sevda ve Kurtlar Vadisi Pusu her iki grupta yer alan diziler olmu\u015ftur.<\/p>\n<p>&nbsp;<\/p>\n<p><strong>Kanallara g\u00f6re s\u0131ralamaya g\u00f6z atarsak:<\/strong><\/p>\n<p>Total grubunda: Kanal D 4 dizi. Star Tv 3 dizi. Atv 2 dizi. TRT1 bir dizi ile yer alm\u0131\u015ft\u0131r.<\/p>\n<p>AB\u2019de ilk onda: Kanal D 4 dizi, Star Tv 3 dizi. Atv 2 dizi ve TRT1 bir dizi ile yer alm\u0131\u015ft\u0131r.<\/p>\n<p>Bu haftan\u0131n kanal\u0131, Total&#8217;de ve AB&#8217;de 4 dizisi yer alan Kanal D olmu\u015ftur. Star Tv. ise Total ve AB&#8217;de 3&#8217;er dizi ile 2.s\u0131radad\u0131r.<\/p>\n<p>&nbsp;<\/p>\n<p>Bu hafta, Star Tv&#8217;nin Muhte\u015fem Y\u00fczy\u0131l K\u00f6sem dizisi AB&#8217;de kendi g\u00fcn\u00fcnde 3,66 ile gecenin 4.s\u0131ras\u0131nda yer al\u0131rken, Total&#8217;de 16.s\u0131rada yer ald\u0131. Bu tarihi g\u00fczel dizi maalesef 12 May\u0131s 26.B\u00f6l\u00fcm Star Tv&#8217;de final yapaca\u011f\u0131 bildirildi. Tims Productions-Timur Savc\u0131 dizinin yeni sezonda Star Tv ile anla\u015fma olmaz ise ba\u015fka bir kanalda devam edece\u011fini s\u00f6yledi. Diziyi ilgiyi artt\u0131rmak i\u00e7in yeni karakterlerin yan\u0131nda, karakterlerde rol de\u011fi\u015fikli\u011fine gidiliyor. Sultan Ahmed&#8217;i oynayan Ekin Ko\u00e7 yerine yeni sezonda, Engin Aky\u00fcrek ayn\u0131 rol\u00fc \u00fcstlenece\u011fi s\u00f6yleniyor. \u015eayet bu de\u011fi\u015fiklik ger\u00e7ekle\u015ftirilirse, bakal\u0131m diziye ilgi artacak m\u0131? Hep birlikte g\u00f6rece\u011fiz.<\/p>\n<p>Sizler hangi dizinin \u00e7ok seyredildi\u011fine bak\u0131n ama, gene de sevdi\u011finiz, keyif ald\u0131\u011f\u0131n\u0131z o diziyi seyredin.<\/p>\n<p>Keyifli Seyirler.<\/p>\n<p>Sayg\u0131lar ve sevgiler.<\/p>\n<p>Abdurrahman Balc\u0131lar<\/p>\n<p>Twitter:\u00a0<a href=\"https:\/\/twitter.com\/abbalcilar\">abdurrahman balc\u0131lar<\/a><a href=\"https:\/\/twitter.com\/abbalcilar\"><strong>@abbalcilar<\/strong><\/a><\/p>\n<p>Mail :\u00a0<a href=\"mailto:ab.balcilar@hotmail.com\">ab.balcilar@hotmail.com<\/a><\/p>\n<p>Blog:\u00a0<a href=\"http:\/\/t.co\/znqmIZgIqn\">blog.milliyet.com.tr\/cansever<\/a><\/p>\n<p>Blog:\u00a0<strong>balcilar<\/strong>&#8211;<strong>blog.com<\/strong><\/p>\n<p>&nbsp;<\/p>\n<p>&nbsp;<\/p>\n<p>Not: G\u00f6rseller taraf\u0131mdan \u0130nternetten, dizi reytingleri (reytingkurdu) sayfas\u0131ndan al\u0131nm\u0131\u015ft\u0131r.<\/p>\n<p>&nbsp;<\/p>\n","protected":false},"excerpt":{"rendered":"<p>TNS \u00f6l\u00e7\u00fcmlerine g\u00f6re haz\u0131rlad\u0131\u011f\u0131m 28 Mart &#8211; 03 Nisan 2016 Tarihleri aras\u0131nda ekranlar\u0131m\u0131za gelen, Total\u2019de ve AB\u2019de ilk ona giren, haftan\u0131n dizi karnesini a\u015fa\u011f\u0131da bilgilerinize sunuyorum. Bu hafta da TRT1&#8217;in Dirili\u015f Ertu\u011frul bu hafta her iki kategoride ilk s\u0131rada yer ald\u0131. AB&#8217;de ald\u0131\u011f\u0131 15.00 tam puan ile yer ald\u0131. AB&#8217;nin 10.s\u0131ras\u0131nda ise, 4,43 reyting puan\u0131 [&hellip;]<\/p>\n","protected":false},"author":3,"featured_media":13358,"comment_status":"open","ping_status":"open","sticky":false,"template":"","format":"standard","meta":{"footnotes":""},"categories":[2],"tags":[570,598,803,750,800,1086,1087,530],"class_list":["post-13351","post","type-post","status-publish","format-standard","has-post-thumbnail","hentry","category-tv-programlari","tag-dirilis-ertugrul","tag-dizilerin-karnesi","tag-engin-ayyurek","tag-kirgin-cicekler","tag-oktay-kaynarca","tag-parampraca","tag-timur-savci","tag-tns-olcumleri"],"views":3576,"blog_post_layout_featured_media_urls":{"thumbnail":["https:\/\/balcilar-blog.com\/wp-content\/uploads\/2016\/04\/cats-4-nisan-150x150.jpg",150,150,true],"full":["https:\/\/balcilar-blog.com\/wp-content\/uploads\/2016\/04\/cats-4-nisan.jpg",640,472,false]},"categories_names":{"2":{"name":"TV Programlar\u0131","link":"https:\/\/balcilar-blog.com\/?cat=2"}},"tags_names":{"570":{"name":"dirili\u015f Ertu\u011frul","link":"https:\/\/balcilar-blog.com\/?tag=dirilis-ertugrul"},"598":{"name":"Dizilerin Karnesi","link":"https:\/\/balcilar-blog.com\/?tag=dizilerin-karnesi"},"803":{"name":"Engin Ayy\u00fcrek","link":"https:\/\/balcilar-blog.com\/?tag=engin-ayyurek"},"750":{"name":"K\u0131rg\u0131n \u00c7i\u00e7ekler","link":"https:\/\/balcilar-blog.com\/?tag=kirgin-cicekler"},"800":{"name":"Oktay Kaynarca","link":"https:\/\/balcilar-blog.com\/?tag=oktay-kaynarca"},"1086":{"name":"Parampra\u00e7a","link":"https:\/\/balcilar-blog.com\/?tag=parampraca"},"1087":{"name":"Timur Savc\u0131","link":"https:\/\/balcilar-blog.com\/?tag=timur-savci"},"530":{"name":"TNS \u00f6l\u00e7\u00fcmleri","link":"https:\/\/balcilar-blog.com\/?tag=tns-olcumleri"}},"comments_number":"0","wpmagazine_modules_lite_featured_media_urls":{"thumbnail":["https:\/\/balcilar-blog.com\/wp-content\/uploads\/2016\/04\/cats-4-nisan-150x150.jpg",150,150,true],"cvmm-medium":["https:\/\/balcilar-blog.com\/wp-content\/uploads\/2016\/04\/cats-4-nisan.jpg",300,221,false],"cvmm-medium-plus":["https:\/\/balcilar-blog.com\/wp-content\/uploads\/2016\/04\/cats-4-nisan.jpg",281,207,false],"cvmm-portrait":["https:\/\/balcilar-blog.com\/wp-content\/uploads\/2016\/04\/cats-4-nisan.jpg",400,295,false],"cvmm-medium-square":["https:\/\/balcilar-blog.com\/wp-content\/uploads\/2016\/04\/cats-4-nisan.jpg",600,443,false],"cvmm-large":["https:\/\/balcilar-blog.com\/wp-content\/uploads\/2016\/04\/cats-4-nisan.jpg",640,472,false],"cvmm-small":["https:\/\/balcilar-blog.com\/wp-content\/uploads\/2016\/04\/cats-4-nisan.jpg",130,95,false],"full":["https:\/\/balcilar-blog.com\/wp-content\/uploads\/2016\/04\/cats-4-nisan.jpg",640,472,false]},"_links":{"self":[{"href":"https:\/\/balcilar-blog.com\/index.php?rest_route=\/wp\/v2\/posts\/13351","targetHints":{"allow":["GET"]}}],"collection":[{"href":"https:\/\/balcilar-blog.com\/index.php?rest_route=\/wp\/v2\/posts"}],"about":[{"href":"https:\/\/balcilar-blog.com\/index.php?rest_route=\/wp\/v2\/types\/post"}],"author":[{"embeddable":true,"href":"https:\/\/balcilar-blog.com\/index.php?rest_route=\/wp\/v2\/users\/3"}],"replies":[{"embeddable":true,"href":"https:\/\/balcilar-blog.com\/index.php?rest_route=%2Fwp%2Fv2%2Fcomments&post=13351"}],"version-history":[{"count":3,"href":"https:\/\/balcilar-blog.com\/index.php?rest_route=\/wp\/v2\/posts\/13351\/revisions"}],"predecessor-version":[{"id":13363,"href":"https:\/\/balcilar-blog.com\/index.php?rest_route=\/wp\/v2\/posts\/13351\/revisions\/13363"}],"wp:featuredmedia":[{"embeddable":true,"href":"https:\/\/balcilar-blog.com\/index.php?rest_route=\/wp\/v2\/media\/13358"}],"wp:attachment":[{"href":"https:\/\/balcilar-blog.com\/index.php?rest_route=%2Fwp%2Fv2%2Fmedia&parent=13351"}],"wp:term":[{"taxonomy":"category","embeddable":true,"href":"https:\/\/balcilar-blog.com\/index.php?rest_route=%2Fwp%2Fv2%2Fcategories&post=13351"},{"taxonomy":"post_tag","embeddable":true,"href":"https:\/\/balcilar-blog.com\/index.php?rest_route=%2Fwp%2Fv2%2Ftags&post=13351"}],"curies":[{"name":"wp","href":"https:\/\/api.w.org\/{rel}","templated":true}]}}