{"id":13323,"date":"2016-03-31T15:45:43","date_gmt":"2016-03-31T12:45:43","guid":{"rendered":"http:\/\/balcilar-blog.com\/?p=13323"},"modified":"2016-03-31T16:02:39","modified_gmt":"2016-03-31T13:02:39","slug":"kara-sevdada-sok-emirin-kardesi-ortaya-cikti","status":"publish","type":"post","link":"https:\/\/balcilar-blog.com\/?p=13323","title":{"rendered":"Kara Sevda&#8217;da \u015fok! Emir&#8217;in karde\u015fi ortaya \u00e7\u0131kt\u0131!"},"content":{"rendered":"<p><img loading=\"lazy\" decoding=\"async\" class=\"alignnone size-full wp-image-13326\" src=\"http:\/\/balcilar-blog.com\/wp-content\/uploads\/2016\/03\/24-5.jpg\" alt=\"24-5\" width=\"550\" height=\"480\" srcset=\"https:\/\/balcilar-blog.com\/wp-content\/uploads\/2016\/03\/24-5.jpg 550w, https:\/\/balcilar-blog.com\/wp-content\/uploads\/2016\/03\/24-5-300x262.jpg 300w\" sizes=\"auto, (max-width: 550px) 100vw, 550px\" \/><\/p>\n<p>Ay Yap\u0131m, imzal\u0131 Kara Sevda&#8217;da Kemal ve Nihan kavu\u015fmak i\u00e7in g\u00fcn say\u0131yor. Emir&#8217;in kirli oyununu ele ge\u00e7irdikleri gizli g\u00f6r\u00fcnt\u00fclerle ortaya \u00e7\u0131karan a\u015f\u0131klar yeni b\u00f6l\u00fcmde mutlulu\u011fa \u00e7ok yakla\u015f\u0131yorlar.<\/p>\n<p>D\u00fcn ak\u015famki b\u00f6l\u00fcmde; Nihan, Emir&#8217;e ilk kez bo\u015fanmak istedi\u011fini s\u00f6yleyerek evden ayr\u0131l\u0131yor. Heyecan dolu b\u00f6l\u00fcmde, Kemal ve Nihan&#8217;\u0131n bir araya gelmesini sab\u0131rs\u0131zl\u0131kla bekleyen izleyenleri s\u00fcrpriz geli\u015fmeler oldu.<\/p>\n<p>EM\u0130R&#8217;\u0130N KARDE\u015e\u0130 ORTAYA \u00c7IKIYOR!!!<\/p>\n<p>Kemal ve Nihan; Emir&#8217;e \u015fantaj yapan ve kimli\u011fini gizleyen me\u00e7hul ki\u015finin g\u00f6nderdi\u011fi g\u00f6r\u00fcnt\u00fclerle d\u00fc\u011fmeye basacak. Adeta ate\u015f \u00e7emberinin i\u00e7ine d\u00fc\u015fen Emir ise Nihan&#8217;\u0131n bo\u015fanmak istemesiyle deliye d\u00f6n\u00fcyor. A\u011fz\u0131 kuruyor, s\u00f6yleyecek s\u00f6z bulam\u0131yor.<\/p>\n<p><img loading=\"lazy\" decoding=\"async\" class=\"alignnone size-full wp-image-13327\" src=\"http:\/\/balcilar-blog.com\/wp-content\/uploads\/2016\/03\/24-6.jpg\" alt=\"24-6\" width=\"640\" height=\"430\" srcset=\"https:\/\/balcilar-blog.com\/wp-content\/uploads\/2016\/03\/24-6.jpg 640w, https:\/\/balcilar-blog.com\/wp-content\/uploads\/2016\/03\/24-6-300x202.jpg 300w\" sizes=\"auto, (max-width: 640px) 100vw, 640px\" \/><\/p>\n<p>Kemal ve Emir&#8217;in birbirlerine meydan okuyaca\u011f\u0131 nefes kesen b\u00f6l\u00fcmde haftalard\u0131r merakla beklenen sorular da yan\u0131t buluyor. \u0130zleyiciyi her hafta ters k\u00f6\u015feye yat\u0131ran dizide bu hafta Emir&#8217;in karde\u015finin kimli\u011fi ortaya \u00e7\u0131k\u0131yor.<\/p>\n<p><strong>KARA SEVDA&#8217;DA HAFTALARDIR BEKLENEN SORU YANITLANDI!<\/strong><\/p>\n<p><strong>EM\u0130R&#8217;\u0130N KARDE\u015e\u0130 ORTAYA \u00c7IKTI!<\/strong><\/p>\n<p><img loading=\"lazy\" decoding=\"async\" class=\"alignnone size-full wp-image-13329\" src=\"http:\/\/balcilar-blog.com\/wp-content\/uploads\/2016\/03\/21-1-1.jpg\" alt=\"21-1\" width=\"612\" height=\"480\" srcset=\"https:\/\/balcilar-blog.com\/wp-content\/uploads\/2016\/03\/21-1-1.jpg 612w, https:\/\/balcilar-blog.com\/wp-content\/uploads\/2016\/03\/21-1-1-300x235.jpg 300w\" sizes=\"auto, (max-width: 612px) 100vw, 612px\" \/><br \/>\nAy Yap\u0131m imzal\u0131 Kara Sevda&#8217;n\u0131n d\u00fcn ak\u015fam yay\u0131nlanan b\u00f6l\u00fcm\u00fcnde nefesler tutuldu. Emir&#8217;in haftalard\u0131r b\u00fcy\u00fck bir merakla beklenilen karde\u015finin kimli\u011fi b\u00f6l\u00fcm\u00fcn final sahnesinde ortaya \u00e7\u0131kt\u0131. Kemal&#8217;in patronunun ye\u011feni olan Asu&#8217;nun, Emir&#8217;in k\u0131z karde\u015fi olmas\u0131 izleyenleri \u015foke etti.<\/p>\n<p><img loading=\"lazy\" decoding=\"async\" class=\"alignnone size-full wp-image-13328\" src=\"http:\/\/balcilar-blog.com\/wp-content\/uploads\/2016\/03\/24-21.jpg\" alt=\"24-21\" width=\"640\" height=\"357\" srcset=\"https:\/\/balcilar-blog.com\/wp-content\/uploads\/2016\/03\/24-21.jpg 640w, https:\/\/balcilar-blog.com\/wp-content\/uploads\/2016\/03\/24-21-300x167.jpg 300w\" sizes=\"auto, (max-width: 640px) 100vw, 640px\" \/><\/p>\n<p>Heyecan\u0131n doru\u011fa t\u0131rmand\u0131\u011f\u0131 b\u00f6l\u00fcmde ekran ba\u015f\u0131ndaki izleyenler ayn\u0131 zamanda Emir&#8217;e \u015fantaj da yapan Asu&#8217;nun hi\u00e7 bilmedikleri ikinci y\u00fcz\u00fcyle tan\u0131\u015ft\u0131lar.<\/p>\n<p>Kemal&#8217;e deliler gibi a\u015f\u0131k olan Asu&#8217;nun intikam plan\u0131n\u0131 anlatt\u0131\u011f\u0131 o sahne:<b>\u00a0<\/b><\/p>\n<div class=\"ContentRightInner t_mbgc t_qtc t_urtc\">\n<div id=\"inboxControl0fv-ReadMessageContainer\" class=\"v-ReadMessageContainer slideOnResize\" tabindex=\"-1\">\n<div class=\"c-ReadMessage\" data-link=\"class{readMessageClass: ~tag.Show}\">\n<div id=\"ReadMessageScrollableSection\" class=\"rmMessages ClearBoth\" tabindex=\"-1\">\n<div id=\"readMessagePartControl694f\" class=\"c-ReadMessagePart ReadMsgContainer HasLayout ClearBoth HideShadows FullPart NoHistory Read RmIc\" data-link=\"class{:~tag.getHeaderCssClass(IsConversationPart, IsRead, IsDraft, IsTrustedSender, Items.length)}\">\n<div class=\"c-ReadMessagePartBody\" data-link=\"class{getClass:IsBodyExpanded}\">\n<div class=\"readMsgBody\">\n<div id=\"bodyreadMessagePartBodyControl699f\" class=\"ExternalClass MsgBodyContainer\" data-link=\"class{:~tag.cssClasses(PlainText, IsContentFiltered)}\">\n<div dir=\"ltr\">\n<p class=\"ecxMsoNormal\" align=\"center\"><b><u><a class=\"\" href=\"https:\/\/www.youtube.com\/channel\/UCo4pRMCvQXDqXgDChYzYw9Q\" target=\"_blank\">https:\/\/www.youtube.com\/channel\/UCo4pRMCvQXDqXgDChYzYw9Q<\/a><\/u><\/b><\/p>\n<p class=\"ecxMsoNormal\" align=\"center\">Ge\u00e7en b\u00f6l\u00fcmde bir \u015fok bir sahne de, a\u011fabeyi Tar\u0131k&#8217;\u0131n Kemal&#8217;e silah \u00e7ekmesi oldu.<\/p>\n<p class=\"ecxMsoNormal\" align=\"center\"><img loading=\"lazy\" decoding=\"async\" class=\"alignnone size-full wp-image-13332\" src=\"http:\/\/balcilar-blog.com\/wp-content\/uploads\/2016\/03\/24-1.jpg\" alt=\"24-1\" width=\"640\" height=\"421\" srcset=\"https:\/\/balcilar-blog.com\/wp-content\/uploads\/2016\/03\/24-1.jpg 640w, https:\/\/balcilar-blog.com\/wp-content\/uploads\/2016\/03\/24-1-300x197.jpg 300w\" sizes=\"auto, (max-width: 640px) 100vw, 640px\" \/><\/p>\n<p class=\"ecxMsoNormal\" align=\"center\">Kemal g\u00f6z\u00fcn\u00fc k\u0131rpmadan, hadi durma \u00e7ek teti\u011fi diyerek kar\u015f\u0131l\u0131k verdi. \u0130ki karde\u015f aras\u0131nda ipler tamamen koptu.<\/p>\n<p class=\"ecxMsoNormal\" align=\"center\"><img loading=\"lazy\" decoding=\"async\" class=\"alignnone size-full wp-image-13333\" src=\"http:\/\/balcilar-blog.com\/wp-content\/uploads\/2016\/03\/24-2.jpg\" alt=\"24-2\" width=\"640\" height=\"476\" srcset=\"https:\/\/balcilar-blog.com\/wp-content\/uploads\/2016\/03\/24-2.jpg 640w, https:\/\/balcilar-blog.com\/wp-content\/uploads\/2016\/03\/24-2-300x223.jpg 300w, https:\/\/balcilar-blog.com\/wp-content\/uploads\/2016\/03\/24-2-210x155.jpg 210w\" sizes=\"auto, (max-width: 640px) 100vw, 640px\" \/><\/p>\n<p class=\"ecxMsoNormal\" align=\"center\">Nihan ilk defa parma\u011f\u0131ndaki y\u00fcz\u00fc\u011f\u00fc \u00e7\u0131kard\u0131 ve Emir&#8217;in avucuna koydu.<\/p>\n<p class=\"ecxMsoNormal\" align=\"center\"><img loading=\"lazy\" decoding=\"async\" class=\"alignnone size-full wp-image-13334\" src=\"http:\/\/balcilar-blog.com\/wp-content\/uploads\/2016\/03\/24-3.jpg\" alt=\"24-3\" width=\"572\" height=\"480\" srcset=\"https:\/\/balcilar-blog.com\/wp-content\/uploads\/2016\/03\/24-3.jpg 572w, https:\/\/balcilar-blog.com\/wp-content\/uploads\/2016\/03\/24-3-300x252.jpg 300w\" sizes=\"auto, (max-width: 572px) 100vw, 572px\" \/><\/p>\n<p class=\"ecxMsoNormal\" align=\"center\">Kemal ile Nihan&#8217;\u0131n aralar\u0131ndaki y\u00fcz\u00fck engeli kalk\u0131nca g\u00fczel g\u00fcnler geliyor. Kemal, babas\u0131na Nihan&#8217;a olan a\u015fk\u0131n\u0131 anlat\u0131yor, onu yumu\u015fat\u0131yor.<\/p>\n<p class=\"ecxMsoNormal\" align=\"center\"><img loading=\"lazy\" decoding=\"async\" class=\"alignnone size-full wp-image-13335\" src=\"http:\/\/balcilar-blog.com\/wp-content\/uploads\/2016\/03\/24-4.jpg\" alt=\"24-4\" width=\"480\" height=\"569\" srcset=\"https:\/\/balcilar-blog.com\/wp-content\/uploads\/2016\/03\/24-4.jpg 480w, https:\/\/balcilar-blog.com\/wp-content\/uploads\/2016\/03\/24-4-253x300.jpg 253w\" sizes=\"auto, (max-width: 480px) 100vw, 480px\" \/><\/p>\n<p class=\"ecxMsoNormal\" align=\"center\">Ba\u015f rollerini, Burak \u00d6z\u00e7ivit ve Neslihan Atag\u00fcl&#8217;\u00fcn rol ald\u0131\u011f\u0131 Kara Sevda her \u00c7ar\u015famba saat 20:00&#8217;da Star TV&#8217;de&#8230;<\/p>\n<\/div>\n<\/div>\n<\/div>\n<\/div>\n<\/div>\n<\/div>\n<\/div>\n<\/div>\n<\/div>\n<p>\u0130yi Seyirler.<\/p>\n<p>Sayg\u0131lar ve sevgiler.<\/p>\n<p>Abdurrahman Balc\u0131lar<\/p>\n<p>Twitter:\u00a0<a href=\"https:\/\/twitter.com\/abbalcilar\">abdurrahman balc\u0131lar<\/a><a href=\"https:\/\/twitter.com\/abbalcilar\"><strong>@abbalcilar<\/strong><\/a><\/p>\n<p>Mail :\u00a0<a href=\"mailto:ab.balcilar@hotmail.com\">ab.balcilar@hotmail.com<\/a><\/p>\n<p>Blog:\u00a0<a href=\"http:\/\/t.co\/znqmIZgIqn\">blog.milliyet.com.tr\/cansever<\/a><\/p>\n<p>Blog:\u00a0<strong>balcilar<\/strong>&#8211;<strong>blog.com<\/strong><\/p>\n<p>NoT:Haber ve g\u00f6rseller Ay Yap\u0131m &#8211; Persona Sanat Bas\u0131n B\u00fclteninden al\u0131nm\u0131\u015ft\u0131r.<\/p>\n","protected":false},"excerpt":{"rendered":"<p>Ay Yap\u0131m, imzal\u0131 Kara Sevda&#8217;da Kemal ve Nihan kavu\u015fmak i\u00e7in g\u00fcn say\u0131yor. Emir&#8217;in kirli oyununu ele ge\u00e7irdikleri gizli g\u00f6r\u00fcnt\u00fclerle ortaya \u00e7\u0131karan a\u015f\u0131klar yeni b\u00f6l\u00fcmde mutlulu\u011fa \u00e7ok yakla\u015f\u0131yorlar. D\u00fcn ak\u015famki b\u00f6l\u00fcmde; Nihan, Emir&#8217;e ilk kez bo\u015fanmak istedi\u011fini s\u00f6yleyerek evden ayr\u0131l\u0131yor. Heyecan dolu b\u00f6l\u00fcmde, Kemal ve Nihan&#8217;\u0131n bir araya gelmesini sab\u0131rs\u0131zl\u0131kla bekleyen izleyenleri s\u00fcrpriz geli\u015fmeler oldu. EM\u0130R&#8217;\u0130N [&hellip;]<\/p>\n","protected":false},"author":3,"featured_media":13326,"comment_status":"open","ping_status":"open","sticky":false,"template":"","format":"standard","meta":{"footnotes":""},"categories":[2],"tags":[26,409,799,1085,119,25],"class_list":["post-13323","post","type-post","status-publish","format-standard","has-post-thumbnail","hentry","category-tv-programlari","tag-ay-yapim","tag-burak-ozcivit","tag-kara-sevda","tag-kemal-ve-nihan","tag-neslihan-atagul","tag-star-tv"],"views":3708,"blog_post_layout_featured_media_urls":{"thumbnail":["https:\/\/balcilar-blog.com\/wp-content\/uploads\/2016\/03\/24-5-150x150.jpg",150,150,true],"full":["https:\/\/balcilar-blog.com\/wp-content\/uploads\/2016\/03\/24-5.jpg",550,480,false]},"categories_names":{"2":{"name":"TV Programlar\u0131","link":"https:\/\/balcilar-blog.com\/?cat=2"}},"tags_names":{"26":{"name":"Ay Yap\u0131m","link":"https:\/\/balcilar-blog.com\/?tag=ay-yapim"},"409":{"name":"Burak \u00d6z\u00e7ivit","link":"https:\/\/balcilar-blog.com\/?tag=burak-ozcivit"},"799":{"name":"Kara Sevda","link":"https:\/\/balcilar-blog.com\/?tag=kara-sevda"},"1085":{"name":"Kemal ve Nihan","link":"https:\/\/balcilar-blog.com\/?tag=kemal-ve-nihan"},"119":{"name":"Neslihan Atag\u00fcl","link":"https:\/\/balcilar-blog.com\/?tag=neslihan-atagul"},"25":{"name":"Star Tv","link":"https:\/\/balcilar-blog.com\/?tag=star-tv"}},"comments_number":"0","wpmagazine_modules_lite_featured_media_urls":{"thumbnail":["https:\/\/balcilar-blog.com\/wp-content\/uploads\/2016\/03\/24-5-150x150.jpg",150,150,true],"cvmm-medium":["https:\/\/balcilar-blog.com\/wp-content\/uploads\/2016\/03\/24-5.jpg",300,262,false],"cvmm-medium-plus":["https:\/\/balcilar-blog.com\/wp-content\/uploads\/2016\/03\/24-5.jpg",237,207,false],"cvmm-portrait":["https:\/\/balcilar-blog.com\/wp-content\/uploads\/2016\/03\/24-5.jpg",400,349,false],"cvmm-medium-square":["https:\/\/balcilar-blog.com\/wp-content\/uploads\/2016\/03\/24-5.jpg",550,480,false],"cvmm-large":["https:\/\/balcilar-blog.com\/wp-content\/uploads\/2016\/03\/24-5.jpg",550,480,false],"cvmm-small":["https:\/\/balcilar-blog.com\/wp-content\/uploads\/2016\/03\/24-5.jpg",109,95,false],"full":["https:\/\/balcilar-blog.com\/wp-content\/uploads\/2016\/03\/24-5.jpg",550,480,false]},"_links":{"self":[{"href":"https:\/\/balcilar-blog.com\/index.php?rest_route=\/wp\/v2\/posts\/13323","targetHints":{"allow":["GET"]}}],"collection":[{"href":"https:\/\/balcilar-blog.com\/index.php?rest_route=\/wp\/v2\/posts"}],"about":[{"href":"https:\/\/balcilar-blog.com\/index.php?rest_route=\/wp\/v2\/types\/post"}],"author":[{"embeddable":true,"href":"https:\/\/balcilar-blog.com\/index.php?rest_route=\/wp\/v2\/users\/3"}],"replies":[{"embeddable":true,"href":"https:\/\/balcilar-blog.com\/index.php?rest_route=%2Fwp%2Fv2%2Fcomments&post=13323"}],"version-history":[{"count":5,"href":"https:\/\/balcilar-blog.com\/index.php?rest_route=\/wp\/v2\/posts\/13323\/revisions"}],"predecessor-version":[{"id":13337,"href":"https:\/\/balcilar-blog.com\/index.php?rest_route=\/wp\/v2\/posts\/13323\/revisions\/13337"}],"wp:featuredmedia":[{"embeddable":true,"href":"https:\/\/balcilar-blog.com\/index.php?rest_route=\/wp\/v2\/media\/13326"}],"wp:attachment":[{"href":"https:\/\/balcilar-blog.com\/index.php?rest_route=%2Fwp%2Fv2%2Fmedia&parent=13323"}],"wp:term":[{"taxonomy":"category","embeddable":true,"href":"https:\/\/balcilar-blog.com\/index.php?rest_route=%2Fwp%2Fv2%2Fcategories&post=13323"},{"taxonomy":"post_tag","embeddable":true,"href":"https:\/\/balcilar-blog.com\/index.php?rest_route=%2Fwp%2Fv2%2Ftags&post=13323"}],"curies":[{"name":"wp","href":"https:\/\/api.w.org\/{rel}","templated":true}]}}