{"id":13288,"date":"2016-03-28T17:34:24","date_gmt":"2016-03-28T14:34:24","guid":{"rendered":"http:\/\/balcilar-blog.com\/?p=13288"},"modified":"2016-03-28T17:47:14","modified_gmt":"2016-03-28T14:47:14","slug":"karagulden-final-haberi-var","status":"publish","type":"post","link":"https:\/\/balcilar-blog.com\/?p=13288","title":{"rendered":"Karag\u00fcl&#8217;den Final haberi var!"},"content":{"rendered":"<p>&nbsp;<\/p>\n<p><img loading=\"lazy\" decoding=\"async\" class=\"alignnone size-full wp-image-13289\" src=\"http:\/\/balcilar-blog.com\/wp-content\/uploads\/2016\/03\/1443549075-karag\u00fcl-2.jpg\" alt=\"1443549075 karag\u00fcl 2\" width=\"605\" height=\"496\" srcset=\"https:\/\/balcilar-blog.com\/wp-content\/uploads\/2016\/03\/1443549075-karag\u00fcl-2.jpg 605w, https:\/\/balcilar-blog.com\/wp-content\/uploads\/2016\/03\/1443549075-karag\u00fcl-2-300x246.jpg 300w\" sizes=\"auto, (max-width: 605px) 100vw, 605px\" \/><\/p>\n<p>Fox Tv&#8217;nin 4 sezondur devam eden dizisi &#8220;Karag\u00fcl&#8221; nihayet bu sezon sonunda final yap\u0131yor ve sona eriyor.<\/p>\n<p>U\u00e7anku\u015f TV\u2019deki &#8216;\u0130ki Kad\u0131n Aras\u0131nda&#8217; program\u0131n\u0131n haberine g\u00f6re Murat Sara\u00e7o\u011flu&#8217;nun y\u00f6netti\u011fi sevilen dizi, sezon sonunda 125. b\u00f6l\u00fcmde ekrana veda edecekmi\u015f.<\/p>\n<p>Biliyorum, bu haber Karag\u00fcl dizisi sevenlerine \u00fczecektir. Oynad\u0131\u011f\u0131 sezon boyunca Cuma gecelerinde \u00c7a\u011fatay Ulusoy ile Serenay Sar\u0131kaya&#8217;n\u0131n ba\u015frol\u00fc oynad\u0131klar\u0131 &#8220;Medcezir&#8221; dizisiyle rakip oldular. Kimi zaman Medcezir, kimi zaman da Karag\u00fcl gecenin birincisi oluyordu. Son aylar da da, Kiral\u0131k A\u015fk dizisi ile \u00e7eki\u015fiyorlard\u0131. Son b\u00f6l\u00fcmlerde de Karag\u00fcl reyting kaybetmeye ba\u015flam\u0131\u015ft\u0131.<\/p>\n<p>\u00c7ekimleri Gaziantep&#8217;te yap\u0131lan dizinin ilk \u00fc\u00e7 sezonda Yavuz Bing\u00f6l ve \u00d6zcan Deniz&#8217;in rol ald\u0131\u011f\u0131 dizinin ge\u00e7ti\u011fimiz hafta 114. b\u00f6l\u00fcm\u00fc ekranlar\u0131m\u0131za gelmi\u015fti.<\/p>\n<p><strong>Ece Uslu \u0130syan Etmi\u015f:<\/strong><\/p>\n<p>Dizi Film.com&#8217;da ge\u00e7en habere g\u00f6re, Ece Uslu&#8217;nun Gaziantep&#8217;teki daimi mekan olan konak \u00e7ekiminden payla\u015ft\u0131\u011f\u0131 foto\u011fraf\u0131n alt\u0131na; &#8220;Bir e\u011fleniyoruz, bir e\u011fleniyoruz. Aman da aman bitmeyen Karag\u00fcl dizisi&#8221; yazmas\u0131 dikkat \u00e7ekti. Bu durum, dizinin y\u00f6netmeni Murat Sara\u00e7o\u011flu\u2019ndan ayr\u0131l\u0131p boom operat\u00f6r\u00fc Ejder \u00d6zg\u00fcr\u2019le beraber olmaya ba\u015flayan Ece Uslu&#8217;nun diziden \u00e7ok s\u0131k\u0131ld\u0131\u011f\u0131 \u015feklinde yorumlanm\u0131\u015ft\u0131r.<\/p>\n<p>Her sevilen dizinin bir sonu olacakt\u0131r. 4 sezondur devam eden Karag\u00fcl&#8217;\u00fcn de demek ki final zaman\u0131 gelmi\u015f. Ben hi\u00e7 bir b\u00f6l\u00fcm\u00fcn\u00fc seyretmedim. Ba\u015ftan takip edemedi\u011fim bir diziydi. Sonralar\u0131 da seyretmek nasip olmad\u0131. Sevilen bir dizi oldu\u011funu her hafta yazm\u0131\u015f oldu\u011fum &#8220;Ge\u00e7en Haftan\u0131n (21 &#8211; 27 Mart 2016) en \u00e7ok izlenen diziler&#8221; Blog yaz\u0131lar\u0131mdan takip ediyor, g\u00f6r\u00fcyordum.<\/p>\n<p>Ne diyelim hakk\u0131nda hay\u0131rl\u0131 ve g\u00fczel bir finali olsun.<\/p>\n<p>\u0130yi Seyirler.<\/p>\n<p>Sayg\u0131lar ve sevgiler.<\/p>\n<p>Abdurrahman Balc\u0131lar<\/p>\n<p>Twitter:\u00a0<a href=\"https:\/\/twitter.com\/abbalcilar\">abdurrahman balc\u0131lar<\/a><a href=\"https:\/\/twitter.com\/abbalcilar\"><strong>@abbalcilar<\/strong><\/a><\/p>\n<p>Mail :\u00a0<a href=\"mailto:ab.balcilar@hotmail.com\">ab.balcilar@hotmail.com<\/a><\/p>\n<p>Blog:\u00a0<a href=\"http:\/\/t.co\/znqmIZgIqn\">blog.milliyet.com.tr\/cansever<\/a><\/p>\n<p>Blog:\u00a0<strong>balcilar<\/strong>&#8211;<strong>blog.com<\/strong><\/p>\n<p>&nbsp;<\/p>\n<p>&nbsp;<\/p>\n","protected":false},"excerpt":{"rendered":"<p>&nbsp; Fox Tv&#8217;nin 4 sezondur devam eden dizisi &#8220;Karag\u00fcl&#8221; nihayet bu sezon sonunda final yap\u0131yor ve sona eriyor. U\u00e7anku\u015f TV\u2019deki &#8216;\u0130ki Kad\u0131n Aras\u0131nda&#8217; program\u0131n\u0131n haberine g\u00f6re Murat Sara\u00e7o\u011flu&#8217;nun y\u00f6netti\u011fi sevilen dizi, sezon sonunda 125. b\u00f6l\u00fcmde ekrana veda edecekmi\u015f. Biliyorum, bu haber Karag\u00fcl dizisi sevenlerine \u00fczecektir. Oynad\u0131\u011f\u0131 sezon boyunca Cuma gecelerinde \u00c7a\u011fatay Ulusoy ile Serenay Sar\u0131kaya&#8217;n\u0131n [&hellip;]<\/p>\n","protected":false},"author":3,"featured_media":13289,"comment_status":"open","ping_status":"open","sticky":false,"template":"","format":"standard","meta":{"footnotes":""},"categories":[2],"tags":[1078,129,464,16,1079,1077],"class_list":["post-13288","post","type-post","status-publish","format-standard","has-post-thumbnail","hentry","category-tv-programlari","tag-ece-uslu","tag-fox-tv","tag-karagul","tag-medcezir","tag-murat-saracoglu","tag-yavuz-bingol"],"views":3185,"blog_post_layout_featured_media_urls":{"thumbnail":["https:\/\/balcilar-blog.com\/wp-content\/uploads\/2016\/03\/1443549075-karag\u00fcl-2-150x150.jpg",150,150,true],"full":["https:\/\/balcilar-blog.com\/wp-content\/uploads\/2016\/03\/1443549075-karag\u00fcl-2.jpg",605,496,false]},"categories_names":{"2":{"name":"TV Programlar\u0131","link":"https:\/\/balcilar-blog.com\/?cat=2"}},"tags_names":{"1078":{"name":"Ece Uslu","link":"https:\/\/balcilar-blog.com\/?tag=ece-uslu"},"129":{"name":"Fox Tv","link":"https:\/\/balcilar-blog.com\/?tag=fox-tv"},"464":{"name":"Karag\u00fcl","link":"https:\/\/balcilar-blog.com\/?tag=karagul"},"16":{"name":"medcezir","link":"https:\/\/balcilar-blog.com\/?tag=medcezir"},"1079":{"name":"Murat Sara\u00e7o\u011flu","link":"https:\/\/balcilar-blog.com\/?tag=murat-saracoglu"},"1077":{"name":"Yavuz Bing\u00f6l","link":"https:\/\/balcilar-blog.com\/?tag=yavuz-bingol"}},"comments_number":"0","wpmagazine_modules_lite_featured_media_urls":{"thumbnail":["https:\/\/balcilar-blog.com\/wp-content\/uploads\/2016\/03\/1443549075-karag\u00fcl-2-150x150.jpg",150,150,true],"cvmm-medium":["https:\/\/balcilar-blog.com\/wp-content\/uploads\/2016\/03\/1443549075-karag\u00fcl-2.jpg",300,246,false],"cvmm-medium-plus":["https:\/\/balcilar-blog.com\/wp-content\/uploads\/2016\/03\/1443549075-karag\u00fcl-2.jpg",252,207,false],"cvmm-portrait":["https:\/\/balcilar-blog.com\/wp-content\/uploads\/2016\/03\/1443549075-karag\u00fcl-2.jpg",400,328,false],"cvmm-medium-square":["https:\/\/balcilar-blog.com\/wp-content\/uploads\/2016\/03\/1443549075-karag\u00fcl-2.jpg",600,492,false],"cvmm-large":["https:\/\/balcilar-blog.com\/wp-content\/uploads\/2016\/03\/1443549075-karag\u00fcl-2.jpg",605,496,false],"cvmm-small":["https:\/\/balcilar-blog.com\/wp-content\/uploads\/2016\/03\/1443549075-karag\u00fcl-2.jpg",116,95,false],"full":["https:\/\/balcilar-blog.com\/wp-content\/uploads\/2016\/03\/1443549075-karag\u00fcl-2.jpg",605,496,false]},"_links":{"self":[{"href":"https:\/\/balcilar-blog.com\/index.php?rest_route=\/wp\/v2\/posts\/13288","targetHints":{"allow":["GET"]}}],"collection":[{"href":"https:\/\/balcilar-blog.com\/index.php?rest_route=\/wp\/v2\/posts"}],"about":[{"href":"https:\/\/balcilar-blog.com\/index.php?rest_route=\/wp\/v2\/types\/post"}],"author":[{"embeddable":true,"href":"https:\/\/balcilar-blog.com\/index.php?rest_route=\/wp\/v2\/users\/3"}],"replies":[{"embeddable":true,"href":"https:\/\/balcilar-blog.com\/index.php?rest_route=%2Fwp%2Fv2%2Fcomments&post=13288"}],"version-history":[{"count":3,"href":"https:\/\/balcilar-blog.com\/index.php?rest_route=\/wp\/v2\/posts\/13288\/revisions"}],"predecessor-version":[{"id":13292,"href":"https:\/\/balcilar-blog.com\/index.php?rest_route=\/wp\/v2\/posts\/13288\/revisions\/13292"}],"wp:featuredmedia":[{"embeddable":true,"href":"https:\/\/balcilar-blog.com\/index.php?rest_route=\/wp\/v2\/media\/13289"}],"wp:attachment":[{"href":"https:\/\/balcilar-blog.com\/index.php?rest_route=%2Fwp%2Fv2%2Fmedia&parent=13288"}],"wp:term":[{"taxonomy":"category","embeddable":true,"href":"https:\/\/balcilar-blog.com\/index.php?rest_route=%2Fwp%2Fv2%2Fcategories&post=13288"},{"taxonomy":"post_tag","embeddable":true,"href":"https:\/\/balcilar-blog.com\/index.php?rest_route=%2Fwp%2Fv2%2Ftags&post=13288"}],"curies":[{"name":"wp","href":"https:\/\/api.w.org\/{rel}","templated":true}]}}