{"id":13218,"date":"2016-03-22T12:09:30","date_gmt":"2016-03-22T10:09:30","guid":{"rendered":"http:\/\/balcilar-blog.com\/?p=13218"},"modified":"2016-03-22T12:35:35","modified_gmt":"2016-03-22T10:35:35","slug":"delbal-kanadada-turk-filmleri-festivalinde-gosterildi","status":"publish","type":"post","link":"https:\/\/balcilar-blog.com\/?p=13218","title":{"rendered":"Delibal; Kanada&#8217;da T\u00fcrk Filmleri Festivali&#8217;nde g\u00f6sterildi!"},"content":{"rendered":"<p>&nbsp;<\/p>\n<p><img loading=\"lazy\" decoding=\"async\" class=\"alignnone size-full wp-image-13221\" src=\"http:\/\/balcilar-blog.com\/wp-content\/uploads\/2016\/03\/DEL\u0130BAL-3.jpg\" alt=\"DEL\u0130BAL (3)\" width=\"640\" height=\"416\" srcset=\"https:\/\/balcilar-blog.com\/wp-content\/uploads\/2016\/03\/DEL\u0130BAL-3.jpg 640w, https:\/\/balcilar-blog.com\/wp-content\/uploads\/2016\/03\/DEL\u0130BAL-3-300x195.jpg 300w\" sizes=\"auto, (max-width: 640px) 100vw, 640px\" \/><\/p>\n<p>\u00c7a\u011fatay Ulusoy&#8217;un 2.sinema filmi &#8220;Delibal&#8221; film festivallerinde boy g\u00f6stermeye ba\u015flad\u0131. Ge\u00e7ti\u011fimiz Mart ay\u0131 ba\u015f\u0131nda Almanya&#8217;da 21.T\u00fcrkiye Almanya Film Festivali\u2019ne de kat\u0131lm\u0131\u015f, iki g\u00f6sterim yap\u0131lm\u0131\u015ft\u0131.<\/p>\n<p>Ay Yap\u0131m\u2019\u0131n yap\u0131mc\u0131l\u0131\u011f\u0131n\u0131 \u00fcstlendi\u011fi, \u00c7a\u011fatay Ulusoy ve Leyla Lydia Tu\u011futlu\u2019nun ba\u015frollerini payla\u015ft\u0131\u011f\u0131 Delibal filmi ge\u00e7ti\u011fimiz g\u00fcn Kanada\u2019n\u0131n Vancouver \u015fehrinde d\u00fczenlenen T\u00fcrk Filmleri Festivali\u2019nde g\u00f6sterildi. Filmin y\u00f6netmeni Ali Bilgin\u2019in de kat\u0131ld\u0131\u011f\u0131 g\u00f6sterimde film, T\u00fcrk ve Kanadal\u0131 sinemaseverlerin yo\u011fun ilgisiyle kar\u015f\u0131land\u0131.<\/p>\n<p>&nbsp;<\/p>\n<p><img loading=\"lazy\" decoding=\"async\" class=\"alignnone size-full wp-image-13219\" src=\"http:\/\/balcilar-blog.com\/wp-content\/uploads\/2016\/03\/FEST\u0130VALDEN-3.jpg\" alt=\"FEST\u0130VALDEN-3\" width=\"640\" height=\"427\" srcset=\"https:\/\/balcilar-blog.com\/wp-content\/uploads\/2016\/03\/FEST\u0130VALDEN-3.jpg 640w, https:\/\/balcilar-blog.com\/wp-content\/uploads\/2016\/03\/FEST\u0130VALDEN-3-300x200.jpg 300w\" sizes=\"auto, (max-width: 640px) 100vw, 640px\" \/><\/p>\n<p>Aral\u0131k ay\u0131 sonunda T\u00fcrkiye\u2019de vizyona giren ve sinemaseverler taraf\u0131ndan b\u00fcy\u00fck ilgi g\u00f6ren Delibal, Vancouver T\u00fcrk Filmleri Festivali kapsam\u0131nda ge\u00e7ti\u011fimiz g\u00fcn Kanadal\u0131 izleyicilerle bulu\u015ftu. 2011 y\u0131l\u0131ndan bu yana Canadian Turkish Society taraf\u0131ndan d\u00fczenlenen ve her y\u0131l \u00e7a\u011fda\u015f T\u00fcrk sinemas\u0131n\u0131n en iyi \u00f6rneklerini Kanadal\u0131 sinemaseverlerle bulu\u015fturmay\u0131 hedefleyen Vancouver T\u00fcrk Filmleri Festivali kapsam\u0131nda ger\u00e7ekle\u015fen g\u00f6sterime T\u00fcrkler kadar Kanada\u2019da ya\u015fayan farkl\u0131 milletten izleyiciler de ilgi g\u00f6sterdi. T\u00fcrk sanat\u0131 ve k\u00fclt\u00fcr\u00fcn\u00fc tan\u0131tma amac\u0131nda olan festival kapsam\u0131nda filmi izlemeye gelen izleyiciler, g\u00f6sterim i\u00e7in Kanada\u2019ya giden y\u00f6netmen Ali Bilgin\u2019i tebrik ya\u011fmuruna tuttu. Film g\u00f6sterimi sonras\u0131nda izleyicilerle sohbet eden Ali Bilgin, b\u00f6yle bir organizasyona kat\u0131lman\u0131n kendisi i\u00e7in gurur verici oldu\u011funu belirtti.<\/p>\n<p><img loading=\"lazy\" decoding=\"async\" class=\"alignnone size-full wp-image-13220\" src=\"http:\/\/balcilar-blog.com\/wp-content\/uploads\/2016\/03\/AL\u0130-B\u0130LG\u0130N-KANADA-2.jpg\" alt=\"AL\u0130 B\u0130LG\u0130N KANADA-2\" width=\"457\" height=\"640\" srcset=\"https:\/\/balcilar-blog.com\/wp-content\/uploads\/2016\/03\/AL\u0130-B\u0130LG\u0130N-KANADA-2.jpg 457w, https:\/\/balcilar-blog.com\/wp-content\/uploads\/2016\/03\/AL\u0130-B\u0130LG\u0130N-KANADA-2-214x300.jpg 214w\" sizes=\"auto, (max-width: 457px) 100vw, 457px\" \/><\/p>\n<p>Ay Yap\u0131m\u2019\u0131n yap\u0131mc\u0131l\u0131\u011f\u0131nda ger\u00e7ekle\u015fen, ba\u015frollerini \u00c7a\u011fatay Ulusoy ve Leyla Lydia Tu\u011futlu\u2019nun payla\u015ft\u0131\u011f\u0131 Delibal, 25 Aral\u0131k\u2019ta vizyona girmi\u015f ve 1,5 milyonu a\u015fk\u0131n ki\u015fi taraf\u0131ndan izlenmi\u015fti. Tutkulu bir a\u015fk hikayesini konu alan Delibal\u2019\u0131n DVD\u2019si ise \u00e7ok yak\u0131nda sinemaseverlerle bulu\u015facak.<\/p>\n<p>Bu ba\u015far\u0131da Ay Yap\u0131m&#8217;\u0131n yak\u0131\u015f\u0131kl\u0131 ve ba\u015far\u0131l\u0131 oyuncusu \u00c7a\u011fatay Ulusoy&#8217;un pay\u0131 \u00e7ok b\u00fcy\u00fck. Filmi izleyenler onu takdirle kar\u015f\u0131lad\u0131 ve &#8220;\u00c7a\u011fatay oyunculukta kendini a\u015fm\u0131\u015f&#8221; dedirtti.<\/p>\n<p>Bundan sonra Delibal&#8217;\u0131 yar\u0131\u015fma g\u00f6sterimlerinde g\u00f6rmek ve \u00f6d\u00fcller almas\u0131 dileklerimle.<\/p>\n<p>&nbsp;<\/p>\n<p>Sayg\u0131lar ve sevgiler.<\/p>\n<p>Abdurrahman Balc\u0131lar<\/p>\n<p>Twitter:\u00a0<a href=\"https:\/\/twitter.com\/abbalcilar\">abdurrahman balc\u0131lar<\/a><a href=\"https:\/\/twitter.com\/abbalcilar\"><strong>@abbalcilar<\/strong><\/a><\/p>\n<p>Mail :\u00a0<a href=\"mailto:ab.balcilar@hotmail.com\">ab.balcilar@hotmail.com<\/a><\/p>\n<p>Blog:\u00a0<a href=\"http:\/\/t.co\/znqmIZgIqn\">blog.milliyet.com.tr\/cansever<\/a><\/p>\n<p>Blog:\u00a0<strong>balcilar<\/strong>&#8211;<strong>blog.com<\/strong><\/p>\n<p>Not: Haber ve g\u00f6rseller Ay Yap\u0131m &#8211; Perona Sanat Bas\u0131n B\u00fclteni.<\/p>\n<p>&nbsp;<\/p>\n","protected":false},"excerpt":{"rendered":"<p>&nbsp; \u00c7a\u011fatay Ulusoy&#8217;un 2.sinema filmi &#8220;Delibal&#8221; film festivallerinde boy g\u00f6stermeye ba\u015flad\u0131. Ge\u00e7ti\u011fimiz Mart ay\u0131 ba\u015f\u0131nda Almanya&#8217;da 21.T\u00fcrkiye Almanya Film Festivali\u2019ne de kat\u0131lm\u0131\u015f, iki g\u00f6sterim yap\u0131lm\u0131\u015ft\u0131. Ay Yap\u0131m\u2019\u0131n yap\u0131mc\u0131l\u0131\u011f\u0131n\u0131 \u00fcstlendi\u011fi, \u00c7a\u011fatay Ulusoy ve Leyla Lydia Tu\u011futlu\u2019nun ba\u015frollerini payla\u015ft\u0131\u011f\u0131 Delibal filmi ge\u00e7ti\u011fimiz g\u00fcn Kanada\u2019n\u0131n Vancouver \u015fehrinde d\u00fczenlenen T\u00fcrk Filmleri Festivali\u2019nde g\u00f6sterildi. Filmin y\u00f6netmeni Ali Bilgin\u2019in de kat\u0131ld\u0131\u011f\u0131 [&hellip;]<\/p>\n","protected":false},"author":3,"featured_media":13221,"comment_status":"open","ping_status":"open","sticky":false,"template":"","format":"standard","meta":{"footnotes":""},"categories":[10],"tags":[31,26,15,752,1071,745,1072],"class_list":["post-13218","post","type-post","status-publish","format-standard","has-post-thumbnail","hentry","category-sinema","tag-ali-bilgin","tag-ay-yapim","tag-cagatay-ulusoy","tag-delibal","tag-kanada","tag-leyla-lydia-tugutlu","tag-turk-filmleri-festivali"],"views":3563,"blog_post_layout_featured_media_urls":{"thumbnail":["https:\/\/balcilar-blog.com\/wp-content\/uploads\/2016\/03\/DEL\u0130BAL-3-150x150.jpg",150,150,true],"full":["https:\/\/balcilar-blog.com\/wp-content\/uploads\/2016\/03\/DEL\u0130BAL-3.jpg",640,416,false]},"categories_names":{"10":{"name":"Sinema","link":"https:\/\/balcilar-blog.com\/?cat=10"}},"tags_names":{"31":{"name":"Ali Bilgin","link":"https:\/\/balcilar-blog.com\/?tag=ali-bilgin"},"26":{"name":"Ay Yap\u0131m","link":"https:\/\/balcilar-blog.com\/?tag=ay-yapim"},"15":{"name":"\u00e7a\u011fatay ulusoy","link":"https:\/\/balcilar-blog.com\/?tag=cagatay-ulusoy"},"752":{"name":"Delibal","link":"https:\/\/balcilar-blog.com\/?tag=delibal"},"1071":{"name":"Kanada","link":"https:\/\/balcilar-blog.com\/?tag=kanada"},"745":{"name":"Leyla Lydia Tu\u011futlu","link":"https:\/\/balcilar-blog.com\/?tag=leyla-lydia-tugutlu"},"1072":{"name":"T\u00fcrk Filmleri Festivali","link":"https:\/\/balcilar-blog.com\/?tag=turk-filmleri-festivali"}},"comments_number":"0","wpmagazine_modules_lite_featured_media_urls":{"thumbnail":["https:\/\/balcilar-blog.com\/wp-content\/uploads\/2016\/03\/DEL\u0130BAL-3-150x150.jpg",150,150,true],"cvmm-medium":["https:\/\/balcilar-blog.com\/wp-content\/uploads\/2016\/03\/DEL\u0130BAL-3.jpg",300,195,false],"cvmm-medium-plus":["https:\/\/balcilar-blog.com\/wp-content\/uploads\/2016\/03\/DEL\u0130BAL-3.jpg",305,198,false],"cvmm-portrait":["https:\/\/balcilar-blog.com\/wp-content\/uploads\/2016\/03\/DEL\u0130BAL-3.jpg",400,260,false],"cvmm-medium-square":["https:\/\/balcilar-blog.com\/wp-content\/uploads\/2016\/03\/DEL\u0130BAL-3.jpg",600,390,false],"cvmm-large":["https:\/\/balcilar-blog.com\/wp-content\/uploads\/2016\/03\/DEL\u0130BAL-3.jpg",640,416,false],"cvmm-small":["https:\/\/balcilar-blog.com\/wp-content\/uploads\/2016\/03\/DEL\u0130BAL-3.jpg",130,85,false],"full":["https:\/\/balcilar-blog.com\/wp-content\/uploads\/2016\/03\/DEL\u0130BAL-3.jpg",640,416,false]},"_links":{"self":[{"href":"https:\/\/balcilar-blog.com\/index.php?rest_route=\/wp\/v2\/posts\/13218","targetHints":{"allow":["GET"]}}],"collection":[{"href":"https:\/\/balcilar-blog.com\/index.php?rest_route=\/wp\/v2\/posts"}],"about":[{"href":"https:\/\/balcilar-blog.com\/index.php?rest_route=\/wp\/v2\/types\/post"}],"author":[{"embeddable":true,"href":"https:\/\/balcilar-blog.com\/index.php?rest_route=\/wp\/v2\/users\/3"}],"replies":[{"embeddable":true,"href":"https:\/\/balcilar-blog.com\/index.php?rest_route=%2Fwp%2Fv2%2Fcomments&post=13218"}],"version-history":[{"count":5,"href":"https:\/\/balcilar-blog.com\/index.php?rest_route=\/wp\/v2\/posts\/13218\/revisions"}],"predecessor-version":[{"id":13226,"href":"https:\/\/balcilar-blog.com\/index.php?rest_route=\/wp\/v2\/posts\/13218\/revisions\/13226"}],"wp:featuredmedia":[{"embeddable":true,"href":"https:\/\/balcilar-blog.com\/index.php?rest_route=\/wp\/v2\/media\/13221"}],"wp:attachment":[{"href":"https:\/\/balcilar-blog.com\/index.php?rest_route=%2Fwp%2Fv2%2Fmedia&parent=13218"}],"wp:term":[{"taxonomy":"category","embeddable":true,"href":"https:\/\/balcilar-blog.com\/index.php?rest_route=%2Fwp%2Fv2%2Fcategories&post=13218"},{"taxonomy":"post_tag","embeddable":true,"href":"https:\/\/balcilar-blog.com\/index.php?rest_route=%2Fwp%2Fv2%2Ftags&post=13218"}],"curies":[{"name":"wp","href":"https:\/\/api.w.org\/{rel}","templated":true}]}}