{"id":13204,"date":"2016-03-21T12:59:12","date_gmt":"2016-03-21T10:59:12","guid":{"rendered":"http:\/\/balcilar-blog.com\/?p=13204"},"modified":"2016-03-21T13:25:47","modified_gmt":"2016-03-21T11:25:47","slug":"gecen-haftanin-14-20-mart-2016-en-cok-izlenen-dizileri","status":"publish","type":"post","link":"https:\/\/balcilar-blog.com\/?p=13204","title":{"rendered":"Ge\u00e7en Haftan\u0131n (14 &#8211; 20 Mart 2016) en \u00e7ok izlenen dizileri!"},"content":{"rendered":"<p><img loading=\"lazy\" decoding=\"async\" class=\"alignnone size-full wp-image-13210\" src=\"http:\/\/balcilar-blog.com\/wp-content\/uploads\/2016\/03\/cats-21-mart.jpg\" alt=\"cats 21 mart\" width=\"640\" height=\"297\" srcset=\"https:\/\/balcilar-blog.com\/wp-content\/uploads\/2016\/03\/cats-21-mart.jpg 640w, https:\/\/balcilar-blog.com\/wp-content\/uploads\/2016\/03\/cats-21-mart-300x139.jpg 300w\" sizes=\"auto, (max-width: 640px) 100vw, 640px\" \/><\/p>\n<p>TNS \u00f6l\u00e7\u00fcmlerine g\u00f6re haz\u0131rlad\u0131\u011f\u0131m 14 &#8211; 20 Mart 2016 Tarihleri aras\u0131nda ekranlar\u0131m\u0131za gelen, Total\u2019de ve AB\u2019de ilk ona giren, haftan\u0131n dizi karnesini a\u015fa\u011f\u0131da bilgilerinize sunuyorum.<\/p>\n<p>Bu hafta da TRT1&#8217;in Dirili\u015f Ertu\u011frul bu hafta AB&#8217;de ald\u0131\u011f\u0131 13,60 reyting puan\u0131 ile yer ald\u0131. Total&#8217;de 10,43 reyting ile K\u0131rg\u0131n \u00c7i\u00e7ekler yer ald\u0131. Total&#8217;de 10.s\u0131ras\u0131nda ise Star Tv&#8217;nin &#8220;Kiral\u0131k A\u015fk&#8221; 5,15 ile, AB&#8217;de 10 s\u0131rada ise, TRT1&#8217;in Baba Cand\u0131r 5,19 puan ile yer al\u0131yor.<\/p>\n<p>Star Tv&#8217;nin dizisi &#8220;G\u00f6\u00e7 Zaman\u0131&#8221; bekleneni vermedi. Bu hafta ekranla gelen 8.b\u00f6l\u00fcm\u00fc Total&#8217;de 4,18 puanla ve kendi g\u00fcn\u00fcnde 7.s\u0131rada yer ald\u0131. AB&#8217;de 11.s\u0131rada oldu\u011funu g\u00f6r\u00fcyoruz.<\/p>\n<p>Bu hafta Sal\u0131 gecesi ekranlara gelen Kanal D&#8217;nin Hayat \u015eark\u0131s\u0131 6.b\u00f6l\u00fcm\u00fc ile b\u00fcy\u00fck bir atak yapt\u0131 ve haftan\u0131n dizileri aras\u0131nda 5.s\u0131radan girdi. Sal\u0131 kendi g\u00fcn\u00fcnde Total&#8217;de 6,44 ile 2.s\u0131rada, AB&#8217;de 7,20 2.s\u0131rada yer ald\u0131.<\/p>\n<p>Meryem Uzerli&#8217;nin dizisi Gecenin Krali\u00e7esi reytingleri \u00e7ok d\u00fc\u015f\u00fckt\u00fc. Final 5 Nisan&#8217;da 13.B\u00f6l\u00fcmde yapacak. Meryem Uzerli i\u00e7in bu sonu\u00e7 moral bozucu oldu.<\/p>\n<p>Show Tv&#8217;nin iddial\u0131 dizisi K\u0131\u015f G\u00fcne\u015fi 4. b\u00f6l\u00fcm\u00fc ekranlarda geldi. Reytingleri olduk\u00e7a d\u00fc\u015f\u00fckt\u00fc. Total&#8217;de 25. AB&#8217;de 15.s\u0131rada yer alabildi. Dizide erken final sesleri gelmeye ba\u015flad\u0131.<\/p>\n<p>Pazartesi&#8217;den Cumartesi gecesine al\u0131nan &#8220;G\u00fcne\u015fin K\u0131zlar\u0131&#8221; da 39.B\u00f6l\u00fcm 19 Mart ak\u015fam\u0131 erken final yap\u0131yor.<\/p>\n<p>Reyting Nedir?<br \/>\nReyting, izleyici tercihlerine g\u00f6re ortaya \u00e7\u0131kan izlenme pay\u0131n\u0131n kanallara ve programlara payla\u015ft\u0131r\u0131lmas\u0131 ile olu\u015fan de\u011ferlendirmedir. Reyting de\u011ferlendirmesi kanallar ve reklam \u015firketleri ad\u0131na TNS taraf\u0131ndan ger\u00e7ekle\u015ftirilir. \u00d6l\u00e7me i\u015flemi yakla\u015f\u0131k 2200 haneye yerle\u015ftirilen ve gizli tutulan reyting \u00f6l\u00e7me cihazlar\u0131 ile elde edilir. Reyting sonu\u00e7lar\u0131, t\u00fcm g\u00fcn boyunca izlenen programlar\u0131n listelenmesine imkan verir.<\/p>\n<p>Bu hafta en \u00e7ok izlenen ilk ona giren dizlere g\u00f6z atal\u0131m. Bu s\u0131ralama sadece dizilerin reytingler y\u00fczdesine g\u00f6re en \u00e7ok izlenen dizilerin ilk 10\u2019da yer alanlar\u0131n\u0131 s\u0131ralamaya koyuyorum. Yar\u0131\u015fma, e\u011flence ve haber programlar\u0131 y\u00fczdeleri y\u00fcksek olsa da bu s\u0131ralamaya koymuyorum. Bu sadece dizilerin yar\u0131\u015f\u0131d\u0131r, en \u00e7ok izlenen dizilerin s\u0131ralamas\u0131d\u0131r. Bir nevi dizilerin karnesidir.<\/p>\n<p>&nbsp;<\/p>\n<p><strong>Ge\u00e7en Haftan\u0131n En \u00c7ok \u0130zlenen Dizileri:<\/strong><\/p>\n<p><strong>Total ilk 10:<\/strong><\/p>\n<p>1.K\u0131rg\u0131n \u00c7i\u00e7ekler 37.B\u00f6l\u00fcm (Atv)&#8230;&#8230;&#8230;&#8230;&#8230;&#8230;&#8230;&#8230;&#8230;&#8230;&#8230;.10,45 &#8211; 25,76<\/p>\n<p>2.Dirili\u015f Ertu\u011frul 50.B\u00f6l\u00fcm (TRT1)&#8230;&#8230;&#8230;&#8230;&#8230;&#8230;&#8230;&#8230;&#8230;&#8230;.9,67 &#8211; 22,28<\/p>\n<p>3.E\u015fk\u0131ya D\u00fcnyaya H\u00fck\u00fcmdar Olmaz 27.B\u00f6l\u00fcm (Atv)&#8230;9,10 &#8211; 21,63<\/p>\n<p>4.Parampar\u00e7a 57.B\u00f6l\u00fcm (Star Tv)&#8230;&#8230;&#8230;&#8230;&#8230;&#8230;&#8230;&#8230;&#8230;&#8230;&#8230;7,76 &#8211; 18,55<\/p>\n<p>5.Karag\u00fcl 113.B\u00f6l\u00fcm (Fox Tv)&#8230;&#8230;&#8230;&#8230;&#8230;&#8230;&#8230;&#8230;&#8230;&#8230;&#8230;&#8230;&#8230;.6,77 &#8211; 16,79<\/p>\n<p>6.Kara Sevda 22.B\u00f6l\u00fcm (Star Tv)&#8230;&#8230;&#8230;&#8230;&#8230;&#8230;&#8230;&#8230;&#8230;&#8230;&#8230;..6,76 &#8211; 15,85<\/p>\n<p>7.Hayat \u015eark\u0131s\u0131 6.B\u00f6l\u00fcm (Kanal D)&#8230;&#8230;&#8230;&#8230;&#8230;&#8230;&#8230;&#8230;&#8230;&#8230;..6,44 &#8211; 16,17<\/p>\n<p>8.Kurtlar Vadisi Pusu 286.B\u00f6l\u00fcm (Kanal D)&#8230;&#8230;&#8230;&#8230;&#8230;..6,31 &#8211; 14,90<\/p>\n<p>9.O Hayat Benim 86.B\u00f6l\u00fcm (Fox Tv)&#8230;&#8230;&#8230;&#8230;&#8230;&#8230;&#8230;&#8230;&#8230;.5,92 &#8211; 14,74<\/p>\n<p>10.Kiral\u0131k A\u015fk 38.B\u00f6l\u00fcm (Star)&#8230;&#8230;&#8230;&#8230;&#8230;&#8230;&#8230;&#8230;&#8230;&#8230;&#8230;&#8230;..5,49 &#8211; 13,40<\/p>\n<p>&nbsp;<\/p>\n<p><strong>AB\u2019de ilk 10:<\/strong><\/p>\n<p>1.Dirili\u015f Ertu\u011frul 50.B\u00f6l\u00fcm (TRT1)&#8230;&#8230;&#8230;&#8230;&#8230;&#8230;&#8230;&#8230;&#8230;&#8230;.13,60 &#8211; 30,60<\/p>\n<p>2.E\u015fk\u0131ya D\u00fcnyaya H\u00fck\u00fcmdar Olmaz 25.B\u00f6l\u00fcm (Atv)&#8230;9,24 &#8211; 21,70<\/p>\n<p>3.Hayat \u015eark\u0131s\u0131 6.B\u00f6l\u00fcm (Kanal D)&#8230;&#8230;&#8230;&#8230;&#8230;&#8230;&#8230;&#8230;&#8230;&#8230;&#8230;7,20 &#8211; 17,81<\/p>\n<p>4.K\u0131rg\u0131n \u00c7i\u00e7ekler 37.B\u00f6l\u00fcm (Atv)&#8230;&#8230;&#8230;&#8230;&#8230;&#8230;&#8230;&#8230;&#8230;&#8230;&#8230;&#8230;6,77 &#8211; 16,81<\/p>\n<p>5.Parampar\u00e7a 57.B\u00f6l\u00fcm (Star Tv)&#8230;&#8230;&#8230;&#8230;&#8230;&#8230;&#8230;&#8230;&#8230;&#8230;&#8230;.6,31 &#8211; 15,25<\/p>\n<p>6.Muhte\u015fem Y\u00fczy\u0131l K\u00f6sem 18.B\u00f6l\u00fcm (Star Tv)&#8230;&#8230;&#8230;..5,87 &#8211; 14,14<\/p>\n<p>7.Kiral\u0131k A\u015fk 38.B\u00f6l\u00fcm (Star)&#8230;&#8230;&#8230;&#8230;&#8230;&#8230;&#8230;&#8230;&#8230;&#8230;&#8230;&#8230;&#8230;&#8230;5,83 &#8211; 14,50<\/p>\n<p>8.Poyraz Karayel 49.B\u00f6l\u00fcm (Kanal D)&#8230;&#8230;&#8230;&#8230;&#8230;&#8230;&#8230;&#8230;&#8230;5,68 &#8211; 12,79<\/p>\n<p>9.Kara Sevda 22.B\u00f6l\u00fcm (Star Tv)&#8230;&#8230;&#8230;&#8230;&#8230;&#8230;&#8230;&#8230;&#8230;&#8230;&#8230;..5,38 &#8211; 12,35<\/p>\n<p>10.Baba Cand\u0131r 30.B\u00f6l\u00fcm (TRT1)&#8230;&#8230;&#8230;&#8230;&#8230;&#8230;&#8230;&#8230;&#8230;&#8230;&#8230;.5,19 &#8211; 12,31<\/p>\n<p>&nbsp;<\/p>\n<p><strong>TOTAL ve AB Grubunda reytingleri en y\u00fcksek olan ilk 5 s\u0131ralamas\u0131:<\/strong><\/p>\n<p><strong>1- Dirili\u015f Ertu\u011frul :<\/strong> Bu hafta da TRT1&#8217;in tarihi dizisi Dirili\u015f Ertu\u011frul 50.B\u00f6l\u00fcm\u00fcnde de AB&#8217;de ald\u0131\u011f\u0131 13,60 puan ile ilk s\u0131rada yer ald\u0131. \u00c7ok sevilen dizi, bu nedenle de her hafta y\u00fcksek reyting puan\u0131 ile ilk s\u0131rada yer al\u0131yor. Ertu\u011frul, \u015f\u00fcphelendi\u011fi her \u015feyi G\u00fcm\u00fc\u015ftekin\u2019in y\u00fcz\u00fcne kar\u015f\u0131 s\u00f6ylemi\u015ftir. Ertu\u011frul ve G\u00fcm\u00fc\u015ftekin aras\u0131nda ya\u015fanan bu gerilim, obada b\u00fcy\u00fck yank\u0131 uyand\u0131r\u0131r. Bu gerilim sadece iki obay\u0131 de\u011fil, Ertu\u011frul ile G\u00fcndo\u011fdu\u2019yu da kar\u015f\u0131 kar\u015f\u0131ya getirir. G\u00fcm\u00fc\u015ftekin, ya\u015fananlardan sonra k\u0131z\u0131 Goncag\u00fcl ile G\u00fcndo\u011fdu\u2019nun evlenmesinin m\u00fcmk\u00fcn olmad\u0131\u011f\u0131n\u0131 s\u00f6yler. Hayme Ana, ger\u00e7ekler ortaya \u00e7\u0131kmadan bu d\u00fc\u011f\u00fcn\u00fc kendisinin de istemedi\u011fini s\u00f6yleyerek G\u00fcm\u00fc\u015ftekin\u2019e rest \u00e7eker. Di\u011fer yandan Aytolun ve G\u00fcm\u00fc\u015ftekin, Korkut Beyi \u00f6ld\u00fcrmeye karar verirler.<\/p>\n<p><img loading=\"lazy\" decoding=\"async\" class=\"alignnone size-full wp-image-13208\" src=\"http:\/\/balcilar-blog.com\/wp-content\/uploads\/2016\/03\/2121408764833-dirili\u015f.jpg\" alt=\"2121408764833 dirili\u015f\" width=\"640\" height=\"294\" srcset=\"https:\/\/balcilar-blog.com\/wp-content\/uploads\/2016\/03\/2121408764833-dirili\u015f.jpg 640w, https:\/\/balcilar-blog.com\/wp-content\/uploads\/2016\/03\/2121408764833-dirili\u015f-300x138.jpg 300w\" sizes=\"auto, (max-width: 640px) 100vw, 640px\" \/><\/p>\n<p>&nbsp;<\/p>\n<p><strong>2.K\u0131rg\u0131n \u00c7i\u00e7ekler :<\/strong> Pazartesi gecelerinin her iki kategoride reyting birincisi K\u0131rg\u0131n \u00c7i\u00e7ekler bu hafta Total&#8217;de ald\u0131\u011f\u0131 10,45 puan ile bu hafta 2.s\u0131rada yer ald\u0131. Seher tutuklanarak hapse at\u0131l\u0131r. Meral yurda geri d\u00f6ner. Ekrem&#8217;in kendisini istemedi\u011fini anlayan Banu, intikam pe\u015findedir. Defne, Seher&#8217;in durumunu \u00f6\u011frenince Meral&#8217;i \u00fczecek bir plan yapar. Cemre&#8217;ye kar\u015f\u0131 kendini su\u00e7lu hisseden Eyl\u00fcl, Kemal&#8217;den CD&#8217;yi almak i\u00e7in Mesude&#8217;nin yard\u0131m\u0131n\u0131 kabul eder. Kemal, Nazan ile y\u00fckl\u00fc bir para da anla\u015farak CD&#8217;yi ona teslim etmeye karar verir. Aldat\u0131ld\u0131\u011f\u0131n\u0131 d\u00fc\u015f\u00fcnen Nazan, Kemal&#8217;i yok etmek i\u00e7in kendisiyle beraber herkesin hayat\u0131n\u0131 etkileyecek bir hamle yapar.<\/p>\n<p><img loading=\"lazy\" decoding=\"async\" class=\"alignnone size-full wp-image-13207\" src=\"http:\/\/balcilar-blog.com\/wp-content\/uploads\/2016\/03\/7597_kirgin-cicekler-37-bol.jpg\" alt=\"7597_kirgin-cicekler-37-bol\" width=\"640\" height=\"331\" srcset=\"https:\/\/balcilar-blog.com\/wp-content\/uploads\/2016\/03\/7597_kirgin-cicekler-37-bol.jpg 640w, https:\/\/balcilar-blog.com\/wp-content\/uploads\/2016\/03\/7597_kirgin-cicekler-37-bol-300x155.jpg 300w\" sizes=\"auto, (max-width: 640px) 100vw, 640px\" \/><\/p>\n<p>&nbsp;<\/p>\n<p><strong>3.E\u015fk\u0131ya D\u00fcnyaya H\u00fck\u00fcmdar Olmaz :<\/strong> Oktay Kaynarca&#8217;n\u0131n sevilen dizisi Sal\u0131 gecelerinin birincili\u011fi kimselere b\u0131rakm\u0131yor. Bu hafta Total&#8217;de ald\u0131\u011f\u0131 9,24 ile 3.s\u0131rada yer al\u0131yor. \u00dcnal Kaplan i\u00e7in haz\u0131rlanan tuzakla iki masa aras\u0131ndaki sava\u015f fiilen ba\u015flar. Art\u0131k ilk ama\u00e7 hayatta kalmakt\u0131r. Devlete g\u00f6re \u00c7ak\u0131rbeyli&#8217;nin Viktor&#8217;la uzla\u015fmas\u0131 \u015fartt\u0131r. H\u0131z\u0131r uzla\u015fma yanl\u0131s\u0131 olmaz \u00e7\u00fcnk\u00fc hen\u00fcz ba\u015f\u0131na geleceklerden haberdar de\u011fildir. Masada kalanlar, masadan ayr\u0131lan Viktor&#8217;un yan\u0131 s\u0131ra B\u00fclent kod adl\u0131 ki\u015finin de tehdidi alt\u0131ndad\u0131r. Bu kod ad\u0131n\u0131 kullanan Mahmut, Nurten yoluyla bir kez daha H\u0131z\u0131r&#8217;\u0131n mahremine s\u0131zmay\u0131 ba\u015far\u0131r. Meryem&#8217;le bo\u015fanma arifesindeyken Nazl\u0131&#8217;yla da aras\u0131 a\u00e7\u0131lan H\u0131z\u0131r yaln\u0131z hayat\u0131yla ba\u015fa \u00e7\u0131kmaya \u00e7al\u0131\u015f\u0131r. Meryem her ne kadar \u00e7ok sevse de geri ad\u0131m atmayarak ne kadar g\u00fc\u00e7l\u00fc oldu\u011funu bir kez daha g\u00f6sterir. Nazl\u0131 bekar bir anne olarak hayat\u0131na devam etmek i\u00e7in \u00e7abalar fakat \u00f6n\u00fcne \u00e7\u0131kan engellerle sava\u015fmas\u0131 kolay olmayacakt\u0131r..<\/p>\n<p><img loading=\"lazy\" decoding=\"async\" class=\"size-full wp-image-13209\" src=\"http:\/\/balcilar-blog.com\/wp-content\/uploads\/2016\/03\/eskiya-dunyaya-hukumdar-olmaz-27-bolum-fra.jpg\" alt=\"CREATOR: gd-jpeg v1.0 (using IJG JPEG v62), quality = 95\" width=\"640\" height=\"347\" srcset=\"https:\/\/balcilar-blog.com\/wp-content\/uploads\/2016\/03\/eskiya-dunyaya-hukumdar-olmaz-27-bolum-fra.jpg 640w, https:\/\/balcilar-blog.com\/wp-content\/uploads\/2016\/03\/eskiya-dunyaya-hukumdar-olmaz-27-bolum-fra-300x163.jpg 300w\" sizes=\"auto, (max-width: 640px) 100vw, 640px\" \/><\/p>\n<p>&nbsp;<\/p>\n<p><strong>4.Parampar\u00e7a :<\/strong> Diziden ba\u015f rol oyuncusu Nurg\u00fcl Ye\u015fil\u00e7ay&#8217;\u0131n 52.b\u00f6l\u00fcmde \u00f6lmesi ve diziden ayr\u0131lmas\u0131yla reyting kaybetse de toparlad\u0131. Total&#8217;de ald\u0131\u011f\u0131 7,76 reyting puan\u0131 ile haftan\u0131n dizileri aras\u0131nda 4.s\u0131rada almay\u0131 ba\u015fard\u0131. Hazal\u2019\u0131n b\u00fcy\u00fck yalan\u0131 ortaya \u00e7\u0131km\u0131\u015f, Cihan sinirden \u00e7\u0131lg\u0131na d\u00f6nm\u00fc\u015ft\u00fcr. Cihan\u2019\u0131n \u00f6fkesinden korkan Hazal, Emrah\u2019tan yard\u0131m ister. Hazal art\u0131k psikiyatrist Ay\u015fe ile y\u00fcz y\u00fczedir ve fark\u0131nda olmadan Ay\u015fe\u2019ye en b\u00fcy\u00fck aile s\u0131rlar\u0131ndan birini verir. Dilara\u2019y\u0131 akl\u0131ndan bir t\u00fcrl\u00fc \u00e7\u0131karamayan Harun ise Candan ile hesapla\u015fmas\u0131n\u0131 bitirmemi\u015ftir. S\u0131ra, Candan\u2019\u0131n sahip oldu\u011fu en \u00f6nemli \u015feyi almaya gelmi\u015ftir&#8230;<\/p>\n<p><img loading=\"lazy\" decoding=\"async\" class=\"alignnone size-full wp-image-13205\" src=\"http:\/\/balcilar-blog.com\/wp-content\/uploads\/2016\/03\/parampar\u00e7a-cihan-620x320.jpg\" alt=\"parampar\u00e7a-cihan-620x320\" width=\"640\" height=\"330\" srcset=\"https:\/\/balcilar-blog.com\/wp-content\/uploads\/2016\/03\/parampar\u00e7a-cihan-620x320.jpg 640w, https:\/\/balcilar-blog.com\/wp-content\/uploads\/2016\/03\/parampar\u00e7a-cihan-620x320-300x155.jpg 300w\" sizes=\"auto, (max-width: 640px) 100vw, 640px\" \/><\/p>\n<p>&nbsp;<\/p>\n<p><strong>5.Hayat \u015eark\u0131s\u0131 :<\/strong> Sal\u0131 gecelerinde sava\u015f devam ediyor. E\u015fk\u0131ya D\u00fcnyaya H\u00fck\u00fcmdar Olmaz dizisinin ard\u0131ndan her hafta s\u0131ralama de\u011fi\u015fiyor. Kanal D&#8217;nin Hayat \u015eark\u0131s\u0131 tuttu ve haftan\u0131n dizileri aras\u0131nda AB&#8217;de ald\u0131klar\u0131 7,20 reyting puan\u0131 ile 5.s\u0131radan girdi. Bu olduk\u00e7a iyi bir ba\u015far\u0131 demektir. Burcu Biricik bu dizi ile iyi bir \u00e7\u0131k\u0131\u015f yapt\u0131. Birkan Sokullu ile iyi bir i\u015f \u00e7\u0131kard\u0131lar. Hayat \u015eark\u0131s\u0131 bu hafta yine izleyicileri ekran ba\u015f\u0131na kilitleyecek bir b\u00f6l\u00fcmle ekranlara geldi. H\u00fclya ile Kerim&#8217;in aras\u0131ndaki buzlar\u0131n erimesi dikkat \u00e7ekti. Dizide Kerim&#8217;in okuldan at\u0131lmas\u0131ndan sonra ortal\u0131k iyice kar\u0131\u015ft\u0131. Kerim, okuldan at\u0131lmas\u0131nda b\u00fcy\u00fck pay\u0131 olan Aylin&#8217;i babas\u0131n\u0131n tuttu\u011funu d\u00fc\u015f\u00fcnd\u00fc. Bu y\u00fczden babas\u0131na kar\u015f\u0131 b\u00fcy\u00fck bir nefret beslemeye ba\u015flad\u0131. Durumun fark\u0131na varan Bayram olayla ilgisi olmad\u0131\u011f\u0131 i\u00e7in avukatlar\u0131n\u0131 Almanya&#8217;ya ka\u00e7an Aylin&#8217;in bulunmas\u0131 i\u00e7in g\u00f6nderdi. H\u00fclya ise mutlulu\u011funu Kerim&#8217;i yapt\u0131klar\u0131yla ya\u015fayamad\u0131. Filiz&#8217;in gelmesiyle b\u00fcy\u00fck bir \u015fok ya\u015fayan H\u00fclya, Kerim&#8217;in yapt\u0131klar\u0131yla olaylara ne tepki verece\u011fini \u015fa\u015f\u0131rd\u0131. Hemen plan yaparak Aylin&#8217;i, Bayram&#8217;\u0131n avukatlar\u0131ndan \u00f6nce bulmaya \u00e7al\u0131\u015ft\u0131.<\/p>\n<p><img loading=\"lazy\" decoding=\"async\" class=\"alignnone size-full wp-image-13206\" src=\"http:\/\/balcilar-blog.com\/wp-content\/uploads\/2016\/03\/56e037046ce4363bbcda1ca6.jpg\" alt=\"56e037046ce4363bbcda1ca6\" width=\"640\" height=\"371\" srcset=\"https:\/\/balcilar-blog.com\/wp-content\/uploads\/2016\/03\/56e037046ce4363bbcda1ca6.jpg 640w, https:\/\/balcilar-blog.com\/wp-content\/uploads\/2016\/03\/56e037046ce4363bbcda1ca6-300x174.jpg 300w\" sizes=\"auto, (max-width: 640px) 100vw, 640px\" \/><\/p>\n<p>&nbsp;<\/p>\n<p><strong>Her iki kategorinin ilk on&#8217;da yer alan diziler:<\/strong><\/p>\n<p>K\u0131rg\u0131n \u00c7i\u00e7ekler, Parampar\u00e7a, E\u015fk\u0131ya D\u00fcnyaya H\u00fck\u00fcmdar Olmaz, Hayat \u015eark\u0131s\u0131, Dirili\u015f Ertu\u011frul, Kara Sevda ve Kiral\u0131k A\u015fk her iki grupta yer alan diziler.<\/p>\n<p>&nbsp;<\/p>\n<p><strong>Kanallara g\u00f6re s\u0131ralamaya g\u00f6z atarsak:<\/strong><\/p>\n<p>Total\u2019de ilk onda: Star Tv 3 dizi. Atv, Fox ve Kanal D 2 dizi. TRT1 bir dizi ile yer al\u0131yor.<\/p>\n<p>AB grubunda: Star Tv 4 dizi. Atv, TRT1 ve Kanal D iki\u015fer dizi ile yer alm\u0131\u015ft\u0131r.<\/p>\n<p>Her hafta oldu\u011fu gibi Star Tv haftan\u0131n birincisi. Hem Total&#8217;de 3 dizi, AB&#8217;e 4 dizisini soktu.<\/p>\n<p>Bu hafta, Star Tv&#8217;nin Muhte\u015fem Y\u00fczy\u0131l K\u00f6sem dizisi AB&#8217;de kendi g\u00fcn\u00fcnde 5,87 ile gecenin 2.s\u0131ras\u0131nda yer ald\u0131. Total&#8217;de 25.s\u0131rada yer alabildi. Bu tarihi g\u00fczel dizi maalesef 12 May\u0131s 26.B\u00f6l\u00fcmde final yapaca\u011f\u0131 bildirildi. Bence bu dizi devam etmeli. Art\u0131k k\u00f6kl\u00fc devam edecek dizi yok gibi. Bu sezon b\u00f6yle ge\u00e7iyor. B\u00fct\u00fcn \u00fcmitler Eyl\u00fcl 2016 yeni sezona kald\u0131. Yap\u0131mc\u0131lardan senaryolar\u0131 sa\u011flam, k\u00f6kl\u00fc en az 2-3 sezon devam edecek diziler bekliyorum.<\/p>\n<p>Keyifli Seyirler.<\/p>\n<p>Sayg\u0131lar ve sevgiler.<\/p>\n<p>Abdurrahman Balc\u0131lar<\/p>\n<p>Twitter: <a href=\"https:\/\/twitter.com\/abbalcilar\">abdurrahman balc\u0131lar<\/a><a href=\"https:\/\/twitter.com\/abbalcilar\"><strong>@<\/strong><strong>abbalcilar<\/strong><\/a><\/p>\n<p>Mail : <a href=\"mailto:ab.balcilar@hotmail.com\">ab.balcilar@hotmail.com<\/a><\/p>\n<p>Blog:\u00a0<a href=\"http:\/\/t.co\/znqmIZgIqn\">blog.milliyet.com.tr\/cansever<\/a><\/p>\n<p>Blog:\u00a0<strong>balcilar<\/strong>&#8211;<strong>blog.com<\/strong><\/p>\n<p>Not: G\u00f6rseller taraf\u0131mdan \u0130nternetten, dizi reytingleri (reytingkurdu) \u00f6l\u00e7\u00fcmlerinden al\u0131nm\u0131\u015ft\u0131r.<\/p>\n","protected":false},"excerpt":{"rendered":"<p>TNS \u00f6l\u00e7\u00fcmlerine g\u00f6re haz\u0131rlad\u0131\u011f\u0131m 14 &#8211; 20 Mart 2016 Tarihleri aras\u0131nda ekranlar\u0131m\u0131za gelen, Total\u2019de ve AB\u2019de ilk ona giren, haftan\u0131n dizi karnesini a\u015fa\u011f\u0131da bilgilerinize sunuyorum. Bu hafta da TRT1&#8217;in Dirili\u015f Ertu\u011frul bu hafta AB&#8217;de ald\u0131\u011f\u0131 13,60 reyting puan\u0131 ile yer ald\u0131. Total&#8217;de 10,43 reyting ile K\u0131rg\u0131n \u00c7i\u00e7ekler yer ald\u0131. Total&#8217;de 10.s\u0131ras\u0131nda ise Star Tv&#8217;nin &#8220;Kiral\u0131k [&hellip;]<\/p>\n","protected":false},"author":3,"featured_media":13210,"comment_status":"open","ping_status":"open","sticky":false,"template":"","format":"standard","meta":{"footnotes":""},"categories":[2],"tags":[712,598,530],"class_list":["post-13204","post","type-post","status-publish","format-standard","has-post-thumbnail","hentry","category-tv-programlari","tag-dizi-reytingleri","tag-dizilerin-karnesi","tag-tns-olcumleri"],"views":3138,"blog_post_layout_featured_media_urls":{"thumbnail":["https:\/\/balcilar-blog.com\/wp-content\/uploads\/2016\/03\/cats-21-mart-150x150.jpg",150,150,true],"full":["https:\/\/balcilar-blog.com\/wp-content\/uploads\/2016\/03\/cats-21-mart.jpg",640,297,false]},"categories_names":{"2":{"name":"TV Programlar\u0131","link":"https:\/\/balcilar-blog.com\/?cat=2"}},"tags_names":{"712":{"name":"Dizi reytingleri","link":"https:\/\/balcilar-blog.com\/?tag=dizi-reytingleri"},"598":{"name":"Dizilerin Karnesi","link":"https:\/\/balcilar-blog.com\/?tag=dizilerin-karnesi"},"530":{"name":"TNS \u00f6l\u00e7\u00fcmleri","link":"https:\/\/balcilar-blog.com\/?tag=tns-olcumleri"}},"comments_number":"0","wpmagazine_modules_lite_featured_media_urls":{"thumbnail":["https:\/\/balcilar-blog.com\/wp-content\/uploads\/2016\/03\/cats-21-mart-150x150.jpg",150,150,true],"cvmm-medium":["https:\/\/balcilar-blog.com\/wp-content\/uploads\/2016\/03\/cats-21-mart.jpg",300,139,false],"cvmm-medium-plus":["https:\/\/balcilar-blog.com\/wp-content\/uploads\/2016\/03\/cats-21-mart.jpg",305,142,false],"cvmm-portrait":["https:\/\/balcilar-blog.com\/wp-content\/uploads\/2016\/03\/cats-21-mart.jpg",400,186,false],"cvmm-medium-square":["https:\/\/balcilar-blog.com\/wp-content\/uploads\/2016\/03\/cats-21-mart.jpg",600,278,false],"cvmm-large":["https:\/\/balcilar-blog.com\/wp-content\/uploads\/2016\/03\/cats-21-mart.jpg",640,297,false],"cvmm-small":["https:\/\/balcilar-blog.com\/wp-content\/uploads\/2016\/03\/cats-21-mart.jpg",130,60,false],"full":["https:\/\/balcilar-blog.com\/wp-content\/uploads\/2016\/03\/cats-21-mart.jpg",640,297,false]},"_links":{"self":[{"href":"https:\/\/balcilar-blog.com\/index.php?rest_route=\/wp\/v2\/posts\/13204","targetHints":{"allow":["GET"]}}],"collection":[{"href":"https:\/\/balcilar-blog.com\/index.php?rest_route=\/wp\/v2\/posts"}],"about":[{"href":"https:\/\/balcilar-blog.com\/index.php?rest_route=\/wp\/v2\/types\/post"}],"author":[{"embeddable":true,"href":"https:\/\/balcilar-blog.com\/index.php?rest_route=\/wp\/v2\/users\/3"}],"replies":[{"embeddable":true,"href":"https:\/\/balcilar-blog.com\/index.php?rest_route=%2Fwp%2Fv2%2Fcomments&post=13204"}],"version-history":[{"count":3,"href":"https:\/\/balcilar-blog.com\/index.php?rest_route=\/wp\/v2\/posts\/13204\/revisions"}],"predecessor-version":[{"id":13213,"href":"https:\/\/balcilar-blog.com\/index.php?rest_route=\/wp\/v2\/posts\/13204\/revisions\/13213"}],"wp:featuredmedia":[{"embeddable":true,"href":"https:\/\/balcilar-blog.com\/index.php?rest_route=\/wp\/v2\/media\/13210"}],"wp:attachment":[{"href":"https:\/\/balcilar-blog.com\/index.php?rest_route=%2Fwp%2Fv2%2Fmedia&parent=13204"}],"wp:term":[{"taxonomy":"category","embeddable":true,"href":"https:\/\/balcilar-blog.com\/index.php?rest_route=%2Fwp%2Fv2%2Fcategories&post=13204"},{"taxonomy":"post_tag","embeddable":true,"href":"https:\/\/balcilar-blog.com\/index.php?rest_route=%2Fwp%2Fv2%2Ftags&post=13204"}],"curies":[{"name":"wp","href":"https:\/\/api.w.org\/{rel}","templated":true}]}}