{"id":1312,"date":"2014-04-11T13:01:27","date_gmt":"2014-04-11T10:01:27","guid":{"rendered":"http:\/\/balcilar-blog.com\/?p=1312"},"modified":"2014-04-11T13:01:27","modified_gmt":"2014-04-11T10:01:27","slug":"abdullah-gul-basbakan-olur-mu","status":"publish","type":"post","link":"https:\/\/balcilar-blog.com\/?p=1312","title":{"rendered":"Abdullah G\u00fcl, Ba\u015fbakan olur mu?"},"content":{"rendered":"<div>\n<div>\n<h4>11 Nisan &#8217;14<\/h4>\n<\/div>\n<\/div>\n<div>\n<dl>\n<dt>Kategori<\/dt>\n<dd><strong><a href=\"http:\/\/blog.milliyet.com.tr\/siyaset\/Kategori\/?KategoriNo=285\">Siyaset<\/a><\/strong><\/dd>\n<\/dl>\n<div>\n<div><img loading=\"lazy\" decoding=\"async\" alt=\"Abdullah G\u00fcl, Ba\u015fbakan olur mu?\" src=\"http:\/\/iblog.milliyet.com.tr\/imgroot\/blogv7\/Blog333\/2014\/04\/11\/27\/456583-3-4-1c7c4.jpg\" width=\"333\" height=\"240\" \/><\/p>\n<div><\/div>\n<\/div>\n<div id=\"BlogDetail\">\n<p>Pek siyaset konu\u015fmak, yazmak istemesem de, bug\u00fcn ben de yazay\u0131m dedim. D\u00fc\u015f\u00fcncelerimi okuyucular\u0131m\u0131zla payla\u015fmak istedim.<\/p>\n<p>Say\u0131n <a href=\"http:\/\/blog.milliyet.com.tr\/AramaBlog\/?search=Cumhurba%C5%9Fkan%C4%B1\" rel=\"external nofollow\">Cumhurba\u015fkan\u0131<\/a>m\u0131z <a href=\"http:\/\/blog.milliyet.com.tr\/AramaBlog\/?search=Abdullah%20G%C3%BCl\" rel=\"external nofollow\">Abdullah G\u00fcl<\/a>, g\u00f6rev s\u00fcresi doldurdu ve koltu\u011funu b\u0131rakacak. Ba\u015fbakan <a href=\"http:\/\/blog.milliyet.com.tr\/AramaBlog\/?search=Recep%20Tayip%20Erdo%C4%9Fan\" rel=\"external nofollow\">Recep Tayip Erdo\u011fan<\/a> ile d\u00fcn ola\u011fan g\u00f6r\u00fc\u015fmesini yapt\u0131lar. Mutlaka Cumhurba\u015fkanl\u0131\u011f\u0131 se\u00e7im konusunu g\u00f6r\u00fc\u015fm\u00fc\u015flerdir.<\/p>\n<p>\u0130ki eski dost ve partili anla\u015f\u0131rlar m\u0131? Bilemem ama, benim tan\u0131d\u0131\u011f\u0131m Say\u0131n Abdullah G\u00fcl, attan inip e\u015fe\u011fe binmez. Zaten etik de olmaz. Ben b\u00f6yle d\u00fc\u015f\u00fcn\u00fcyorum. Gene parantez i\u00e7inde belirteyim, g\u00fcn\u00fcm\u00fcz politikalarda her \u015fey olabiliyor.<\/p>\n<p>Konu\u015fulan form\u00fcl belli\u2026 10 A\u011fustos\u2019taki Cumhurba\u015fkanl\u0131\u011f\u0131 secime Recep Tayip Erdo\u011fan girerse ve de se\u00e7ilirse, <a href=\"http:\/\/blog.milliyet.com.tr\/AramaBlog\/?search=AKP\" rel=\"external nofollow\">AKP<\/a>\u2019nin ba\u015f\u0131na ve ba\u015fbakanl\u0131\u011fa Abdullah G\u00fcl ge\u00e7ece\u011fi konu\u015fuluyor. Anayasam\u0131za g\u00f6re ba\u015fbakan\u0131n Millet Vekili olmas\u0131 gerekir. Form\u00fcl de belli. Tek milletvekili olan Bayburt ili var. Mevcut AKP milletvekili, B\u00fcnyamin \u00d6zbek istifa edecek, tekrar milletvekili se\u00e7imi yap\u0131lacak, Abdullah G\u00fcl bu ilden milletvekili se\u00e7ilecek. Ya se\u00e7ilemezse? 30 Mart se\u00e7imlerine g\u00f6re AKP\u2019nin oylar\u0131 % 46 mutlaka se\u00e7ilir. Cumhurba\u015fkan\u0131 olan Erdo\u011fan, G\u00fcl\u2019\u00fc ba\u015fbakan olarak atar sorun hal olur.<\/p>\n<p>Di\u011fer bir form\u00fcl Abdullah G\u00fcl tekrar Cumhurba\u015fkanl\u0131\u011f\u0131 se\u00e7imlerine girer, AKP de t\u00fcz\u00fc\u011f\u00fcn\u00fc de\u011fi\u015ftirir, Recep Tayip Erdo\u011fan g\u00f6revine devam eder, 2015 se\u00e7imlerinde partisinin ba\u015f\u0131nda olur, bir d\u00f6nem daha devam eder.<\/p>\n<p>Ba\u015fka bir olas\u0131l\u0131k, Recep Tayip Erdo\u011fan illa cumhurba\u015fkan\u0131 se\u00e7imlerine ben girece\u011fim derse, Abdullah G\u00fcl \u2018de ba\u015fbakan olmay\u0131 kabul etmez ise, emekliye ayr\u0131l\u0131r, k\u00f6\u015fesine \u00e7ekilir.<\/p>\n<p>\u0130lk turda Cumhurba\u015fkan\u0131 se\u00e7ilir mi? %50,01 oy al\u0131rsa se\u00e7ilir. Yoksa en y\u00fcksek oy alacak iki ki\u015fi 24 A\u011fustos da tekrar se\u00e7ime girecekler.<\/p>\n<p>Halk\u0131n oylar\u0131yla se\u00e7ilen bir Cumhurba\u015fkan\u0131 yetkili olmak isteyecek, yar\u0131 ba\u015fkanl\u0131k istemi tart\u0131\u015f\u0131ld\u0131 ama, \u015fimdilik kabul g\u00f6rmedi. Bu da ayr\u0131 bir sorun.<\/p>\n<p>B\u00fct\u00fcn bu senaryolar \u00f6n\u00fcm\u00fczdeki May\u0131s ay\u0131nda netle\u015fece\u011fini d\u00fc\u015f\u00fcn\u00fcyorum. 1989 y\u0131l\u0131ndaki rahmetli Turgut \u00d6zal\u2019\u0131n uygulad\u0131\u011f\u0131 form\u00fcl\u00fc de (g\u00fcd\u00fcml\u00fc ba\u015fbakan) \u00e7o\u011funlu\u011fun desteklemeyece\u011fini zannediyorum.<\/p>\n<p>Ba\u015fa d\u00f6nersek, Say\u0131n Abdullah G\u00fcl ya tekrar Cumhurba\u015fkan\u0131 olur, ya da emekli. Attan inip, e\u015fe\u011fe binmez!<\/p>\n<p>Netice ne olursa olsun, Halk\u0131m\u0131z T\u00fcrkiye Cumhuriyeti\u2019nin 12.ci Cumhurba\u015fkan\u0131n\u0131 se\u00e7ecek, Memleketimiz ve Milletimiz i\u00e7in hay\u0131rl\u0131s\u0131 olsun.<\/p>\n<p>&nbsp;<\/p>\n<p>Sayg\u0131lar, sevgiler.<\/p>\n<p>Abdurrahman Balc\u0131lar<\/p>\n<p>Twitter: abdurrahman balc\u0131lar@abbalcilar<\/p>\n<p>Mail : <a href=\"mailto:ab.balcilar@hotmail.com\" target=\"_blank\">ab.balcilar@hotmail.com<\/a><\/p>\n<p>Blog: milliyet.com.tr\/cansever<\/p>\n<p>Blog: balcilar-blog.com<\/p>\n<\/div>\n<\/div>\n<\/div>\n","protected":false},"excerpt":{"rendered":"<p>11 Nisan &#8217;14 Kategori Siyaset Pek siyaset konu\u015fmak, yazmak istemesem de, bug\u00fcn ben de yazay\u0131m dedim. D\u00fc\u015f\u00fcncelerimi okuyucular\u0131m\u0131zla payla\u015fmak istedim. Say\u0131n Cumhurba\u015fkan\u0131m\u0131z Abdullah G\u00fcl, g\u00f6rev s\u00fcresi doldurdu ve koltu\u011funu b\u0131rakacak. Ba\u015fbakan Recep Tayip Erdo\u011fan ile d\u00fcn ola\u011fan g\u00f6r\u00fc\u015fmesini yapt\u0131lar. Mutlaka Cumhurba\u015fkanl\u0131\u011f\u0131 se\u00e7im konusunu g\u00f6r\u00fc\u015fm\u00fc\u015flerdir. \u0130ki eski dost ve partili anla\u015f\u0131rlar m\u0131? Bilemem ama, benim tan\u0131d\u0131\u011f\u0131m [&hellip;]<\/p>\n","protected":false},"author":3,"featured_media":0,"comment_status":"open","ping_status":"open","sticky":false,"template":"","format":"standard","meta":{"footnotes":""},"categories":[1],"tags":[396,398,399,397],"class_list":["post-1312","post","type-post","status-publish","format-standard","hentry","category-genel","tag-abdullah-gul","tag-akp","tag-cumhurbaskani","tag-recep-tayip-erdogan"],"views":4036,"blog_post_layout_featured_media_urls":{"thumbnail":"","full":""},"categories_names":{"1":{"name":"Genel","link":"https:\/\/balcilar-blog.com\/?cat=1"}},"tags_names":{"396":{"name":"Abdullah G\u00fcl","link":"https:\/\/balcilar-blog.com\/?tag=abdullah-gul"},"398":{"name":"AKP","link":"https:\/\/balcilar-blog.com\/?tag=akp"},"399":{"name":"Cumhurba\u015fkan\u0131","link":"https:\/\/balcilar-blog.com\/?tag=cumhurbaskani"},"397":{"name":"Recep tayip Erdo\u011fan","link":"https:\/\/balcilar-blog.com\/?tag=recep-tayip-erdogan"}},"comments_number":"1","wpmagazine_modules_lite_featured_media_urls":{"thumbnail":"","cvmm-medium":"","cvmm-medium-plus":"","cvmm-portrait":"","cvmm-medium-square":"","cvmm-large":"","cvmm-small":"","full":""},"_links":{"self":[{"href":"https:\/\/balcilar-blog.com\/index.php?rest_route=\/wp\/v2\/posts\/1312","targetHints":{"allow":["GET"]}}],"collection":[{"href":"https:\/\/balcilar-blog.com\/index.php?rest_route=\/wp\/v2\/posts"}],"about":[{"href":"https:\/\/balcilar-blog.com\/index.php?rest_route=\/wp\/v2\/types\/post"}],"author":[{"embeddable":true,"href":"https:\/\/balcilar-blog.com\/index.php?rest_route=\/wp\/v2\/users\/3"}],"replies":[{"embeddable":true,"href":"https:\/\/balcilar-blog.com\/index.php?rest_route=%2Fwp%2Fv2%2Fcomments&post=1312"}],"version-history":[{"count":2,"href":"https:\/\/balcilar-blog.com\/index.php?rest_route=\/wp\/v2\/posts\/1312\/revisions"}],"predecessor-version":[{"id":1314,"href":"https:\/\/balcilar-blog.com\/index.php?rest_route=\/wp\/v2\/posts\/1312\/revisions\/1314"}],"wp:attachment":[{"href":"https:\/\/balcilar-blog.com\/index.php?rest_route=%2Fwp%2Fv2%2Fmedia&parent=1312"}],"wp:term":[{"taxonomy":"category","embeddable":true,"href":"https:\/\/balcilar-blog.com\/index.php?rest_route=%2Fwp%2Fv2%2Fcategories&post=1312"},{"taxonomy":"post_tag","embeddable":true,"href":"https:\/\/balcilar-blog.com\/index.php?rest_route=%2Fwp%2Fv2%2Ftags&post=1312"}],"curies":[{"name":"wp","href":"https:\/\/api.w.org\/{rel}","templated":true}]}}