{"id":13105,"date":"2016-03-12T12:20:04","date_gmt":"2016-03-12T10:20:04","guid":{"rendered":"http:\/\/balcilar-blog.com\/?p=13105"},"modified":"2016-03-12T18:20:49","modified_gmt":"2016-03-12T16:20:49","slug":"annemin-yarasi-bu-film-seyredilir","status":"publish","type":"post","link":"https:\/\/balcilar-blog.com\/?p=13105","title":{"rendered":"&#8220;Annemin Yaras\u0131&#8221; Bu film seyredilir!"},"content":{"rendered":"<p><img loading=\"lazy\" decoding=\"async\" class=\"size-full wp-image-13107\" src=\"http:\/\/balcilar-blog.com\/wp-content\/uploads\/2016\/03\/annemin_yarasi_final_turkce_ekin_443.jpg\" alt=\"CREATOR: gd-jpeg v1.0 (using IJG JPEG v62), quality = 100\" width=\"448\" height=\"640\" srcset=\"https:\/\/balcilar-blog.com\/wp-content\/uploads\/2016\/03\/annemin_yarasi_final_turkce_ekin_443.jpg 448w, https:\/\/balcilar-blog.com\/wp-content\/uploads\/2016\/03\/annemin_yarasi_final_turkce_ekin_443-210x300.jpg 210w\" sizes=\"auto, (max-width: 448px) 100vw, 448px\" \/><br \/>\nBu sabah kahvalt\u0131m\u0131 yaparken NTV&#8217;de &#8220;Annemin Yaras\u0131&#8221; filminin oyuncular\u0131 ile 9 Mart&#8217;ta oyuncular\u0131yla yap\u0131lan r\u00f6portaj\u0131n tekrar\u0131n\u0131 izledim. \u0130lgimi \u00e7ekti, film ile ilgili \u015f\u00f6yle bir ara\u015ft\u0131rma yapt\u0131m. \u0130\u015fte derlediklerim. Filmi de en k\u0131sa zamanda sinemada seyredece\u011fimi s\u00f6yleyeyim.<\/p>\n<p>&#8220;Annemin Yaras\u0131&#8221; d\u00fcn (11 Mart 2016) vizyona girmi\u015f. Bir BKM Film yap\u0131m\u0131.<\/p>\n<p>Oyuncular: Ozan G\u00fcven, Meryem Uzerli, Bel\u00e7im Bilgin, Okan Yalab\u0131k, Bora Akka\u015f<\/p>\n<p>Y\u00f6netmen: Ozan A\u00e7\u0131ktan<\/p>\n<p>Yazarlar: Uygar \u015eirin, Ozan A\u00e7\u0131ktan, Funda \u00c7etin, Mehmet Turgut, Ozan G\u00fcven, Fethi Kantarc\u0131<\/p>\n<p>Yap\u0131mc\u0131: Necati Akp\u0131nar<\/p>\n<p>Filmin Konusu k\u0131saca: Salih on sekiz ya\u015f\u0131na geldi\u011finde kay\u0131p ailesini bulmak \u00fczere yetimhaneyi terk eder ve babas\u0131n\u0131 ararken bir \u00e7iftlikte i\u015fe ba\u015flar.<\/p>\n<p>&nbsp;<\/p>\n<p><img loading=\"lazy\" decoding=\"async\" class=\"alignnone size-full wp-image-13108\" src=\"http:\/\/balcilar-blog.com\/wp-content\/uploads\/2016\/03\/CcnEGzSXIAA10du.jpg\" alt=\"CcnEGzSXIAA10du\" width=\"559\" height=\"480\" srcset=\"https:\/\/balcilar-blog.com\/wp-content\/uploads\/2016\/03\/CcnEGzSXIAA10du.jpg 559w, https:\/\/balcilar-blog.com\/wp-content\/uploads\/2016\/03\/CcnEGzSXIAA10du-300x258.jpg 300w\" sizes=\"auto, (max-width: 559px) 100vw, 559px\" \/><\/p>\n<p>Hi\u00e7 beklemedi\u011fi bir anda hayalindeki yuvay\u0131 bulmu\u015ftur. Heyecan ve tansiyon y\u00fckseldik\u00e7e yeni s\u0131rlar da su \u00fcst\u00fcne \u00e7\u0131kar. Salih ge\u00e7mi\u015finden kurtulup bu yuvada mutlu olabilecek midir? Soluk solu\u011fa izlenecek Annemin Yaras\u0131, Salih\u2019in pe\u015finde umudun izini s\u00fcr\u00fcyor. Ozan A\u00e7\u0131ktan\u2019\u0131n y\u00f6netti\u011fi filmde ba\u015frolleri Meryem Uzerli, Ozan G\u00fcven, Bel\u00e7im Bilgin, Okan Yalab\u0131k ve Bora Akka\u015f payla\u015f\u0131yor.<\/p>\n<p><img loading=\"lazy\" decoding=\"async\" class=\"alignnone size-full wp-image-13109\" src=\"http:\/\/balcilar-blog.com\/wp-content\/uploads\/2016\/03\/CdHcZ9OWoAEUE3S.jpg\" alt=\"CdHcZ9OWoAEUE3S\" width=\"480\" height=\"480\" srcset=\"https:\/\/balcilar-blog.com\/wp-content\/uploads\/2016\/03\/CdHcZ9OWoAEUE3S.jpg 480w, https:\/\/balcilar-blog.com\/wp-content\/uploads\/2016\/03\/CdHcZ9OWoAEUE3S-150x150.jpg 150w, https:\/\/balcilar-blog.com\/wp-content\/uploads\/2016\/03\/CdHcZ9OWoAEUE3S-300x300.jpg 300w\" sizes=\"auto, (max-width: 480px) 100vw, 480px\" \/><\/p>\n<p><img loading=\"lazy\" decoding=\"async\" class=\"alignnone size-full wp-image-13110\" src=\"http:\/\/balcilar-blog.com\/wp-content\/uploads\/2016\/03\/CdHig5eUMAE4k4T.jpg\" alt=\"CdHig5eUMAE4k4T\" width=\"481\" height=\"480\" srcset=\"https:\/\/balcilar-blog.com\/wp-content\/uploads\/2016\/03\/CdHig5eUMAE4k4T.jpg 481w, https:\/\/balcilar-blog.com\/wp-content\/uploads\/2016\/03\/CdHig5eUMAE4k4T-150x150.jpg 150w, https:\/\/balcilar-blog.com\/wp-content\/uploads\/2016\/03\/CdHig5eUMAE4k4T-300x300.jpg 300w\" sizes=\"auto, (max-width: 481px) 100vw, 481px\" \/><\/p>\n<p><img loading=\"lazy\" decoding=\"async\" class=\"alignnone size-full wp-image-13112\" src=\"http:\/\/balcilar-blog.com\/wp-content\/uploads\/2016\/03\/CdHWe3zXIAIMnTF.jpg\" alt=\"CdHWe3zXIAIMnTF\" width=\"480\" height=\"480\" srcset=\"https:\/\/balcilar-blog.com\/wp-content\/uploads\/2016\/03\/CdHWe3zXIAIMnTF.jpg 480w, https:\/\/balcilar-blog.com\/wp-content\/uploads\/2016\/03\/CdHWe3zXIAIMnTF-150x150.jpg 150w, https:\/\/balcilar-blog.com\/wp-content\/uploads\/2016\/03\/CdHWe3zXIAIMnTF-300x300.jpg 300w\" sizes=\"auto, (max-width: 480px) 100vw, 480px\" \/><\/p>\n<p><img loading=\"lazy\" decoding=\"async\" class=\"alignnone size-full wp-image-13111\" src=\"http:\/\/balcilar-blog.com\/wp-content\/uploads\/2016\/03\/CdHRE_cUkAEuoZ_.jpg\" alt=\"CdHRE_cUkAEuoZ_\" width=\"480\" height=\"480\" srcset=\"https:\/\/balcilar-blog.com\/wp-content\/uploads\/2016\/03\/CdHRE_cUkAEuoZ_.jpg 480w, https:\/\/balcilar-blog.com\/wp-content\/uploads\/2016\/03\/CdHRE_cUkAEuoZ_-150x150.jpg 150w, https:\/\/balcilar-blog.com\/wp-content\/uploads\/2016\/03\/CdHRE_cUkAEuoZ_-300x300.jpg 300w\" sizes=\"auto, (max-width: 480px) 100vw, 480px\" \/><\/p>\n<p><img loading=\"lazy\" decoding=\"async\" class=\"alignnone size-full wp-image-13114\" src=\"http:\/\/balcilar-blog.com\/wp-content\/uploads\/2016\/03\/Cc8l4jNWEAEqqPV.jpg\" alt=\"Cc8l4jNWEAEqqPV\" width=\"640\" height=\"358\" srcset=\"https:\/\/balcilar-blog.com\/wp-content\/uploads\/2016\/03\/Cc8l4jNWEAEqqPV.jpg 640w, https:\/\/balcilar-blog.com\/wp-content\/uploads\/2016\/03\/Cc8l4jNWEAEqqPV-300x168.jpg 300w\" sizes=\"auto, (max-width: 640px) 100vw, 640px\" \/><\/p>\n<p>200 ki\u015filik teknik ekip ile \u00e7ekimleri 45 g\u00fcnde tamamlanan filmin tamam\u0131 yurt d\u0131\u015f\u0131nda ve 60 mekanda \u00e7ekilmi\u015f. On sekiz ya\u015f\u0131ndaki Salih&#8217;in hayalindeki yuvay\u0131 bulmak \u00fczere hi\u00e7 bilmedi\u011fi bir \u015fehre do\u011fru yola \u00e7\u0131kmas\u0131yla ba\u015flayan ve unutulmu\u015f bir maziyle birbirine ba\u011flanan iki aileyi yeniden kar\u015f\u0131 kar\u015f\u0131ya getiren filmin \u00e7ekimleri S\u0131rbistan&#8217;da tamamlanm\u0131\u015f.<\/p>\n<p>&#8220;Annemin Yaras\u0131&#8221; filmi \u00e7arp\u0131c\u0131 anlat\u0131m\u0131 ve s\u0131ra d\u0131\u015f\u0131 bir aile hikayesini anlat\u0131yormu\u015f.<\/p>\n<p><img loading=\"lazy\" decoding=\"async\" class=\"alignnone size-full wp-image-13113\" src=\"http:\/\/balcilar-blog.com\/wp-content\/uploads\/2016\/03\/CdL9q0-W0AYu2Ro.jpg\" alt=\"CdL9q0-W0AYu2Ro\" width=\"640\" height=\"427\" srcset=\"https:\/\/balcilar-blog.com\/wp-content\/uploads\/2016\/03\/CdL9q0-W0AYu2Ro.jpg 640w, https:\/\/balcilar-blog.com\/wp-content\/uploads\/2016\/03\/CdL9q0-W0AYu2Ro-300x200.jpg 300w\" sizes=\"auto, (max-width: 640px) 100vw, 640px\" \/><\/p>\n<p>Filmin galas\u0131 9 Mart ak\u015fam\u0131, L\u00fctfi K\u0131rdar Uluslararas\u0131 Kongre ve Sergi Saray\u0131\u2019nda yap\u0131l\u0131\u015f. Galaya sanat ve cemiyet d\u00fcnyas\u0131n\u0131n \u00fcnl\u00fc isimlerinin de yer ald\u0131\u011f\u0131 1800 ki\u015fi kat\u0131lm\u0131\u015f.<\/p>\n<p><img loading=\"lazy\" decoding=\"async\" class=\"alignnone size-full wp-image-13106\" src=\"http:\/\/balcilar-blog.com\/wp-content\/uploads\/2016\/03\/56e2761018c7736740d1cb3f.jpg\" alt=\"56e2761018c7736740d1cb3f\" width=\"640\" height=\"386\" srcset=\"https:\/\/balcilar-blog.com\/wp-content\/uploads\/2016\/03\/56e2761018c7736740d1cb3f.jpg 640w, https:\/\/balcilar-blog.com\/wp-content\/uploads\/2016\/03\/56e2761018c7736740d1cb3f-300x181.jpg 300w\" sizes=\"auto, (max-width: 640px) 100vw, 640px\" \/><\/p>\n<p>Gecenin konuklar\u0131 aras\u0131nda Y\u0131lmaz Erdo\u011fan, Cem Y\u0131lmaz, Murat Y\u0131ld\u0131r\u0131m, Emre Karayel, Engin \u00d6zt\u00fcrk, \u0130dil F\u0131rat, Mahir \u0130pek, Ay\u015feg\u00fcl Aldin\u00e7, G\u00fclenay Kalkan ve Tar\u0131k \u00dcnl\u00fco\u011flu, Berrak T\u00fcz\u00fcnata\u00e7, Demet Sabanc\u0131 gibi \u00fcnl\u00fc isimler varm\u0131\u015f.<\/p>\n<p><strong>Kat\u0131lan \u00dcnl\u00fclerin Film hakk\u0131nda yorumlar\u0131:<\/strong><\/p>\n<p><strong>Y\u0131lmaz Erdo\u011fan:<\/strong> &#8220;\u00c7ok iyi film. Ola\u011fan\u00fcst\u00fc bir film. Ola\u011fan\u00fcst\u00fc bir reji. \u00c7ok iyi oyuncular. Arkada\u015flar\u0131mla gurur duyuyorum.&#8221;<\/p>\n<p><strong>Cem Y\u0131lmaz:<\/strong> &#8220;\u00c7ok be\u011fendim. \u00c7ok kaliteli \u00e7ok g\u00fczel bir i\u015f. Herkesin ellerine sa\u011fl\u0131k. \u00c7ok izlenir in\u015fallah.&#8221;<\/p>\n<p><strong>Seda Balkan<\/strong>: &#8220;\u00c7ok etkileyici film. Oyunculuklar m\u00fckemmeldi.&#8221;<\/p>\n<p><strong>Murat Y\u0131ld\u0131r\u0131m:<\/strong> &#8220;Son zamanlarda seyretti\u011fim en iyi T\u00fcrk filmi. En iyi performans Ozan G\u00fcven. En iyi y\u00f6netmen Ozan A\u00e7\u0131kal\u0131n.&#8221;<\/p>\n<p><strong>Sermiyan Midyat:<\/strong> &#8220;Hen\u00fcz filmi hazmetmeye \u00e7al\u0131\u015f\u0131yorum. Ger\u00e7ekten \u00e7ok etkilendim.&#8221;<\/p>\n<p><strong>Berrak T\u00fcz\u00fcnata\u00e7:<\/strong> &#8220;\u00c7ok etkileyici performanslar, \u00e7ok etkileyici bir hikaye.&#8221;<\/p>\n<p><strong>Devrim Yakut:<\/strong> &#8220;\u00c7ok etkilendim. \u00c7ok \u00e7arp\u0131c\u0131 bir hikaye. Kalbe i\u015fleyen bir bi\u00e7imde anlat\u0131lm\u0131\u015f.&#8221;<\/p>\n<p><strong>Mehmet Aslantu\u011f:<\/strong> &#8220;Filmi \u00e7ok iyi buldum. T\u00fcrk sinemas\u0131 ad\u0131na \u00e7ok \u00f6zel bir i\u015f izledik bu ak\u015fam.&#8221;<\/p>\n<p><strong>Cengiz Bozkurt:<\/strong> &#8220;Film \u00e7ok dokunakl\u0131. \u0130nan\u0131lmaz bir sinema dili vard\u0131.&#8221;<\/p>\n<p>Bu g\u00fczel yorumlardan sonra bu film seyredilir. Ben kendi ad\u0131ma en k\u0131sa zamanda sinemada seyredece\u011fim. Kendi yorumlar\u0131m\u0131 da, seyrettikten sonra yapaca\u011f\u0131m.<\/p>\n<p>&#8220;Annemin Yaras\u0131&#8221; filmine Sinemalarda gi\u015fesi ve de has\u0131lat\u0131 bol olmas\u0131 dileklerimle&#8230;<\/p>\n<p>Seyretmek isteyenlere keyifli seyirler.<\/p>\n<p>Sayg\u0131lar ve sevgiler.<\/p>\n<p>Abdurrahman Balc\u0131lar<\/p>\n<p>Twitter: <a href=\"https:\/\/twitter.com\/abbalcilar\">abdurrahman balc\u0131lar<\/a><a href=\"https:\/\/twitter.com\/abbalcilar\"><strong>@<\/strong><strong>abbalcilar<\/strong><\/a><\/p>\n<p>Mail : <a href=\"mailto:ab.balcilar@hotmail.com\">ab.balcilar@hotmail.com<\/a><\/p>\n<p>Blog:\u00a0<a href=\"http:\/\/t.co\/znqmIZgIqn\">blog.milliyet.com.tr\/cansever<\/a><\/p>\n<p>Blog:\u00a0<strong>balcilar<\/strong>&#8211;<strong>blog.com<\/strong><\/p>\n<p>Not: Film hakk\u0131nda bilgiler ve g\u00f6rseller, BKM Film resmi \u0130nternet, Twitter ve Fecebook sayfas\u0131ndan al\u0131nm\u0131\u015ft\u0131r.<\/p>\n<p>&nbsp;<\/p>\n<p>&nbsp;<\/p>\n","protected":false},"excerpt":{"rendered":"<p>Bu sabah kahvalt\u0131m\u0131 yaparken NTV&#8217;de &#8220;Annemin Yaras\u0131&#8221; filminin oyuncular\u0131 ile 9 Mart&#8217;ta oyuncular\u0131yla yap\u0131lan r\u00f6portaj\u0131n tekrar\u0131n\u0131 izledim. \u0130lgimi \u00e7ekti, film ile ilgili \u015f\u00f6yle bir ara\u015ft\u0131rma yapt\u0131m. \u0130\u015fte derlediklerim. Filmi de en k\u0131sa zamanda sinemada seyredece\u011fimi s\u00f6yleyeyim. &#8220;Annemin Yaras\u0131&#8221; d\u00fcn (11 Mart 2016) vizyona girmi\u015f. Bir BKM Film yap\u0131m\u0131. Oyuncular: Ozan G\u00fcven, Meryem Uzerli, Bel\u00e7im Bilgin, [&hellip;]<\/p>\n","protected":false},"author":3,"featured_media":13107,"comment_status":"open","ping_status":"open","sticky":false,"template":"","format":"standard","meta":{"footnotes":""},"categories":[10],"tags":[1054,936,1060,1057,496,797,1059,1055],"class_list":["post-13105","post","type-post","status-publish","format-standard","has-post-thumbnail","hentry","category-sinema","tag-annemin-yarasi","tag-belcim-bilgin","tag-bkm-film","tag-bora-aktas","tag-meryem-uzerli","tag-okan-yalabik","tag-ozan-aciktan","tag-ozan-guven"],"views":3542,"blog_post_layout_featured_media_urls":{"thumbnail":["https:\/\/balcilar-blog.com\/wp-content\/uploads\/2016\/03\/annemin_yarasi_final_turkce_ekin_443-150x150.jpg",150,150,true],"full":["https:\/\/balcilar-blog.com\/wp-content\/uploads\/2016\/03\/annemin_yarasi_final_turkce_ekin_443.jpg",448,640,false]},"categories_names":{"10":{"name":"Sinema","link":"https:\/\/balcilar-blog.com\/?cat=10"}},"tags_names":{"1054":{"name":"Annemin Yaras\u0131","link":"https:\/\/balcilar-blog.com\/?tag=annemin-yarasi"},"936":{"name":"Bel\u00e7im Bilgin","link":"https:\/\/balcilar-blog.com\/?tag=belcim-bilgin"},"1060":{"name":"BKM Film","link":"https:\/\/balcilar-blog.com\/?tag=bkm-film"},"1057":{"name":"Bora Akta\u015f","link":"https:\/\/balcilar-blog.com\/?tag=bora-aktas"},"496":{"name":"meryem Uzerli","link":"https:\/\/balcilar-blog.com\/?tag=meryem-uzerli"},"797":{"name":"Okan Yalab\u0131k","link":"https:\/\/balcilar-blog.com\/?tag=okan-yalabik"},"1059":{"name":"Ozan A\u00e7\u0131ktan","link":"https:\/\/balcilar-blog.com\/?tag=ozan-aciktan"},"1055":{"name":"Ozan G\u00fcven","link":"https:\/\/balcilar-blog.com\/?tag=ozan-guven"}},"comments_number":"0","wpmagazine_modules_lite_featured_media_urls":{"thumbnail":["https:\/\/balcilar-blog.com\/wp-content\/uploads\/2016\/03\/annemin_yarasi_final_turkce_ekin_443-150x150.jpg",150,150,true],"cvmm-medium":["https:\/\/balcilar-blog.com\/wp-content\/uploads\/2016\/03\/annemin_yarasi_final_turkce_ekin_443.jpg",210,300,false],"cvmm-medium-plus":["https:\/\/balcilar-blog.com\/wp-content\/uploads\/2016\/03\/annemin_yarasi_final_turkce_ekin_443.jpg",145,207,false],"cvmm-portrait":["https:\/\/balcilar-blog.com\/wp-content\/uploads\/2016\/03\/annemin_yarasi_final_turkce_ekin_443.jpg",400,571,false],"cvmm-medium-square":["https:\/\/balcilar-blog.com\/wp-content\/uploads\/2016\/03\/annemin_yarasi_final_turkce_ekin_443.jpg",420,600,false],"cvmm-large":["https:\/\/balcilar-blog.com\/wp-content\/uploads\/2016\/03\/annemin_yarasi_final_turkce_ekin_443.jpg",448,640,false],"cvmm-small":["https:\/\/balcilar-blog.com\/wp-content\/uploads\/2016\/03\/annemin_yarasi_final_turkce_ekin_443.jpg",67,95,false],"full":["https:\/\/balcilar-blog.com\/wp-content\/uploads\/2016\/03\/annemin_yarasi_final_turkce_ekin_443.jpg",448,640,false]},"_links":{"self":[{"href":"https:\/\/balcilar-blog.com\/index.php?rest_route=\/wp\/v2\/posts\/13105","targetHints":{"allow":["GET"]}}],"collection":[{"href":"https:\/\/balcilar-blog.com\/index.php?rest_route=\/wp\/v2\/posts"}],"about":[{"href":"https:\/\/balcilar-blog.com\/index.php?rest_route=\/wp\/v2\/types\/post"}],"author":[{"embeddable":true,"href":"https:\/\/balcilar-blog.com\/index.php?rest_route=\/wp\/v2\/users\/3"}],"replies":[{"embeddable":true,"href":"https:\/\/balcilar-blog.com\/index.php?rest_route=%2Fwp%2Fv2%2Fcomments&post=13105"}],"version-history":[{"count":4,"href":"https:\/\/balcilar-blog.com\/index.php?rest_route=\/wp\/v2\/posts\/13105\/revisions"}],"predecessor-version":[{"id":13118,"href":"https:\/\/balcilar-blog.com\/index.php?rest_route=\/wp\/v2\/posts\/13105\/revisions\/13118"}],"wp:featuredmedia":[{"embeddable":true,"href":"https:\/\/balcilar-blog.com\/index.php?rest_route=\/wp\/v2\/media\/13107"}],"wp:attachment":[{"href":"https:\/\/balcilar-blog.com\/index.php?rest_route=%2Fwp%2Fv2%2Fmedia&parent=13105"}],"wp:term":[{"taxonomy":"category","embeddable":true,"href":"https:\/\/balcilar-blog.com\/index.php?rest_route=%2Fwp%2Fv2%2Fcategories&post=13105"},{"taxonomy":"post_tag","embeddable":true,"href":"https:\/\/balcilar-blog.com\/index.php?rest_route=%2Fwp%2Fv2%2Ftags&post=13105"}],"curies":[{"name":"wp","href":"https:\/\/api.w.org\/{rel}","templated":true}]}}