{"id":13072,"date":"2016-03-07T16:42:20","date_gmt":"2016-03-07T14:42:20","guid":{"rendered":"http:\/\/balcilar-blog.com\/?p=13072"},"modified":"2016-03-08T06:11:37","modified_gmt":"2016-03-08T04:11:37","slug":"gecen-haftanin-29-subat-6-mart-2016-en-cok-izlenen-dizileri","status":"publish","type":"post","link":"https:\/\/balcilar-blog.com\/?p=13072","title":{"rendered":"Ge\u00e7en Haftan\u0131n (29 \u015eubat &#8211; 6 Mart 2016) en \u00e7ok izlenen dizileri!"},"content":{"rendered":"<p><img loading=\"lazy\" decoding=\"async\" class=\"alignnone size-full wp-image-13079\" src=\"http:\/\/balcilar-blog.com\/wp-content\/uploads\/2016\/03\/cats-7-mart.jpg\" alt=\"cats 7 mart\" width=\"640\" height=\"322\" srcset=\"https:\/\/balcilar-blog.com\/wp-content\/uploads\/2016\/03\/cats-7-mart.jpg 640w, https:\/\/balcilar-blog.com\/wp-content\/uploads\/2016\/03\/cats-7-mart-300x151.jpg 300w\" sizes=\"auto, (max-width: 640px) 100vw, 640px\" \/><\/p>\n<p>&nbsp;<\/p>\n<p>TNS \u00f6l\u00e7\u00fcmlerine g\u00f6re haz\u0131rlad\u0131\u011f\u0131m 29 \u015eubat &#8211; 6 Mart 2016 Tarihleri aras\u0131nda ekranlar\u0131m\u0131za gelen, Total\u2019de ve AB\u2019de ilk ona giren, haftan\u0131n dizi karnesini a\u015fa\u011f\u0131da bilgilerinize sunuyorum.<\/p>\n<p>Bu hafta TRT1&#8217;in Dirili\u015f Ertu\u011frul dizisi her iki kategoride birinci s\u0131rada yer ald\u0131. Total&#8217;de bu 9,24 reyting ile, AB&#8217;de olduk\u00e7a y\u00fcksek 13,11 puan ald\u0131. Total&#8217;de 10.s\u0131ras\u0131nda ise Fox Tv&#8217;nin &#8220;O Hayat Benim&#8221; 5,73 ile, AB&#8217;de 10 s\u0131rada ise, K\u0131rg\u0131n \u00c7i\u00e7ekler 5,02 puan ile yer al\u0131yor.<\/p>\n<p>Star Tv&#8217;nin dizisi &#8220;G\u00f6\u00e7 Zaman\u0131&#8221; bu hafta ekranla gelen 6.b\u00f6l\u00fcm\u00fc Total&#8217;de 4,37 puan ald\u0131 ve 6.s\u0131rada yer ald\u0131. AB&#8217;de 9.s\u0131rada oldu\u011funu g\u00f6r\u00fcyoruz. Bu hafta Sal\u0131 gecesi ekranlara gelen Kanal D&#8217;nin Hayat \u015eark\u0131s\u0131 4.b\u00f6l\u00fcm\u00fc ile AB&#8217;de 5.s\u0131radan ilk 10&#8217;a girmeyi ba\u015fard\u0131. Dizi be\u011feni ile izleniyor.<\/p>\n<p>Meryem Uzerli&#8217;nin dizisi Gecenin Krali\u00e7esi yine beklenen ba\u015far\u0131y\u0131 elde edemedi. Ge\u00e7enin Krali\u00e7esi Total&#8217;de 25 ve AB&#8217;de 26.s\u0131rada yer ald\u0131. Ve dizinin final bileti kesildi. 5 Nisan&#8217;da 13.B\u00f6l\u00fcmde final yapacak.<\/p>\n<p>Show Tv&#8217;nin olduk\u00e7a iddial\u0131 dizisi ilk b\u00f6l\u00fcm\u00fc ekranlarda geldi. Ancak reytingleri olduk\u00e7a d\u00fc\u015f\u00fckt\u00fc. Total&#8217;de 28. AB&#8217;de 23.s\u0131rada yer alabildi. K\u0131\u015f G\u00fcne\u015fi&#8217;nin 2.B\u00f6l\u00fcm\u00fcn\u00fcn de reytingleri olduk\u00e7a d\u00fc\u015f\u00fck geldi. Total: 22.s\u0131ra, AB&#8217;de 18.s\u0131rada yer ald\u0131.<\/p>\n<p>Pazartesi&#8217;den Cumartesi gecesine al\u0131nan &#8220;G\u00fcne\u015fin K\u0131zlar\u0131&#8221;, her nedense yeni g\u00fcn\u00fcnde de bekleneni alamad\u0131. 4 Haftad\u0131r reytingleri hep d\u00fc\u015f\u00fck, bu gidi\u015fe Kanal D bu dizinin de birlerini kesecek gibi g\u00f6z\u00fck\u00fcyor.<\/p>\n<p>Reyting Nedir?<br \/>\nReyting, izleyici tercihlerine g\u00f6re ortaya \u00e7\u0131kan izlenme pay\u0131n\u0131n kanallara ve programlara payla\u015ft\u0131r\u0131lmas\u0131 ile olu\u015fan de\u011ferlendirmedir. Reyting de\u011ferlendirmesi kanallar ve reklam \u015firketleri ad\u0131na TNS taraf\u0131ndan ger\u00e7ekle\u015ftirilir. \u00d6l\u00e7me i\u015flemi yakla\u015f\u0131k 2200 haneye yerle\u015ftirilen ve gizli tutulan reyting \u00f6l\u00e7me cihazlar\u0131 ile elde edilir. Reyting sonu\u00e7lar\u0131, t\u00fcm g\u00fcn boyunca izlenen programlar\u0131n listelenmesine imkan verir.<\/p>\n<p>Bu hafta en \u00e7ok izlenen ilk ona giren dizlere g\u00f6z atal\u0131m. Bu s\u0131ralama sadece dizilerin reytingler y\u00fczdesine g\u00f6re en \u00e7ok izlenen dizilerin ilk 10\u2019da yer alanlar\u0131n\u0131 s\u0131ralamaya koyuyorum. Yar\u0131\u015fma, e\u011flence ve haber programlar\u0131 y\u00fczdeleri y\u00fcksek olsa da bu s\u0131ralamaya koymuyorum. Bu sadece dizilerin yar\u0131\u015f\u0131d\u0131r, en \u00e7ok izlenen dizilerin s\u0131ralamas\u0131d\u0131r. Bir nevi dizilerin karnesidir.<\/p>\n<p><span style=\"color: #0000ff;\"><strong>Ge\u00e7en Haftan\u0131n En \u00c7ok \u0130zlenen Dizileri:<\/strong><\/span><\/p>\n<p><strong>Total ilk 10:<\/strong><\/p>\n<p>1.Dirili\u015f Ertu\u011frul 48.B\u00f6l\u00fcm (TRT1)&#8230;&#8230;&#8230;&#8230;&#8230;&#8230;&#8230;&#8230;&#8230;&#8230;.9,24 &#8211; 21,61<\/p>\n<p>3.E\u015fk\u0131ya D\u00fcnyaya H\u00fck\u00fcmdar Olmaz 25.B\u00f6l\u00fcm (Atv)&#8230;9,23 &#8211; 23,15<\/p>\n<p>3.K\u0131rg\u0131n \u00c7i\u00e7ekler 35.B\u00f6l\u00fcm (Atv)&#8230;&#8230;&#8230;&#8230;&#8230;&#8230;&#8230;&#8230;&#8230;&#8230;&#8230;..8,68 &#8211; 20,89<\/p>\n<p>4.Karag\u00fcl 111.B\u00f6l\u00fcm (Fox Tv)&#8230;&#8230;&#8230;&#8230;&#8230;&#8230;&#8230;&#8230;&#8230;&#8230;&#8230;&#8230;&#8230;.7,40 &#8211; 17,94<\/p>\n<p>5.Parampar\u00e7a 55.B\u00f6l\u00fcm (Star Tv)&#8230;&#8230;&#8230;&#8230;&#8230;&#8230;&#8230;&#8230;&#8230;&#8230;&#8230;.6,82 &#8211; 16,70<\/p>\n<p>6.Kara Sevda 20.B\u00f6l\u00fcm (Star Tv)&#8230;&#8230;&#8230;&#8230;&#8230;&#8230;&#8230;&#8230;&#8230;&#8230;&#8230;..6,48 &#8211; 15,37<\/p>\n<p>7.Kiral\u0131k A\u015fk 36.B\u00f6l\u00fcm (Star)&#8230;&#8230;&#8230;&#8230;&#8230;&#8230;&#8230;&#8230;&#8230;&#8230;&#8230;&#8230;&#8230;..6,45 &#8211; 15,42<\/p>\n<p>8.Kurtlar Vadisi Pusu 284.B\u00f6l\u00fcm (Kanal D)&#8230;&#8230;&#8230;&#8230;&#8230;..6,44 &#8211; 15,82<\/p>\n<p>9.Arka Sokaklar 391.B\u00f6l\u00fcm (Kanal D)&#8230;&#8230;&#8230;&#8230;&#8230;&#8230;&#8230;&#8230;&#8230;6,41 &#8211; 15,30<\/p>\n<p>10.O Hayat Benim 84.B\u00f6l\u00fcm (Fox Tv)&#8230;&#8230;&#8230;&#8230;&#8230;&#8230;&#8230;&#8230;..5,73 &#8211; 13,97<\/p>\n<p>&nbsp;<\/p>\n<p><strong>AB\u2019de ilk 10:<\/strong><\/p>\n<p>1.Dirili\u015f Ertu\u011frul 48.B\u00f6l\u00fcm (TRT1)&#8230;&#8230;&#8230;&#8230;&#8230;&#8230;&#8230;&#8230;&#8230;&#8230;.13,11 &#8211; 30,08<\/p>\n<p>2.E\u015fk\u0131ya D\u00fcnyaya H\u00fck\u00fcmdar Olmaz 23.B\u00f6l\u00fcm (Atv)&#8230;.8,66 &#8211; 21,16<\/p>\n<p>2.Kiral\u0131k A\u015fk 36.B\u00f6l\u00fcm (Star)&#8230;&#8230;&#8230;&#8230;&#8230;&#8230;&#8230;&#8230;&#8230;&#8230;&#8230;&#8230;&#8230;..7,63 &#8211; 19,25<\/p>\n<p>4.Poyraz Karayel 47.B\u00f6l\u00fcm (Kanal D)&#8230;&#8230;&#8230;&#8230;&#8230;&#8230;&#8230;&#8230;&#8230;.7,15 &#8211; 16,64<\/p>\n<p>5.Hayat \u015eark\u0131s\u0131 4.B\u00f6l\u00fcm (Kanal D)&#8230;&#8230;&#8230;&#8230;&#8230;&#8230;&#8230;&#8230;&#8230;&#8230;..6,47 &#8211; 16,02<\/p>\n<p>6.Muhte\u015fem Y\u00fczy\u0131l K\u00f6sem 16.B\u00f6l\u00fcm (Star Tv)&#8230;&#8230;&#8230;&#8230;.5,33 &#8211; 13,66<\/p>\n<p>7.Parampar\u00e7a 55.B\u00f6l\u00fcm (Star Tv)&#8230;&#8230;&#8230;&#8230;&#8230;&#8230;&#8230;&#8230;&#8230;&#8230;&#8230;.5,13 &#8211; 13,84<\/p>\n<p>8.Kara Sevda 20.B\u00f6l\u00fcm (Star Tv)&#8230;&#8230;&#8230;&#8230;&#8230;&#8230;&#8230;&#8230;&#8230;&#8230;&#8230;..5,12 &#8211; 11,91<\/p>\n<p>9.K\u00f6rd\u00fc\u011f\u00fcm 9.B\u00f6l\u00fcm (Fox Tv)&#8230;&#8230;&#8230;&#8230;&#8230;&#8230;&#8230;&#8230;&#8230;&#8230;&#8230;&#8230;..5,06 &#8211; 12,61<\/p>\n<p>10.K\u0131rg\u0131n \u00c7i\u00e7ekler 36.B\u00f6l\u00fcm (Atv)&#8230;&#8230;&#8230;&#8230;&#8230;&#8230;&#8230;&#8230;&#8230;&#8230;&#8230;5,02 &#8211; 13,35<\/p>\n<p>&nbsp;<\/p>\n<p><span style=\"color: #0000ff;\"><strong>TOTAL ve AB Grubunda reytingleri en y\u00fcksek olan ilk 5 s\u0131ralamas\u0131:<\/strong><\/span><\/p>\n<p><strong>1- Dirili\u015f Ertu\u011frul :<\/strong> Bu hafta TRT1&#8217;in tarihi dizisi Dirili\u015f Ertu\u011frul AB&#8217;de ald\u0131\u011f\u0131 13,11 puan ile ilk s\u0131rada yer ald\u0131. RT 1 ekranlar\u0131n\u0131n fenomen dizisi Dirili\u015f \u201cErtu\u011frul\u201dun 48.B\u00f6l\u00fcm\u00fcnde \u0130ki devlet aras\u0131nda yap\u0131lan anla\u015fma gere\u011fi Noyan\u2019\u0131n serbest kalacak olmas\u0131 devletle Kay\u0131 ve Dodurga obalar\u0131n\u0131 kar\u015f\u0131 kar\u015f\u0131ya getirmi\u015ftir. Oba beyleri sonu\u00e7 ne olursa olsun Noyan\u2019\u0131n idam edilmesi gerekti\u011fini d\u00fc\u015f\u00fcn\u00fcrler. Ancak Saadettin K\u00f6pek, her iki oban\u0131n beyleriyle konu\u015farak onlar\u0131, Noyan\u2019\u0131n idam edilmemesi i\u00e7in ikna etmi\u015ftir. Noyan idamdan kurtulmu\u015f, Saadettin K\u00f6pek taraf\u0131ndan g\u00f6t\u00fcr\u00fclm\u00fc\u015ft\u00fcr.<\/p>\n<p><img loading=\"lazy\" decoding=\"async\" class=\"alignnone size-full wp-image-13077\" src=\"http:\/\/balcilar-blog.com\/wp-content\/uploads\/2016\/03\/dirilis-ertugrul-48-bolu.jpg\" alt=\"dirilis-ertugrul-48-bolu\" width=\"640\" height=\"355\" srcset=\"https:\/\/balcilar-blog.com\/wp-content\/uploads\/2016\/03\/dirilis-ertugrul-48-bolu.jpg 640w, https:\/\/balcilar-blog.com\/wp-content\/uploads\/2016\/03\/dirilis-ertugrul-48-bolu-300x166.jpg 300w\" sizes=\"auto, (max-width: 640px) 100vw, 640px\" \/><\/p>\n<p>&nbsp;<\/p>\n<p><strong>2.E\u015fk\u0131ya D\u00fcnyaya H\u00fck\u00fcmdar Olmaz<\/strong>: Oktay Kaynarca&#8217;n\u0131n yeni dizisi Sal\u0131 gecelerinin birincili\u011fi kimselere b\u0131rakm\u0131yor. Bu hafta Total&#8217;de ald\u0131\u011f\u0131 9,23 ile 2.s\u0131rada yer al\u0131yor. E\u015fk\u0131ya D\u00fcnyaya H\u00fck\u00fcmdar Olmaz 25. yeni b\u00f6l\u00fcm\u00fcnde; Bo\u015fanma konusunda direten Meryem&#8217;in kar\u015f\u0131s\u0131nda H\u0131z\u0131r&#8217;\u0131n sabr\u0131 t\u00fckenir. Meryem \u00e7ocuklar\u0131n\u0131 da al\u0131p gitmek ister fakat H\u0131z\u0131r engeline tak\u0131l\u0131r. Yaln\u0131z girdi\u011fi evden yaln\u0131z \u00e7\u0131kacakt\u0131r. Amac\u0131 ailesini b\u00f6lmeye \u00e7al\u0131\u015fman\u0131n aksine bir arada tutmak iken elinde bavuluyla kalakal\u0131r. Nazl\u0131 ise o\u011flunun s\u00fcnneti bahanesiyle ailenin yak\u0131n \u00e7evresini evinde a\u011f\u0131rlayarak insanlara kendini kabullendirme gayesine neredeyse ula\u015f\u0131r. T\u00fcm ailenin y\u0131k\u0131lmas\u0131na sebep olan ayr\u0131l\u0131k Nazl\u0131\u2019n\u0131n elini kuvvetlendirecek midir?<\/p>\n<p><img loading=\"lazy\" decoding=\"async\" class=\"alignnone size-full wp-image-13076\" src=\"http:\/\/balcilar-blog.com\/wp-content\/uploads\/2016\/03\/1531626-e\u015fk\u0131ya-25.jpg\" alt=\"1531626 e\u015fk\u0131ya 25\" width=\"640\" height=\"341\" srcset=\"https:\/\/balcilar-blog.com\/wp-content\/uploads\/2016\/03\/1531626-e\u015fk\u0131ya-25.jpg 640w, https:\/\/balcilar-blog.com\/wp-content\/uploads\/2016\/03\/1531626-e\u015fk\u0131ya-25-300x160.jpg 300w\" sizes=\"auto, (max-width: 640px) 100vw, 640px\" \/><\/p>\n<p>&nbsp;<\/p>\n<p><strong>3.K\u0131rg\u0131n \u00c7i\u00e7ekler:<\/strong> Pazartesi gecelerinin Total&#8217;de reyting birincisi K\u0131rg\u0131n \u00c7i\u00e7ekler Parampar\u00e7a ile yar\u0131\u015fa devam ediyor. Total&#8217;de ald\u0131\u011f\u0131 8,68 puan ile bu hafta 3.s\u0131rada yer ald\u0131. Kemal&#8217;in Eyl\u00fcl&#8217;e yapt\u0131klar\u0131na dayanamayan Serkan, her \u015feyi geride b\u0131rakarak Eyl\u00fcl ile birlikte ka\u00e7ma planlar\u0131 yapmaktad\u0131r. Anne ve babas\u0131n\u0131n mezarlar\u0131n\u0131 yapt\u0131rmak isteyen Cemre gerekli paray\u0131 bulmakta zorlanmaktad\u0131r. Feride ve Toprak ili\u015fkisinde ise zorlu bir s\u00fcre\u00e7 ba\u015flayacak. Meral, annesiyle dalga ge\u00e7en Defne ve Merve&#8217;den yapt\u0131klar\u0131n\u0131n cezas\u0131n\u0131 vermek i\u00e7in plan yapar. T\u00fcm bu s\u0131k\u0131nt\u0131lar\u0131n\u0131n yan\u0131nda yurtlar\u0131n\u0131n tahliye karar\u0131 k\u0131zlar\u0131 derinden sarsacak.<\/p>\n<p><img loading=\"lazy\" decoding=\"async\" class=\"alignnone size-full wp-image-13075\" src=\"http:\/\/balcilar-blog.com\/wp-content\/uploads\/2016\/03\/kirgincicek35_640.jpg\" alt=\"kirgincicek35_640\" width=\"640\" height=\"320\" srcset=\"https:\/\/balcilar-blog.com\/wp-content\/uploads\/2016\/03\/kirgincicek35_640.jpg 640w, https:\/\/balcilar-blog.com\/wp-content\/uploads\/2016\/03\/kirgincicek35_640-300x150.jpg 300w\" sizes=\"auto, (max-width: 640px) 100vw, 640px\" \/><\/p>\n<p>&nbsp;<\/p>\n<p><strong>4.Kiral\u0131k A\u015fk:<\/strong> Ba\u015f rollerini El\u00e7in Sangu ve Bar\u0131\u015f Ardu\u00e7&#8217;un oynad\u0131\u011f\u0131 Cuma gecelerinin sevilen Sevilen dizi Kiral\u0131k A\u015fk, AB&#8217;de ald\u0131\u011f\u0131 7,63 reyting puan\u0131 ile bu hafta 4.s\u0131rada yer alm\u0131\u015ft\u0131r. En ihtiya\u00e7 duyduklar\u0131 anda yollar\u0131 kesi\u015fen \u00d6mer ve Defne, aralar\u0131nda a\u015fk iyice alevlenirken Fikret Gallo\u2019nun gelmesiyle t\u00fcm dengeler de\u011fi\u015fti. Onlar\u0131 bug\u00fcne ta\u015f\u0131yan kendi hikayelerinde, izleyenleri b\u00fcy\u00fck s\u00fcrprizler bekliyordu. \u00d6mer ve Defne, a\u015fk\u0131 bitmek \u00fczere mi? merak konusu olmu\u015ftu. T\u00fcm bu sorular\u0131n yan\u0131t\u0131 Kiral\u0131k A\u015fk 36. son b\u00f6l\u00fcm\u00fcnde yan\u0131t buldu. Kiral\u0131k A\u015fk&#8217;ta sular durulmuyor. Bar\u0131\u015f Ardu\u00e7&#8217;un hastal\u0131\u011f\u0131 nedeniyle ara vermesinden sonra El\u00e7in Sangu&#8217;nun diziden ayr\u0131l\u0131yor dedi-kodular\u0131 \u00e7\u0131kt\u0131. Yap\u0131m \u015firketi sezon sonuna kadar t\u00fcm kadro ile i\u015flerinin ba\u015f\u0131nda, sette olduklar\u0131n\u0131n a\u00e7\u0131klamas\u0131n\u0131 yapmak gere\u011fini duydu.<\/p>\n<p><img loading=\"lazy\" decoding=\"async\" class=\"alignnone size-full wp-image-13074\" src=\"http:\/\/balcilar-blog.com\/wp-content\/uploads\/2016\/03\/kiralik-ask-36.-bolum-frag.jpg\" alt=\"kiralik-ask-36.-bolum-frag\" width=\"640\" height=\"354\" srcset=\"https:\/\/balcilar-blog.com\/wp-content\/uploads\/2016\/03\/kiralik-ask-36.-bolum-frag.jpg 640w, https:\/\/balcilar-blog.com\/wp-content\/uploads\/2016\/03\/kiralik-ask-36.-bolum-frag-300x166.jpg 300w\" sizes=\"auto, (max-width: 640px) 100vw, 640px\" \/><\/p>\n<p>&nbsp;<\/p>\n<p><strong>5.Karag\u00fcl:<\/strong> Cuma gecelerinde Kiral\u0131k A\u015fk ile \u00e7eki\u015fen Karag\u00fcl Total&#8217;de ald\u0131\u011f\u0131 7,40 puan ile 5.s\u0131radan listeler girdi. Kadriye\u2019nin \u00f6l\u00fcmle pen\u00e7ele\u015fti\u011finden habersiz olan \u015eamverdi ailesi yeni konaklar\u0131nda yeni bir hayat\u0131n kap\u0131lar\u0131n\u0131 aralam\u0131\u015flard\u0131r.Di\u011fer yandan G\u00fclizar, \u015eamverdilere b\u00fcy\u00fck bir darbe daha indirmenin haz\u0131rl\u0131\u011f\u0131 i\u00e7indedir. Konak ahalisi ba\u015flar\u0131na gelecek olan korkun\u00e7 olaydan habersiz, yaralar\u0131n\u0131 sarmaya ve yeniden aya\u011fa kalkmaya \u00e7al\u0131\u015fmaktad\u0131rlar. Kendal, Kenan\u2019\u0131n kendisine haz\u0131rlad\u0131\u011f\u0131 tuza\u011f\u0131 \u00f6\u011frendikten sonra bu kez yeni bir plan yapar ve Kenan\u2019\u0131n hayatla ba\u011f\u0131n\u0131 keser. \u00d6l\u00fcm\u00fcn k\u0131y\u0131s\u0131na gelen Kenan oradan geri d\u00f6nebilecek mi? Kendal di\u011fer yandan o\u011fluna kavu\u015fabilmek i\u00e7in yeni bir hamle daha yapar. Sibel\u2019den o\u011flunu almaya kararl\u0131d\u0131r. Bunu \u00f6\u011frenen Kas\u0131m bo\u015f durmaz ve harekete ge\u00e7er. Sibel, Ay\u015fe ve Mehdi ile birlikte Kendal\u2019\u0131n zulm\u00fcnden kurtulabilmek i\u00e7in ka\u00e7maya karar verirler.<\/p>\n<p><img loading=\"lazy\" decoding=\"async\" class=\"alignnone size-full wp-image-13078\" src=\"http:\/\/balcilar-blog.com\/wp-content\/uploads\/2016\/03\/karag\u00fcl-111.jpg\" alt=\"karag\u00fcl 111\" width=\"640\" height=\"333\" srcset=\"https:\/\/balcilar-blog.com\/wp-content\/uploads\/2016\/03\/karag\u00fcl-111.jpg 640w, https:\/\/balcilar-blog.com\/wp-content\/uploads\/2016\/03\/karag\u00fcl-111-300x156.jpg 300w\" sizes=\"auto, (max-width: 640px) 100vw, 640px\" \/><\/p>\n<p>&nbsp;<\/p>\n<p><strong>Her iki kategorinin ilk on&#8217;da yer alan diziler:<\/strong><\/p>\n<p>K\u0131rg\u0131n \u00c7i\u00e7ekler, Parampar\u00e7a, E\u015fk\u0131ya D\u00fcnyaya H\u00fck\u00fcmdar Olmaz, Dirili\u015f Ertu\u011frul, Kara Sevda, Poyraz Karayel ve Kiral\u0131k A\u015fk her iki grupta yer alan diziler.<\/p>\n<p><strong>Kanallara g\u00f6re s\u0131ralamaya g\u00f6z atarsak:<\/strong><\/p>\n<p><strong>Total\u2019de ilk onda<\/strong>: Star Tv ve Kanal D 3 dizi. Atv 2 dizi. TRT1, ve Fox Tv birer dizi ile yer al\u0131yor.<\/p>\n<p><strong>AB grubunda<\/strong>: Star Tv 4 dizi, Atv ve Fox Tx 2 dizi. TRT ve Kanal D birer yer alm\u0131\u015ft\u0131r.<\/p>\n<p>Her hafta oldu\u011fu gibi Star Tv haftan\u0131n birincisi. Hem Total&#8217;de 3 dizi, AB&#8217;e 4 dizisini soktu.<\/p>\n<p>Bu hafta, Star Tv&#8217;nin yeni dizisi Muhte\u015fem Y\u00fczy\u0131l K\u00f6sem olduk\u00e7a heyecanl\u0131 b\u00f6l\u00fcmler devam ediyor. K\u00f6sem Sultan saraydaki yerini iyice g\u00fc\u00e7lendirir. Safiye Sultan\u0131 saf d\u0131\u015f\u0131 eder. AB&#8217;de kendi g\u00fcn\u00fcnde 5,33 ile gecenin 2.s\u0131ras\u0131nda yer ald\u0131. Total&#8217;de durum pek parlak de\u011fil, ancak 9.s\u0131rada yer alabildi.<\/p>\n<p>Show Tv&#8217;de d\u00fcn ak\u015fam yay\u0131nlanan Se\u00e7kin \u00d6zdemir&#8217;in Ac\u0131 A\u015fk&#8217;\u0131n reytingleri dibe vurdu. Total&#8217;de 11.s\u0131rada, AB&#8217;de 32.s\u0131rada yer ald\u0131. Bu d\u00fc\u015f\u00fck reytingler erken finali getirdi. 13.B\u00f6l\u00fcmde final karar\u0131 al\u0131nd\u0131.<\/p>\n<p>Keyifli Seyirler.<\/p>\n<p>Sayg\u0131lar ve sevgiler.<\/p>\n<p>Abdurrahman Balc\u0131lar<\/p>\n<p>Twitter: <a href=\"https:\/\/twitter.com\/abbalcilar\">abdurrahman balc\u0131lar<\/a><a href=\"https:\/\/twitter.com\/abbalcilar\"><strong>@<\/strong><strong>abbalcilar<\/strong><\/a><\/p>\n<p>Mail : <a href=\"mailto:ab.balcilar@hotmail.com\">ab.balcilar@hotmail.com<\/a><\/p>\n<p>Blog:\u00a0<a href=\"http:\/\/t.co\/znqmIZgIqn\">blog.milliyet.com.tr\/cansever<\/a><\/p>\n<p>Blog:\u00a0<strong>balcilar<\/strong>&#8211;<strong>blog.com<\/strong><\/p>\n<p>Not: G\u00f6rseller taraf\u0131mdan \u0130nternetten, dizi reytingleri (reytingkurdu) \u00f6l\u00e7\u00fcmlerinden al\u0131nm\u0131\u015ft\u0131r.<\/p>\n","protected":false},"excerpt":{"rendered":"<p>&nbsp; TNS \u00f6l\u00e7\u00fcmlerine g\u00f6re haz\u0131rlad\u0131\u011f\u0131m 29 \u015eubat &#8211; 6 Mart 2016 Tarihleri aras\u0131nda ekranlar\u0131m\u0131za gelen, Total\u2019de ve AB\u2019de ilk ona giren, haftan\u0131n dizi karnesini a\u015fa\u011f\u0131da bilgilerinize sunuyorum. Bu hafta TRT1&#8217;in Dirili\u015f Ertu\u011frul dizisi her iki kategoride birinci s\u0131rada yer ald\u0131. Total&#8217;de bu 9,24 reyting ile, AB&#8217;de olduk\u00e7a y\u00fcksek 13,11 puan ald\u0131. Total&#8217;de 10.s\u0131ras\u0131nda ise Fox [&hellip;]<\/p>\n","protected":false},"author":3,"featured_media":13079,"comment_status":"open","ping_status":"open","sticky":false,"template":"","format":"standard","meta":{"footnotes":""},"categories":[2],"tags":[570,598,464,743,750,530],"class_list":["post-13072","post","type-post","status-publish","format-standard","has-post-thumbnail","hentry","category-tv-programlari","tag-dirilis-ertugrul","tag-dizilerin-karnesi","tag-karagul","tag-kiralik-ask","tag-kirgin-cicekler","tag-tns-olcumleri"],"views":3429,"blog_post_layout_featured_media_urls":{"thumbnail":["https:\/\/balcilar-blog.com\/wp-content\/uploads\/2016\/03\/cats-7-mart-150x150.jpg",150,150,true],"full":["https:\/\/balcilar-blog.com\/wp-content\/uploads\/2016\/03\/cats-7-mart.jpg",640,322,false]},"categories_names":{"2":{"name":"TV Programlar\u0131","link":"https:\/\/balcilar-blog.com\/?cat=2"}},"tags_names":{"570":{"name":"dirili\u015f Ertu\u011frul","link":"https:\/\/balcilar-blog.com\/?tag=dirilis-ertugrul"},"598":{"name":"Dizilerin Karnesi","link":"https:\/\/balcilar-blog.com\/?tag=dizilerin-karnesi"},"464":{"name":"Karag\u00fcl","link":"https:\/\/balcilar-blog.com\/?tag=karagul"},"743":{"name":"Kiral\u0131k A\u015fk","link":"https:\/\/balcilar-blog.com\/?tag=kiralik-ask"},"750":{"name":"K\u0131rg\u0131n \u00c7i\u00e7ekler","link":"https:\/\/balcilar-blog.com\/?tag=kirgin-cicekler"},"530":{"name":"TNS \u00f6l\u00e7\u00fcmleri","link":"https:\/\/balcilar-blog.com\/?tag=tns-olcumleri"}},"comments_number":"0","wpmagazine_modules_lite_featured_media_urls":{"thumbnail":["https:\/\/balcilar-blog.com\/wp-content\/uploads\/2016\/03\/cats-7-mart-150x150.jpg",150,150,true],"cvmm-medium":["https:\/\/balcilar-blog.com\/wp-content\/uploads\/2016\/03\/cats-7-mart.jpg",300,151,false],"cvmm-medium-plus":["https:\/\/balcilar-blog.com\/wp-content\/uploads\/2016\/03\/cats-7-mart.jpg",305,153,false],"cvmm-portrait":["https:\/\/balcilar-blog.com\/wp-content\/uploads\/2016\/03\/cats-7-mart.jpg",400,201,false],"cvmm-medium-square":["https:\/\/balcilar-blog.com\/wp-content\/uploads\/2016\/03\/cats-7-mart.jpg",600,302,false],"cvmm-large":["https:\/\/balcilar-blog.com\/wp-content\/uploads\/2016\/03\/cats-7-mart.jpg",640,322,false],"cvmm-small":["https:\/\/balcilar-blog.com\/wp-content\/uploads\/2016\/03\/cats-7-mart.jpg",130,65,false],"full":["https:\/\/balcilar-blog.com\/wp-content\/uploads\/2016\/03\/cats-7-mart.jpg",640,322,false]},"_links":{"self":[{"href":"https:\/\/balcilar-blog.com\/index.php?rest_route=\/wp\/v2\/posts\/13072","targetHints":{"allow":["GET"]}}],"collection":[{"href":"https:\/\/balcilar-blog.com\/index.php?rest_route=\/wp\/v2\/posts"}],"about":[{"href":"https:\/\/balcilar-blog.com\/index.php?rest_route=\/wp\/v2\/types\/post"}],"author":[{"embeddable":true,"href":"https:\/\/balcilar-blog.com\/index.php?rest_route=\/wp\/v2\/users\/3"}],"replies":[{"embeddable":true,"href":"https:\/\/balcilar-blog.com\/index.php?rest_route=%2Fwp%2Fv2%2Fcomments&post=13072"}],"version-history":[{"count":5,"href":"https:\/\/balcilar-blog.com\/index.php?rest_route=\/wp\/v2\/posts\/13072\/revisions"}],"predecessor-version":[{"id":13089,"href":"https:\/\/balcilar-blog.com\/index.php?rest_route=\/wp\/v2\/posts\/13072\/revisions\/13089"}],"wp:featuredmedia":[{"embeddable":true,"href":"https:\/\/balcilar-blog.com\/index.php?rest_route=\/wp\/v2\/media\/13079"}],"wp:attachment":[{"href":"https:\/\/balcilar-blog.com\/index.php?rest_route=%2Fwp%2Fv2%2Fmedia&parent=13072"}],"wp:term":[{"taxonomy":"category","embeddable":true,"href":"https:\/\/balcilar-blog.com\/index.php?rest_route=%2Fwp%2Fv2%2Fcategories&post=13072"},{"taxonomy":"post_tag","embeddable":true,"href":"https:\/\/balcilar-blog.com\/index.php?rest_route=%2Fwp%2Fv2%2Ftags&post=13072"}],"curies":[{"name":"wp","href":"https:\/\/api.w.org\/{rel}","templated":true}]}}