{"id":13045,"date":"2016-03-03T22:13:23","date_gmt":"2016-03-03T20:13:23","guid":{"rendered":"http:\/\/balcilar-blog.com\/?p=13045"},"modified":"2016-03-03T22:19:26","modified_gmt":"2016-03-03T20:19:26","slug":"delibal-kanada-da-turk-film-festivaline-katiliyor","status":"publish","type":"post","link":"https:\/\/balcilar-blog.com\/?p=13045","title":{"rendered":"Delibal Kanada da Vancouver T\u00fcrk Film Festivaline kat\u0131l\u0131yor!"},"content":{"rendered":"<div class=\"listing-hero-header\"><\/div>\n<div class=\"listing-hero-header\"><\/div>\n<div class=\"listing-hero-header\"><img loading=\"lazy\" decoding=\"async\" class=\"alignnone size-full wp-image-13046\" src=\"http:\/\/balcilar-blog.com\/wp-content\/uploads\/2016\/03\/27.CV83fA1WEAQGqGH.jpg\" alt=\"27.CV83fA1WEAQGqGH\" width=\"640\" height=\"394\" srcset=\"https:\/\/balcilar-blog.com\/wp-content\/uploads\/2016\/03\/27.CV83fA1WEAQGqGH.jpg 640w, https:\/\/balcilar-blog.com\/wp-content\/uploads\/2016\/03\/27.CV83fA1WEAQGqGH-300x185.jpg 300w\" sizes=\"auto, (max-width: 640px) 100vw, 640px\" \/><\/div>\n<div class=\"listing-hero-header\"><\/div>\n<div class=\"listing-hero-header\"><span style=\"color: #ff0000;\"><strong>Delibal<\/strong><\/span> ilk yurt d\u0131\u015f\u0131 bir festivale kat\u0131l\u0131yor. Kanada da\u00a0Vancouver T\u00fcrk Filmleri Festivaline davet edildi. 19 Mart Cumartesi g\u00fcn\u00fc \u00f6\u011fleden sonra 13,20&#8217;de g\u00f6sterime girecek. Kanada da ya\u015fayan T\u00fcrk ve yabanc\u0131lara g\u00f6sterilecek.<\/div>\n<div class=\"listing-hero-header\"><\/div>\n<div class=\"listing-hero-header\">\u0130\u015fte tan\u0131t\u0131m:<\/div>\n<div class=\"listing-hero-header\"><\/div>\n<div class=\"listing-hero-header\"><time class=\"listing-hero-date\" datetime=\"2016-03-19\">Sat, 19 Mar at 1:20 PM,<\/time> <span class=\"listing-hero-location\">Vancouver, BC, Canada<\/span><\/div>\n<div class=\"listing-hero-body\">\n<h1 class=\"listing-hero-title text-epic\" data-automation=\"listing-title\">DELIBAL &#8211; Vancouver Turkish Film Festival<\/h1>\n<\/div>\n<div class=\"listing-hero-footer\">\n<div class=\"l-media clrfix listing-organizer-title hide-small\">\n<div class=\"l-align-left\"><a class=\"js-d-scroll-to listing-organizer-name text-default\" href=\"https:\/\/www.eventbrite.ca\/e\/delibal-vancouver-turkish-film-festival-tickets-21797299309?utm-medium=discovery&amp;utm-campaign=social&amp;utm-content=attendeeshare&amp;aff=estw&amp;utm-source=tw&amp;utm-term=listing#listing-organizer\" data-xd-wired=\"scroll-to\" data-d-duration=\"1500\" data-d-offset=\"0\" data-d-destination=\"#listing-organizer\"> By: Turkish Canadian Society <\/a><\/div>\n<div class=\"l-align-left\"><\/div>\n<\/div>\n<\/div>\n<p>DELI BAL w\/English Subtitles<\/p>\n<p>Dir: Ali Bilgili\/ Turkey \/ 2015 \/ 117 MIN<\/p>\n<p>SHOWTIMES: Saturday, March 19th at 120PM<\/p>\n<p>SYNOPSIS<\/p>\n<p>The story begins as Bar\u0131\u015f, the hyperactive, talented and clever son of a wealthy family, falls in love with F\u00fcsun who works at a caf\u00e9 in Karak\u00f6y. Bar\u0131\u015f is the drummer and plays in a bar during his spare time. Bar\u0131\u015f decides that F\u00fcsun is the \u201cLove of His Love\u201d \u2026 He tries every way to get her attention. However, F\u00fcsun\u2019s priorities in life are quite different. She has already made her future plans. She will graduate and go to the States for her PhD. But at one point she can no longer avoid his impressive and cute manners and sensitive personality. So their relationship begins. F\u00fcsun breaks all her rules with Bar\u0131\u015f. They both live the love of their lives. Bar\u0131\u015f has become calm whereas F\u00fcsun is filled with excitement. Despite her father&#8217;s objection their big love leads them to marriage.<\/p>\n<p>But, things will never be the same\u2026.<\/p>\n<p>CAST Cagatay Ulusoy, Leyla Lydia Tugutlu, Huseyin Avni Danyal PROD AY yapim SCP Yildirim Turker<\/p>\n<p>When Saturday, 19 March 2016 from 1:20 PM to 3:30 PM (PDT) &#8211; <a href=\"https:\/\/www.eventbrite.ca\/e\/delibal-vancouver-turkish-film-festival-tickets-21797299309?utm-medium=discovery&amp;utm-campaign=social&amp;utm-content=attendeeshare&amp;aff=estw&amp;utm-source=tw&amp;utm-term=listing#add-to-calendar-modal\" data-xd-wired=\"modal\" data-automation=\"add-to-calendar\">Add to Calendar<\/a> Where Goldcorp Centre for the Arts &#8211; 149 West Hastings Street, Vancouver, BC V6B 1H4, Canada &#8211; <a href=\"https:\/\/www.eventbrite.ca\/e\/delibal-vancouver-turkish-film-festival-tickets-21797299309?utm-medium=discovery&amp;utm-campaign=social&amp;utm-content=attendeeshare&amp;aff=estw&amp;utm-source=tw&amp;utm-term=listing#map-target\" data-xd-wired=\"scroll-to\" data-d-duration=\"1500\" data-d-offset=\"-85\" data-d-destination=\"#map-target\">View Map<\/a> Tags <a href=\"https:\/\/www.eventbrite.ca\/d\/bc--vancouver\/events\/\" data-xd-wired=\"track-link\" data-event-action=\"BreadcrumbAddress\" data-event-category=\"listing\" data-event-label=\"\/d\/bc--vancouver\/events\/\" data-automation=\"BreadcrumbAddress\"> Vancouver, BC Events <\/a> <a href=\"https:\/\/www.eventbrite.ca\/d\/bc--vancouver\/festivals\/\" data-xd-wired=\"track-link\" data-event-action=\"BreadcrumbFormat\" data-event-category=\"listing\" data-event-label=\"\/d\/bc--vancouver\/festivals\/\" data-automation=\"BreadcrumbFormat\"> Festival <\/a> <a href=\"https:\/\/www.eventbrite.ca\/d\/bc--vancouver\/film-and-media--festivals\/\" data-xd-wired=\"track-link\" data-event-action=\"BreadcrumbCategory\" data-event-category=\"listing\" data-event-label=\"\/d\/bc--vancouver\/film-and-media--festivals\/\" data-automation=\"BreadcrumbCategory\"> Film &amp; Media<\/a><\/p>\n<p>&nbsp;<\/p>\n<p><span style=\"color: #ff0000;\"><strong>T\u00fcrk\u00e7e \u00c7evirisi:<\/strong><\/span><\/p>\n<p>Bar\u0131\u015f, varl\u0131kl\u0131 bir ailenin, hiperaktif, yetenekli ve zeki o\u011flu Karak\u00f6y&#8217;de bir kafede \u00e7al\u0131\u015fan F\u00fcsun a\u015f\u0131k olarak \u00d6ZET hikaye ba\u015flar. Bar\u0131\u015f davulcusu ve onun bo\u015f zamanlar\u0131nda s\u0131ras\u0131nda bir barda oynar. Bar\u0131\u015f F\u00fcsun &#8220;O&#8217;nun Sevgi A\u015fk&#8221; oldu\u011funa karar &#8230; Onun dikkatini \u00e7ekmek i\u00e7in her yolu dener. Ancak, ya\u015fam F\u00fcsun \u00f6ncelikleri olduk\u00e7a farkl\u0131d\u0131r. O zaten onu gelecek planlar\u0131 yapm\u0131\u015ft\u0131r. O mezun ve onun doktora i\u00e7in Amerika&#8217;ya gidecek. Ama bir noktada o art\u0131k onun etkileyici ve sevimli tav\u0131rlar\u0131 ve hassas bir ki\u015fili\u011fe \u00f6nleyebilirsiniz. Yani onlar\u0131n bir ili\u015fki ba\u015flar. F\u00fcsun Bar\u0131\u015f ile onun t\u00fcm kurallar\u0131 keser. Her ikisi de hayatlar\u0131n\u0131n a\u015fk\u0131n\u0131 ya\u015f\u0131yor. F\u00fcsun heyecan dolu ise bar\u0131\u015f sakin hale gelmi\u015ftir. Babas\u0131n\u0131n itirazlar\u0131na ra\u011fmen onlar\u0131n b\u00fcy\u00fck a\u015fk evlilik g\u00f6t\u00fcren. Ama i\u015fler &#8230; asla eskisi gibi olmayacak. \u00c7a\u011fatay Ulusoy, Leyla Lydia Tugutlu, H\u00fcseyin Avni Danyal PROD Ay Yap\u0131m&#8217;\u0131n SCP Y\u0131ld\u0131r\u0131m T\u00fcrker CAST<\/p>\n<p>Ba\u015f rollerini <span style=\"color: #ff0000;\"><strong>\u00c7a\u011fatay Ulusoy<\/strong> <\/span>ve <span style=\"color: #ff0000;\"><strong>Leyla Lydia Tu\u011futlu<\/strong><\/span>&#8216;nun oynad\u0131\u011f\u0131, Ay Yap\u0131m&#8217;\u0131n bu s\u0131ra d\u0131\u015f\u0131 a\u015fk filmi <span style=\"color: #0000ff;\"><strong>DEL\u0130BAL<\/strong><\/span>, \u00f6n\u00fcm\u00fczdeki aylarda daha bir \u00e7ok \u00fclkede g\u00f6sterime girecek, festivallerde ve yar\u0131\u015fmalarda yer alacakt\u0131r. Hak etti\u011fi \u00f6d\u00fclleri toplayacakt\u0131r.<\/p>\n<p>Sayg\u0131lar ve sevgiler.<\/p>\n<p>Abdurrahman Balc\u0131lar<\/p>\n<p>Twitter: <a href=\"https:\/\/twitter.com\/abbalcilar\">abdurrahman balc\u0131lar<\/a><a href=\"https:\/\/twitter.com\/abbalcilar\"><strong>@<\/strong><strong>abbalcilar<\/strong><\/a><\/p>\n<p>Mail : <a href=\"mailto:ab.balcilar@hotmail.com\">ab.balcilar@hotmail.com<\/a><\/p>\n<p>Blog:\u00a0<a href=\"http:\/\/t.co\/znqmIZgIqn\">blog.milliyet.com.tr\/cansever<\/a><\/p>\n<p>Blog:\u00a0<strong>balcilar<\/strong>&#8211;<strong>blog.com<\/strong><\/p>\n<p>&nbsp;<\/p>\n<div><\/div>\n","protected":false},"excerpt":{"rendered":"<p>Delibal ilk yurt d\u0131\u015f\u0131 bir festivale kat\u0131l\u0131yor. Kanada da\u00a0Vancouver T\u00fcrk Filmleri Festivaline davet edildi. 19 Mart Cumartesi g\u00fcn\u00fc \u00f6\u011fleden sonra 13,20&#8217;de g\u00f6sterime girecek. Kanada da ya\u015fayan T\u00fcrk ve yabanc\u0131lara g\u00f6sterilecek. \u0130\u015fte tan\u0131t\u0131m: Sat, 19 Mar at 1:20 PM, Vancouver, BC, Canada DELIBAL &#8211; Vancouver Turkish Film Festival By: Turkish Canadian Society DELI BAL w\/English Subtitles [&hellip;]<\/p>\n","protected":false},"author":3,"featured_media":13046,"comment_status":"open","ping_status":"open","sticky":false,"template":"","format":"standard","meta":{"footnotes":""},"categories":[10],"tags":[15,1046,752,745],"class_list":["post-13045","post","type-post","status-publish","format-standard","has-post-thumbnail","hentry","category-sinema","tag-cagatay-ulusoy","tag-canada-turk-film-festivali","tag-delibal","tag-leyla-lydia-tugutlu"],"views":4293,"blog_post_layout_featured_media_urls":{"thumbnail":["https:\/\/balcilar-blog.com\/wp-content\/uploads\/2016\/03\/27.CV83fA1WEAQGqGH-150x150.jpg",150,150,true],"full":["https:\/\/balcilar-blog.com\/wp-content\/uploads\/2016\/03\/27.CV83fA1WEAQGqGH.jpg",640,394,false]},"categories_names":{"10":{"name":"Sinema","link":"https:\/\/balcilar-blog.com\/?cat=10"}},"tags_names":{"15":{"name":"\u00e7a\u011fatay ulusoy","link":"https:\/\/balcilar-blog.com\/?tag=cagatay-ulusoy"},"1046":{"name":"Canada T\u00fcrk Film Festivali","link":"https:\/\/balcilar-blog.com\/?tag=canada-turk-film-festivali"},"752":{"name":"Delibal","link":"https:\/\/balcilar-blog.com\/?tag=delibal"},"745":{"name":"Leyla Lydia Tu\u011futlu","link":"https:\/\/balcilar-blog.com\/?tag=leyla-lydia-tugutlu"}},"comments_number":"2","wpmagazine_modules_lite_featured_media_urls":{"thumbnail":["https:\/\/balcilar-blog.com\/wp-content\/uploads\/2016\/03\/27.CV83fA1WEAQGqGH-150x150.jpg",150,150,true],"cvmm-medium":["https:\/\/balcilar-blog.com\/wp-content\/uploads\/2016\/03\/27.CV83fA1WEAQGqGH.jpg",300,185,false],"cvmm-medium-plus":["https:\/\/balcilar-blog.com\/wp-content\/uploads\/2016\/03\/27.CV83fA1WEAQGqGH.jpg",305,188,false],"cvmm-portrait":["https:\/\/balcilar-blog.com\/wp-content\/uploads\/2016\/03\/27.CV83fA1WEAQGqGH.jpg",400,246,false],"cvmm-medium-square":["https:\/\/balcilar-blog.com\/wp-content\/uploads\/2016\/03\/27.CV83fA1WEAQGqGH.jpg",600,369,false],"cvmm-large":["https:\/\/balcilar-blog.com\/wp-content\/uploads\/2016\/03\/27.CV83fA1WEAQGqGH.jpg",640,394,false],"cvmm-small":["https:\/\/balcilar-blog.com\/wp-content\/uploads\/2016\/03\/27.CV83fA1WEAQGqGH.jpg",130,80,false],"full":["https:\/\/balcilar-blog.com\/wp-content\/uploads\/2016\/03\/27.CV83fA1WEAQGqGH.jpg",640,394,false]},"_links":{"self":[{"href":"https:\/\/balcilar-blog.com\/index.php?rest_route=\/wp\/v2\/posts\/13045","targetHints":{"allow":["GET"]}}],"collection":[{"href":"https:\/\/balcilar-blog.com\/index.php?rest_route=\/wp\/v2\/posts"}],"about":[{"href":"https:\/\/balcilar-blog.com\/index.php?rest_route=\/wp\/v2\/types\/post"}],"author":[{"embeddable":true,"href":"https:\/\/balcilar-blog.com\/index.php?rest_route=\/wp\/v2\/users\/3"}],"replies":[{"embeddable":true,"href":"https:\/\/balcilar-blog.com\/index.php?rest_route=%2Fwp%2Fv2%2Fcomments&post=13045"}],"version-history":[{"count":4,"href":"https:\/\/balcilar-blog.com\/index.php?rest_route=\/wp\/v2\/posts\/13045\/revisions"}],"predecessor-version":[{"id":13050,"href":"https:\/\/balcilar-blog.com\/index.php?rest_route=\/wp\/v2\/posts\/13045\/revisions\/13050"}],"wp:featuredmedia":[{"embeddable":true,"href":"https:\/\/balcilar-blog.com\/index.php?rest_route=\/wp\/v2\/media\/13046"}],"wp:attachment":[{"href":"https:\/\/balcilar-blog.com\/index.php?rest_route=%2Fwp%2Fv2%2Fmedia&parent=13045"}],"wp:term":[{"taxonomy":"category","embeddable":true,"href":"https:\/\/balcilar-blog.com\/index.php?rest_route=%2Fwp%2Fv2%2Fcategories&post=13045"},{"taxonomy":"post_tag","embeddable":true,"href":"https:\/\/balcilar-blog.com\/index.php?rest_route=%2Fwp%2Fv2%2Ftags&post=13045"}],"curies":[{"name":"wp","href":"https:\/\/api.w.org\/{rel}","templated":true}]}}