{"id":13021,"date":"2016-03-02T11:59:11","date_gmt":"2016-03-02T09:59:11","guid":{"rendered":"http:\/\/balcilar-blog.com\/?p=13021"},"modified":"2016-03-02T12:00:49","modified_gmt":"2016-03-02T10:00:49","slug":"kara-seva-nihani-kim-kacirdi","status":"publish","type":"post","link":"https:\/\/balcilar-blog.com\/?p=13021","title":{"rendered":"Kara Seva : Nihan&#8217;\u0131 Kim Ka\u00e7\u0131rd\u0131?"},"content":{"rendered":"<p><img loading=\"lazy\" decoding=\"async\" class=\"alignnone size-full wp-image-13023\" src=\"http:\/\/balcilar-blog.com\/wp-content\/uploads\/2016\/03\/20-1.jpg\" alt=\"20-1\" width=\"567\" height=\"480\" srcset=\"https:\/\/balcilar-blog.com\/wp-content\/uploads\/2016\/03\/20-1.jpg 567w, https:\/\/balcilar-blog.com\/wp-content\/uploads\/2016\/03\/20-1-300x254.jpg 300w\" sizes=\"auto, (max-width: 567px) 100vw, 567px\" \/><\/p>\n<p>Kara Sevda&#8217;da bu ak\u015famki b\u00f6l\u00fcmde Nihan ka\u00e7\u0131r\u0131l\u0131yor ve heyecanl\u0131 bir b\u00f6l\u00fcm Star Tv ekranlar\u0131na geliyor.<\/p>\n<p>Sevilen dizinin ba\u015frollerini Burak \u00d6z\u00e7ivit, Neslihan Atag\u00fcl, Kaan Urganc\u0131o\u011flu ve Zerrin Tekindor oynuyor.<\/p>\n<p>Ay Yap\u0131m imzal\u0131, Kara Sevda&#8217;da bu hafta Nihan&#8217;\u0131n ka\u00e7\u0131r\u0131lmas\u0131 tansiyonu y\u00fckseltiyor.<\/p>\n<p>Dizinin yeni b\u00f6l\u00fcm\u00fcnde, Nihan&#8217;\u0131n bir anda ortadan kaybolmas\u0131 Kemal ve Emir &#8216;i alarma ge\u00e7iriyor. Heyecan dolu b\u00f6l\u00fcmde Nihan&#8217;\u0131 ka\u00e7\u0131ran ki\u015fi ortaya \u00e7\u0131kt\u0131\u011f\u0131nda ekran ba\u015f\u0131ndaki izleyenler adeta \u015foke olacak.<\/p>\n<p>Kara Sevda&#8217;n\u0131n b\u00fcy\u00fck bir merakla beklenen b\u00f6l\u00fcm\u00fcnde Nihan&#8217;\u0131n ka\u00e7\u0131r\u0131lmas\u0131 adeta bomba etkisi yaratacak. Yol ayr\u0131m\u0131nda oldu\u011fu Nihan&#8217;\u0131n ka\u00e7\u0131r\u0131ld\u0131\u011f\u0131 haberini alan Kemal, kendi can\u0131n\u0131 tehlikeye atarak sevdi\u011fi kad\u0131n\u0131 bulmaya \u00e7al\u0131\u015facak. Emir de olay\u0131 \u00e7\u00f6zerek Nihan&#8217;a ula\u015fmaya \u00e7al\u0131\u015facak.<\/p>\n<p><img loading=\"lazy\" decoding=\"async\" class=\"alignnone size-full wp-image-13026\" src=\"http:\/\/balcilar-blog.com\/wp-content\/uploads\/2016\/03\/20-4.jpg\" alt=\"20-4\" width=\"480\" height=\"522\" srcset=\"https:\/\/balcilar-blog.com\/wp-content\/uploads\/2016\/03\/20-4.jpg 480w, https:\/\/balcilar-blog.com\/wp-content\/uploads\/2016\/03\/20-4-276x300.jpg 276w\" sizes=\"auto, (max-width: 480px) 100vw, 480px\" \/><\/p>\n<p>G\u00fc\u00e7l\u00fc ve ac\u0131mas\u0131zl\u0131\u011f\u0131yla herkesi hayrete d\u00fc\u015f\u00fcren Emir&#8217;in bu b\u00f6l\u00fcmde ekrana gelecek \u00e7aresizli\u011fi ve g\u00f6zya\u015flar\u0131 izleyenleri \u00e7ok \u015fa\u015f\u0131rtacak.<\/p>\n<p><img loading=\"lazy\" decoding=\"async\" class=\"alignnone size-full wp-image-13025\" src=\"http:\/\/balcilar-blog.com\/wp-content\/uploads\/2016\/03\/20-3.jpg\" alt=\"20-3\" width=\"640\" height=\"360\" srcset=\"https:\/\/balcilar-blog.com\/wp-content\/uploads\/2016\/03\/20-3.jpg 640w, https:\/\/balcilar-blog.com\/wp-content\/uploads\/2016\/03\/20-3-300x169.jpg 300w\" sizes=\"auto, (max-width: 640px) 100vw, 640px\" \/><\/p>\n<p><img loading=\"lazy\" decoding=\"async\" class=\"alignnone size-full wp-image-13024\" src=\"http:\/\/balcilar-blog.com\/wp-content\/uploads\/2016\/03\/20-2.jpg\" alt=\"20-2\" width=\"640\" height=\"363\" srcset=\"https:\/\/balcilar-blog.com\/wp-content\/uploads\/2016\/03\/20-2.jpg 640w, https:\/\/balcilar-blog.com\/wp-content\/uploads\/2016\/03\/20-2-300x170.jpg 300w\" sizes=\"auto, (max-width: 640px) 100vw, 640px\" \/><\/p>\n<p><img loading=\"lazy\" decoding=\"async\" class=\"alignnone size-full wp-image-13022\" src=\"http:\/\/balcilar-blog.com\/wp-content\/uploads\/2016\/03\/20-5.jpg\" alt=\"20-5\" width=\"640\" height=\"454\" srcset=\"https:\/\/balcilar-blog.com\/wp-content\/uploads\/2016\/03\/20-5.jpg 640w, https:\/\/balcilar-blog.com\/wp-content\/uploads\/2016\/03\/20-5-300x213.jpg 300w\" sizes=\"auto, (max-width: 640px) 100vw, 640px\" \/><\/p>\n<p>B\u00fcy\u00fck bir korku ya\u015fayan Nihan ise Kemal&#8217;in onu kurtarmas\u0131 i\u00e7in beklerken kurdu\u011fu hayallerle hayata ba\u011flanacak.<\/p>\n<p>Hilal Saral&#8217;\u0131n y\u00f6netmenli\u011fini \u00fcstlendi\u011fi Kara Sevda s\u00fcrprizlerle dolu yeni b\u00f6l\u00fcm\u00fcyle 2 Mart \u00c7ar\u015famba g\u00fcn\u00fc Star TV&#8217;de ekrana geliyor.<\/p>\n<p>Keyifli Seyirler.<\/p>\n<p>Sayg\u0131lar ve sevgiler.<\/p>\n<p>Abdurrahman Balc\u0131lar<\/p>\n<p>Twitter: <a href=\"https:\/\/twitter.com\/abbalcilar\">abdurrahman balc\u0131lar<\/a><a href=\"https:\/\/twitter.com\/abbalcilar\"><strong>@<\/strong><strong>abbalcilar<\/strong><\/a><\/p>\n<p>Mail : <a href=\"mailto:ab.balcilar@hotmail.com\">ab.balcilar@hotmail.com<\/a><\/p>\n<p>Blog:\u00a0<a href=\"http:\/\/t.co\/znqmIZgIqn\">blog.milliyet.com.tr\/cansever<\/a><\/p>\n<p>Blog:\u00a0<strong>balcilar<\/strong>&#8211;<strong>blog.com<\/strong><\/p>\n<p>&nbsp;<\/p>\n<p><iframe loading=\"lazy\" title=\"Kara Sevda 20.B\u00f6l\u00fcm Fragman 2\" width=\"640\" height=\"360\" src=\"https:\/\/www.youtube.com\/embed\/L4oRD8fmSXY?feature=oembed\" frameborder=\"0\" allow=\"accelerometer; autoplay; clipboard-write; encrypted-media; gyroscope; picture-in-picture; web-share\" referrerpolicy=\"strict-origin-when-cross-origin\" allowfullscreen><\/iframe><\/p>\n<p>Not: Haber ve g\u00f6rseller Ay yap\u0131m &#8211; Persona Sanat Bas\u0131n B\u00fclteninden al\u0131nm\u0131\u015ft\u0131r.<\/p>\n","protected":false},"excerpt":{"rendered":"<p>Kara Sevda&#8217;da bu ak\u015famki b\u00f6l\u00fcmde Nihan ka\u00e7\u0131r\u0131l\u0131yor ve heyecanl\u0131 bir b\u00f6l\u00fcm Star Tv ekranlar\u0131na geliyor. Sevilen dizinin ba\u015frollerini Burak \u00d6z\u00e7ivit, Neslihan Atag\u00fcl, Kaan Urganc\u0131o\u011flu ve Zerrin Tekindor oynuyor. Ay Yap\u0131m imzal\u0131, Kara Sevda&#8217;da bu hafta Nihan&#8217;\u0131n ka\u00e7\u0131r\u0131lmas\u0131 tansiyonu y\u00fckseltiyor. Dizinin yeni b\u00f6l\u00fcm\u00fcnde, Nihan&#8217;\u0131n bir anda ortadan kaybolmas\u0131 Kemal ve Emir &#8216;i alarma ge\u00e7iriyor. Heyecan dolu [&hellip;]<\/p>\n","protected":false},"author":3,"featured_media":13023,"comment_status":"open","ping_status":"open","sticky":false,"template":"","format":"standard","meta":{"footnotes":""},"categories":[2],"tags":[409,1045,799,119,25],"class_list":["post-13021","post","type-post","status-publish","format-standard","has-post-thumbnail","hentry","category-tv-programlari","tag-burak-ozcivit","tag-hilal-daral","tag-kara-sevda","tag-neslihan-atagul","tag-star-tv"],"views":3603,"blog_post_layout_featured_media_urls":{"thumbnail":["https:\/\/balcilar-blog.com\/wp-content\/uploads\/2016\/03\/20-1-150x150.jpg",150,150,true],"full":["https:\/\/balcilar-blog.com\/wp-content\/uploads\/2016\/03\/20-1.jpg",567,480,false]},"categories_names":{"2":{"name":"TV Programlar\u0131","link":"https:\/\/balcilar-blog.com\/?cat=2"}},"tags_names":{"409":{"name":"Burak \u00d6z\u00e7ivit","link":"https:\/\/balcilar-blog.com\/?tag=burak-ozcivit"},"1045":{"name":"Hilal Daral","link":"https:\/\/balcilar-blog.com\/?tag=hilal-daral"},"799":{"name":"Kara Sevda","link":"https:\/\/balcilar-blog.com\/?tag=kara-sevda"},"119":{"name":"Neslihan Atag\u00fcl","link":"https:\/\/balcilar-blog.com\/?tag=neslihan-atagul"},"25":{"name":"Star Tv","link":"https:\/\/balcilar-blog.com\/?tag=star-tv"}},"comments_number":"1","wpmagazine_modules_lite_featured_media_urls":{"thumbnail":["https:\/\/balcilar-blog.com\/wp-content\/uploads\/2016\/03\/20-1-150x150.jpg",150,150,true],"cvmm-medium":["https:\/\/balcilar-blog.com\/wp-content\/uploads\/2016\/03\/20-1.jpg",300,254,false],"cvmm-medium-plus":["https:\/\/balcilar-blog.com\/wp-content\/uploads\/2016\/03\/20-1.jpg",245,207,false],"cvmm-portrait":["https:\/\/balcilar-blog.com\/wp-content\/uploads\/2016\/03\/20-1.jpg",400,339,false],"cvmm-medium-square":["https:\/\/balcilar-blog.com\/wp-content\/uploads\/2016\/03\/20-1.jpg",567,480,false],"cvmm-large":["https:\/\/balcilar-blog.com\/wp-content\/uploads\/2016\/03\/20-1.jpg",567,480,false],"cvmm-small":["https:\/\/balcilar-blog.com\/wp-content\/uploads\/2016\/03\/20-1.jpg",112,95,false],"full":["https:\/\/balcilar-blog.com\/wp-content\/uploads\/2016\/03\/20-1.jpg",567,480,false]},"_links":{"self":[{"href":"https:\/\/balcilar-blog.com\/index.php?rest_route=\/wp\/v2\/posts\/13021","targetHints":{"allow":["GET"]}}],"collection":[{"href":"https:\/\/balcilar-blog.com\/index.php?rest_route=\/wp\/v2\/posts"}],"about":[{"href":"https:\/\/balcilar-blog.com\/index.php?rest_route=\/wp\/v2\/types\/post"}],"author":[{"embeddable":true,"href":"https:\/\/balcilar-blog.com\/index.php?rest_route=\/wp\/v2\/users\/3"}],"replies":[{"embeddable":true,"href":"https:\/\/balcilar-blog.com\/index.php?rest_route=%2Fwp%2Fv2%2Fcomments&post=13021"}],"version-history":[{"count":3,"href":"https:\/\/balcilar-blog.com\/index.php?rest_route=\/wp\/v2\/posts\/13021\/revisions"}],"predecessor-version":[{"id":13029,"href":"https:\/\/balcilar-blog.com\/index.php?rest_route=\/wp\/v2\/posts\/13021\/revisions\/13029"}],"wp:featuredmedia":[{"embeddable":true,"href":"https:\/\/balcilar-blog.com\/index.php?rest_route=\/wp\/v2\/media\/13023"}],"wp:attachment":[{"href":"https:\/\/balcilar-blog.com\/index.php?rest_route=%2Fwp%2Fv2%2Fmedia&parent=13021"}],"wp:term":[{"taxonomy":"category","embeddable":true,"href":"https:\/\/balcilar-blog.com\/index.php?rest_route=%2Fwp%2Fv2%2Fcategories&post=13021"},{"taxonomy":"post_tag","embeddable":true,"href":"https:\/\/balcilar-blog.com\/index.php?rest_route=%2Fwp%2Fv2%2Ftags&post=13021"}],"curies":[{"name":"wp","href":"https:\/\/api.w.org\/{rel}","templated":true}]}}