{"id":12876,"date":"2016-02-22T16:52:06","date_gmt":"2016-02-22T14:52:06","guid":{"rendered":"http:\/\/balcilar-blog.com\/?p=12876"},"modified":"2016-02-22T16:52:06","modified_gmt":"2016-02-22T14:52:06","slug":"hazal-kayanin-kirik-kalpler-bankasi-yakinda-sinemalarda","status":"publish","type":"post","link":"https:\/\/balcilar-blog.com\/?p=12876","title":{"rendered":"Hazal Kaya&#8217;n\u0131n &#8220;K\u0131r\u0131k Kalpler Bankas\u0131&#8221; yak\u0131nda sinemalarda!"},"content":{"rendered":"<p><img loading=\"lazy\" decoding=\"async\" class=\"alignnone size-full wp-image-12879\" src=\"http:\/\/balcilar-blog.com\/wp-content\/uploads\/2016\/02\/k\u0131r\u0131kkalpler-bankas\u0131.jpg\" alt=\"k\u0131r\u0131kkalpler bankas\u0131\" width=\"656\" height=\"293\" srcset=\"https:\/\/balcilar-blog.com\/wp-content\/uploads\/2016\/02\/k\u0131r\u0131kkalpler-bankas\u0131.jpg 656w, https:\/\/balcilar-blog.com\/wp-content\/uploads\/2016\/02\/k\u0131r\u0131kkalpler-bankas\u0131-300x134.jpg 300w\" sizes=\"auto, (max-width: 656px) 100vw, 656px\" \/><\/p>\n<p>Ay Yap\u0131m &#8211; Kerem \u00c7atay&#8217;\u0131n yap\u0131mc\u0131s\u0131 oldu\u011fu, komedi, dram t\u00fcr\u00fcndeki &#8220;K\u0131r\u0131k Kalpler Bankas\u0131&#8221; ge\u00e7en y\u0131l yaz aylar\u0131nda \u00e7ekimleri ba\u015flam\u0131\u015f ve \u00e7ekimler tamamlanm\u0131\u015ft\u0131r. Filmin y\u00f6netmenli\u011fini Onur \u00dcnl\u00fc yapm\u0131\u015ft\u0131r. \u015eu s\u0131ralarda montaj \u00e7al\u0131\u015fmalar\u0131 devam eden film \u00f6n\u00fcm\u00fczdeki aylarda vizyona \u00e7\u0131kaca\u011f\u0131 s\u00f6yleniyor.<\/p>\n<p>Filmin ba\u015fl\u0131ca rolleri ve karakterleri \u015f\u00f6yle:<\/p>\n<p>Hazal Kaya (Asl\u0131m), Haluk Bilginer (Yusuf Ya\u011fmur), Metin Akd\u00fclger (Turan), Taner \u00d6lmez (Osman), Zerrin Tekindor, Serkan Keskin (Enis), Nazan Kesal (Suzan), Vedat Erincin (Metin Karamanbey), \u015eenay G\u00fcrler (Nurse Hem\u015fire), Ahmet M\u00fcmtaz Taylan (R\u00fcstem Tor), Osman Sonat (Ece), Tansu Bi\u00e7er (\u0130smail), \u00d6ner Erkan (Co\u015fkun), Zeynep K\u0131z\u0131ltan (\u00c7i\u011fdem), Mehmet Y\u0131lmaz Ak (Serkan), Kadir \u00c7ermek (Sabit), Diren Polato\u011flu (H\u00fcseyin), M\u00fcfit Kayacan (Deacan Fetiyeli), Ahmet Somers (Dr.Celal), Aziz Caner \u0130nan (Karak\u00f6yl\u00fc), Ahmet Kaynak (Metin), Mustafa K\u0131rantepe (Dursun), Evren Erler (Dr.Kerem) ve Ahmet Yurdakul (Sahik) payla\u015f\u0131yorlar.<\/p>\n<p>&nbsp;<\/p>\n<p><img loading=\"lazy\" decoding=\"async\" class=\"alignnone size-full wp-image-12880\" src=\"http:\/\/balcilar-blog.com\/wp-content\/uploads\/2016\/02\/k\u0131r\u0131k-kalpler-bankas\u0131.jpg\" alt=\"k\u0131r\u0131k kalpler bankas\u0131\" width=\"488\" height=\"480\" srcset=\"https:\/\/balcilar-blog.com\/wp-content\/uploads\/2016\/02\/k\u0131r\u0131k-kalpler-bankas\u0131.jpg 488w, https:\/\/balcilar-blog.com\/wp-content\/uploads\/2016\/02\/k\u0131r\u0131k-kalpler-bankas\u0131-300x295.jpg 300w\" sizes=\"auto, (max-width: 488px) 100vw, 488px\" \/><\/p>\n<p>&nbsp;<\/p>\n<p><strong>Filmin Konusu :<\/strong><\/p>\n<p>Onur \u00dcnl\u00fc bu film ile ilgili FilmLoverss\u2019da \u00e7\u0131kan bir haberde, \u201cYeni filmi bir Romeo ve Juliet uyarlamas\u0131 olaca\u011f\u0131n\u0131 ifade etmi\u015ftir. \u0130ki amat\u00f6r futbol tak\u0131m\u0131 aras\u0131nda ge\u00e7en bir hikaye\u2026 Bu tak\u0131mlardan bir tanesi de s\u00fcrekli olarak bir bankay\u0131 soymaya \u00e7al\u0131\u015f\u0131yor.\u201d\u00a0 Onur \u00dcnl\u00fc bu s\u00f6zleri be\u015f y\u0131l \u00f6nce s\u00f6ylemi\u015f, o g\u00fcnden bu g\u00fcne bir tak\u0131m de\u011fi\u015fiklikler yapm\u0131\u015f olabilir. \u0130lerleyen g\u00fcnlerde film sinemalarda vizyona girdi\u011finde as\u0131l konuyu g\u00f6rece\u011fiz her halde.<\/p>\n<p>2015 yerli T\u00fcrk filmi olan <b>K\u0131r\u0131k Kalpler Bankas\u0131<\/b> filminin \u00e7ekimleri 29 Temmuz 2015 tarihinde kameralara kar\u015f\u0131 y\u00f6netmen Onur \u00dcnl\u00fc&#8217;n\u00fcn sesinden motor demesiyle start ald\u0131. Ge\u00e7ti\u011fimiz bir ka\u00e7 g\u00fcn \u00f6nce \u00e7ekimleri biten\u00a0<i>K\u0131r\u0131k Kalpler Bankas\u0131<\/i> filminin ne zaman vizyona girece\u011fi ise \u015fimdilik muallakta. Gerekli a\u00e7\u0131klama ya\u00a0K\u0131r\u0131k Kalpler Bankas\u0131 filminin yap\u0131mc\u0131lar\u0131 taraf\u0131ndan ya da y\u00f6netmeni taraf\u0131ndan k\u0131sa zaman i\u00e7erisinde a\u00e7\u0131klanmas\u0131n\u0131 bekliyoruz.<br \/>\n<strong>K\u0131r\u0131k Kalpler Bankas\u0131<\/strong> filminin fundamentals\u0131 komedi-dram ikilisi \u00fczerine kurulu imi\u015f.<br \/>\nSen Ayd\u0131nlat\u0131rs\u0131n Geceyi ve \u0130tiraz\u0131m Var filmleri ile beyaz perdeyi, Be\u015f Karde\u015f ve Leyla ile Mecnun dizileriyle televizyonu, Ah Muhsin \u00dcnl\u00fc mahlas\u0131yla yazd\u0131\u011f\u0131 \u015fiirlerle de edebiyat\u0131 fethetmi\u015f olan \u00fcnl\u00fc sanat\u00e7\u0131 Onur \u00dcnl\u00fc yeniden sevenleriyle bulu\u015fmaya haz\u0131rlan\u0131yor.<\/p>\n<p>Film ve oyunculardan g\u00f6r\u00fcnt\u00fcler:<\/p>\n<p><img loading=\"lazy\" decoding=\"async\" class=\"alignnone size-full wp-image-12881\" src=\"http:\/\/balcilar-blog.com\/wp-content\/uploads\/2016\/02\/Cbrgn1sWEAIxz_N.jpg\" alt=\"Cbrgn1sWEAIxz_N\" width=\"640\" height=\"360\" srcset=\"https:\/\/balcilar-blog.com\/wp-content\/uploads\/2016\/02\/Cbrgn1sWEAIxz_N.jpg 640w, https:\/\/balcilar-blog.com\/wp-content\/uploads\/2016\/02\/Cbrgn1sWEAIxz_N-300x169.jpg 300w\" sizes=\"auto, (max-width: 640px) 100vw, 640px\" \/><\/p>\n<p><img loading=\"lazy\" decoding=\"async\" class=\"alignnone size-full wp-image-12885\" src=\"http:\/\/balcilar-blog.com\/wp-content\/uploads\/2016\/02\/12705196_1546611702335981_8684032634661491610_n.jpg\" alt=\"12705196_1546611702335981_8684032634661491610_n\" width=\"640\" height=\"427\" srcset=\"https:\/\/balcilar-blog.com\/wp-content\/uploads\/2016\/02\/12705196_1546611702335981_8684032634661491610_n.jpg 640w, https:\/\/balcilar-blog.com\/wp-content\/uploads\/2016\/02\/12705196_1546611702335981_8684032634661491610_n-300x200.jpg 300w\" sizes=\"auto, (max-width: 640px) 100vw, 640px\" \/><\/p>\n<p><img loading=\"lazy\" decoding=\"async\" class=\"alignnone size-full wp-image-12883\" src=\"http:\/\/balcilar-blog.com\/wp-content\/uploads\/2016\/02\/12107237_1487778658219286_548015130614794272_n.jpg\" alt=\"12107237_1487778658219286_548015130614794272_n\" width=\"480\" height=\"480\" srcset=\"https:\/\/balcilar-blog.com\/wp-content\/uploads\/2016\/02\/12107237_1487778658219286_548015130614794272_n.jpg 480w, https:\/\/balcilar-blog.com\/wp-content\/uploads\/2016\/02\/12107237_1487778658219286_548015130614794272_n-150x150.jpg 150w, https:\/\/balcilar-blog.com\/wp-content\/uploads\/2016\/02\/12107237_1487778658219286_548015130614794272_n-300x300.jpg 300w\" sizes=\"auto, (max-width: 480px) 100vw, 480px\" \/><\/p>\n<p><img loading=\"lazy\" decoding=\"async\" class=\"alignnone size-full wp-image-12882\" src=\"http:\/\/balcilar-blog.com\/wp-content\/uploads\/2016\/02\/12033039_1474330586230760_9102656300495122247_n.jpg\" alt=\"12033039_1474330586230760_9102656300495122247_n\" width=\"496\" height=\"480\" srcset=\"https:\/\/balcilar-blog.com\/wp-content\/uploads\/2016\/02\/12033039_1474330586230760_9102656300495122247_n.jpg 496w, https:\/\/balcilar-blog.com\/wp-content\/uploads\/2016\/02\/12033039_1474330586230760_9102656300495122247_n-300x290.jpg 300w\" sizes=\"auto, (max-width: 496px) 100vw, 496px\" \/><\/p>\n<p><img loading=\"lazy\" decoding=\"async\" class=\"alignnone size-full wp-image-12884\" src=\"http:\/\/balcilar-blog.com\/wp-content\/uploads\/2016\/02\/12417647_1535053546825130_4660423247552854666_n.jpg\" alt=\"12417647_1535053546825130_4660423247552854666_n\" width=\"480\" height=\"480\" srcset=\"https:\/\/balcilar-blog.com\/wp-content\/uploads\/2016\/02\/12417647_1535053546825130_4660423247552854666_n.jpg 480w, https:\/\/balcilar-blog.com\/wp-content\/uploads\/2016\/02\/12417647_1535053546825130_4660423247552854666_n-150x150.jpg 150w, https:\/\/balcilar-blog.com\/wp-content\/uploads\/2016\/02\/12417647_1535053546825130_4660423247552854666_n-300x300.jpg 300w\" sizes=\"auto, (max-width: 480px) 100vw, 480px\" \/><\/p>\n<p>K\u0131r\u0131k Kalpler Bankas\u0131 Ay Yap\u0131m&#8217;\u0131n 2015 sonunda vizyona giren ve b\u00fcy\u00fck ses getiren Delibal filminden sonra, 2016&#8217;da vizyona girecek iddial\u0131 sinema filmlerinden biri olacak gibi duruyor.<\/p>\n<p>Gi\u015fesi bol olsun.<\/p>\n<p>Keyifli Seyirler.<\/p>\n<p>&nbsp;<\/p>\n<p>Kaynak: Blogstop.com, G\u00f6rseller K\u0131r\u0131k Kalpler Bankas\u0131 &#8211; Facebook sayfas\u0131ndan al\u0131nm\u0131\u015ft\u0131r.<\/p>\n","protected":false},"excerpt":{"rendered":"<p>Ay Yap\u0131m &#8211; Kerem \u00c7atay&#8217;\u0131n yap\u0131mc\u0131s\u0131 oldu\u011fu, komedi, dram t\u00fcr\u00fcndeki &#8220;K\u0131r\u0131k Kalpler Bankas\u0131&#8221; ge\u00e7en y\u0131l yaz aylar\u0131nda \u00e7ekimleri ba\u015flam\u0131\u015f ve \u00e7ekimler tamamlanm\u0131\u015ft\u0131r. Filmin y\u00f6netmenli\u011fini Onur \u00dcnl\u00fc yapm\u0131\u015ft\u0131r. \u015eu s\u0131ralarda montaj \u00e7al\u0131\u015fmalar\u0131 devam eden film \u00f6n\u00fcm\u00fczdeki aylarda vizyona \u00e7\u0131kaca\u011f\u0131 s\u00f6yleniyor. Filmin ba\u015fl\u0131ca rolleri ve karakterleri \u015f\u00f6yle: Hazal Kaya (Asl\u0131m), Haluk Bilginer (Yusuf Ya\u011fmur), Metin Akd\u00fclger (Turan), [&hellip;]<\/p>\n","protected":false},"author":3,"featured_media":0,"comment_status":"open","ping_status":"open","sticky":false,"template":"","format":"standard","meta":{"footnotes":""},"categories":[10],"tags":[26,19,39,838,139,28],"class_list":["post-12876","post","type-post","status-publish","format-standard","hentry","category-sinema","tag-ay-yapim","tag-hazal-kaya","tag-kerem-catay","tag-kirik-kalpler-bankasi","tag-onur-unlu","tag-taner-olmez"],"views":10855,"blog_post_layout_featured_media_urls":{"thumbnail":"","full":""},"categories_names":{"10":{"name":"Sinema","link":"https:\/\/balcilar-blog.com\/?cat=10"}},"tags_names":{"26":{"name":"Ay Yap\u0131m","link":"https:\/\/balcilar-blog.com\/?tag=ay-yapim"},"19":{"name":"Hazal Kaya","link":"https:\/\/balcilar-blog.com\/?tag=hazal-kaya"},"39":{"name":"Kerem \u00c7atay","link":"https:\/\/balcilar-blog.com\/?tag=kerem-catay"},"838":{"name":"K\u0131r\u0131k Kalpler Bankas\u0131","link":"https:\/\/balcilar-blog.com\/?tag=kirik-kalpler-bankasi"},"139":{"name":"Onur \u00dcnl\u00fc","link":"https:\/\/balcilar-blog.com\/?tag=onur-unlu"},"28":{"name":"Taner \u00d6lmez","link":"https:\/\/balcilar-blog.com\/?tag=taner-olmez"}},"comments_number":"1","wpmagazine_modules_lite_featured_media_urls":{"thumbnail":"","cvmm-medium":"","cvmm-medium-plus":"","cvmm-portrait":"","cvmm-medium-square":"","cvmm-large":"","cvmm-small":"","full":""},"_links":{"self":[{"href":"https:\/\/balcilar-blog.com\/index.php?rest_route=\/wp\/v2\/posts\/12876","targetHints":{"allow":["GET"]}}],"collection":[{"href":"https:\/\/balcilar-blog.com\/index.php?rest_route=\/wp\/v2\/posts"}],"about":[{"href":"https:\/\/balcilar-blog.com\/index.php?rest_route=\/wp\/v2\/types\/post"}],"author":[{"embeddable":true,"href":"https:\/\/balcilar-blog.com\/index.php?rest_route=\/wp\/v2\/users\/3"}],"replies":[{"embeddable":true,"href":"https:\/\/balcilar-blog.com\/index.php?rest_route=%2Fwp%2Fv2%2Fcomments&post=12876"}],"version-history":[{"count":1,"href":"https:\/\/balcilar-blog.com\/index.php?rest_route=\/wp\/v2\/posts\/12876\/revisions"}],"predecessor-version":[{"id":12886,"href":"https:\/\/balcilar-blog.com\/index.php?rest_route=\/wp\/v2\/posts\/12876\/revisions\/12886"}],"wp:attachment":[{"href":"https:\/\/balcilar-blog.com\/index.php?rest_route=%2Fwp%2Fv2%2Fmedia&parent=12876"}],"wp:term":[{"taxonomy":"category","embeddable":true,"href":"https:\/\/balcilar-blog.com\/index.php?rest_route=%2Fwp%2Fv2%2Fcategories&post=12876"},{"taxonomy":"post_tag","embeddable":true,"href":"https:\/\/balcilar-blog.com\/index.php?rest_route=%2Fwp%2Fv2%2Ftags&post=12876"}],"curies":[{"name":"wp","href":"https:\/\/api.w.org\/{rel}","templated":true}]}}