{"id":12773,"date":"2016-02-12T19:52:35","date_gmt":"2016-02-12T17:52:35","guid":{"rendered":"http:\/\/balcilar-blog.com\/?p=12773"},"modified":"2016-02-12T20:12:10","modified_gmt":"2016-02-12T18:12:10","slug":"goc-zamani-reyting-savaslarinda-tutunabilecek-mi","status":"publish","type":"post","link":"https:\/\/balcilar-blog.com\/?p=12773","title":{"rendered":"G\u00f6\u00e7 Zaman\u0131 Reyting Sava\u015flar\u0131nda tutunabilecek mi?"},"content":{"rendered":"<p><img loading=\"lazy\" decoding=\"async\" class=\"alignnone size-full wp-image-12779\" src=\"http:\/\/balcilar-blog.com\/wp-content\/uploads\/2016\/02\/reyting-sonuclari.jpg\" alt=\"reyting-sonuclari\" width=\"648\" height=\"370\" srcset=\"https:\/\/balcilar-blog.com\/wp-content\/uploads\/2016\/02\/reyting-sonuclari.jpg 648w, https:\/\/balcilar-blog.com\/wp-content\/uploads\/2016\/02\/reyting-sonuclari-300x171.jpg 300w\" sizes=\"auto, (max-width: 648px) 100vw, 648px\" \/><\/p>\n<p>G\u00f6\u00e7 Zaman\u0131 Star Tv ekranlar\u0131nda 30 Ocak Cumartesi ak\u015fam\u0131 ilk b\u00f6l\u00fcm\u00fc ba\u015flad\u0131. Ge\u00e7en haftada 2.b\u00f6l\u00fcm\u00fc ekranlara geldi. Ben her iki b\u00f6l\u00fcm\u00fc de, Cumartesi ak\u015famlar\u0131 &#8220;G\u00fcllerin Sava\u015f\u0131&#8221; oldu\u011fu i\u00e7in daha sonra \u00a0internetten izledim. Diziyi tuttum tutmas\u0131n\u0131 da, kurguda olan (bana pek inand\u0131r\u0131c\u0131 gelmeyen) sahneler y\u00fcz\u00fcnden pek olumlu not vermedim. Hele hele bu Vahide Per\u00e7in gibi deneyimli bir oyuncunun filminde olursa dedim. Ki Vahide Per\u00e7in, ge\u00e7mi\u015f y\u0131llarda eski kocas\u0131 Altan G\u00f6rd\u00fcm&#8217;\u00fcn Sanat Okulu Akademi 35 Bu\u00e7uk&#8217;ta dersler vermi\u015f, oyuncu yeti\u015ftirmi\u015ftir. 9 Eyl\u00fcl \u00dcniversitesi G\u00fczel Sanatlar Fak\u00fcltesi Tiyatro B\u00f6l\u00fcm\u00fcn\u00fc birincilikle bitirmi\u015ftir. Hadi y\u00f6netmen g\u00f6rmedi, o da m\u0131 fark etmedi!<\/p>\n<p>Bir dizide olaylar ba\u011flant\u0131l\u0131 ve inand\u0131r\u0131c\u0131 olmas\u0131 gerekir. \u0130lk b\u00f6l\u00fcmde bir dolu sahne bana pek inand\u0131r\u0131c\u0131 gelmedi, yada fazla tesad\u00fcfi olaylar meydana geldi. Mardin&#8217;den \u0130stanbul&#8217;a geli\u015fleri maceral\u0131 bir yolculuk oldu. Otob\u00fcs\u00fc ka\u00e7\u0131rd\u0131lar, Koyun ta\u015f\u0131yan kamyona bindiler. Ba\u015flar\u0131na k\u00f6t\u00fc i\u015f gelince kamyondan indiler, ma\u011farada kald\u0131lar. Trene nas\u0131l bindiklerini g\u00f6rmedik. Cennet kad\u0131n g\u00f6stere g\u00f6stere paralar\u0131n\u0131 ve \u0130stanbul&#8217;a gidece\u011fi adres kartvizitini \u00e7ald\u0131rd\u0131. Ellerinde adres olmad\u0131\u011f\u0131 halde hal\u0131c\u0131y\u0131 nas\u0131l buldular. Koskoca \u0130stanbul&#8217;da bu kadar da tesad\u00fcf olur mu? Hangi Anadolu&#8217;dan gelen kad\u0131n \u00e7ocuklar\u0131n\u0131 cami avlusunda b\u0131rak\u0131r gider, sonra da deli danalar gibi onlar\u0131 arar. \u00a0Pe\u015flerinden gelen kumas\u0131n\u0131n o\u011flu Yemin onlar\u0131 nas\u0131l buldu, hepsi bir muamma. Dilerim bundan sonraki b\u00f6l\u00fcmlerde bizlere pes do\u011frusu dedirtmezler de hata yapmazlar.<\/p>\n<p>Biz gelelim 2.B\u00f6l\u00fcmde olacaklara:<\/p>\n<p><img loading=\"lazy\" decoding=\"async\" class=\"size-full wp-image-12778\" src=\"http:\/\/balcilar-blog.com\/wp-content\/uploads\/2016\/02\/gz3-0120-642x320.jpg\" alt=\"CREATOR: gd-jpeg v1.0 (using IJG JPEG v62), quality = 90\" width=\"640\" height=\"360\" srcset=\"https:\/\/balcilar-blog.com\/wp-content\/uploads\/2016\/02\/gz3-0120-642x320.jpg 640w, https:\/\/balcilar-blog.com\/wp-content\/uploads\/2016\/02\/gz3-0120-642x320-300x169.jpg 300w\" sizes=\"auto, (max-width: 640px) 100vw, 640px\" \/><\/p>\n<p>Cennet 3 k\u0131z\u0131n\u0131 da al\u0131p, kocas\u0131n\u0131 kumas\u0131 ile Mardin&#8217;de b\u0131rak\u0131p \u0130stanbul&#8217;a maceral\u0131 bir yolculuk yapar. Tesad\u00fcfi de olsa arad\u0131klar\u0131 hal\u0131c\u0131y\u0131 bulurlar. Pe\u015flerinde kumas\u0131n\u0131n o\u011flu Yemin de vard\u0131r. Cennet \u00f6z o\u011flu Yemin\u2019in namlusunun ucundad\u0131r. Yemin Cennet\u2019in can\u0131na kastedecek kadar karartm\u0131\u015ft\u0131r g\u00f6z\u00fcn\u00fc, ya onu ve k\u0131zlar\u0131n\u0131 al\u0131p memlekete g\u00f6t\u00fcrecek ya da namusunu temizleyecektir. Y\u0131lmaz, Cennet\u2019i kurtarmak isterken yaralan\u0131r. Cennet\u2019in ana y\u00fcre\u011fi ise Yemin\u2019i polise teslim etmeye elvermez, can\u0131n\u0131 da almaya \u00e7al\u0131\u015fsa \u00f6z evlad\u0131d\u0131r Yemin.\u00a0<span style=\"line-height: 1.5;\"><br \/>\n<\/span><\/p>\n<p><img loading=\"lazy\" decoding=\"async\" class=\"alignnone size-full wp-image-12776\" src=\"http:\/\/balcilar-blog.com\/wp-content\/uploads\/2016\/02\/goc_zamani_3bolum_tek.jpg\" alt=\"goc_zamani_3bolum_tek\" width=\"640\" height=\"330\" srcset=\"https:\/\/balcilar-blog.com\/wp-content\/uploads\/2016\/02\/goc_zamani_3bolum_tek.jpg 640w, https:\/\/balcilar-blog.com\/wp-content\/uploads\/2016\/02\/goc_zamani_3bolum_tek-300x155.jpg 300w\" sizes=\"auto, (max-width: 640px) 100vw, 640px\" \/><\/p>\n<p><span style=\"line-height: 1.5;\">Y\u0131lmaz ve Artem\u2019in yard\u0131mlar\u0131yla Cennet ile k\u0131zlar\u0131 i\u00e7in yeni bir hayat\u0131n kap\u0131lar\u0131 aralan\u0131r. Y\u0131lmaz onlar\u0131 evinde misafir eder ancak Yemin\u2019den kurtulmalar\u0131 o kadar da kolay de\u011fildir. Babas\u0131n\u0131n \u00f6l\u00fcm haberini alan ve iyice bilenen Yemin ad\u0131m ad\u0131m pe\u015flerindedir. Cennet ve k\u0131zlar\u0131 da Cemal\u2019in \u00f6l\u00fcm haberiyle sars\u0131l\u0131r. Z\u00fcmr\u00fct\u2019\u00fcn okuma hayali ailesinin felaketi olmu\u015ftur, pi\u015fmanl\u0131k ve su\u00e7luluk i\u00e7inde kavrulan Z\u00fcmr\u00fct i\u00e7in yolun sonu g\u00f6r\u00fcnm\u00fc\u015ft\u00fcr art\u0131k. Z\u00fcmr\u00fct annesini ve karde\u015flerini kurtarmak u\u011fruna hayalinden vazge\u00e7ip Yemin\u2019e teslim olacakt\u0131r.<\/span><\/p>\n<p>3.B\u00f6l\u00fcmde olacaklara gelince:<\/p>\n<p><img loading=\"lazy\" decoding=\"async\" class=\"alignnone size-full wp-image-12775\" src=\"http:\/\/balcilar-blog.com\/wp-content\/uploads\/2016\/02\/Logolu-G\u00f6\u00e7-Zaman\u0131-3-460x240.jpg\" alt=\"Logolu-G\u00f6\u00e7-Zaman\u0131-3-460x240\" width=\"640\" height=\"334\" srcset=\"https:\/\/balcilar-blog.com\/wp-content\/uploads\/2016\/02\/Logolu-G\u00f6\u00e7-Zaman\u0131-3-460x240.jpg 640w, https:\/\/balcilar-blog.com\/wp-content\/uploads\/2016\/02\/Logolu-G\u00f6\u00e7-Zaman\u0131-3-460x240-300x157.jpg 300w\" sizes=\"auto, (max-width: 640px) 100vw, 640px\" \/><br \/>\nCennet, Z\u00fcmr\u00fct\u2019\u00fcn Yemin\u2019e teslim oldu\u011funu \u00f6\u011frenince deliye d\u00f6ner ve onu kurtarmak i\u00e7in can\u0131n\u0131 tehlikeye atar. Z\u00fcmr\u00fct, Demir\u2019in yard\u0131mlar\u0131yla okul kayd\u0131n\u0131 yapt\u0131r\u0131rken, Cennet de bir hal\u0131 at\u00f6lyesinde i\u015fe ba\u015flar. Ancak ad\u0131n\u0131n Y\u0131lmaz ile \u00e7irkin bir \u015fekilde an\u0131lmas\u0131n\u0131 gururuna yediremez ve i\u015fi b\u0131rakmak zorunda kal\u0131r. Bundan sonra Y\u0131lmaz\u2019\u0131n evinde misafir olmalar\u0131 m\u00fcmk\u00fcn de\u011fildir.<\/p>\n<p><img loading=\"lazy\" decoding=\"async\" class=\"alignnone size-full wp-image-12777\" src=\"http:\/\/balcilar-blog.com\/wp-content\/uploads\/2016\/02\/goc-zamani-3-resim.jpg\" alt=\"goc-zamani-3-resim\" width=\"640\" height=\"320\" srcset=\"https:\/\/balcilar-blog.com\/wp-content\/uploads\/2016\/02\/goc-zamani-3-resim.jpg 640w, https:\/\/balcilar-blog.com\/wp-content\/uploads\/2016\/02\/goc-zamani-3-resim-300x150.jpg 300w\" sizes=\"auto, (max-width: 640px) 100vw, 640px\" \/><\/p>\n<p>Cennet i\u00e7in bu koca \u015fehirde k\u0131zlar\u0131n\u0131 koruyabilmek sand\u0131\u011f\u0131ndan \u00e7ok daha zor olacakt\u0131r. Yemin ve Han\u0131m Cemal\u2019in cenazesini kald\u0131r\u0131r fakat k\u00f6yl\u00fclerin d\u0131\u015flamalar\u0131 y\u00fcz\u00fcnden memleketlerinden ayr\u0131lmak zorunda kal\u0131rlar. Yemin, babas\u0131n\u0131n durumundan faydalan\u0131p annesine yana\u015fan muhtardan intikam\u0131n\u0131 almak i\u00e7in muhtar\u0131 ve o\u011flu Veysel\u2019i polise ihbar eder. \u0130\u015f Bilal\u2019e kadar uzan\u0131r. Bilal\u2019i polis bask\u0131n\u0131ndan kurtaran Yemin olur ve art\u0131k onun sa\u011f koludur. Y\u0131lmaz kar\u0131s\u0131 Sevgi\u2019ye gelen gizemli telefonlar\u0131n izini bulmu\u015f, ad\u0131m ad\u0131m yakla\u015fm\u0131\u015ft\u0131r d\u00fc\u015fman\u0131na. Sevgi ise Y\u0131lmaz\u2019\u0131n en b\u00fcy\u00fck d\u00fc\u015fman\u0131 Bilal\u2019in tuza\u011f\u0131na d\u00fc\u015fmek \u00fczeredir.<\/p>\n<p>Ba\u015f rollerini Vadide Per\u00e7in (Cennet), Talat Bulut (Y\u0131lmaz)\u00a0ve Tilbe Saran&#8217;\u0131n\u00a0oynad\u0131\u011f\u0131 G\u00f6\u00e7 Zaman\u0131 3.B\u00f6l\u00fcm\u00fc ile yar\u0131n ak\u015fam Star Tv ekranlar\u0131nda olacak. Yap\u0131mc\u0131l\u0131\u011f\u0131n\u0131 Limon Yap\u0131m &#8211; Hayri Aslan. Y\u00f6netmen koltu\u011funda Veli \u00c7elik oturuyor.<\/p>\n<p>G\u00f6\u00e7 Zaman\u0131 1.B\u00f6l\u00fcmde: Total&#8217;de 6,10 puan ile 3.s\u0131rada, AB&#8217;de 3,94 ile 4.S\u0131rada yer alm\u0131\u015ft\u0131r.<\/p>\n<p>Ge\u00e7en hafta ekranlara gelen 2.B\u00f6l\u00fcm\u00fcnde; Total&#8217;de 5,69 ile gene 3.s\u0131rada , AB&#8217;de 3,29 ile 6.s\u0131rada yer alm\u0131\u015ft\u0131r.<\/p>\n<p>G\u00f6\u00e7 Zaman\u0131 reyting sava\u015flar\u0131nda tutunup tutunamayaca\u011f\u0131n\u0131 ilerleyen b\u00f6l\u00fcmlerde hep birlikte g\u00f6rece\u011fiz.<\/p>\n<p>Sayg\u0131lar ve sevgiler.<\/p>\n<p>Abdurrahman Balc\u0131lar<\/p>\n<p>Twitter: abdurrahman balc\u0131lar@abbalcilar<\/p>\n<p>Mail : <a href=\"mailto:ab.balcilar@hotmail.com\">ab.balcilar@hotmail.com<\/a><\/p>\n<p>Blog:\u00a0<a href=\"http:\/\/t.co\/znqmIZgIqn\">blog.milliyet.com.tr\/cansever<\/a><\/p>\n<p>Blog:\u00a0<strong>balcilar<\/strong>&#8211;<strong>blog.com<\/strong><\/p>\n<p>&nbsp;<\/p>\n<p>&nbsp;<\/p>\n","protected":false},"excerpt":{"rendered":"<p>G\u00f6\u00e7 Zaman\u0131 Star Tv ekranlar\u0131nda 30 Ocak Cumartesi ak\u015fam\u0131 ilk b\u00f6l\u00fcm\u00fc ba\u015flad\u0131. Ge\u00e7en haftada 2.b\u00f6l\u00fcm\u00fc ekranlara geldi. Ben her iki b\u00f6l\u00fcm\u00fc de, Cumartesi ak\u015famlar\u0131 &#8220;G\u00fcllerin Sava\u015f\u0131&#8221; oldu\u011fu i\u00e7in daha sonra \u00a0internetten izledim. Diziyi tuttum tutmas\u0131n\u0131 da, kurguda olan (bana pek inand\u0131r\u0131c\u0131 gelmeyen) sahneler y\u00fcz\u00fcnden pek olumlu not vermedim. Hele hele bu Vahide Per\u00e7in gibi deneyimli [&hellip;]<\/p>\n","protected":false},"author":3,"featured_media":0,"comment_status":"open","ping_status":"open","sticky":false,"template":"","format":"standard","meta":{"footnotes":""},"categories":[2],"tags":[853,1023,25,578,852,1024],"class_list":["post-12773","post","type-post","status-publish","format-standard","hentry","category-tv-programlari","tag-goc-zamani","tag-limon-yapim","tag-star-tv","tag-talat-bulut","tag-vahide-percin","tag-veli-celik"],"views":3791,"blog_post_layout_featured_media_urls":{"thumbnail":"","full":""},"categories_names":{"2":{"name":"TV Programlar\u0131","link":"https:\/\/balcilar-blog.com\/?cat=2"}},"tags_names":{"853":{"name":"G\u00f6\u00e7 Zaman\u0131","link":"https:\/\/balcilar-blog.com\/?tag=goc-zamani"},"1023":{"name":"Limon Yap\u0131m","link":"https:\/\/balcilar-blog.com\/?tag=limon-yapim"},"25":{"name":"Star Tv","link":"https:\/\/balcilar-blog.com\/?tag=star-tv"},"578":{"name":"Talat Bulut","link":"https:\/\/balcilar-blog.com\/?tag=talat-bulut"},"852":{"name":"Vahide Per\u00e7in","link":"https:\/\/balcilar-blog.com\/?tag=vahide-percin"},"1024":{"name":"Veli \u00c7elik","link":"https:\/\/balcilar-blog.com\/?tag=veli-celik"}},"comments_number":"1","wpmagazine_modules_lite_featured_media_urls":{"thumbnail":"","cvmm-medium":"","cvmm-medium-plus":"","cvmm-portrait":"","cvmm-medium-square":"","cvmm-large":"","cvmm-small":"","full":""},"_links":{"self":[{"href":"https:\/\/balcilar-blog.com\/index.php?rest_route=\/wp\/v2\/posts\/12773","targetHints":{"allow":["GET"]}}],"collection":[{"href":"https:\/\/balcilar-blog.com\/index.php?rest_route=\/wp\/v2\/posts"}],"about":[{"href":"https:\/\/balcilar-blog.com\/index.php?rest_route=\/wp\/v2\/types\/post"}],"author":[{"embeddable":true,"href":"https:\/\/balcilar-blog.com\/index.php?rest_route=\/wp\/v2\/users\/3"}],"replies":[{"embeddable":true,"href":"https:\/\/balcilar-blog.com\/index.php?rest_route=%2Fwp%2Fv2%2Fcomments&post=12773"}],"version-history":[{"count":4,"href":"https:\/\/balcilar-blog.com\/index.php?rest_route=\/wp\/v2\/posts\/12773\/revisions"}],"predecessor-version":[{"id":12782,"href":"https:\/\/balcilar-blog.com\/index.php?rest_route=\/wp\/v2\/posts\/12773\/revisions\/12782"}],"wp:attachment":[{"href":"https:\/\/balcilar-blog.com\/index.php?rest_route=%2Fwp%2Fv2%2Fmedia&parent=12773"}],"wp:term":[{"taxonomy":"category","embeddable":true,"href":"https:\/\/balcilar-blog.com\/index.php?rest_route=%2Fwp%2Fv2%2Fcategories&post=12773"},{"taxonomy":"post_tag","embeddable":true,"href":"https:\/\/balcilar-blog.com\/index.php?rest_route=%2Fwp%2Fv2%2Ftags&post=12773"}],"curies":[{"name":"wp","href":"https:\/\/api.w.org\/{rel}","templated":true}]}}