{"id":12759,"date":"2016-02-11T14:56:26","date_gmt":"2016-02-11T12:56:26","guid":{"rendered":"http:\/\/balcilar-blog.com\/?p=12759"},"modified":"2016-02-11T14:57:07","modified_gmt":"2016-02-11T12:57:07","slug":"kara-sevda-esas-savasa-hazir-misiniz","status":"publish","type":"post","link":"https:\/\/balcilar-blog.com\/?p=12759","title":{"rendered":"Kara Sevda \/ Esas Sava\u015fa Haz\u0131r M\u0131s\u0131n\u0131z?"},"content":{"rendered":"<p><img loading=\"lazy\" decoding=\"async\" class=\"alignnone size-full wp-image-12765\" src=\"http:\/\/balcilar-blog.com\/wp-content\/uploads\/2016\/02\/kara-sevda-17.-yeni-bolum-canli-izle.jpg\" alt=\"kara-sevda-17.-yeni--bolum-canli-izle\" width=\"640\" height=\"426\" srcset=\"https:\/\/balcilar-blog.com\/wp-content\/uploads\/2016\/02\/kara-sevda-17.-yeni-bolum-canli-izle.jpg 640w, https:\/\/balcilar-blog.com\/wp-content\/uploads\/2016\/02\/kara-sevda-17.-yeni-bolum-canli-izle-300x200.jpg 300w\" sizes=\"auto, (max-width: 640px) 100vw, 640px\" \/><\/p>\n<p>Ay Yap\u0131m&#8217;\u0131n Star Tv ekranlar\u0131nda yay\u0131nlanan Kara Sevda dizisi \u00c7ar\u015famba gecelerinin en \u00e7ok seyredilen dizilerinden birisi oldu. Ba\u015frollerini Burak \u00d6z\u00e7ivit, Neslihan Atag\u00fcl, Kaan Urganc\u0131o\u011flu ve Zerrin Tekindor&#8217;un oynad\u0131\u011f\u0131 dizinin reytingleri de olduk\u00e7a keyif verici. TRT1&#8217;in Dirili\u015f Ertu\u011frul&#8217;un ard\u0131ndan Total&#8217;de 8,39 reyting puan\u0131 ile 2.s\u0131rada yer alm\u0131\u015f. AB&#8217;de de 6,16 reyting ile 3.s\u0131rada yer ald\u0131\u011f\u0131n\u0131 g\u00f6rd\u00fck.<\/p>\n<p><strong>Esas Sava\u015fa Haz\u0131r M\u0131s\u0131n?<\/strong><\/p>\n<p>Ay Yap\u0131m imzal\u0131 Kara Sevda\u2019n\u0131n d\u00fcn gece yay\u0131nlanan b\u00f6l\u00fcm\u00fcnde heyecan ve duygu y\u00fckl\u00fc sahneler ekrana geldi. Ger\u00e7e\u011fin pe\u015finden birlikte giden Nihan ve Kemal, Zeynep\u2019in beklenmedik hareketiyle kar\u015f\u0131 kar\u015f\u0131ya geldi. Onlara t\u00fcm ger\u00e7ekleri anlatabilecek tek ki\u015fi olan Karen\u2019\u0131n ,Emir\u2019in eline ge\u00e7mesiyle umutsuzlu\u011fa d\u00fc\u015fen Nihan ve Kemal\u2019e \u015fantajc\u0131dan gelen beklenmedik mesaj, sava\u015fta yeni bir sayfa a\u00e7t\u0131.<\/p>\n<p><img loading=\"lazy\" decoding=\"async\" class=\"alignnone size-full wp-image-12763\" src=\"http:\/\/balcilar-blog.com\/wp-content\/uploads\/2016\/02\/maxresdefault-1.jpg\" alt=\"maxresdefault\" width=\"640\" height=\"339\" srcset=\"https:\/\/balcilar-blog.com\/wp-content\/uploads\/2016\/02\/maxresdefault-1.jpg 640w, https:\/\/balcilar-blog.com\/wp-content\/uploads\/2016\/02\/maxresdefault-1-300x159.jpg 300w\" sizes=\"auto, (max-width: 640px) 100vw, 640px\" \/><\/p>\n<p>Zeynep ve Ozan&#8217;\u0131n evlili\u011fi herkes i\u00e7in bomba etkisi yaratt\u0131. Ailelerin derinden etkilendi\u011fi bu evlilik, Emir i\u00e7in de k\u00f6t\u00fc bir s\u00fcrpriz oldu. Bu s\u00fcrpriz evlilik Kemal ile Emir&#8217;i tekrar kar\u015f\u0131 kar\u015f\u0131ya getirir.<\/p>\n<p><img loading=\"lazy\" decoding=\"async\" class=\"size-full wp-image-12761\" src=\"http:\/\/balcilar-blog.com\/wp-content\/uploads\/2016\/02\/kara_sevda_17_bol.jpeg\" alt=\"CREATOR: gd-jpeg v1.0 (using IJG JPEG v62), quality = 85\" width=\"640\" height=\"343\" srcset=\"https:\/\/balcilar-blog.com\/wp-content\/uploads\/2016\/02\/kara_sevda_17_bol.jpeg 640w, https:\/\/balcilar-blog.com\/wp-content\/uploads\/2016\/02\/kara_sevda_17_bol-300x161.jpeg 300w\" sizes=\"auto, (max-width: 640px) 100vw, 640px\" \/><\/p>\n<p>Bir yandan karde\u015flerinin evliliklerini onaylamayan Kemal Ve Nihan, di\u011fer yandan karde\u015flerinin g\u00f6sterdi\u011fi cesareti g\u00f6sterememenin pi\u015fmanl\u0131\u011f\u0131yla g\u00f6zya\u015f\u0131 d\u00f6kt\u00fcler. Karde\u015flerinin beklenmedik evliliklerinde, herkese ve her \u015feye ra\u011fmen a\u015fk\u0131n pe\u015finden gitme cesaretini g\u00f6ren Kemal ve Nihan i\u00e7in, art\u0131k kendileri i\u00e7in daha fazla m\u00fccadele edecekleri bamba\u015fka bir d\u00f6nem kap\u0131da.<\/p>\n<p><strong>\u015eantajc\u0131n\u0131n Karanl\u0131k Deste\u011fi:<\/strong><\/p>\n<p>O karanl\u0131k gecenin s\u0131rlar\u0131n\u0131 anlatabilecek tek ki\u015fi olan Karen\u2019\u0131 ele ge\u00e7iren Emir, Nihan ve Kemal\u2019in ger\u00e7e\u011fin pe\u015finden birlikte gittiklerini \u00f6\u011frendi. En karanl\u0131k noktada, Emir\u2019i tehdit eden \u015fantajc\u0131dan gelen mesajla, Nihan ve Kemal yeni bir yola girdi. Emir\u2019in t\u00fcm pis i\u015flerini temizleyen ve hakk\u0131nda ailesinden bile \u00e7ok ger\u00e7e\u011fi bilen Tufan&#8217;\u0131n, ayn\u0131 zamanda Emir&#8217;e y\u0131llard\u0131r yap\u0131lan gizemli \u015fantaj\u0131n bir par\u00e7as\u0131 oldu\u011funun ortaya \u00e7\u0131kmas\u0131yla, kartlar bir kez daha da\u011f\u0131t\u0131ld\u0131. As\u0131l sava\u015f \u015fimdi ba\u015flad\u0131.<\/p>\n<p><img loading=\"lazy\" decoding=\"async\" class=\"alignnone size-full wp-image-12760\" src=\"http:\/\/balcilar-blog.com\/wp-content\/uploads\/2016\/02\/ks17-10-400x260.jpg\" alt=\"ks17-10-400x260\" width=\"640\" height=\"416\" srcset=\"https:\/\/balcilar-blog.com\/wp-content\/uploads\/2016\/02\/ks17-10-400x260.jpg 640w, https:\/\/balcilar-blog.com\/wp-content\/uploads\/2016\/02\/ks17-10-400x260-300x195.jpg 300w\" sizes=\"auto, (max-width: 640px) 100vw, 640px\" \/><\/p>\n<p>Kemal Nihan&#8217;a parma\u011f\u0131ndaki y\u00fcz\u00fc\u011f\u00fc \u00e7\u0131karmas\u0131 i\u00e7in \u0131srar eder, bu sava\u015f\u0131 beraber girmelerini ister. Di\u011fer taraftan Zeynep bir not b\u0131rak\u0131r evi terk eder. Bu durumu \u00f6\u011frenen, notu okuyan Ozan bir \u015fi\u015fe ilac\u0131 i\u00e7er, intihara te\u015febb\u00fcs eder.<\/p>\n<p><img loading=\"lazy\" decoding=\"async\" class=\"alignnone size-full wp-image-12764\" src=\"http:\/\/balcilar-blog.com\/wp-content\/uploads\/2016\/02\/kara-sevda-16-bolumde.jpg\" alt=\"kara-sevda-16-bolumde\" width=\"640\" height=\"321\" srcset=\"https:\/\/balcilar-blog.com\/wp-content\/uploads\/2016\/02\/kara-sevda-16-bolumde.jpg 640w, https:\/\/balcilar-blog.com\/wp-content\/uploads\/2016\/02\/kara-sevda-16-bolumde-300x150.jpg 300w\" sizes=\"auto, (max-width: 640px) 100vw, 640px\" \/><\/p>\n<p>Y\u00f6netmen koltu\u011funda Hilal Saral&#8217;\u0131n oturdu\u011fu, senaryosunu An\u0131l Eke, \u00d6zlem Y\u0131lmaz ve Burcu G\u00f6rg\u00fcn&#8217;\u00fcn yazd\u0131\u011f\u0131 Kara Sevda \u00e7ar\u015famba ak\u015famlar\u0131 20:00&#8217;de Star TV&#8217;de.<\/p>\n<p>Keyifli Seyirler.<\/p>\n<p>Sayg\u0131lar ve sevgiler.<\/p>\n<p>Abdurrahman Balc\u0131lar<\/p>\n<p>Twitter: abdurrahman balc\u0131lar@abbalcilar<\/p>\n<p>Mail : <a href=\"mailto:ab.balcilar@hotmail.com\">ab.balcilar@hotmail.com<\/a><\/p>\n<p>Blog:\u00a0<a href=\"http:\/\/t.co\/znqmIZgIqn\">blog.milliyet.com.tr\/cansever<\/a><\/p>\n<p>Blog:\u00a0<strong>balcilar<\/strong>&#8211;<strong>blog.com<\/strong><\/p>\n<p>Kara Sevda 17. B\u00f6l\u00fcm Final Sahnesi:<\/p>\n<p>https:\/\/www.youtube.com\/watch?v=qzYKcC0uIWU<\/p>\n","protected":false},"excerpt":{"rendered":"<p>Ay Yap\u0131m&#8217;\u0131n Star Tv ekranlar\u0131nda yay\u0131nlanan Kara Sevda dizisi \u00c7ar\u015famba gecelerinin en \u00e7ok seyredilen dizilerinden birisi oldu. Ba\u015frollerini Burak \u00d6z\u00e7ivit, Neslihan Atag\u00fcl, Kaan Urganc\u0131o\u011flu ve Zerrin Tekindor&#8217;un oynad\u0131\u011f\u0131 dizinin reytingleri de olduk\u00e7a keyif verici. TRT1&#8217;in Dirili\u015f Ertu\u011frul&#8217;un ard\u0131ndan Total&#8217;de 8,39 reyting puan\u0131 ile 2.s\u0131rada yer alm\u0131\u015f. AB&#8217;de de 6,16 reyting ile 3.s\u0131rada yer ald\u0131\u011f\u0131n\u0131 g\u00f6rd\u00fck. [&hellip;]<\/p>\n","protected":false},"author":3,"featured_media":0,"comment_status":"open","ping_status":"open","sticky":false,"template":"","format":"standard","meta":{"footnotes":""},"categories":[2],"tags":[26,409,799,119,25],"class_list":["post-12759","post","type-post","status-publish","format-standard","hentry","category-tv-programlari","tag-ay-yapim","tag-burak-ozcivit","tag-kara-sevda","tag-neslihan-atagul","tag-star-tv"],"views":3290,"blog_post_layout_featured_media_urls":{"thumbnail":"","full":""},"categories_names":{"2":{"name":"TV Programlar\u0131","link":"https:\/\/balcilar-blog.com\/?cat=2"}},"tags_names":{"26":{"name":"Ay Yap\u0131m","link":"https:\/\/balcilar-blog.com\/?tag=ay-yapim"},"409":{"name":"Burak \u00d6z\u00e7ivit","link":"https:\/\/balcilar-blog.com\/?tag=burak-ozcivit"},"799":{"name":"Kara Sevda","link":"https:\/\/balcilar-blog.com\/?tag=kara-sevda"},"119":{"name":"Neslihan Atag\u00fcl","link":"https:\/\/balcilar-blog.com\/?tag=neslihan-atagul"},"25":{"name":"Star Tv","link":"https:\/\/balcilar-blog.com\/?tag=star-tv"}},"comments_number":"0","wpmagazine_modules_lite_featured_media_urls":{"thumbnail":"","cvmm-medium":"","cvmm-medium-plus":"","cvmm-portrait":"","cvmm-medium-square":"","cvmm-large":"","cvmm-small":"","full":""},"_links":{"self":[{"href":"https:\/\/balcilar-blog.com\/index.php?rest_route=\/wp\/v2\/posts\/12759","targetHints":{"allow":["GET"]}}],"collection":[{"href":"https:\/\/balcilar-blog.com\/index.php?rest_route=\/wp\/v2\/posts"}],"about":[{"href":"https:\/\/balcilar-blog.com\/index.php?rest_route=\/wp\/v2\/types\/post"}],"author":[{"embeddable":true,"href":"https:\/\/balcilar-blog.com\/index.php?rest_route=\/wp\/v2\/users\/3"}],"replies":[{"embeddable":true,"href":"https:\/\/balcilar-blog.com\/index.php?rest_route=%2Fwp%2Fv2%2Fcomments&post=12759"}],"version-history":[{"count":2,"href":"https:\/\/balcilar-blog.com\/index.php?rest_route=\/wp\/v2\/posts\/12759\/revisions"}],"predecessor-version":[{"id":12766,"href":"https:\/\/balcilar-blog.com\/index.php?rest_route=\/wp\/v2\/posts\/12759\/revisions\/12766"}],"wp:attachment":[{"href":"https:\/\/balcilar-blog.com\/index.php?rest_route=%2Fwp%2Fv2%2Fmedia&parent=12759"}],"wp:term":[{"taxonomy":"category","embeddable":true,"href":"https:\/\/balcilar-blog.com\/index.php?rest_route=%2Fwp%2Fv2%2Fcategories&post=12759"},{"taxonomy":"post_tag","embeddable":true,"href":"https:\/\/balcilar-blog.com\/index.php?rest_route=%2Fwp%2Fv2%2Ftags&post=12759"}],"curies":[{"name":"wp","href":"https:\/\/api.w.org\/{rel}","templated":true}]}}