{"id":12648,"date":"2016-02-01T14:55:36","date_gmt":"2016-02-01T12:55:36","guid":{"rendered":"http:\/\/balcilar-blog.com\/?p=12648"},"modified":"2016-02-03T10:20:10","modified_gmt":"2016-02-03T08:20:10","slug":"kara-sevdada-tum-dengeler-degisiyor-yeni-bolumde-neler-olacak","status":"publish","type":"post","link":"https:\/\/balcilar-blog.com\/?p=12648","title":{"rendered":"Kara Sevda&#8217;da T\u00fcm Dengeler De\u011fi\u015fiyor! Yeni B\u00f6l\u00fcmde neler olacak?"},"content":{"rendered":"<p><img loading=\"lazy\" decoding=\"async\" class=\"alignnone size-full wp-image-12649\" src=\"http:\/\/balcilar-blog.com\/wp-content\/uploads\/2016\/02\/cats-ozan-zeynep.jpg\" alt=\"cats ozan-zeynep\" width=\"480\" height=\"484\" srcset=\"https:\/\/balcilar-blog.com\/wp-content\/uploads\/2016\/02\/cats-ozan-zeynep.jpg 480w, https:\/\/balcilar-blog.com\/wp-content\/uploads\/2016\/02\/cats-ozan-zeynep-150x150.jpg 150w, https:\/\/balcilar-blog.com\/wp-content\/uploads\/2016\/02\/cats-ozan-zeynep-298x300.jpg 298w\" sizes=\"auto, (max-width: 480px) 100vw, 480px\" \/><\/p>\n<p>Ay Yap\u0131m imzal\u0131 Kara Sevda\u2019n\u0131n yeni b\u00f6l\u00fcm\u00fcnde, Nihan (Neslihan Atag\u00fcl) ve Kemal\u2019in (Burak \u00d6z\u00e7ivit) o gecenin s\u0131rlar\u0131na bir ad\u0131m daha yakla\u015fmas\u0131yla boyut de\u011fi\u015ftiren sava\u015fta, Zeynep\u2019in beklenmedik hareketiyle t\u00fcm dengeler de\u011fi\u015fecek.<\/p>\n<p>Kara Sevda\u2019n\u0131n merakla beklenen yeni b\u00f6l\u00fcm\u00fcnde neler olacak?<\/p>\n<p>Nihan ve Kemal o geceye dair b\u00fcy\u00fck s\u0131rr\u0131 Emir\u2019den (Kaan Urganc\u0131o\u011flu) sonra \u00e7\u00f6zebilecek tek ki\u015fi olan Karen\u2019le konu\u015fman\u0131n yolunu bulur. Karen\u2019in verece\u011fi cevaplar, Kemal\u2019le Nihan\u2019\u0131n do\u011fru yolda oldu\u011funu kan\u0131tlar. Ancak Emir\u2019in Karen\u2019e ula\u015fmas\u0131yla, o geceye at\u0131lan d\u00fc\u011f\u00fcm\u00fc \u00e7\u00f6zmek zorla\u015f\u0131r. Kemal ile Emir aras\u0131ndaki so\u011fuk sava\u015f da boyut de\u011fi\u015ftirir.<\/p>\n<p><img loading=\"lazy\" decoding=\"async\" class=\"alignnone size-full wp-image-12664\" src=\"http:\/\/balcilar-blog.com\/wp-content\/uploads\/2016\/02\/Kara-Sevda-16.B\u00f6l\u00fcm-7.jpg\" alt=\"Kara Sevda 16.B\u00f6l\u00fcm 7\" width=\"640\" height=\"427\" srcset=\"https:\/\/balcilar-blog.com\/wp-content\/uploads\/2016\/02\/Kara-Sevda-16.B\u00f6l\u00fcm-7.jpg 640w, https:\/\/balcilar-blog.com\/wp-content\/uploads\/2016\/02\/Kara-Sevda-16.B\u00f6l\u00fcm-7-300x200.jpg 300w\" sizes=\"auto, (max-width: 640px) 100vw, 640px\" \/><\/p>\n<p>Zeynep, Ozan\u2019la bir an \u00f6nce evlenip Emir\u2019in hayat\u0131na s\u0131zmak i\u00e7in elindeki b\u00fct\u00fcn kozlar\u0131 oynar. Di\u011fer taraftan Emir, Kemal\u2019i \u00f6fkelendirip \u00fcst\u00fcne \u00e7ekmek i\u00e7in elindeki Zeynep\u2019e ait foto\u011fraflar\u0131 kullanmaya karar verir.<\/p>\n<p><img loading=\"lazy\" decoding=\"async\" class=\"alignnone size-full wp-image-12665\" src=\"http:\/\/balcilar-blog.com\/wp-content\/uploads\/2016\/02\/Kara-Sevda-16.B\u00f6l\u00fcm-12.jpg\" alt=\"Kara Sevda 16.B\u00f6l\u00fcm 12\" width=\"640\" height=\"427\" srcset=\"https:\/\/balcilar-blog.com\/wp-content\/uploads\/2016\/02\/Kara-Sevda-16.B\u00f6l\u00fcm-12.jpg 640w, https:\/\/balcilar-blog.com\/wp-content\/uploads\/2016\/02\/Kara-Sevda-16.B\u00f6l\u00fcm-12-300x200.jpg 300w\" sizes=\"auto, (max-width: 640px) 100vw, 640px\" \/><\/p>\n<p>Leyla\u2019n\u0131n y\u0131llard\u0131r ya\u015fad\u0131\u011f\u0131 evin Vildan taraf\u0131ndan al\u0131nmak istenmesi, Nihan ile annesi aras\u0131ndaki ili\u015fkiye iyile\u015fmesi zor bir yara a\u00e7ar. Nihan\u2019\u0131n en zor an\u0131nda Leyla\u2019ya s\u0131\u011f\u0131nmas\u0131yla, Leyla Emir\u2019in de hedefi haline gelir.<\/p>\n<p><img loading=\"lazy\" decoding=\"async\" class=\"alignnone size-full wp-image-12652\" src=\"http:\/\/balcilar-blog.com\/wp-content\/uploads\/2016\/02\/kara-sevda-16.b\u00f6l\u00fcm.jpeg\" alt=\"kara sevda 16.b\u00f6l\u00fcm\" width=\"640\" height=\"360\" srcset=\"https:\/\/balcilar-blog.com\/wp-content\/uploads\/2016\/02\/kara-sevda-16.b\u00f6l\u00fcm.jpeg 640w, https:\/\/balcilar-blog.com\/wp-content\/uploads\/2016\/02\/kara-sevda-16.b\u00f6l\u00fcm-300x169.jpeg 300w\" sizes=\"auto, (max-width: 640px) 100vw, 640px\" \/><\/p>\n<p>Kemal Nihan\u2019la birlikte \u201co gece\u201d ara\u015ft\u0131rmas\u0131na devam ederken, Emir termik santral in\u015fas\u0131na ait davada k\u00f6yl\u00fcleri korkutmay\u0131 ba\u015far\u0131r. Kemal ya\u015fananlar\u0131 \u00f6\u011frendi\u011finde Emir\u2019e hi\u00e7 beklemedi\u011fi bir kar\u015f\u0131l\u0131k verir. Emir\u2019in Kemal\u2019i durdurabilmek i\u00e7in tek bir se\u00e7ene\u011fi vard\u0131r.<\/p>\n<p><img loading=\"lazy\" decoding=\"async\" class=\"alignnone size-full wp-image-12668\" src=\"http:\/\/balcilar-blog.com\/wp-content\/uploads\/2016\/02\/Kara-Sevda-16.B\u00f6l\u00fcm-60.jpg\" alt=\"Kara Sevda 16.B\u00f6l\u00fcm 60\" width=\"640\" height=\"427\" srcset=\"https:\/\/balcilar-blog.com\/wp-content\/uploads\/2016\/02\/Kara-Sevda-16.B\u00f6l\u00fcm-60.jpg 640w, https:\/\/balcilar-blog.com\/wp-content\/uploads\/2016\/02\/Kara-Sevda-16.B\u00f6l\u00fcm-60-300x200.jpg 300w\" sizes=\"auto, (max-width: 640px) 100vw, 640px\" \/><\/p>\n<p>Ozan ve Zeynep ailelerinden gizli evlenebilmek i\u00e7in son d\u00fczl\u00fc\u011fe girer. Kemal ve Nihan ise karde\u015flerinin att\u0131klar\u0131 ad\u0131mlardan habersiz, geleceklerini Emir\u2019in esaretinden kurtarmak i\u00e7in b\u00fct\u00fcn \u015fanslar\u0131n\u0131 zorlayacakt\u0131r.<\/p>\n<p>Kara Sevda&#8217;n\u0131n 16.B\u00f6l\u00fcm\u00fc 3 \u015eubat \u00c7ar\u015famba ak\u015fam\u0131 Star Tv ekranlar\u0131nda olacak! Ozan&#8217;\u0131n &#8220;Sizi kar\u0131mla tan\u0131\u015ft\u0131ray\u0131m&#8221; diyerek yap\u0131lan s\u00fcrpriz hepimizi \u015fa\u015f\u0131rtacak?<\/p>\n<p>T\u00fcm dengeler kimin lehine de\u011fi\u015fti\u011fini hep birlikte g\u00f6rece\u011fiz.<\/p>\n<p>\u0130yi Seyirler.<\/p>\n<p>Sayg\u0131lar ve sevgiler.<\/p>\n<p>Abdurrahman Balc\u0131lar<\/p>\n<p>Twitter: abdurrahman balc\u0131lar@abbalcilar<\/p>\n<p>Mail : <a href=\"mailto:ab.balcilar@hotmail.com\">ab.balcilar@hotmail.com<\/a><\/p>\n<p>Blog:\u00a0<a href=\"http:\/\/t.co\/znqmIZgIqn\">blog.milliyet.com.tr\/cansever<\/a><\/p>\n<p>Blog:\u00a0<strong>balcilar<\/strong>&#8211;<strong>blog.com<\/strong><\/p>\n<p>&nbsp;<\/p>\n<p>Not: Haber ve g\u00f6rseller Ay Yap\u0131 &#8211; Persona Sanat Bas\u0131n B\u00fclteninden al\u0131nm\u0131\u015ft\u0131r.<\/p>\n<p><iframe loading=\"lazy\" title=\"Kara Sevda 16.B\u00f6l\u00fcm Fragman 1\" width=\"640\" height=\"360\" src=\"https:\/\/www.youtube.com\/embed\/RyW5ZBvEtBc?feature=oembed\" frameborder=\"0\" allow=\"accelerometer; autoplay; clipboard-write; encrypted-media; gyroscope; picture-in-picture; web-share\" referrerpolicy=\"strict-origin-when-cross-origin\" allowfullscreen><\/iframe><\/p>\n<p><iframe loading=\"lazy\" title=\"Kara Sevda 16.B\u00f6l\u00fcm Fragman 2\" width=\"640\" height=\"360\" src=\"https:\/\/www.youtube.com\/embed\/6gxqaBoptQ4?feature=oembed\" frameborder=\"0\" allow=\"accelerometer; autoplay; clipboard-write; encrypted-media; gyroscope; picture-in-picture; web-share\" referrerpolicy=\"strict-origin-when-cross-origin\" allowfullscreen><\/iframe><\/p>\n","protected":false},"excerpt":{"rendered":"<p>Ay Yap\u0131m imzal\u0131 Kara Sevda\u2019n\u0131n yeni b\u00f6l\u00fcm\u00fcnde, Nihan (Neslihan Atag\u00fcl) ve Kemal\u2019in (Burak \u00d6z\u00e7ivit) o gecenin s\u0131rlar\u0131na bir ad\u0131m daha yakla\u015fmas\u0131yla boyut de\u011fi\u015ftiren sava\u015fta, Zeynep\u2019in beklenmedik hareketiyle t\u00fcm dengeler de\u011fi\u015fecek. Kara Sevda\u2019n\u0131n merakla beklenen yeni b\u00f6l\u00fcm\u00fcnde neler olacak? Nihan ve Kemal o geceye dair b\u00fcy\u00fck s\u0131rr\u0131 Emir\u2019den (Kaan Urganc\u0131o\u011flu) sonra \u00e7\u00f6zebilecek tek ki\u015fi olan Karen\u2019le [&hellip;]<\/p>\n","protected":false},"author":3,"featured_media":0,"comment_status":"open","ping_status":"open","sticky":false,"template":"","format":"standard","meta":{"footnotes":""},"categories":[2],"tags":[26,799],"class_list":["post-12648","post","type-post","status-publish","format-standard","hentry","category-tv-programlari","tag-ay-yapim","tag-kara-sevda"],"views":6463,"blog_post_layout_featured_media_urls":{"thumbnail":"","full":""},"categories_names":{"2":{"name":"TV Programlar\u0131","link":"https:\/\/balcilar-blog.com\/?cat=2"}},"tags_names":{"26":{"name":"Ay Yap\u0131m","link":"https:\/\/balcilar-blog.com\/?tag=ay-yapim"},"799":{"name":"Kara Sevda","link":"https:\/\/balcilar-blog.com\/?tag=kara-sevda"}},"comments_number":"0","wpmagazine_modules_lite_featured_media_urls":{"thumbnail":"","cvmm-medium":"","cvmm-medium-plus":"","cvmm-portrait":"","cvmm-medium-square":"","cvmm-large":"","cvmm-small":"","full":""},"_links":{"self":[{"href":"https:\/\/balcilar-blog.com\/index.php?rest_route=\/wp\/v2\/posts\/12648","targetHints":{"allow":["GET"]}}],"collection":[{"href":"https:\/\/balcilar-blog.com\/index.php?rest_route=\/wp\/v2\/posts"}],"about":[{"href":"https:\/\/balcilar-blog.com\/index.php?rest_route=\/wp\/v2\/types\/post"}],"author":[{"embeddable":true,"href":"https:\/\/balcilar-blog.com\/index.php?rest_route=\/wp\/v2\/users\/3"}],"replies":[{"embeddable":true,"href":"https:\/\/balcilar-blog.com\/index.php?rest_route=%2Fwp%2Fv2%2Fcomments&post=12648"}],"version-history":[{"count":5,"href":"https:\/\/balcilar-blog.com\/index.php?rest_route=\/wp\/v2\/posts\/12648\/revisions"}],"predecessor-version":[{"id":12670,"href":"https:\/\/balcilar-blog.com\/index.php?rest_route=\/wp\/v2\/posts\/12648\/revisions\/12670"}],"wp:attachment":[{"href":"https:\/\/balcilar-blog.com\/index.php?rest_route=%2Fwp%2Fv2%2Fmedia&parent=12648"}],"wp:term":[{"taxonomy":"category","embeddable":true,"href":"https:\/\/balcilar-blog.com\/index.php?rest_route=%2Fwp%2Fv2%2Fcategories&post=12648"},{"taxonomy":"post_tag","embeddable":true,"href":"https:\/\/balcilar-blog.com\/index.php?rest_route=%2Fwp%2Fv2%2Ftags&post=12648"}],"curies":[{"name":"wp","href":"https:\/\/api.w.org\/{rel}","templated":true}]}}