{"id":12582,"date":"2016-01-29T13:22:01","date_gmt":"2016-01-29T11:22:01","guid":{"rendered":"http:\/\/balcilar-blog.com\/?p=12582"},"modified":"2016-01-29T13:44:03","modified_gmt":"2016-01-29T11:44:03","slug":"sukru-ozyildizin-filmi-her-sey-asktan-sinemalarda","status":"publish","type":"post","link":"https:\/\/balcilar-blog.com\/?p=12582","title":{"rendered":"\u015e\u00fckr\u00fc \u00d6zy\u0131ld\u0131z&#8217;\u0131n Filmi &#8220;Her\u015fey A\u015fktan&#8221; Sinemalarda&#8230;"},"content":{"rendered":"<p><img loading=\"lazy\" decoding=\"async\" class=\"alignnone size-full wp-image-12587\" src=\"http:\/\/balcilar-blog.com\/wp-content\/uploads\/2016\/01\/her-sey-asktan.jpg\" alt=\"her-sey-asktan\" width=\"480\" height=\"595\" srcset=\"https:\/\/balcilar-blog.com\/wp-content\/uploads\/2016\/01\/her-sey-asktan.jpg 480w, https:\/\/balcilar-blog.com\/wp-content\/uploads\/2016\/01\/her-sey-asktan-242x300.jpg 242w\" sizes=\"auto, (max-width: 480px) 100vw, 480px\" \/><\/p>\n<p>Av\u015far Film \u00a0\u00d6zcan Deniz &#8211; \u015e\u00fckr\u00fc Av\u015far&#8217;\u0131n yap\u0131mc\u0131s\u0131 oldu\u011fu &#8220;Her\u015fey A\u015fktan&#8221; komedi filmi bu g\u00fcn sinemalarda perdelerini a\u00e7\u0131yor.<\/p>\n<p>Ba\u015f rollerini \u015e\u00fckr\u00fc \u00d6zy\u0131ld\u0131z (Burak), Hande Do\u011fandemir (Pelin) ve Mitat Can \u00d6zer (\u0130lker) oynuyor. Di\u011fer rollerde, Hakan Meri\u00e7ler, \u00d6znur Ser\u00e7eler, Bala Atabek, Evrim Do\u011fan, Serta\u00e7 Akkaya, Hakk\u0131 Erg\u00f6k, Lale Ba\u015far ve \u00d6zcan Deniz (Konul Oyuncu olarak) oynuyor.<\/p>\n<p>Filmin senaryosunu; Anda\u00e7 Haznedaro\u011flu yazm\u0131\u015f. Filmin m\u00fcziklerini ise bir m\u00fczisyen Sezen Aksu&#8217;nun o\u011flu olan Mitat Can \u00d6zer yapm\u0131\u015f. \u00d6zer ayn\u0131 zamanda oyuncu olarak filmde rol alm\u0131\u015ft\u0131r.<\/p>\n<p><img loading=\"lazy\" decoding=\"async\" class=\"alignnone size-full wp-image-12589\" src=\"http:\/\/balcilar-blog.com\/wp-content\/uploads\/2016\/01\/55ea30a1f018fbb8f8707b6b.jpg\" alt=\"55ea30a1f018fbb8f8707b6b\" width=\"498\" height=\"480\" srcset=\"https:\/\/balcilar-blog.com\/wp-content\/uploads\/2016\/01\/55ea30a1f018fbb8f8707b6b.jpg 498w, https:\/\/balcilar-blog.com\/wp-content\/uploads\/2016\/01\/55ea30a1f018fbb8f8707b6b-300x289.jpg 300w\" sizes=\"auto, (max-width: 498px) 100vw, 498px\" \/><\/p>\n<p>Sevilen oyuncu \u015e\u00fckr\u00fc \u00d6zy\u0131ld\u0131z, 2013&#8217;de Neva, ge\u00e7ti\u011fimiz y\u0131l &#8220;Sevimli ve Tehlikeli sinema filminden tan\u0131yoruz. Ayr\u0131ca dizleri: U\u00e7urum, Benim Hala Umudum Var, \u015eeref Meselesi ve Tatl\u0131 K\u00fc\u00e7\u00fck Yalanc\u0131lar dizilerinde severek izlemi\u015ftik.<\/p>\n<p><img loading=\"lazy\" decoding=\"async\" class=\"alignnone size-full wp-image-12584\" src=\"http:\/\/balcilar-blog.com\/wp-content\/uploads\/2016\/01\/\u015f\u00fckr\u00fc-\u00f6zy\u0131ld\u0131z-her-\u015fey-a\u015fktan.jpg\" alt=\"\u015f\u00fckr\u00fc \u00f6zy\u0131ld\u0131z her \u015fey a\u015fktan\" width=\"640\" height=\"464\" srcset=\"https:\/\/balcilar-blog.com\/wp-content\/uploads\/2016\/01\/\u015f\u00fckr\u00fc-\u00f6zy\u0131ld\u0131z-her-\u015fey-a\u015fktan.jpg 640w, https:\/\/balcilar-blog.com\/wp-content\/uploads\/2016\/01\/\u015f\u00fckr\u00fc-\u00f6zy\u0131ld\u0131z-her-\u015fey-a\u015fktan-300x218.jpg 300w\" sizes=\"auto, (max-width: 640px) 100vw, 640px\" \/><\/p>\n<p>Filmin konusu ise k\u0131saca \u015f\u00f6yle:<\/p>\n<p>Pelin, bir ma\u011fazada kasiyer ve reyon g\u00f6revlisi olarak \u00e7al\u0131\u015fan ve evlilik arifesindeki gen\u00e7 bir kad\u0131nd\u0131r. 3 y\u0131ld\u0131r beraber oldu\u011fu sevgilisi \u0130lker&#8217;i hayat\u0131n\u0131n a\u015fk\u0131 olarak g\u00f6rmektedir ve \u00e7ok masrafa girmesine ra\u011fmen yo\u011fun bir evlilik haz\u0131rl\u0131\u011f\u0131n\u0131n ortas\u0131ndad\u0131r. T\u00fcm bu ko\u015fturmaca i\u00e7erisinde nikaha sadece 10 g\u00fcn kala \u0130lker&#8217;i beraber ya\u015fayacaklar\u0131 evde bir kad\u0131nla basar. Aldat\u0131lm\u0131\u015f olmay\u0131 hi\u00e7bir \u015fekilde gururuna yediremeyen gen\u00e7 kad\u0131n, \u0130lker&#8217;in \u00f6z\u00fcrlerini kabul etmez; ayr\u0131l\u0131k ac\u0131s\u0131n\u0131 atlamak i\u00e7in en yak\u0131n dostlar\u0131yla onlarca \u015fey dener. Tam da ayn\u0131 g\u00fcnlerde baterist Burak kar\u015f\u0131s\u0131na \u00e7\u0131kacakt\u0131r.<\/p>\n<p>Daha fazlas\u0131n\u0131 sinemada keyifle izleyebilirsiniz.<\/p>\n<p><img loading=\"lazy\" decoding=\"async\" class=\"alignnone size-full wp-image-12585\" src=\"http:\/\/balcilar-blog.com\/wp-content\/uploads\/2016\/01\/her-\u015fey-a\u015fktan-gala-gecesi.jpg\" alt=\"her \u015fey a\u015fktan gala gecesi\" width=\"640\" height=\"376\" srcset=\"https:\/\/balcilar-blog.com\/wp-content\/uploads\/2016\/01\/her-\u015fey-a\u015fktan-gala-gecesi.jpg 640w, https:\/\/balcilar-blog.com\/wp-content\/uploads\/2016\/01\/her-\u015fey-a\u015fktan-gala-gecesi-300x176.jpg 300w\" sizes=\"auto, (max-width: 640px) 100vw, 640px\" \/><\/p>\n<p>\u00d6zcan Deniz taraf\u0131ndan yap\u0131mc\u0131l\u0131\u011f\u0131 \u00fcstlenilen \u201cHer \u015eey A\u015fktan\u201d filminin galas\u0131 ge\u00e7ti\u011fimiz ak\u015fam Levent \u00d6zdilek AVM\u2019de yap\u0131ld\u0131. \u00d6zcan Deniz galada, \u201cFilm art\u0131k bizden \u00e7\u0131kt\u0131. Biz ne s\u00f6ylesek kendi kendimize gelin g\u00fcvey oluruz. \u015eimdi art\u0131k top seyircide\u201d diye konu\u015ftu.<\/p>\n<p><img loading=\"lazy\" decoding=\"async\" class=\"alignnone size-full wp-image-12588\" src=\"http:\/\/balcilar-blog.com\/wp-content\/uploads\/2016\/01\/her-\u015fey-a\u015fktan-filmi-gala-gecesi.jpg\" alt=\"her-\u015fey-a\u015fktan-filmi-gala-gecesi\" width=\"640\" height=\"330\" srcset=\"https:\/\/balcilar-blog.com\/wp-content\/uploads\/2016\/01\/her-\u015fey-a\u015fktan-filmi-gala-gecesi.jpg 640w, https:\/\/balcilar-blog.com\/wp-content\/uploads\/2016\/01\/her-\u015fey-a\u015fktan-filmi-gala-gecesi-300x155.jpg 300w\" sizes=\"auto, (max-width: 640px) 100vw, 640px\" \/><\/p>\n<p>Bu g\u00fcnden itibaren sinemalarda vizyona giren &#8220;Her\u015fey A\u015fktan&#8221; filmine iyi gi\u015feler dileyelim.<\/p>\n<p>\u0130yi seyirler.<\/p>\n<p>Sayg\u0131lar ve sevgiler.<\/p>\n<p>Abdurrahman Balc\u0131lar<\/p>\n<p>Twitter: abdurrahman balc\u0131lar@abbalcilar<\/p>\n<p>Mail : <a href=\"mailto:ab.balcilar@hotmail.com\">ab.balcilar@hotmail.com<\/a><\/p>\n<p>Blog:\u00a0<a href=\"http:\/\/t.co\/znqmIZgIqn\">blog.milliyet.com.tr\/cansever<\/a><\/p>\n<p>Blog:\u00a0<strong>balcilar<\/strong>&#8211;<strong>blog.com<\/strong><\/p>\n<p>&nbsp;<\/p>\n<p>Not: G\u00f6rseller Av\u015far Film Fecebook sayfas\u0131ndan ve internetten al\u0131nm\u0131\u015ft\u0131r.<\/p>\n<p>&nbsp;<\/p>\n<p>&nbsp;<\/p>\n<p><iframe loading=\"lazy\" title=\"Her \u015eey A\u015fktan (Fragman) 29 Ocak 2016 [HD]\" width=\"640\" height=\"360\" src=\"https:\/\/www.youtube.com\/embed\/pWinqA35rYI?feature=oembed\" frameborder=\"0\" allow=\"accelerometer; autoplay; clipboard-write; encrypted-media; gyroscope; picture-in-picture; web-share\" referrerpolicy=\"strict-origin-when-cross-origin\" allowfullscreen><\/iframe><\/p>\n","protected":false},"excerpt":{"rendered":"<p>Av\u015far Film \u00a0\u00d6zcan Deniz &#8211; \u015e\u00fckr\u00fc Av\u015far&#8217;\u0131n yap\u0131mc\u0131s\u0131 oldu\u011fu &#8220;Her\u015fey A\u015fktan&#8221; komedi filmi bu g\u00fcn sinemalarda perdelerini a\u00e7\u0131yor. Ba\u015f rollerini \u015e\u00fckr\u00fc \u00d6zy\u0131ld\u0131z (Burak), Hande Do\u011fandemir (Pelin) ve Mitat Can \u00d6zer (\u0130lker) oynuyor. Di\u011fer rollerde, Hakan Meri\u00e7ler, \u00d6znur Ser\u00e7eler, Bala Atabek, Evrim Do\u011fan, Serta\u00e7 Akkaya, Hakk\u0131 Erg\u00f6k, Lale Ba\u015far ve \u00d6zcan Deniz (Konul Oyuncu olarak) oynuyor. [&hellip;]<\/p>\n","protected":false},"author":3,"featured_media":0,"comment_status":"open","ping_status":"open","sticky":false,"template":"","format":"standard","meta":{"footnotes":""},"categories":[10],"tags":[1006,1005,433,237,64],"class_list":["post-12582","post","type-post","status-publish","format-standard","hentry","category-sinema","tag-avsar-film","tag-hersey-akstan","tag-ozcan-deniz","tag-sezen-aksu","tag-sukru-ozyildiz"],"views":6472,"blog_post_layout_featured_media_urls":{"thumbnail":"","full":""},"categories_names":{"10":{"name":"Sinema","link":"https:\/\/balcilar-blog.com\/?cat=10"}},"tags_names":{"1006":{"name":"Av\u015far Film","link":"https:\/\/balcilar-blog.com\/?tag=avsar-film"},"1005":{"name":"Her\u015fey Ak\u015ftan","link":"https:\/\/balcilar-blog.com\/?tag=hersey-akstan"},"433":{"name":"\u00d6zcan Deniz","link":"https:\/\/balcilar-blog.com\/?tag=ozcan-deniz"},"237":{"name":"Sezen Aksu","link":"https:\/\/balcilar-blog.com\/?tag=sezen-aksu"},"64":{"name":"\u015e\u00fckr\u00fc \u00d6zy\u0131ld\u0131z","link":"https:\/\/balcilar-blog.com\/?tag=sukru-ozyildiz"}},"comments_number":"0","wpmagazine_modules_lite_featured_media_urls":{"thumbnail":"","cvmm-medium":"","cvmm-medium-plus":"","cvmm-portrait":"","cvmm-medium-square":"","cvmm-large":"","cvmm-small":"","full":""},"_links":{"self":[{"href":"https:\/\/balcilar-blog.com\/index.php?rest_route=\/wp\/v2\/posts\/12582","targetHints":{"allow":["GET"]}}],"collection":[{"href":"https:\/\/balcilar-blog.com\/index.php?rest_route=\/wp\/v2\/posts"}],"about":[{"href":"https:\/\/balcilar-blog.com\/index.php?rest_route=\/wp\/v2\/types\/post"}],"author":[{"embeddable":true,"href":"https:\/\/balcilar-blog.com\/index.php?rest_route=\/wp\/v2\/users\/3"}],"replies":[{"embeddable":true,"href":"https:\/\/balcilar-blog.com\/index.php?rest_route=%2Fwp%2Fv2%2Fcomments&post=12582"}],"version-history":[{"count":5,"href":"https:\/\/balcilar-blog.com\/index.php?rest_route=\/wp\/v2\/posts\/12582\/revisions"}],"predecessor-version":[{"id":12595,"href":"https:\/\/balcilar-blog.com\/index.php?rest_route=\/wp\/v2\/posts\/12582\/revisions\/12595"}],"wp:attachment":[{"href":"https:\/\/balcilar-blog.com\/index.php?rest_route=%2Fwp%2Fv2%2Fmedia&parent=12582"}],"wp:term":[{"taxonomy":"category","embeddable":true,"href":"https:\/\/balcilar-blog.com\/index.php?rest_route=%2Fwp%2Fv2%2Fcategories&post=12582"},{"taxonomy":"post_tag","embeddable":true,"href":"https:\/\/balcilar-blog.com\/index.php?rest_route=%2Fwp%2Fv2%2Ftags&post=12582"}],"curies":[{"name":"wp","href":"https:\/\/api.w.org\/{rel}","templated":true}]}}