{"id":12512,"date":"2016-01-24T13:10:23","date_gmt":"2016-01-24T11:10:23","guid":{"rendered":"http:\/\/balcilar-blog.com\/?p=12512"},"modified":"2016-01-25T15:57:36","modified_gmt":"2016-01-25T13:57:36","slug":"ozcan-deniz-ile-nurgul-yesilcay-yeni-bir-dizide-birlikte-mi-olacaklar","status":"publish","type":"post","link":"https:\/\/balcilar-blog.com\/?p=12512","title":{"rendered":"\u00d6zcan Deniz ile Nurg\u00fcl Ye\u015fil\u00e7ay yeni bir dizide birlikte mi olacaklar?"},"content":{"rendered":"<p>&nbsp;<\/p>\n<p><img loading=\"lazy\" decoding=\"async\" class=\"alignnone size-full wp-image-12515\" src=\"http:\/\/balcilar-blog.com\/wp-content\/uploads\/2016\/01\/parampar\u00e7a-nurg\u00fcl.jpg\" alt=\"parampar\u00e7a nurg\u00fcl\" width=\"640\" height=\"381\" srcset=\"https:\/\/balcilar-blog.com\/wp-content\/uploads\/2016\/01\/parampar\u00e7a-nurg\u00fcl.jpg 640w, https:\/\/balcilar-blog.com\/wp-content\/uploads\/2016\/01\/parampar\u00e7a-nurg\u00fcl-300x179.jpg 300w\" sizes=\"auto, (max-width: 640px) 100vw, 640px\" \/><\/p>\n<p>Nurg\u00fcl Ye\u015fil\u00e7ay&#8217;\u0131n Parampar\u00e7a dizisinden ayr\u0131laca\u011f\u0131 bir ka\u00e7 haftad\u0131r konu\u015fuluyor. Oysa Erkan Petekkaya ile iyi bir sinerji yakalam\u0131\u015flar, bu dizi haftalard\u0131r Pazartesi gecelerinin en \u00e7ok izlenen dizilerinden biri olmu\u015ftur. Ge\u00e7en hafta 49.B\u00f6l\u00fcm\u00fc ekranlara gelmi\u015fti. Nurg\u00fcl Ye\u015fil\u00e7ay (G\u00fclseren) 52.B\u00f6l\u00fcmde Cihan (Erkan Petekkaya) ile evlendikten sonra senaryo gere\u011fi \u00f6lecekmi\u015f. Yaz\u0131lanlara bak\u0131l\u0131rsa, Petekkaya ile Ye\u015fil\u00e7ay aras\u0131nda ge\u00e7en \u00f6p\u00fc\u015fme krizi dendi. Bir \u00f6p\u00fc\u015fme sahnesi \u00e7ekiminde, Erkan Petekkaya \u00f6p\u00fc\u015fmek istememi\u015f, Nurg\u00fcl Ye\u015fil\u00e7ay senaryo gere\u011finin yap\u0131lmas\u0131n\u0131 isteyince Petekkaya; &#8220;Sen ne \u00f6p\u00fc\u015fmeye merakl\u0131s\u0131n&#8221; diyerek itiraz etmi\u015f. Bu nedenle aralar\u0131nda k\u0131rg\u0131nl\u0131k ya\u015fand\u0131\u011f\u0131 da s\u00f6ylendi. Ge\u00e7ti\u011fimiz hafta hastaneye yatan operasyon ge\u00e7iren Erkan Petekkaya&#8217;y\u0131 aray\u0131n Nurg\u00fcn Ye\u015fil\u00e7ay ge\u00e7mi\u015f olsun demi\u015f, yak\u0131nda ziyarete gidece\u011fini s\u00f6yleyerek k\u00fcsk\u00fcnl\u00fck olmad\u0131\u011f\u0131n\u0131 g\u00f6stermi\u015ftir. Ye\u015fil\u00e7ay&#8217;\u0131n anla\u015fmas\u0131n\u0131n 52 b\u00f6l\u00fcm oldu\u011funu s\u00f6yleyenler olmu\u015ftur. \u0130\u015fin asl\u0131 ne olursa olsun, Nurg\u00fcl Ye\u015fil\u00e7ay (G\u00fclseren) Parampar\u00e7a dizisinden ayr\u0131l\u0131yor. \u015eimdi konu\u015fulan konu Ye\u015fil\u00e7ay&#8217;\u0131n hangi yeni projede yer alaca\u011f\u0131?<\/p>\n<p>Parampar\u00e7a oyuncu kadrosu g\u00fc\u00e7l\u00fc, Ye\u015flil\u00e7ay&#8217;dan do\u011fan bo\u015flu\u011fu da 2 yeni isimle dolduruyor. \u015e\u00fckran Oval\u0131 ve H\u00fcmeyra Akbay giriyormu\u015f.<\/p>\n<p>Ge\u00e7ti\u011fimiz hafta Parampara\u00e7a dizi ekibi Nurg\u00fcl Ye\u015fil\u00e7ay i\u00e7in veda partisi d\u00fczenlemi\u015f, dizi oyuncular\u0131ndan kimse kat\u0131lmamas\u0131 son derece manidard\u0131r.<\/p>\n<p><img loading=\"lazy\" decoding=\"async\" class=\"alignnone size-full wp-image-12514\" src=\"http:\/\/balcilar-blog.com\/wp-content\/uploads\/2016\/01\/nurgul-yesilcay-in-veda.jpg\" alt=\"nurgul-yesilcay-in-veda\" width=\"640\" height=\"322\" srcset=\"https:\/\/balcilar-blog.com\/wp-content\/uploads\/2016\/01\/nurgul-yesilcay-in-veda.jpg 640w, https:\/\/balcilar-blog.com\/wp-content\/uploads\/2016\/01\/nurgul-yesilcay-in-veda-300x151.jpg 300w\" sizes=\"auto, (max-width: 640px) 100vw, 640px\" \/><\/p>\n<p>\u00d6zcan Deniz&#8217;in de iki sezondur devam eden dizisi Kaderimin Yaz\u0131ld\u0131\u011f\u0131 G\u00fcn ge\u00e7ti\u011fimiz haftalarda final yapm\u0131\u015f ve sona ermi\u015fti.<\/p>\n<p>Nurg\u00fcl Ye\u015fil\u00e7ay, oyuncu arkada\u015f\u0131 Ahmet M\u00fcmtaz Taylan ile birlikte bir yemekte yapt\u0131\u011f\u0131 a\u00e7\u0131klamada, Parampar\u00e7a dizisinden ayr\u0131laca\u011f\u0131na \u00fcz\u00fclmedi\u011fini s\u00f6ylemi\u015f. Ye\u015fil\u00e7ay, &#8220;Her proje gibi bu da bitti. Bir \u00e7ok teklif al\u0131yorum. Ama karars\u0131z\u0131m&#8221; demi\u015f.<\/p>\n<p>Bu g\u00fcn Posta.com&#8217;dan Serhan Sokulgan&#8217;\u0131n bir yaz\u0131s\u0131nda okudum. Nurg\u00fcl Ye\u015fil\u00e7ay son verdi\u011fi bir r\u00f6portaj\u0131nda, \u00d6zcan Deniz ile bir projede olmak isterim demi\u015f. \u00d6zcan Deniz de bu konu ile ilgili cevap vermemi\u015f ama, &#8220;Bu ikili \u00e7ok yak\u0131nda yepyeni bir dizi projesi i\u00e7in bir araya geliyorlar.&#8221; Demi\u015ftir.<\/p>\n<p><img loading=\"lazy\" decoding=\"async\" class=\"alignnone size-full wp-image-12536\" src=\"http:\/\/balcilar-blog.com\/wp-content\/uploads\/2016\/01\/images-ASMALI-KONAK.jpg\" alt=\"images - ASMALI KONAK\" width=\"640\" height=\"480\" srcset=\"https:\/\/balcilar-blog.com\/wp-content\/uploads\/2016\/01\/images-ASMALI-KONAK.jpg 640w, https:\/\/balcilar-blog.com\/wp-content\/uploads\/2016\/01\/images-ASMALI-KONAK-300x225.jpg 300w\" sizes=\"auto, (max-width: 640px) 100vw, 640px\" \/><\/p>\n<p><img loading=\"lazy\" decoding=\"async\" class=\"alignnone size-full wp-image-12513\" src=\"http:\/\/balcilar-blog.com\/wp-content\/uploads\/2016\/01\/asmal\u0131-konak.jpg\" alt=\"asmal\u0131 konak\" width=\"640\" height=\"447\" srcset=\"https:\/\/balcilar-blog.com\/wp-content\/uploads\/2016\/01\/asmal\u0131-konak.jpg 640w, https:\/\/balcilar-blog.com\/wp-content\/uploads\/2016\/01\/asmal\u0131-konak-300x210.jpg 300w\" sizes=\"auto, (max-width: 640px) 100vw, 640px\" \/><\/p>\n<p>\u00d6zcan Deniz ile Nurg\u00fcl Yei\u015f\u00e7ay y\u0131llar \u00f6nce &#8220;Asmal\u0131 Konak&#8221; dizisinde birlikte olmu\u015flard\u0131. 2002 &#8211; 2004 y\u0131llar\u0131 aras\u0131nda ma\u00e7o erkek karakteri ile ekranlara gelen \u00d6zcan Deniz ile Nurg\u00fcl Ye\u015fil\u00e7ay izleyiciyi ekran ba\u015f\u0131na kilitlemi\u015flerdi. \u015eimdi de niye b\u00f6yle bir i\u015f ortaya \u00e7\u0131kmas\u0131n.<\/p>\n<p>Konunun ne olaca\u011f\u0131, hangi kanalda ekranlara gelece\u011fi belli de\u011fil ama, \u00f6n\u00fcm\u00fczdeki g\u00fcnlerde netle\u015fir.<\/p>\n<p>Yeni projelerinde Nurg\u00fcl Ye\u015fil\u00e7ay ve \u00d6zcan Deniz&#8217;e ba\u015far\u0131lar dilerim.<\/p>\n<p>Sayg\u0131lar ve sevgiler.<\/p>\n<p>Abdurrahman Balc\u0131lar<\/p>\n<p>Twitter: abdurrahman balc\u0131lar@abbalcilar<\/p>\n<p>Mail : <a href=\"mailto:ab.balcilar@hotmail.com\">ab.balcilar@hotmail.com<\/a><\/p>\n<p>Blog:\u00a0<a href=\"http:\/\/t.co\/znqmIZgIqn\">blog.milliyet.com.tr\/cansever<\/a><\/p>\n<p>Blog:\u00a0<strong>balcilar<\/strong>&#8211;<strong>blog.com<\/strong><\/p>\n<p>&nbsp;<\/p>\n","protected":false},"excerpt":{"rendered":"<p>&nbsp; Nurg\u00fcl Ye\u015fil\u00e7ay&#8217;\u0131n Parampar\u00e7a dizisinden ayr\u0131laca\u011f\u0131 bir ka\u00e7 haftad\u0131r konu\u015fuluyor. Oysa Erkan Petekkaya ile iyi bir sinerji yakalam\u0131\u015flar, bu dizi haftalard\u0131r Pazartesi gecelerinin en \u00e7ok izlenen dizilerinden biri olmu\u015ftur. Ge\u00e7en hafta 49.B\u00f6l\u00fcm\u00fc ekranlara gelmi\u015fti. Nurg\u00fcl Ye\u015fil\u00e7ay (G\u00fclseren) 52.B\u00f6l\u00fcmde Cihan (Erkan Petekkaya) ile evlendikten sonra senaryo gere\u011fi \u00f6lecekmi\u015f. Yaz\u0131lanlara bak\u0131l\u0131rsa, Petekkaya ile Ye\u015fil\u00e7ay aras\u0131nda ge\u00e7en \u00f6p\u00fc\u015fme [&hellip;]<\/p>\n","protected":false},"author":3,"featured_media":0,"comment_status":"open","ping_status":"open","sticky":false,"template":"","format":"standard","meta":{"footnotes":""},"categories":[2],"tags":[560,516,559,433,558],"class_list":["post-12512","post","type-post","status-publish","format-standard","hentry","category-tv-programlari","tag-erkan-petekkaya","tag-kaderimin-yazildigi-gun","tag-nurgul-yesilcay","tag-ozcan-deniz","tag-paramparca"],"views":4344,"blog_post_layout_featured_media_urls":{"thumbnail":"","full":""},"categories_names":{"2":{"name":"TV Programlar\u0131","link":"https:\/\/balcilar-blog.com\/?cat=2"}},"tags_names":{"560":{"name":"Erkan Petekkaya","link":"https:\/\/balcilar-blog.com\/?tag=erkan-petekkaya"},"516":{"name":"Kaderimin Yaz\u0131ld\u0131\u011f\u0131 G\u00fcn","link":"https:\/\/balcilar-blog.com\/?tag=kaderimin-yazildigi-gun"},"559":{"name":"Nurg\u00fcl Ye\u015fil\u00e7ay","link":"https:\/\/balcilar-blog.com\/?tag=nurgul-yesilcay"},"433":{"name":"\u00d6zcan Deniz","link":"https:\/\/balcilar-blog.com\/?tag=ozcan-deniz"},"558":{"name":"Parampar\u00e7a","link":"https:\/\/balcilar-blog.com\/?tag=paramparca"}},"comments_number":"0","wpmagazine_modules_lite_featured_media_urls":{"thumbnail":"","cvmm-medium":"","cvmm-medium-plus":"","cvmm-portrait":"","cvmm-medium-square":"","cvmm-large":"","cvmm-small":"","full":""},"_links":{"self":[{"href":"https:\/\/balcilar-blog.com\/index.php?rest_route=\/wp\/v2\/posts\/12512","targetHints":{"allow":["GET"]}}],"collection":[{"href":"https:\/\/balcilar-blog.com\/index.php?rest_route=\/wp\/v2\/posts"}],"about":[{"href":"https:\/\/balcilar-blog.com\/index.php?rest_route=\/wp\/v2\/types\/post"}],"author":[{"embeddable":true,"href":"https:\/\/balcilar-blog.com\/index.php?rest_route=\/wp\/v2\/users\/3"}],"replies":[{"embeddable":true,"href":"https:\/\/balcilar-blog.com\/index.php?rest_route=%2Fwp%2Fv2%2Fcomments&post=12512"}],"version-history":[{"count":4,"href":"https:\/\/balcilar-blog.com\/index.php?rest_route=\/wp\/v2\/posts\/12512\/revisions"}],"predecessor-version":[{"id":12537,"href":"https:\/\/balcilar-blog.com\/index.php?rest_route=\/wp\/v2\/posts\/12512\/revisions\/12537"}],"wp:attachment":[{"href":"https:\/\/balcilar-blog.com\/index.php?rest_route=%2Fwp%2Fv2%2Fmedia&parent=12512"}],"wp:term":[{"taxonomy":"category","embeddable":true,"href":"https:\/\/balcilar-blog.com\/index.php?rest_route=%2Fwp%2Fv2%2Fcategories&post=12512"},{"taxonomy":"post_tag","embeddable":true,"href":"https:\/\/balcilar-blog.com\/index.php?rest_route=%2Fwp%2Fv2%2Ftags&post=12512"}],"curies":[{"name":"wp","href":"https:\/\/api.w.org\/{rel}","templated":true}]}}