{"id":12495,"date":"2016-01-22T14:20:22","date_gmt":"2016-01-22T12:20:22","guid":{"rendered":"http:\/\/balcilar-blog.com\/?p=12495"},"modified":"2016-01-22T14:37:46","modified_gmt":"2016-01-22T12:37:46","slug":"kara-sevdada-15-bolumunde-neler-olacak-kartlar-yeniden-dagitiliyor","status":"publish","type":"post","link":"https:\/\/balcilar-blog.com\/?p=12495","title":{"rendered":"Kara Sevda \/15.B\u00f6l\u00fcmde neler olacak? Kartlar yeniden da\u011f\u0131t\u0131l\u0131yor!"},"content":{"rendered":"<div class=\"ContentRight WithRightRail FullView\" data-link=\"class{:~tag.contentRightClass(Layout.IsFullView, Layout.ReadingPaneMode)}\">\n<div class=\"ContentRightInner t_mbgc t_qtc t_urtc\">\n<div id=\"inboxControl0fv-ReadMessageContainer\" class=\"v-ReadMessageContainer slideOnResize\" tabindex=\"-1\">\n<div class=\"c-ReadMessage\" data-link=\"class{readMessageClass: ~tag.Show}\">\n<div id=\"ReadMessageScrollableSection\" class=\"rmMessages ClearBoth\" tabindex=\"-1\">\n<div id=\"readMessagePartControl690f\" class=\"c-ReadMessagePart ReadMsgContainer HasLayout ClearBoth HideShadows FullPart NoHistory Read RmIc\" data-link=\"class{:~tag.getHeaderCssClass(IsConversationPart, IsRead, IsDraft, IsTrustedSender, Items.length)}\">\n<div class=\"c-ReadMessagePartBody\" data-link=\"class{getClass:IsBodyExpanded}\">\n<div class=\"readMsgBody\">\n<div id=\"bodyreadMessagePartBodyControl695f\" class=\"ExternalClass MsgBodyContainer\" data-link=\"class{:~tag.cssClasses(PlainText, IsContentFiltered)}\">\n<div dir=\"ltr\">\n<p><img loading=\"lazy\" decoding=\"async\" class=\"alignnone size-full wp-image-12496\" src=\"http:\/\/balcilar-blog.com\/wp-content\/uploads\/2016\/01\/Kara-Sevda-14.B\u00f6l\u00fcm-98.jpg\" alt=\"Kara Sevda 14.B\u00f6l\u00fcm 98\" width=\"480\" height=\"518\" srcset=\"https:\/\/balcilar-blog.com\/wp-content\/uploads\/2016\/01\/Kara-Sevda-14.B\u00f6l\u00fcm-98.jpg 480w, https:\/\/balcilar-blog.com\/wp-content\/uploads\/2016\/01\/Kara-Sevda-14.B\u00f6l\u00fcm-98-278x300.jpg 278w\" sizes=\"auto, (max-width: 480px) 100vw, 480px\" \/><\/p>\n<p>KARA SEVDA&#8217;DAN M\u0130LAT B\u00d6L\u00dcM!<\/p>\n<p>KARA SEVDA&#8217;DA KARTLAR YEN\u0130DEN DA\u011eITILIYOR!<\/p>\n<p>Ay Yap\u0131m imzal\u0131, \u00c7ar\u015famba ak\u015famlar\u0131n\u0131 damga vuran &#8216;Kara Sevda&#8217;da \u00e7\u00f6z\u00fclen d\u00fc\u011f\u00fcmler heyecan\u0131 doru\u011fa ta\u015f\u0131d\u0131.<\/p>\n<p>Dizinin 20 Ocak \u00c7ar\u015famba ak\u015fam\u0131 yay\u0131nlanan b\u00f6l\u00fcm\u00fcnde ortaya \u00e7\u0131kan ger\u00e7ekler ve Emir&#8217;in oynad\u0131\u011f\u0131 hain oyun, izleyicilerde b\u00fcy\u00fck bir merak uyand\u0131rd\u0131.<\/p>\n<p>Dizinin yay\u0131nlanan 14.b\u00f6l\u00fcm\u00fcnde haftalard\u0131r beklenen s\u0131rlar ortaya \u00e7\u0131kt\u0131. Nihan&#8217;\u0131n Emir&#8217;le olan evlili\u011finin nedenlerini Kemal&#8217;e anlatmas\u0131 izleyicinin haftalard\u0131r merakla bekledi\u011fi heyecanl\u0131 anlara sahne oldu. B\u00fcy\u00fck be\u011feni toplayan b\u00f6l\u00fcmde Nihan, Ozan&#8217;\u0131n su\u00e7unu \u00f6rtbas eden Emir&#8217;le evlenmek zorunda kald\u0131\u011f\u0131n\u0131 Kemal&#8217;e itiraf etti. Bu durumun Emir&#8217;in oyunu oldu\u011fundan \u015f\u00fcphelenen Kemal ise a\u00e7t\u0131\u011f\u0131 mezar\u0131n bo\u015f olmas\u0131yla \u015f\u00fcphelerinde hakl\u0131 \u00e7\u0131kt\u0131.<\/p>\n<p>EM\u0130R&#8217;\u0130N K\u0130RL\u0130 OYUNU \u0130ZLEY\u0130C\u0130Y\u0130 \u015eOKE ETT\u0130!<\/p>\n<p>\u015e\u0130MD\u0130 NE OLACAK?<\/p>\n<p>Nihan&#8217;a duydu\u011fu saplant\u0131l\u0131 a\u015fkla g\u00f6z\u00fcn\u00fc iyice karartan Emir&#8217;in yay\u0131nlanan b\u00f6l\u00fcmde oynad\u0131\u011f\u0131 oyun ekran ba\u015f\u0131ndaki izleyiciyi adeta \u015foke etti. Kemal&#8217;e kar\u015f\u0131 b\u00fcy\u00fck bir nefret besleyen Emir, onu can evinden vurmak i\u00e7in karde\u015fi Zeynep&#8217;i se\u00e7ti. K\u0131z karde\u015fi \u00fczerinden Kemal&#8217;e zarar vermek isteyen Emir (Kaan Urganc\u0131o\u011flu), Zeynep&#8217;i kendisine a\u015f\u0131k ettikten sonra ona oyunun bir par\u00e7as\u0131 oldu\u011funu s\u00f6yleyerek gen\u00e7 k\u0131z\u0131 derinden yaralad\u0131.<\/p>\n<p><img loading=\"lazy\" decoding=\"async\" class=\"alignnone size-full wp-image-12497\" src=\"http:\/\/balcilar-blog.com\/wp-content\/uploads\/2016\/01\/Ekran-Al\u0131nt\u0131s\u0131KS.15.3.png\" alt=\"Ekran Al\u0131nt\u0131s\u0131KS.15.3\" width=\"640\" height=\"358\" srcset=\"https:\/\/balcilar-blog.com\/wp-content\/uploads\/2016\/01\/Ekran-Al\u0131nt\u0131s\u0131KS.15.3.png 640w, https:\/\/balcilar-blog.com\/wp-content\/uploads\/2016\/01\/Ekran-Al\u0131nt\u0131s\u0131KS.15.3-300x168.png 300w\" sizes=\"auto, (max-width: 640px) 100vw, 640px\" \/><\/p>\n<p>Burak \u00d6z\u00e7ivit ve Neslihan Atag\u00fcl&#8217;\u00fcn rol ald\u0131\u011f\u0131 Kara Sevda&#8217;da \u00e7\u00f6z\u00fclen d\u00fc\u011f\u00fcmler yerine yeni soru i\u015faretleri b\u0131rakt\u0131.<\/p>\n<p>Yeni b\u00f6l\u00fcm\u00fc merakla bekleyen izleyiciler, kaybettikleri be\u015f y\u0131l\u0131 geri kazanmaya \u00e7al\u0131\u015ft\u0131k\u00e7a a\u015fklar\u0131 iyice per\u00e7inlenen Kemal ve Nihan&#8217;\u0131n, Emir&#8217;e kar\u015f\u0131 yapacaklar\u0131n\u0131 heyecanla bekliyor.<\/p>\n<p><img loading=\"lazy\" decoding=\"async\" class=\"alignnone size-medium wp-image-12499\" src=\"http:\/\/balcilar-blog.com\/wp-content\/uploads\/2016\/01\/Ekran-Al\u0131nt\u0131s\u0131KS.15.2-300x183.png\" alt=\"Ekran Al\u0131nt\u0131s\u0131KS.15.2\" width=\"300\" height=\"183\" srcset=\"https:\/\/balcilar-blog.com\/wp-content\/uploads\/2016\/01\/Ekran-Al\u0131nt\u0131s\u0131KS.15.2-300x183.png 300w, https:\/\/balcilar-blog.com\/wp-content\/uploads\/2016\/01\/Ekran-Al\u0131nt\u0131s\u0131KS.15.2.png 640w\" sizes=\"auto, (max-width: 300px) 100vw, 300px\" \/>\u00a0<img loading=\"lazy\" decoding=\"async\" class=\"alignnone size-medium wp-image-12498\" src=\"http:\/\/balcilar-blog.com\/wp-content\/uploads\/2016\/01\/Ekran-Al\u0131nt\u0131s\u0131K.S.15.1-300x188.png\" alt=\"Ekran Al\u0131nt\u0131s\u0131K.S.15.1\" width=\"300\" height=\"188\" srcset=\"https:\/\/balcilar-blog.com\/wp-content\/uploads\/2016\/01\/Ekran-Al\u0131nt\u0131s\u0131K.S.15.1-300x188.png 300w, https:\/\/balcilar-blog.com\/wp-content\/uploads\/2016\/01\/Ekran-Al\u0131nt\u0131s\u0131K.S.15.1.png 640w\" sizes=\"auto, (max-width: 300px) 100vw, 300px\" \/><\/p>\n<p>Sevilen dizinin 15.B\u00f6l\u00fcm\u00fcnde, Emir&#8217;in tuza\u011f\u0131na d\u00fc\u015fen Zeynep, kendisine yapt\u0131klar\u0131n\u0131 a\u011fabeyi Kemal&#8217;e anlatabilecek mi? 27 Ocak \u00c7ar\u015famba ak\u015fam\u0131 hep birlikte Star Tv ekranlar\u0131nda g\u00f6rece\u011fiz.<\/p>\n<p>\u0130yi seyirler<\/p>\n<p>Sayg\u0131lar ve sevgiler.<\/p>\n<p>Abdurrahman Balc\u0131lar<\/p>\n<p>Twitter: abdurrahman balc\u0131lar@abbalcilar<\/p>\n<p>Mail : <a href=\"mailto:ab.balcilar@hotmail.com\">ab.balcilar@hotmail.com<\/a><\/p>\n<p>Blog:\u00a0<a href=\"http:\/\/t.co\/znqmIZgIqn\">blog.milliyet.com.tr\/cansever<\/a><\/p>\n<p>Blog:\u00a0<strong>balcilar<\/strong>&#8211;<strong>blog.com<\/strong><\/p>\n<p>&nbsp;<\/p>\n<p>Not: Kaynak Ay Yap\u0131m &#8211; Persona Sanat bas\u0131n B\u00fclteni<\/p>\n<p class=\"ecxMsoNormal\" align=\"center\">\n<p class=\"ecxMsoNormal\" align=\"center\"><b>\u00c7ok konu\u015fulan final sahnesi:<\/b> <b><u><a class=\"\" href=\"https:\/\/www.youtube.com\/watch?v=WUzLHpO3LPw\" target=\"_blank\">https:\/\/www.youtube.com\/watch?v=WUzLHpO3LPw<\/a><\/u><\/b><\/p>\n<p class=\"ecxMsoNormal\" align=\"center\"><b>Kara Sevda yeni b\u00f6l\u00fcm fragman\u0131:<\/b>\u00a0 <b><u><a class=\"\" href=\"https:\/\/www.youtube.com\/watch?v=whfEL1uRac8\" target=\"_blank\">https:\/\/www.youtube.com\/watch?v=whfEL1uRac8<\/a><\/u><\/b><\/p>\n<p class=\"ecxMsoNormal\">\n<\/div>\n<\/div>\n<\/div>\n<\/div>\n<\/div>\n<\/div>\n<\/div>\n<\/div>\n<\/div>\n<div class=\"v-InboxFooterContainer\"><\/div>\n<\/div>\n<div id=\"RightRailContainer\" class=\"c-RightRail RightRailContainerWidth t_sbgc\"><\/div>\n","protected":false},"excerpt":{"rendered":"<p>KARA SEVDA&#8217;DAN M\u0130LAT B\u00d6L\u00dcM! KARA SEVDA&#8217;DA KARTLAR YEN\u0130DEN DA\u011eITILIYOR! Ay Yap\u0131m imzal\u0131, \u00c7ar\u015famba ak\u015famlar\u0131n\u0131 damga vuran &#8216;Kara Sevda&#8217;da \u00e7\u00f6z\u00fclen d\u00fc\u011f\u00fcmler heyecan\u0131 doru\u011fa ta\u015f\u0131d\u0131. Dizinin 20 Ocak \u00c7ar\u015famba ak\u015fam\u0131 yay\u0131nlanan b\u00f6l\u00fcm\u00fcnde ortaya \u00e7\u0131kan ger\u00e7ekler ve Emir&#8217;in oynad\u0131\u011f\u0131 hain oyun, izleyicilerde b\u00fcy\u00fck bir merak uyand\u0131rd\u0131. Dizinin yay\u0131nlanan 14.b\u00f6l\u00fcm\u00fcnde haftalard\u0131r beklenen s\u0131rlar ortaya \u00e7\u0131kt\u0131. Nihan&#8217;\u0131n Emir&#8217;le olan evlili\u011finin [&hellip;]<\/p>\n","protected":false},"author":3,"featured_media":0,"comment_status":"open","ping_status":"open","sticky":false,"template":"","format":"standard","meta":{"footnotes":""},"categories":[2],"tags":[26,409,995,799,119,25],"class_list":["post-12495","post","type-post","status-publish","format-standard","hentry","category-tv-programlari","tag-ay-yapim","tag-burak-ozcivit","tag-kaan-urgacioglu","tag-kara-sevda","tag-neslihan-atagul","tag-star-tv"],"views":3414,"blog_post_layout_featured_media_urls":{"thumbnail":"","full":""},"categories_names":{"2":{"name":"TV Programlar\u0131","link":"https:\/\/balcilar-blog.com\/?cat=2"}},"tags_names":{"26":{"name":"Ay Yap\u0131m","link":"https:\/\/balcilar-blog.com\/?tag=ay-yapim"},"409":{"name":"Burak \u00d6z\u00e7ivit","link":"https:\/\/balcilar-blog.com\/?tag=burak-ozcivit"},"995":{"name":"Kaan Urgac\u0131o\u011flu","link":"https:\/\/balcilar-blog.com\/?tag=kaan-urgacioglu"},"799":{"name":"Kara Sevda","link":"https:\/\/balcilar-blog.com\/?tag=kara-sevda"},"119":{"name":"Neslihan Atag\u00fcl","link":"https:\/\/balcilar-blog.com\/?tag=neslihan-atagul"},"25":{"name":"Star Tv","link":"https:\/\/balcilar-blog.com\/?tag=star-tv"}},"comments_number":"0","wpmagazine_modules_lite_featured_media_urls":{"thumbnail":"","cvmm-medium":"","cvmm-medium-plus":"","cvmm-portrait":"","cvmm-medium-square":"","cvmm-large":"","cvmm-small":"","full":""},"_links":{"self":[{"href":"https:\/\/balcilar-blog.com\/index.php?rest_route=\/wp\/v2\/posts\/12495","targetHints":{"allow":["GET"]}}],"collection":[{"href":"https:\/\/balcilar-blog.com\/index.php?rest_route=\/wp\/v2\/posts"}],"about":[{"href":"https:\/\/balcilar-blog.com\/index.php?rest_route=\/wp\/v2\/types\/post"}],"author":[{"embeddable":true,"href":"https:\/\/balcilar-blog.com\/index.php?rest_route=\/wp\/v2\/users\/3"}],"replies":[{"embeddable":true,"href":"https:\/\/balcilar-blog.com\/index.php?rest_route=%2Fwp%2Fv2%2Fcomments&post=12495"}],"version-history":[{"count":3,"href":"https:\/\/balcilar-blog.com\/index.php?rest_route=\/wp\/v2\/posts\/12495\/revisions"}],"predecessor-version":[{"id":12503,"href":"https:\/\/balcilar-blog.com\/index.php?rest_route=\/wp\/v2\/posts\/12495\/revisions\/12503"}],"wp:attachment":[{"href":"https:\/\/balcilar-blog.com\/index.php?rest_route=%2Fwp%2Fv2%2Fmedia&parent=12495"}],"wp:term":[{"taxonomy":"category","embeddable":true,"href":"https:\/\/balcilar-blog.com\/index.php?rest_route=%2Fwp%2Fv2%2Fcategories&post=12495"},{"taxonomy":"post_tag","embeddable":true,"href":"https:\/\/balcilar-blog.com\/index.php?rest_route=%2Fwp%2Fv2%2Ftags&post=12495"}],"curies":[{"name":"wp","href":"https:\/\/api.w.org\/{rel}","templated":true}]}}