{"id":1243,"date":"2013-11-16T19:48:50","date_gmt":"2013-11-16T17:48:50","guid":{"rendered":"http:\/\/balcilar-blog.com\/?p=1243"},"modified":"2014-04-08T19:52:17","modified_gmt":"2014-04-08T16:52:17","slug":"medcezir-9-bolum-yaman-mira-masum-ama-atesli-opusme-ile-ask-basladi","status":"publish","type":"post","link":"https:\/\/balcilar-blog.com\/?p=1243","title":{"rendered":"Medcezir 9.B\u00f6l\u00fcm \/ Yaman &#038; Mira masum ama ate\u015fli \u00f6p\u00fc\u015fme ile a\u015fk ba\u015flad\u0131!"},"content":{"rendered":"<div>\n<div>\n<h4>16 Kas\u0131m &#8217;13<\/h4>\n<\/div>\n<\/div>\n<div>\n<dl>\n<dt>Kategori<\/dt>\n<dd><strong><a href=\"http:\/\/blog.milliyet.com.tr\/tv-programlari\/Kategori\/?KategoriNo=351\">TV Programlar\u0131<\/a><\/strong><\/dd>\n<\/dl>\n<div>\n<div><img loading=\"lazy\" decoding=\"async\" alt=\"Medcezir 9.B\u00f6l\u00fcm \/ Yaman &amp; Mira masum ama ate\u015fli \u00f6p\u00fc\u015fme ile a\u015fk ba\u015flad\u0131!\" src=\"http:\/\/iblog.milliyet.com.tr\/imgroot\/blogv7\/Blog333\/2013\/11\/16\/22\/436559-3-4-7addf.jpg\" width=\"333\" height=\"240\" \/><\/p>\n<div><\/div>\n<p>Yaman &amp; Mira Lunaparkta. Meccezir Twitter sayfas\u0131ndan al\u0131nt\u0131.<\/p>\n<hr \/>\n<\/div>\n<div id=\"BlogDetail\">\n<p><a href=\"http:\/\/blog.milliyet.com.tr\/AramaBlog\/?search=Star%20TV\" rel=\"external nofollow\">Star TV<\/a>.in ba\u011f\u0131ml\u0131l\u0131k yaratan dizisi <a href=\"http:\/\/blog.milliyet.com.tr\/AramaBlog\/?search=Medcezir\" rel=\"external nofollow\">Medcezir<\/a>\u2019 in 9.b\u00f6l\u00fcm\u00fc, <a href=\"http:\/\/blog.milliyet.com.tr\/AramaBlog\/?search=%C3%87a%C4%9Fatay%20Ulusoy\" rel=\"external nofollow\">\u00c7a\u011fatay Ulusoy<\/a> ve <a href=\"http:\/\/blog.milliyet.com.tr\/AramaBlog\/?search=Serenay%20Sar%C4%B1kaya\" rel=\"external nofollow\">Serenay Sar\u0131kaya<\/a> ile izleyicisini mest etti. Hele Lunapark\u2019ta d\u00f6nme dolapta Yaman, y\u00fckseklik korkusundan kaskat\u0131 olmu\u015ftu. Mira\u2019n\u0131n ate\u015fli \u00f6p\u00fcc\u00fcklerini, Yaman mahcup \u00f6p\u00fcc\u00fcklerle cevap verdi. Bu Mira\u2019n\u0131n daha \u00f6nceki b\u00f6l\u00fcmlerde r\u00fcyas\u0131nda g\u00f6rd\u00fc\u011f\u00fc \u00f6p\u00fc\u015fmelerini saymazsak ilkti. Bu \u00f6p\u00fc\u015fme sahnesi Sosyal medyay\u0131 resmen kar\u0131\u015ft\u0131rd\u0131.<\/p>\n<p>Evet, ge\u00e7en haftaki yaz\u0131mda belirti\u015ftim. Medcezir hakikaten herkeste ba\u011f\u0131ml\u0131l\u0131k yaratm\u0131\u015f durumda. \u00c7evremdeki gen\u00e7lerden seyretmeyen yok gibi. Bu hafta reytinglere bak\u0131yorum gene AB\u2019de a\u00e7\u0131k ara birinci. Total\u2019de de Karag\u00fcl\u2019\u00fcn ard\u0131ndan az farkla ikinci olmu\u015f. \u00d6nceki haftalarda, 8 b\u00f6l\u00fcmde AB\u2019de 6 birincilik, 2 ikincilik. Total\u2019de ise 2 birincilik, 6 ikincilik alm\u0131\u015ft\u0131. Art\u0131k Cuma gecelerinin tart\u0131\u015f\u0131lmaz fenomen dizisi oldu Medcezir.<\/p>\n<p>Orkun ge\u00e7en haftaki olaydan bir hafta sonra, Sude Han\u0131ma spor salonunda yakalar. Mira\u2019n\u0131n kendisinden ka\u00e7t\u0131\u011f\u0131 ve konu\u015famad\u0131\u011f\u0131 i\u00e7in \u015fikayet der. Sude Han\u0131m da \u201cSen zoru ba\u015fard\u0131n, her hatan\u0131 daha b\u00fcy\u00fck bir hatayla unutturdun, art\u0131k k\u0131z\u0131m\u0131 \u00fczmeni izin vermeyece\u011fim\u201d der. Orkun mosmor \u00e7\u0131kar gider.<\/p>\n<p>Ge\u00e7en hafta, Orkun\u2019un seks CD rezaletini g\u00f6ren Mira, Orkun defterini kapat\u0131r. Art\u0131k ku\u015flar gibi \u00f6zg\u00fcrd\u00fcr ve Yaman\u2019\u0131n \u00fcst\u00fcne do\u011fru gider onu \u00e7\u00f6zmeye \u00e7al\u0131\u015f\u0131r. O laf\u0131 sahil gezmesinde a\u011fz\u0131ndan al\u0131r. Yaman, \u201cBen sevmekten \u00f6nce terk edilmeyi \u00f6\u011frendim\u201d \u00a0der.<\/p>\n<p>Orkun, Faruk Beyin b\u00fcrosunu gider, Miran\u0131n babas\u0131 Faruk Bey, \u201cBu ili\u015fki y\u00fcr\u00fcmez\u201d nasihat al\u0131r, y\u00fcz\u00fcst\u00fc ayr\u0131l\u0131r.<\/p>\n<p>Giray, sebep oldu\u011fu olay y\u00fcz\u00fcnden tamirhaneden ustas\u0131 tekme tokat i\u015ften atar. Yaman\u2019a telefon ederek, mahkemede lehine \u015fahitli\u011fini ister, Yaman kabul etmez. \u00c7ok sinirlenir. Sinirli haller yak\u0131\u015f\u0131yor Yaman\u2019a.<\/p>\n<p>Av. Selim, Yaman meselesi y\u00fcz\u00fcnden kay\u0131npederi, As\u0131m \u015eekip Kaya\u2019a kar\u015f\u0131 kendisine getirilen arazi davas\u0131n\u0131 kabul eder. Bu davan\u0131n gazetelere d\u00fc\u015fmesi kar\u0131s\u0131 Ender Serez ile aralar\u0131nda gerginlik yarat\u0131r. \u0130lk defa evde sesleri y\u00fckselir ve kavga ederler. Mert bu duruma ilk defa oluyor diye \u015fa\u015f\u0131r\u0131r.<\/p>\n<p>Ender Han\u0131m, babas\u0131 As\u0131m \u015eekip ile bu arazi i\u015fi i\u00e7in Ankara\u2019ya toplant\u0131ya gider. Bu toplant\u0131da, Faruk Beyin de olmas\u0131 ve bunu \u00f6\u011frenen Selim Beyi \u00e7ok k\u0131zd\u0131r\u0131r. O gece ayr\u0131 kal\u0131rlar. Kar\u0131s\u0131n\u0131 \u00e7ok seven Selim ilk defa Faruk\u2019tan \u00e7ok k\u0131skan\u0131r.<\/p>\n<p>Yaman art\u0131k evin ikinci o\u011fludur. Telefon konu\u015fmas\u0131nda \u201cO\u011fullar\u0131m ile bu ak\u015fam yeme\u011fe gidece\u011fim\u201d demesi Yaman\u2019\u0131 \u00e7ok duyguland\u0131r, g\u00f6zleri ya\u015far\u0131r. O ak\u015fam Yaman, Mert ve Selim Bey ocak ba\u015f\u0131na yeme\u011fe giderler. Yiyip, i\u00e7ip kafa da\u011f\u0131t\u0131rlar. Mert arabesk t\u00fcrk\u00fcler s\u00f6yleyip sarho\u015f olur. Ay\u0131ltmak i\u00e7in de, ba\u015f a\u015fa\u011f\u0131 havuza sokmalar\u0131 \u00e7ok g\u00fcl\u00fcn\u00e7t\u00fc.<\/p>\n<p>Herkes yatt\u0131ktan sonra, Mira ile Yaman sahile y\u00fcr\u00fcy\u00fc\u015fe \u00e7\u0131karlar. Bir mekandaki d\u00fc\u011f\u00fcnde horon tepenleri g\u00f6r\u00fcn Mira, Yaman\u2019\u0131 zorla d\u00fc\u011f\u00fcne sokar. Horon teperler. \u0130kisinin y\u00fczlerindeki mutluluk g\u00f6r\u00fclme\u011fe de\u011ferdi. \u00c7alan \u201cAnkara\u2019n\u0131n Ba\u011flar\u0131\u201d t\u00fcrk\u00fcs\u00fc e\u015fli\u011finde oynarlar. Her ikisi de \u00e7ok tatl\u0131 ve \u015fekerdi. Arkas\u0131ndan \u201cAh bu ben\u201d \u015fark\u0131s\u0131 e\u015fli\u011finde sarma\u015f dola\u015f dans ederler.<\/p>\n<p>Mert\u2019in (<a href=\"http:\/\/blog.milliyet.com.tr\/AramaBlog\/?search=Taner%20%C3%96lmez\" rel=\"external nofollow\">Taner \u00d6lmez<\/a>) g\u00fczel esprileri ve hareketleri herkesi k\u0131r\u0131p ge\u00e7iriyor. Yaman\u2019\u0131n kahvalt\u0131da yumurtal\u0131 ekme\u011fini \u00e7ok be\u011fenmesi ve Yaman\u2019a \u201cAyyy annem\u201d diye sar\u0131lmas\u0131 harikayd\u0131.<\/p>\n<p>Art\u0131k \u015f\u00fcphe g\u00f6t\u00fcrmez, bu b\u00f6l\u00fcmde g\u00f6rd\u00fcm ki, \u00c7a\u011fatay \u2013 Serenay uyumu ola\u011fan\u00fcst\u00fc dedim.<\/p>\n<p>Bir internet Sitesinin d\u00fczenledi\u011fi yar\u0131\u015fmaya g\u00f6re (Oylama hen\u00fcz bitmedi) \u00c7a\u011fatay-Serenay \u201cY\u0131l\u0131n Dizi \u00c7ifti\u201d oylamas\u0131nda a\u00e7\u0131k ara \u00f6ndeler. Medcezir\u2019 de \u201cY\u0131l\u0131n Dizisi\u201d, \u201cY\u0131l\u0131n Kad\u0131n Oyuncusu\u201d da Serenay Sar\u0131kaya, \u201cY\u0131l\u0131n Erkek Oyuncu\u201d dal\u0131nda \u00c7a\u011fatay Ulusoy a\u00e7\u0131k ara \u00f6ndeler. Velhas\u0131l 4 dalda b\u00fct\u00fcn \u00f6d\u00fclleri silip s\u00fcp\u00fcrecekler gibi.<\/p>\n<p>Diziye bu hafta \u201cTan\u201d karakteriyle Mira\u2019n\u0131n piyano hocas\u0131 olarak (Saim Karakale) dahil oldu. Ama gel g\u00f6r ki, Mira Orkun\u2019dan kurtuldu. Daha da tehlikeli olabilecek bir psikopat geldi. Evinde Mira\u2019n\u0131n yapboz resimlerini yapt\u0131\u011f\u0131n\u0131 bakarsak, Mira\u2019n\u0131n tutkulu bir a\u015f\u0131\u011f\u0131 gibi g\u00f6z\u00fck\u00fcyor. Ayr\u0131ca, Mira ile konu\u015fmak isteyen, rahats\u0131z eden Orkun\u2019a, sustal\u0131 b\u0131\u00e7ak g\u00f6stermesi de olduk\u00e7a tehlikeli biri oldu\u011funu g\u00f6steriyor.<\/p>\n<p>Eyl\u00fcl de Tan\u2019\u0131 \u00e7ok be\u011fendi. Arkada\u015fl\u0131k kurmak ister. Tan\u2018\u0131n sevgilim var demesi (Tahminim, Mira\u2019y\u0131 kastediyor) ile bu i\u015f olmad\u0131. Mert, Eyl\u00fcl konusunda Yaman\u2019dan yard\u0131m ister. Bu i\u015fi bir k\u0131z \u00e7\u00f6zer demesiyle, Tu\u011f\u00e7e\u2019 den yard\u0131m al\u0131r. Biraz k\u0131skand\u0131rma i\u015fi, Eyl\u00fcl\u2019\u00fc ona yakla\u015ft\u0131r\u0131r.<\/p>\n<p>Hale, hap i\u00e7er ve intihara kalk\u0131\u015f\u0131r. Merdivenlerden d\u00fc\u015fer. Mira\u2019n\u0131n Orkun\u2019a s\u00f6ylemesiyle \u00f6\u011fren Orkun, bir demet \u00e7i\u00e7ekle gitmek zorunda kal\u0131r. Esas sevgilisinin Hale oldu\u011funu anlad\u0131 nihayet.<\/p>\n<p>Bu b\u00f6l\u00fcmde Yaman \u00fcniversiteye ba\u015flad\u0131. Mira, Mert, Eyl\u00fcl ve Yaman ilk g\u00fcn birlikteydiler. Mert ile sosyal faaliyetlerden birini se\u00e7erler.\u00a0 Yaman kul\u00fcplerden Klasik Gitar Kul\u00fcb\u00fcn\u00fc se\u00e7er. \u00a0\u00d6n\u00fcm\u00fczdeki b\u00f6l\u00fcmlerde Yaman\u2019\u0131n gitar sololar\u0131n\u0131 dinleyece\u011fiz demektir. Okul sonras\u0131 ak\u015fam bir \u015feyler yapmak i\u00e7in kararla\u015ft\u0131r\u0131rlar. Program\u0131 Yaman yapar. Lunaparka giderler. Mira ile Yaman balon patlatma at\u0131\u015f\u0131 yaparlar. Tan devaml\u0131 Mira\u2019ya mesaj atar, rahats\u0131z eder. Mira d\u00f6nme dolaba binmeyi teklif eder. Yaman y\u00fcksekten korkuyorum dese de Mira\u2019y\u0131 k\u0131ramaz binerler. Dolap bozulur, yukar\u0131da kal\u0131rlar. Yaman\u2019 \u0131n y\u00fcz\u00fc bembeyaz olur. Mira\u2019ya \u00e7ok g\u00fczel s\u00f6zler s\u00f6yler. Yaman, \u201cUzaktan o kadar g\u00fczelsin ki, yak\u0131ndan bak\u0131nca k\u00f6r olmaktan korkuyorum\u201d der. Dayanamazlar \u00f6p\u00fc\u015fmeye ba\u015flarlar, Bu \u00f6p\u00fc\u015fme \u00f6nce masum, sonra ate\u015fli bir hal al\u0131r. \u00d6yle ki, Yaman korkusunu yener, \u201cDevam et abi \u201c der ve dolap d\u00f6nmeye onlar \u00f6p\u00fc\u015fmeye devam ederler. Ve bu g\u00fczel b\u00f6l\u00fcm burada sona erer.<\/p>\n<p>Tan Lunapark\u0131n parmakl\u0131klar\u0131 arkas\u0131ndan onlar\u0131 seyreder. \u0130leriki b\u00f6l\u00fcmlerde, ba\u015flar\u0131na bela olacak gibi duruyor.<\/p>\n<p>Dizi bitiminde dikkatimi \u00e7ekti. Senarist olarak sadece <a href=\"http:\/\/blog.milliyet.com.tr\/AramaBlog\/?search=Ece%20Y%C3%B6ren%C3%A7\" rel=\"external nofollow\">Ece Y\u00f6ren\u00e7<\/a> yazd\u0131. Melek Gen\u00e7o\u011flu\u2019 un ad\u0131n\u0131 g\u00f6remedim. Acaba Melek Gen\u00e7o\u011flu ayr\u0131ld\u0131 m\u0131? Bunu yak\u0131nda \u00f6\u011freniriz. Ayr\u0131c\u0131 Alt\u0131n Kelebek yar\u0131\u015fmas\u0131nda Y\u0131l\u0131n en iyi senaryo yazar\u0131 olarak Ece Y\u00f6ren\u00e7 \u00f6d\u00fcl ald\u0131.<\/p>\n<p>Laf\u0131n k\u0131sas\u0131, bu dizi daha \u00f6nce defalarca s\u00f6yledi\u011fim gibi art\u0131k herkes de ba\u011f\u0131ml\u0131l\u0131k yaratt\u0131 ve yaratmaya da devam ediyor. Oyuncular\u0131 hepside kusursuz. <a href=\"http:\/\/blog.milliyet.com.tr\/AramaBlog\/?search=Bar%C4%B1%C5%9F%20Falay\" rel=\"external nofollow\">Bar\u0131\u015f Falay<\/a> ve \u00c7a\u011fatay Ulusoy\u2019 un oyun g\u00fcc\u00fc tart\u0131\u015f\u0131lmaz. Serenay\u2019\u0131n da \u00f6yle.<\/p>\n<p>Art\u0131k \u015f\u00fcphe g\u00f6t\u00fcrmez, bu b\u00f6l\u00fcmde g\u00f6rd\u00fcm ki, \u00c7a\u011fatay \u2013 Serenay uyumlar\u0131 ola\u011fan\u00fcst\u00fc dedim.<\/p>\n<p>Bu diziyi anlatmakla olmaz, seyretmek laz\u0131m diyorum, ba\u015fkaca bir \u015fey s\u00f6yleyemiyorum. Tek kelime ile. \u201cHarika\u201d.<\/p>\n<p>\u0130yi seyirler.<\/p>\n<p>Sayg\u0131lar, sevgiler.<\/p>\n<p>Abdurrahman Balc\u0131lar<\/p>\n<p>Twitter: abdurrahman balc\u0131lar@abbalcilar<\/p>\n<p>Mail : <a href=\"mailto:ab.balcilar@hotmail.com\" target=\"_blank\">ab.balcilar@hotmail.com<\/a><\/p>\n<div>\n<p>Blog: milliyet.com.tr\/Cansever<\/p>\n<\/div>\n<\/div>\n<\/div>\n<\/div>\n","protected":false},"excerpt":{"rendered":"<p>16 Kas\u0131m &#8217;13 Kategori TV Programlar\u0131 Yaman &amp; Mira Lunaparkta. Meccezir Twitter sayfas\u0131ndan al\u0131nt\u0131. Star TV.in ba\u011f\u0131ml\u0131l\u0131k yaratan dizisi Medcezir\u2019 in 9.b\u00f6l\u00fcm\u00fc, \u00c7a\u011fatay Ulusoy ve Serenay Sar\u0131kaya ile izleyicisini mest etti. Hele Lunapark\u2019ta d\u00f6nme dolapta Yaman, y\u00fckseklik korkusundan kaskat\u0131 olmu\u015ftu. Mira\u2019n\u0131n ate\u015fli \u00f6p\u00fcc\u00fcklerini, Yaman mahcup \u00f6p\u00fcc\u00fcklerle cevap verdi. Bu Mira\u2019n\u0131n daha \u00f6nceki b\u00f6l\u00fcmlerde r\u00fcyas\u0131nda g\u00f6rd\u00fc\u011f\u00fc [&hellip;]<\/p>\n","protected":false},"author":3,"featured_media":0,"comment_status":"open","ping_status":"open","sticky":false,"template":"","format":"standard","meta":{"footnotes":""},"categories":[2],"tags":[15,393,16,27,25],"class_list":["post-1243","post","type-post","status-publish","format-standard","hentry","category-tv-programlari","tag-cagatay-ulusoy","tag-ece-yorenec","tag-medcezir","tag-serenay-sarikaya","tag-star-tv"],"views":5141,"blog_post_layout_featured_media_urls":{"thumbnail":"","full":""},"categories_names":{"2":{"name":"TV Programlar\u0131","link":"https:\/\/balcilar-blog.com\/?cat=2"}},"tags_names":{"15":{"name":"\u00e7a\u011fatay ulusoy","link":"https:\/\/balcilar-blog.com\/?tag=cagatay-ulusoy"},"393":{"name":"Ece Y\u00f6rene\u00e7","link":"https:\/\/balcilar-blog.com\/?tag=ece-yorenec"},"16":{"name":"medcezir","link":"https:\/\/balcilar-blog.com\/?tag=medcezir"},"27":{"name":"Serenay Sar\u0131kaya","link":"https:\/\/balcilar-blog.com\/?tag=serenay-sarikaya"},"25":{"name":"Star Tv","link":"https:\/\/balcilar-blog.com\/?tag=star-tv"}},"comments_number":"0","wpmagazine_modules_lite_featured_media_urls":{"thumbnail":"","cvmm-medium":"","cvmm-medium-plus":"","cvmm-portrait":"","cvmm-medium-square":"","cvmm-large":"","cvmm-small":"","full":""},"_links":{"self":[{"href":"https:\/\/balcilar-blog.com\/index.php?rest_route=\/wp\/v2\/posts\/1243","targetHints":{"allow":["GET"]}}],"collection":[{"href":"https:\/\/balcilar-blog.com\/index.php?rest_route=\/wp\/v2\/posts"}],"about":[{"href":"https:\/\/balcilar-blog.com\/index.php?rest_route=\/wp\/v2\/types\/post"}],"author":[{"embeddable":true,"href":"https:\/\/balcilar-blog.com\/index.php?rest_route=\/wp\/v2\/users\/3"}],"replies":[{"embeddable":true,"href":"https:\/\/balcilar-blog.com\/index.php?rest_route=%2Fwp%2Fv2%2Fcomments&post=1243"}],"version-history":[{"count":1,"href":"https:\/\/balcilar-blog.com\/index.php?rest_route=\/wp\/v2\/posts\/1243\/revisions"}],"predecessor-version":[{"id":1244,"href":"https:\/\/balcilar-blog.com\/index.php?rest_route=\/wp\/v2\/posts\/1243\/revisions\/1244"}],"wp:attachment":[{"href":"https:\/\/balcilar-blog.com\/index.php?rest_route=%2Fwp%2Fv2%2Fmedia&parent=1243"}],"wp:term":[{"taxonomy":"category","embeddable":true,"href":"https:\/\/balcilar-blog.com\/index.php?rest_route=%2Fwp%2Fv2%2Fcategories&post=1243"},{"taxonomy":"post_tag","embeddable":true,"href":"https:\/\/balcilar-blog.com\/index.php?rest_route=%2Fwp%2Fv2%2Ftags&post=1243"}],"curies":[{"name":"wp","href":"https:\/\/api.w.org\/{rel}","templated":true}]}}