{"id":12361,"date":"2016-01-10T18:45:20","date_gmt":"2016-01-10T16:45:20","guid":{"rendered":"http:\/\/balcilar-blog.com\/?p=12361"},"modified":"2016-01-10T18:48:52","modified_gmt":"2016-01-10T16:48:52","slug":"cagatay-ulusoydan-muhabire-sallama-cevap","status":"publish","type":"post","link":"https:\/\/balcilar-blog.com\/?p=12361","title":{"rendered":"\u00c7a\u011fatay Ulusoy&#8217;dan muhabire sallama cevap! Amerika&#8217;ya Eyl\u00fcl-Ekim?"},"content":{"rendered":"<p><img loading=\"lazy\" decoding=\"async\" class=\"alignnone size-full wp-image-12365\" src=\"http:\/\/balcilar-blog.com\/wp-content\/uploads\/2016\/01\/Ekran-Al\u0131nt\u0131s\u0131c.u.11.png\" alt=\"Ekran Al\u0131nt\u0131s\u0131c.u.11\" width=\"640\" height=\"391\" srcset=\"https:\/\/balcilar-blog.com\/wp-content\/uploads\/2016\/01\/Ekran-Al\u0131nt\u0131s\u0131c.u.11.png 640w, https:\/\/balcilar-blog.com\/wp-content\/uploads\/2016\/01\/Ekran-Al\u0131nt\u0131s\u0131c.u.11-300x183.png 300w\" sizes=\"auto, (max-width: 640px) 100vw, 640px\" \/><\/p>\n<p>Bu g\u00fcn Star Tv&#8217;e seyrederken g\u00f6z\u00fcme \u00e7arpt\u0131. Tarabya&#8217;da bir marketten mutfak al\u0131\u015fveri\u015f yapan \u00c7a\u011fatay Ulusoy&#8217;u StarLife muhabiri yakalam\u0131\u015f. Bu g\u00fcn Filmdeki lakab\u0131yla <span style=\"color: #ff0000;\"><strong>Delibal \u00c7a\u011fatay Ulusoy<\/strong><\/span> demesi de \u00e7ok ho\u015f. Ayak\u00fcst\u00fc sorular sormu\u015f. Ger\u00e7ekten hasta oldu\u011fu burnunu \u00e7eki\u015finden belli. Gala gecelerinin yorgunlu\u011fu nedeniyle gribe de yakalanm\u0131\u015f. Kendisi de hastay\u0131m diyor zaten. Ba\u015f\u0131nda bere, bo\u011faz\u0131nda geni\u015f yakal\u0131 bir kazakla g\u00f6r\u00fcnt\u00fcleniyor.<\/p>\n<p><img loading=\"lazy\" decoding=\"async\" class=\"alignnone size-full wp-image-12366\" src=\"http:\/\/balcilar-blog.com\/wp-content\/uploads\/2016\/01\/Ekran-Al\u0131nt\u0131s\u0131c.u.12.png\" alt=\"Ekran Al\u0131nt\u0131s\u0131c.u.12\" width=\"640\" height=\"394\" srcset=\"https:\/\/balcilar-blog.com\/wp-content\/uploads\/2016\/01\/Ekran-Al\u0131nt\u0131s\u0131c.u.12.png 640w, https:\/\/balcilar-blog.com\/wp-content\/uploads\/2016\/01\/Ekran-Al\u0131nt\u0131s\u0131c.u.12-300x185.png 300w\" sizes=\"auto, (max-width: 640px) 100vw, 640px\" \/><\/p>\n<p>Galalar i\u00e7in ko\u015fu\u015fturdu\u011funu soran muhabire, evet galalar var diye cevap verdi. Muhabirin; &#8220;Amerika&#8217;ya gidecektiniz. Durumlar ne sorusuna, \u00c7a\u011fatay; Gidilecek&#8230; Var biraz, daha var ama, \u015fu galalar\u0131 bitirdikten sonra gidece\u011fim. Muhabirin; -Ama \u00e7al\u0131\u015fmalar ba\u015flad\u0131 her halde. Muhabir soruyu yanl\u0131\u015f sordu. Eyl\u00fcl&#8217;de gidilecek diyorlar. <span style=\"color: #ff0000;\"><strong>\u00c7a\u011fatay:<\/strong><\/span> <strong>Eyl\u00fcl olur, Ekim olur&#8230; Zaman\u0131n\u0131 bilmiyorum.<\/strong><\/p>\n<p>\u0130lahi \u00c7a\u011fatay;Eyl\u00fcl&#8217;de yeni dizin ba\u015flayacak! Ne Amerika&#8217;s\u0131&#8230; Bu tam bir sallama cevap olmu\u015f. Mart-Nisan demek istedi herhalde. Son yapaca\u011f\u0131 gala gecelerinden sonra \u015eubat ay\u0131nda reklam filmi \u00e7ekimleri var. Daha sonra ver elini Los Angeles diyecek.<\/p>\n<p>Tahmin ederim ki \u00c7a\u011fatay soruyu dizi ile ilgili zannetti. Yoksa bu cevap ger\u00e7ekten sallama olmu\u015f.<\/p>\n<p><img loading=\"lazy\" decoding=\"async\" class=\"alignnone size-full wp-image-12364\" src=\"http:\/\/balcilar-blog.com\/wp-content\/uploads\/2016\/01\/Ekran-Al\u0131nt\u0131s\u0131c.u.13.png\" alt=\"Ekran Al\u0131nt\u0131s\u0131c.u.13\" width=\"640\" height=\"356\" srcset=\"https:\/\/balcilar-blog.com\/wp-content\/uploads\/2016\/01\/Ekran-Al\u0131nt\u0131s\u0131c.u.13.png 640w, https:\/\/balcilar-blog.com\/wp-content\/uploads\/2016\/01\/Ekran-Al\u0131nt\u0131s\u0131c.u.13-300x167.png 300w\" sizes=\"auto, (max-width: 640px) 100vw, 640px\" \/><\/p>\n<p>Ulusoy Muhabire; Gideyim arkada\u015flar, Ho\u015f\u00e7a kal\u0131n. Tam giderken bu defa muhabir: Hasta m\u0131s\u0131n a\u011fabey sorusuna da, hastay\u0131m, hastay\u0131m, diye cevap verdi. Ve arabas\u0131n\u0131n kap\u0131s\u0131n\u0131 kapatarak evinin yolunu tuttu.<\/p>\n<p>Bu haberi dinleyenler benim gibi yanl\u0131\u015f anlayacaklard\u0131r. Do\u011frusu Amerika&#8217;ya \u015eubat ay\u0131 sonlar\u0131nda gidecek. Haziran&#8217;da d\u00f6necek, Temmuz- A\u011fustos yeni dizi \u00e7al\u0131\u015fmalar\u0131 var. Eyl\u00fcl de de yeni dizide seyircisi ile bulu\u015facakt\u0131r.<\/p>\n<p>\u00c7a\u011fatay Ulusoy&#8217;un yan\u0131nda menajeri Engin Aykanat da vard\u0131. D\u00fcn Engin Beyle yapt\u0131\u011f\u0131m\u0131z telefon konu\u015fmas\u0131nda \u00c7a\u011fatay&#8217;\u0131n so\u011fuk alg\u0131nl\u0131\u011f\u0131n\u0131 sordum. Bana iyi oldu\u011funu s\u00f6ylemi\u015fti ama, ben de bug\u00fcn g\u00f6rd\u00fcm ki, baya\u011f\u0131 \u00fc\u015f\u00fctm\u00fc\u015f. \u0130stirahat etmesi gerekli.<\/p>\n<p>\u00c7a\u011fatay&#8217;a ben de buradan ge\u00e7mi\u015f olsun diyorum.<\/p>\n<p>&nbsp;<\/p>\n<p>Sayg\u0131lar ve sevgiler.<\/p>\n<p>Abdurrahman Balc\u0131lar<\/p>\n<p>Twitter: abdurrahman balc\u0131lar@abbalcilar<\/p>\n<p>Mail : <a href=\"mailto:ab.balcilar@hotmail.com\">ab.balcilar@hotmail.com<\/a><\/p>\n<p>Blog:\u00a0<a href=\"http:\/\/t.co\/znqmIZgIqn\">blog.milliyet.com.tr\/cansever<\/a><\/p>\n<p>Blog:\u00a0<strong>balcilar<\/strong>&#8211;<strong>blog.com<\/strong><\/p>\n<p>&nbsp;<\/p>\n<p>&nbsp;<\/p>\n<p>https:\/\/youtu.be\/-qW4wGhhUMw<\/p>\n","protected":false},"excerpt":{"rendered":"<p>Bu g\u00fcn Star Tv&#8217;e seyrederken g\u00f6z\u00fcme \u00e7arpt\u0131. Tarabya&#8217;da bir marketten mutfak al\u0131\u015fveri\u015f yapan \u00c7a\u011fatay Ulusoy&#8217;u StarLife muhabiri yakalam\u0131\u015f. Bu g\u00fcn Filmdeki lakab\u0131yla Delibal \u00c7a\u011fatay Ulusoy demesi de \u00e7ok ho\u015f. Ayak\u00fcst\u00fc sorular sormu\u015f. Ger\u00e7ekten hasta oldu\u011fu burnunu \u00e7eki\u015finden belli. Gala gecelerinin yorgunlu\u011fu nedeniyle gribe de yakalanm\u0131\u015f. Kendisi de hastay\u0131m diyor zaten. Ba\u015f\u0131nda bere, bo\u011faz\u0131nda geni\u015f yakal\u0131 [&hellip;]<\/p>\n","protected":false},"author":3,"featured_media":0,"comment_status":"open","ping_status":"open","sticky":false,"template":"","format":"standard","meta":{"footnotes":""},"categories":[7],"tags":[15,752,989],"class_list":["post-12361","post","type-post","status-publish","format-standard","hentry","category-magazin","tag-cagatay-ulusoy","tag-delibal","tag-star-life"],"views":4933,"blog_post_layout_featured_media_urls":{"thumbnail":"","full":""},"categories_names":{"7":{"name":"Magazin","link":"https:\/\/balcilar-blog.com\/?cat=7"}},"tags_names":{"15":{"name":"\u00e7a\u011fatay ulusoy","link":"https:\/\/balcilar-blog.com\/?tag=cagatay-ulusoy"},"752":{"name":"Delibal","link":"https:\/\/balcilar-blog.com\/?tag=delibal"},"989":{"name":"Star Life","link":"https:\/\/balcilar-blog.com\/?tag=star-life"}},"comments_number":"0","wpmagazine_modules_lite_featured_media_urls":{"thumbnail":"","cvmm-medium":"","cvmm-medium-plus":"","cvmm-portrait":"","cvmm-medium-square":"","cvmm-large":"","cvmm-small":"","full":""},"_links":{"self":[{"href":"https:\/\/balcilar-blog.com\/index.php?rest_route=\/wp\/v2\/posts\/12361","targetHints":{"allow":["GET"]}}],"collection":[{"href":"https:\/\/balcilar-blog.com\/index.php?rest_route=\/wp\/v2\/posts"}],"about":[{"href":"https:\/\/balcilar-blog.com\/index.php?rest_route=\/wp\/v2\/types\/post"}],"author":[{"embeddable":true,"href":"https:\/\/balcilar-blog.com\/index.php?rest_route=\/wp\/v2\/users\/3"}],"replies":[{"embeddable":true,"href":"https:\/\/balcilar-blog.com\/index.php?rest_route=%2Fwp%2Fv2%2Fcomments&post=12361"}],"version-history":[{"count":6,"href":"https:\/\/balcilar-blog.com\/index.php?rest_route=\/wp\/v2\/posts\/12361\/revisions"}],"predecessor-version":[{"id":12370,"href":"https:\/\/balcilar-blog.com\/index.php?rest_route=\/wp\/v2\/posts\/12361\/revisions\/12370"}],"wp:attachment":[{"href":"https:\/\/balcilar-blog.com\/index.php?rest_route=%2Fwp%2Fv2%2Fmedia&parent=12361"}],"wp:term":[{"taxonomy":"category","embeddable":true,"href":"https:\/\/balcilar-blog.com\/index.php?rest_route=%2Fwp%2Fv2%2Fcategories&post=12361"},{"taxonomy":"post_tag","embeddable":true,"href":"https:\/\/balcilar-blog.com\/index.php?rest_route=%2Fwp%2Fv2%2Ftags&post=12361"}],"curies":[{"name":"wp","href":"https:\/\/api.w.org\/{rel}","templated":true}]}}