{"id":12333,"date":"2016-01-09T16:41:45","date_gmt":"2016-01-09T14:41:45","guid":{"rendered":"http:\/\/balcilar-blog.com\/?p=12333"},"modified":"2016-01-10T19:49:01","modified_gmt":"2016-01-10T17:49:01","slug":"cagatay-ulusoy-leyla-lydia-tugutlu-ile-delibalin-baku-gala-gecesini-de-yapti","status":"publish","type":"post","link":"https:\/\/balcilar-blog.com\/?p=12333","title":{"rendered":"\u00c7a\u011fatay Ulusoy &#038; Leyla Lydia Tu\u011futlu ile Delibal&#8217;\u0131n Bak\u00fc gala gecesini de yapt\u0131!"},"content":{"rendered":"<p><img loading=\"lazy\" decoding=\"async\" class=\"alignnone size-full wp-image-12348\" src=\"http:\/\/balcilar-blog.com\/wp-content\/uploads\/2016\/01\/CYIxfgrWEAAKQcT.jpg\" alt=\"CYIxfgrWEAAKQcT\" width=\"542\" height=\"480\" srcset=\"https:\/\/balcilar-blog.com\/wp-content\/uploads\/2016\/01\/CYIxfgrWEAAKQcT.jpg 542w, https:\/\/balcilar-blog.com\/wp-content\/uploads\/2016\/01\/CYIxfgrWEAAKQcT-300x266.jpg 300w\" sizes=\"auto, (max-width: 542px) 100vw, 542px\" \/><\/p>\n<p><span style=\"color: #0000ff;\"><strong>Delibal<\/strong> <\/span>ekibi Almanya&#8217;dan sonra yurt d\u0131\u015f\u0131 gala gecelerinden ikincisini <span style=\"color: #0000ff;\"><strong>Azerbaycan Bak\u00fc<\/strong><\/span>\u00a0Nizami Cinema Center&#8217;da yapt\u0131. \u0130stanbul&#8217;dan Bak\u00fc&#8217;ye u\u00e7an ekip, 7 Ocak Per\u015fembe ak\u015fam\u0131 T\u00fcrkiye saati ile 17,30&#8217;da sinemaseverlerle bulu\u015ftular.<\/p>\n<p>Geceye <span style=\"color: #ff0000;\"><strong>\u00c7a\u011fatay Ulusoy<\/strong><\/span>, <span style=\"color: #ff0000;\"><strong>Leyla Lydia Tu\u011futlu<\/strong><\/span> ve y\u00f6netmen Ali Bilgin kat\u0131ld\u0131. Tv spikeri Azeri \u015fivesiyle, \u00a0\u00c7a\u011fatay i\u00e7in T\u00fcrkiye&#8217;nin me\u015fhur akt\u00f6r\u00fc \u00c7a\u011fatay Ulusoy Bak\u00fc&#8217;ye gelip, sevimli akt\u00f6r ba\u015f rol\u00fcn\u00fc canland\u0131rd\u0131\u011f\u0131 Delibal filminin gala gecesine kat\u0131ld\u0131. Gecede Leyla Lydia Tu\u011futlu ve rejiks\u00f6r Ali Bilgin kat\u0131lm\u0131\u015flard\u0131r.<\/p>\n<p><img loading=\"lazy\" decoding=\"async\" class=\"alignnone size-full wp-image-12336\" src=\"http:\/\/balcilar-blog.com\/wp-content\/uploads\/2016\/01\/CYIfGGAWkAMmFRV.png\" alt=\"CYIfGGAWkAMmFRV\" width=\"429\" height=\"640\" srcset=\"https:\/\/balcilar-blog.com\/wp-content\/uploads\/2016\/01\/CYIfGGAWkAMmFRV.png 429w, https:\/\/balcilar-blog.com\/wp-content\/uploads\/2016\/01\/CYIfGGAWkAMmFRV-201x300.png 201w\" sizes=\"auto, (max-width: 429px) 100vw, 429px\" \/><\/p>\n<p>Ulusoy; &#8220;Sizlerle birada olmak \u00e7ok g\u00fczel, \u00e7ok bi \u015fey anlatmayay\u0131m, s\u00fcrprizi ka\u00e7mas\u0131n. G\u00fczel bir a\u015fk filmi seyredeceksiniz.&#8221; Leyla &#8216;da; &#8220;Ben ilk defe geliyorum, hi\u00e7 yabanc\u0131l\u0131k \u00e7ekmiyorum. Karde\u015f \u00dclke o y\u00fczden \u00e7ok g\u00fczeldi. Mutlaka bir daha gelece\u011fim. Filme ilgili, film \u00e7ok g\u00fczel bir film, normalden \u00e7ok farkl\u0131 bir a\u015fk filmi, seyirciyi \u00e7ok fazla s\u00fcrpriz bekledi\u011fini s\u00f6yledi. \u00a0Daha sonra Ulusoy, \u00a0sevenleri ile birlikte hat\u0131ra olarak selfie foto\u011fraf\u0131 \u00e7ekti.<\/p>\n<p><img loading=\"lazy\" decoding=\"async\" class=\"alignnone size-full wp-image-12335\" src=\"http:\/\/balcilar-blog.com\/wp-content\/uploads\/2016\/01\/CYMXAe4WwAU6sxR.jpg\" alt=\"CYMXAe4WwAU6sxR\" width=\"640\" height=\"425\" srcset=\"https:\/\/balcilar-blog.com\/wp-content\/uploads\/2016\/01\/CYMXAe4WwAU6sxR.jpg 640w, https:\/\/balcilar-blog.com\/wp-content\/uploads\/2016\/01\/CYMXAe4WwAU6sxR-300x199.jpg 300w\" sizes=\"auto, (max-width: 640px) 100vw, 640px\" \/><\/p>\n<p>Seyircilerle birlikte filmi seyreden oyuncular, daha sonra bas\u0131n toplant\u0131s\u0131 yap\u0131p, bas\u0131n mensuplar\u0131 ve izleyicilerin sorular\u0131n\u0131 cevapland\u0131rd\u0131lar.<\/p>\n<p><img loading=\"lazy\" decoding=\"async\" class=\"alignnone size-full wp-image-12339\" src=\"http:\/\/balcilar-blog.com\/wp-content\/uploads\/2016\/01\/Ekran-Al\u0131nt\u0131s\u0131BAK\u00dc-GALA-1.png\" alt=\"Ekran Al\u0131nt\u0131s\u0131BAK\u00dc GALA 1\" width=\"640\" height=\"376\" srcset=\"https:\/\/balcilar-blog.com\/wp-content\/uploads\/2016\/01\/Ekran-Al\u0131nt\u0131s\u0131BAK\u00dc-GALA-1.png 640w, https:\/\/balcilar-blog.com\/wp-content\/uploads\/2016\/01\/Ekran-Al\u0131nt\u0131s\u0131BAK\u00dc-GALA-1-300x176.png 300w\" sizes=\"auto, (max-width: 640px) 100vw, 640px\" \/><\/p>\n<p><img loading=\"lazy\" decoding=\"async\" class=\"alignnone size-full wp-image-12338\" src=\"http:\/\/balcilar-blog.com\/wp-content\/uploads\/2016\/01\/Ekran-Al\u0131nt\u0131s\u0131DEL\u0130BAL-BAK\u00dc.2.png\" alt=\"Ekran Al\u0131nt\u0131s\u0131DEL\u0130BAL BAK\u00dc.2\" width=\"640\" height=\"368\" srcset=\"https:\/\/balcilar-blog.com\/wp-content\/uploads\/2016\/01\/Ekran-Al\u0131nt\u0131s\u0131DEL\u0130BAL-BAK\u00dc.2.png 640w, https:\/\/balcilar-blog.com\/wp-content\/uploads\/2016\/01\/Ekran-Al\u0131nt\u0131s\u0131DEL\u0130BAL-BAK\u00dc.2-300x173.png 300w\" sizes=\"auto, (max-width: 640px) 100vw, 640px\" \/><\/p>\n<p>\u00c7a\u011fatay, \u00e7ok g\u00fczel kar\u015f\u0131land\u0131klar\u0131n\u0131, herkesin \u00e7ok s\u0131cak oldu\u011funu, karde\u015f say\u0131ld\u0131klar\u0131n\u0131, karde\u015f \u00fclke olduklar\u0131n\u0131, \u00e7ok da mutluyuz dedi. \u00c7ok da g\u00fczel enerjiler ald\u0131kalr\u0131n\u0131 s\u00f6yledi. Tu\u011futlu&#8217;da filmin A\u011fustos ay\u0131nda, bir ayda \u00e7ektiklerini s\u00f6yledi. \u00c7ok s\u0131cakt\u0131, zor oldu amam keyifli ge\u00e7ti. \u00c7a\u011fatay da d\u00f6vmeleri ile ilgili bilgi verdi. Ger\u00e7ek olmad\u0131\u011f\u0131n\u0131, sticker olduklar\u0131n\u0131, s\u0131cakta terledikleri i\u00e7in \u00e7ok u\u011fra\u015ft\u0131rd\u0131\u011f\u0131n\u0131 s\u00f6yledi. Sevenleri ile selfie resimleri \u00e7ektirdiler.<\/p>\n<p><img loading=\"lazy\" decoding=\"async\" class=\"alignnone size-full wp-image-12347\" src=\"http:\/\/balcilar-blog.com\/wp-content\/uploads\/2016\/01\/CYIVRWUWcAE3Koo.jpg\" alt=\"CYIVRWUWcAE3Koo\" width=\"480\" height=\"519\" srcset=\"https:\/\/balcilar-blog.com\/wp-content\/uploads\/2016\/01\/CYIVRWUWcAE3Koo.jpg 480w, https:\/\/balcilar-blog.com\/wp-content\/uploads\/2016\/01\/CYIVRWUWcAE3Koo-277x300.jpg 277w\" sizes=\"auto, (max-width: 480px) 100vw, 480px\" \/><\/p>\n<p><img loading=\"lazy\" decoding=\"async\" class=\"alignnone size-full wp-image-12344\" src=\"http:\/\/balcilar-blog.com\/wp-content\/uploads\/2016\/01\/CYITgRuWMAAf01z.jpg\" alt=\"CYITgRuWMAAf01z\" width=\"579\" height=\"480\" srcset=\"https:\/\/balcilar-blog.com\/wp-content\/uploads\/2016\/01\/CYITgRuWMAAf01z.jpg 579w, https:\/\/balcilar-blog.com\/wp-content\/uploads\/2016\/01\/CYITgRuWMAAf01z-300x249.jpg 300w\" sizes=\"auto, (max-width: 579px) 100vw, 579px\" \/><\/p>\n<p><img loading=\"lazy\" decoding=\"async\" class=\"alignnone size-full wp-image-12343\" src=\"http:\/\/balcilar-blog.com\/wp-content\/uploads\/2016\/01\/CYIIkBfWkAAkUgP.jpg\" alt=\"CYIIkBfWkAAkUgP\" width=\"640\" height=\"454\" srcset=\"https:\/\/balcilar-blog.com\/wp-content\/uploads\/2016\/01\/CYIIkBfWkAAkUgP.jpg 640w, https:\/\/balcilar-blog.com\/wp-content\/uploads\/2016\/01\/CYIIkBfWkAAkUgP-300x213.jpg 300w\" sizes=\"auto, (max-width: 640px) 100vw, 640px\" \/><\/p>\n<p><img loading=\"lazy\" decoding=\"async\" class=\"alignnone size-full wp-image-12342\" src=\"http:\/\/balcilar-blog.com\/wp-content\/uploads\/2016\/01\/CYIgGXlUoAEoqnF.jpg\" alt=\"CYIgGXlUoAEoqnF\" width=\"525\" height=\"480\" srcset=\"https:\/\/balcilar-blog.com\/wp-content\/uploads\/2016\/01\/CYIgGXlUoAEoqnF.jpg 525w, https:\/\/balcilar-blog.com\/wp-content\/uploads\/2016\/01\/CYIgGXlUoAEoqnF-300x274.jpg 300w\" sizes=\"auto, (max-width: 525px) 100vw, 525px\" \/><\/p>\n<p><img loading=\"lazy\" decoding=\"async\" class=\"alignnone size-full wp-image-12350\" src=\"http:\/\/balcilar-blog.com\/wp-content\/uploads\/2016\/01\/CYJNw5hWQAEXv67.jpg\" alt=\"CYJNw5hWQAEXv67\" width=\"640\" height=\"447\" srcset=\"https:\/\/balcilar-blog.com\/wp-content\/uploads\/2016\/01\/CYJNw5hWQAEXv67.jpg 640w, https:\/\/balcilar-blog.com\/wp-content\/uploads\/2016\/01\/CYJNw5hWQAEXv67-300x210.jpg 300w\" sizes=\"auto, (max-width: 640px) 100vw, 640px\" \/><\/p>\n<p><img loading=\"lazy\" decoding=\"async\" class=\"alignnone size-full wp-image-12340\" src=\"http:\/\/balcilar-blog.com\/wp-content\/uploads\/2016\/01\/CYJRcrOVAAATqui.jpg\" alt=\"CYJRcrOVAAATqui\" width=\"480\" height=\"480\" srcset=\"https:\/\/balcilar-blog.com\/wp-content\/uploads\/2016\/01\/CYJRcrOVAAATqui.jpg 480w, https:\/\/balcilar-blog.com\/wp-content\/uploads\/2016\/01\/CYJRcrOVAAATqui-150x150.jpg 150w, https:\/\/balcilar-blog.com\/wp-content\/uploads\/2016\/01\/CYJRcrOVAAATqui-300x300.jpg 300w\" sizes=\"auto, (max-width: 480px) 100vw, 480px\" \/><\/p>\n<p><img loading=\"lazy\" decoding=\"async\" class=\"alignnone size-full wp-image-12349\" src=\"http:\/\/balcilar-blog.com\/wp-content\/uploads\/2016\/01\/CYIz30lWkAEv_QO.jpg\" alt=\"CYIz30lWkAEv_QO\" width=\"480\" height=\"480\" srcset=\"https:\/\/balcilar-blog.com\/wp-content\/uploads\/2016\/01\/CYIz30lWkAEv_QO.jpg 480w, https:\/\/balcilar-blog.com\/wp-content\/uploads\/2016\/01\/CYIz30lWkAEv_QO-150x150.jpg 150w, https:\/\/balcilar-blog.com\/wp-content\/uploads\/2016\/01\/CYIz30lWkAEv_QO-300x300.jpg 300w\" sizes=\"auto, (max-width: 480px) 100vw, 480px\" \/><\/p>\n<p>\u00c7a\u011fatay Ulusoy&#8217;un yorgun g\u00f6r\u00fcnt\u00fcs\u00fcnden baz\u0131 fanlar\u0131n\u0131n onun hasta oldu\u011funu s\u00f6yleseler de, \u00a0\u00c7a\u011fatay kendisine g\u00f6sterilen ilgiden son derece memnun oldu\u011fu g\u00f6zleniyordu. Ayr\u0131ca filme g\u00f6sterilen olumlu tepkilerden de son derece memnun oldu.<\/p>\n<p><img loading=\"lazy\" decoding=\"async\" class=\"alignnone size-full wp-image-12346\" src=\"http:\/\/balcilar-blog.com\/wp-content\/uploads\/2016\/01\/CYIVg5oWcAAUdr1.jpg\" alt=\"CYIVg5oWcAAUdr1\" width=\"640\" height=\"480\" srcset=\"https:\/\/balcilar-blog.com\/wp-content\/uploads\/2016\/01\/CYIVg5oWcAAUdr1.jpg 640w, https:\/\/balcilar-blog.com\/wp-content\/uploads\/2016\/01\/CYIVg5oWcAAUdr1-300x225.jpg 300w\" sizes=\"auto, (max-width: 640px) 100vw, 640px\" \/><\/p>\n<p>Bak\u00fc galas\u0131 da bitti. Ekip \u0130stanbul&#8217;a d\u00f6nd\u00fc. \u00c7a\u011fatay Ulusoy bir m\u00fcddet dinlenip, yorgunlu\u011funu att\u0131ktan sonra belki de yurt i\u00e7inde birka\u00e7 \u015fehrimizde de gala gecelerine kat\u0131labilir. Daha sonra da \u015eubat ay\u0131 i\u00e7inde reklam film \u00e7ekimlerine haz\u0131rlanacak. Hangi firman\u0131n, ya da \u00fcr\u00fcn\u00fcn reklam y\u00fcz\u00fc olaca\u011f\u0131 sevenleri taraf\u0131ndan merakla bekleniyor. \u0130majda de\u011fi\u015fiklik olur mu? Tan\u0131t\u0131m\u0131n\u0131 yapaca\u011f\u0131 \u00fcr\u00fcne g\u00f6re ben imaj de\u011fi\u015fikli\u011fi bekliyorum. Sa\u00e7lar k\u0131salabilir, sakal kesilip, sakall\u0131 \u00a0hal Delibal filmde de \u00a0kalabilir. Bekleyip g\u00f6rece\u011fiz.<\/p>\n<p>Delibal sinema filmi \u00c7a\u011fatay Ulusoy&#8217;un vizyonunu geli\u015ftirdi. Oyunculuktaki \u00fcst\u00fcn ba\u015far\u0131s\u0131 kendine g\u00fcvenini artt\u0131rd\u0131. O art\u0131k dizilerin aranan adam\u0131 durumunda. Sevenleri Eyl\u00fcl 2016&#8217;\u0131 \u015fimdiden iple \u00e7ekmeye ba\u015flad\u0131.<\/p>\n<p><span style=\"color: #0000ff;\"><strong>Delibal<\/strong><\/span>&#8216;\u0131n 2 haftada 695 bin gi\u015fe yapm\u0131\u015f. \u00a0Filme olan ilgi artarak devam ediyor. \u00c7ok daha iyi yerlere gelecektir.<\/p>\n<p>\u0130yi Seyirler.<\/p>\n<p>Sayg\u0131lar ve sevgiler.<\/p>\n<p>Abdurrahman Balc\u0131lar<\/p>\n<p>Twitter: abdurrahman balc\u0131lar@abbalcilar<\/p>\n<p>Mail : <a href=\"mailto:ab.balcilar@hotmail.com\">ab.balcilar@hotmail.com<\/a><\/p>\n<p>Blog:\u00a0<a href=\"http:\/\/t.co\/znqmIZgIqn\">blog.milliyet.com.tr\/cansever<\/a><\/p>\n<p>Blog:\u00a0<strong>balcilar<\/strong>&#8211;<strong>blog.com<\/strong><\/p>\n<p>&nbsp;<\/p>\n<p>Not: G\u00f6rseller \u00c7a\u011fatay Ulusoy Twitter sayfas\u0131ndan al\u0131nm\u0131\u015ft\u0131r.<\/p>\n<p>&nbsp;<\/p>\n<p>&nbsp;<\/p>\n<p>&nbsp;<\/p>\n","protected":false},"excerpt":{"rendered":"<p>Delibal ekibi Almanya&#8217;dan sonra yurt d\u0131\u015f\u0131 gala gecelerinden ikincisini Azerbaycan Bak\u00fc\u00a0Nizami Cinema Center&#8217;da yapt\u0131. \u0130stanbul&#8217;dan Bak\u00fc&#8217;ye u\u00e7an ekip, 7 Ocak Per\u015fembe ak\u015fam\u0131 T\u00fcrkiye saati ile 17,30&#8217;da sinemaseverlerle bulu\u015ftular. Geceye \u00c7a\u011fatay Ulusoy, Leyla Lydia Tu\u011futlu ve y\u00f6netmen Ali Bilgin kat\u0131ld\u0131. Tv spikeri Azeri \u015fivesiyle, \u00a0\u00c7a\u011fatay i\u00e7in T\u00fcrkiye&#8217;nin me\u015fhur akt\u00f6r\u00fc \u00c7a\u011fatay Ulusoy Bak\u00fc&#8217;ye gelip, sevimli akt\u00f6r ba\u015f [&hellip;]<\/p>\n","protected":false},"author":3,"featured_media":0,"comment_status":"open","ping_status":"open","sticky":false,"template":"","format":"standard","meta":{"footnotes":""},"categories":[10],"tags":[31,983,984,15,752,985],"class_list":["post-12333","post","type-post","status-publish","format-standard","hentry","category-sinema","tag-ali-bilgin","tag-azerbaycan","tag-baku","tag-cagatay-ulusoy","tag-delibal","tag-leyla-leydia-tugutlu"],"views":5148,"blog_post_layout_featured_media_urls":{"thumbnail":"","full":""},"categories_names":{"10":{"name":"Sinema","link":"https:\/\/balcilar-blog.com\/?cat=10"}},"tags_names":{"31":{"name":"Ali Bilgin","link":"https:\/\/balcilar-blog.com\/?tag=ali-bilgin"},"983":{"name":"Azerbaycan","link":"https:\/\/balcilar-blog.com\/?tag=azerbaycan"},"984":{"name":"Bak\u00fc","link":"https:\/\/balcilar-blog.com\/?tag=baku"},"15":{"name":"\u00e7a\u011fatay ulusoy","link":"https:\/\/balcilar-blog.com\/?tag=cagatay-ulusoy"},"752":{"name":"Delibal","link":"https:\/\/balcilar-blog.com\/?tag=delibal"},"985":{"name":"Leyla Leydia Tu\u011futlu","link":"https:\/\/balcilar-blog.com\/?tag=leyla-leydia-tugutlu"}},"comments_number":"0","wpmagazine_modules_lite_featured_media_urls":{"thumbnail":"","cvmm-medium":"","cvmm-medium-plus":"","cvmm-portrait":"","cvmm-medium-square":"","cvmm-large":"","cvmm-small":"","full":""},"_links":{"self":[{"href":"https:\/\/balcilar-blog.com\/index.php?rest_route=\/wp\/v2\/posts\/12333","targetHints":{"allow":["GET"]}}],"collection":[{"href":"https:\/\/balcilar-blog.com\/index.php?rest_route=\/wp\/v2\/posts"}],"about":[{"href":"https:\/\/balcilar-blog.com\/index.php?rest_route=\/wp\/v2\/types\/post"}],"author":[{"embeddable":true,"href":"https:\/\/balcilar-blog.com\/index.php?rest_route=\/wp\/v2\/users\/3"}],"replies":[{"embeddable":true,"href":"https:\/\/balcilar-blog.com\/index.php?rest_route=%2Fwp%2Fv2%2Fcomments&post=12333"}],"version-history":[{"count":5,"href":"https:\/\/balcilar-blog.com\/index.php?rest_route=\/wp\/v2\/posts\/12333\/revisions"}],"predecessor-version":[{"id":12372,"href":"https:\/\/balcilar-blog.com\/index.php?rest_route=\/wp\/v2\/posts\/12333\/revisions\/12372"}],"wp:attachment":[{"href":"https:\/\/balcilar-blog.com\/index.php?rest_route=%2Fwp%2Fv2%2Fmedia&parent=12333"}],"wp:term":[{"taxonomy":"category","embeddable":true,"href":"https:\/\/balcilar-blog.com\/index.php?rest_route=%2Fwp%2Fv2%2Fcategories&post=12333"},{"taxonomy":"post_tag","embeddable":true,"href":"https:\/\/balcilar-blog.com\/index.php?rest_route=%2Fwp%2Fv2%2Ftags&post=12333"}],"curies":[{"name":"wp","href":"https:\/\/api.w.org\/{rel}","templated":true}]}}