{"id":12322,"date":"2016-01-08T19:03:56","date_gmt":"2016-01-08T17:03:56","guid":{"rendered":"http:\/\/balcilar-blog.com\/?p=12322"},"modified":"2016-01-09T22:04:09","modified_gmt":"2016-01-09T20:04:09","slug":"sezen-aksudan-delibala-ozel-sarki-ben-oyle-birini-sevdim-ki","status":"publish","type":"post","link":"https:\/\/balcilar-blog.com\/?p=12322","title":{"rendered":"Sezen Aksu&#8217;dan &#8216;Delibal&#8217;a \u00d6zel \u015eark\u0131: &#8220;Ben \u00d6yle Birini Sevdim ki&#8221;"},"content":{"rendered":"<p class=\"ecxMsoNormal\" align=\"center\"><img loading=\"lazy\" decoding=\"async\" class=\"alignnone size-full wp-image-12325\" src=\"http:\/\/balcilar-blog.com\/wp-content\/uploads\/2016\/01\/cats-sezen.jpg\" alt=\"cats sezen\" width=\"680\" height=\"394\" srcset=\"https:\/\/balcilar-blog.com\/wp-content\/uploads\/2016\/01\/cats-sezen.jpg 680w, https:\/\/balcilar-blog.com\/wp-content\/uploads\/2016\/01\/cats-sezen-300x174.jpg 300w\" sizes=\"auto, (max-width: 680px) 100vw, 680px\" \/><\/p>\n<p class=\"ecxMsoNormal\" align=\"center\"><b>Ay Yap\u0131m imzal\u0131, ba\u015frollerini \u00c7a\u011fatay Ulusoy ve Leyla Lydia Tu\u011futlu&#8217;nun payla\u015ft\u0131\u011f\u0131 y\u0131l\u0131n en g\u00fczel a\u015fk filmi &#8220;Delibal&#8221; i\u00e7in Sezen Aksu &#8220;Ben \u00d6yle Birini Sevdim ki&#8221; adl\u0131 duygusal \u015fark\u0131y\u0131 ilk kez yorumlad\u0131. <\/b><\/p>\n<p class=\"ecxMsoNormal\" align=\"center\"><b>\u00a0<\/b><\/p>\n<p class=\"ecxMsoNormal\" align=\"center\"><b>Filmin a\u015fk dolu sahnelerinden ve kamera arkas\u0131 g\u00f6r\u00fcnt\u00fclerinden haz\u0131rlanan \u00f6zel klip (8 Ocak Cuma) izleyiciyle bulu\u015ftu.<\/b><\/p>\n<p class=\"ecxMsoNormal\" align=\"center\">Ayn\u0131 \u00fcniversitede okuyan Bar\u0131\u015f ve F\u00fcsun&#8217;un masallar\u0131 aratmayan b\u00fcy\u00fck a\u015fklar\u0131n\u0131 sars\u0131c\u0131 ve ezber bozan bir dille beyaz perdeye ta\u015f\u0131yan filmde yer alan \u015fark\u0131 izleyenleri g\u00f6zya\u015flar\u0131na bo\u011fuyor.<\/p>\n<p class=\"ecxMsoNormal\" align=\"center\"><img loading=\"lazy\" decoding=\"async\" class=\"alignnone size-full wp-image-12326\" src=\"http:\/\/balcilar-blog.com\/wp-content\/uploads\/2016\/01\/CYNdcwTWYAEbjCf.jpg\" alt=\"CYNdcwTWYAEbjCf\" width=\"640\" height=\"416\" srcset=\"https:\/\/balcilar-blog.com\/wp-content\/uploads\/2016\/01\/CYNdcwTWYAEbjCf.jpg 640w, https:\/\/balcilar-blog.com\/wp-content\/uploads\/2016\/01\/CYNdcwTWYAEbjCf-300x195.jpg 300w\" sizes=\"auto, (max-width: 640px) 100vw, 640px\" \/><\/p>\n<p class=\"ecxMsoNormal\" align=\"center\">\u00c7ok duygulu bir yap\u0131ya sahip olan Bar\u0131\u015f Ayaz g\u00f6zya\u015flar\u0131n\u0131 tutamaz.<\/p>\n<p class=\"ecxMsoNormal\" align=\"center\"><img loading=\"lazy\" decoding=\"async\" class=\"alignnone size-full wp-image-12327\" src=\"http:\/\/balcilar-blog.com\/wp-content\/uploads\/2016\/01\/CYNccupWkAIyZI7.jpg\" alt=\"CYNccupWkAIyZI7\" width=\"640\" height=\"423\" srcset=\"https:\/\/balcilar-blog.com\/wp-content\/uploads\/2016\/01\/CYNccupWkAIyZI7.jpg 640w, https:\/\/balcilar-blog.com\/wp-content\/uploads\/2016\/01\/CYNccupWkAIyZI7-300x198.jpg 300w\" sizes=\"auto, (max-width: 640px) 100vw, 640px\" \/><\/p>\n<p class=\"ecxMsoNormal\" align=\"center\">Bar\u0131\u015f&#8217;a s\u0131r\u0131ls\u0131klam a\u015f\u0131k olan F\u00fcsun&#8217;un da durumu farkl\u0131 de\u011fildir. Bar\u0131\u015f&#8217;\u0131 \u00e7ok sever.<\/p>\n<p class=\"ecxMsoNormal\" align=\"center\"><img loading=\"lazy\" decoding=\"async\" class=\"alignnone size-full wp-image-12135\" src=\"http:\/\/balcilar-blog.com\/wp-content\/uploads\/2015\/12\/Bar\u0131\u015f-F\u00fcsun-mutlu-g\u00fcnler.jpg\" alt=\"Bar\u0131\u015f -F\u00fcsun mutlu g\u00fcnler\" width=\"640\" height=\"439\" srcset=\"https:\/\/balcilar-blog.com\/wp-content\/uploads\/2015\/12\/Bar\u0131\u015f-F\u00fcsun-mutlu-g\u00fcnler.jpg 640w, https:\/\/balcilar-blog.com\/wp-content\/uploads\/2015\/12\/Bar\u0131\u015f-F\u00fcsun-mutlu-g\u00fcnler-300x206.jpg 300w\" sizes=\"auto, (max-width: 640px) 100vw, 640px\" \/><\/p>\n<p class=\"ecxMsoNormal\" align=\"center\">S\u00f6z ve m\u00fczi\u011fi Sezen Aksu&#8217;ya, d\u00fczenlemesi ise Ozan Bayra\u015fa&#8217;ya ait olan &#8220;Ben \u00d6yle Birini Sevdim ki&#8221; adl\u0131 \u015fark\u0131y\u0131 2014 y\u0131l\u0131nda Sertab Erener seslendirmi\u015fti.<\/p>\n<p class=\"ecxMsoNormal\" align=\"center\"><strong>\u015eark\u0131n\u0131n s\u00f6zleri:<\/strong><\/p>\n<p>Ben \u00f6yle birini sevdim ki<br \/>\nSonu bir zehiri vard\u0131<br \/>\nSevdi\u011fimin \u00fcst\u00fcnde<br \/>\n\u00d6l\u00fcm\u00fcm ba\u015flad\u0131\u2026<\/p>\n<p>\u00d6fkeli h\u0131r\u00e7\u0131n kavgac\u0131<br \/>\nIs\u0131rgan ve edepsiz a\u011fz\u0131<br \/>\nGeceler kadar karanl\u0131k<br \/>\nG\u00f6zleri vard\u0131\u2026<\/p>\n<p>\u00d6yle uzak iki tutsak<br \/>\nSevi\u015firken a\u011flard\u0131k<br \/>\nU\u00e7tan uca su\u00e7tan su\u00e7a<br \/>\nSeve seve yuvarland\u0131k<\/p>\n<p>Ben \u00f6yle birini sevdim ki<br \/>\nBal\u0131 ve zehiri vard\u0131<br \/>\nYara bere i\u00e7indeydi hala<br \/>\nCesarete tapard\u0131.<\/p>\n<p>\u00d6fkeli h\u0131r\u00e7\u0131n kavgac\u0131<br \/>\nIs\u0131rgan ve edepsiz a\u011fz\u0131<br \/>\nGeceler kadar karanl\u0131k<br \/>\nG\u00f6zleri vard\u0131.<\/p>\n<p>\u00d6yle uzak iki tutsak<br \/>\nSevi\u015firken a\u011flard\u0131k<br \/>\nU\u00e7tan uca su\u00e7tan su\u00e7a<br \/>\nSeve seve yuvarland\u0131k.<\/p>\n<p>Ben \u00f6yle birini sevdim ki<br \/>\nBi nevi intihard\u0131\u2026<\/p>\n<p style=\"margin: 0cm; margin-bottom: .0001pt;\"><span style=\"font-size: 16.5pt; font-family: 'Arial','sans-serif'; color: #0e0d26; letter-spacing: .1pt;\">\u00a0<\/span><\/p>\n<p class=\"ecxMsoNormal\" align=\"center\"><strong>Sezen Aksu&#8217;nun duygulu sesi ve yorumu ile i\u015fte o \u015fark\u0131:<\/strong><\/p>\n<p class=\"ecxMsoNormal\" align=\"center\"><b>Ben \u00d6yle Birini Sevdim ki youtube link: <u><a href=\"https:\/\/www.youtube.com\/watch?v=e5XFqTbH2ZQ\" target=\"_blank\">https:\/\/www.youtube.com\/watch?v=e5XFqTbH2ZQ<\/a><\/u><\/b><\/p>\n<p><iframe loading=\"lazy\" title=\"Delibal | Sezen Aksu - Ben \u00d6yle Birini Sevdim Ki\" width=\"640\" height=\"360\" src=\"https:\/\/www.youtube.com\/embed\/e5XFqTbH2ZQ?feature=oembed\" frameborder=\"0\" allow=\"accelerometer; autoplay; clipboard-write; encrypted-media; gyroscope; picture-in-picture; web-share\" referrerpolicy=\"strict-origin-when-cross-origin\" allowfullscreen><\/iframe><\/p>\n<p>Sayg\u0131lar ve sevgiler.<\/p>\n<p>Abdurrahman Balc\u0131lar<\/p>\n<p>Twitter: abdurrahman balc\u0131lar@abbalcilar<\/p>\n<p>Mail : <a href=\"mailto:ab.balcilar@hotmail.com\">ab.balcilar@hotmail.com<\/a><\/p>\n<p>Blog:\u00a0<a href=\"http:\/\/t.co\/znqmIZgIqn\">blog.milliyet.com.tr\/cansever<\/a><\/p>\n<p>Blog:\u00a0<strong>balcilar<\/strong>&#8211;<strong>blog.com<\/strong><\/p>\n<p>Not: Ay Yap\u0131m &#8211; Persona Sanat Bas\u0131n B\u00fclteni.<\/p>\n","protected":false},"excerpt":{"rendered":"<p>Ay Yap\u0131m imzal\u0131, ba\u015frollerini \u00c7a\u011fatay Ulusoy ve Leyla Lydia Tu\u011futlu&#8217;nun payla\u015ft\u0131\u011f\u0131 y\u0131l\u0131n en g\u00fczel a\u015fk filmi &#8220;Delibal&#8221; i\u00e7in Sezen Aksu &#8220;Ben \u00d6yle Birini Sevdim ki&#8221; adl\u0131 duygusal \u015fark\u0131y\u0131 ilk kez yorumlad\u0131. \u00a0 Filmin a\u015fk dolu sahnelerinden ve kamera arkas\u0131 g\u00f6r\u00fcnt\u00fclerinden haz\u0131rlanan \u00f6zel klip (8 Ocak Cuma) izleyiciyle bulu\u015ftu. Ayn\u0131 \u00fcniversitede okuyan Bar\u0131\u015f ve F\u00fcsun&#8217;un masallar\u0131 [&hellip;]<\/p>\n","protected":false},"author":3,"featured_media":0,"comment_status":"open","ping_status":"open","sticky":false,"template":"","format":"standard","meta":{"footnotes":""},"categories":[320],"tags":[15,752,745,944,982,237],"class_list":["post-12322","post","type-post","status-publish","format-standard","hentry","category-muzik","tag-cagatay-ulusoy","tag-delibal","tag-leyla-lydia-tugutlu","tag-ozan-bayrasa","tag-sertab-erener","tag-sezen-aksu"],"views":6284,"blog_post_layout_featured_media_urls":{"thumbnail":"","full":""},"categories_names":{"320":{"name":"M\u00fczik","link":"https:\/\/balcilar-blog.com\/?cat=320"}},"tags_names":{"15":{"name":"\u00e7a\u011fatay ulusoy","link":"https:\/\/balcilar-blog.com\/?tag=cagatay-ulusoy"},"752":{"name":"Delibal","link":"https:\/\/balcilar-blog.com\/?tag=delibal"},"745":{"name":"Leyla Lydia Tu\u011futlu","link":"https:\/\/balcilar-blog.com\/?tag=leyla-lydia-tugutlu"},"944":{"name":"Ozan Bayra\u015fa","link":"https:\/\/balcilar-blog.com\/?tag=ozan-bayrasa"},"982":{"name":"Sertab Erener","link":"https:\/\/balcilar-blog.com\/?tag=sertab-erener"},"237":{"name":"Sezen Aksu","link":"https:\/\/balcilar-blog.com\/?tag=sezen-aksu"}},"comments_number":"0","wpmagazine_modules_lite_featured_media_urls":{"thumbnail":"","cvmm-medium":"","cvmm-medium-plus":"","cvmm-portrait":"","cvmm-medium-square":"","cvmm-large":"","cvmm-small":"","full":""},"_links":{"self":[{"href":"https:\/\/balcilar-blog.com\/index.php?rest_route=\/wp\/v2\/posts\/12322","targetHints":{"allow":["GET"]}}],"collection":[{"href":"https:\/\/balcilar-blog.com\/index.php?rest_route=\/wp\/v2\/posts"}],"about":[{"href":"https:\/\/balcilar-blog.com\/index.php?rest_route=\/wp\/v2\/types\/post"}],"author":[{"embeddable":true,"href":"https:\/\/balcilar-blog.com\/index.php?rest_route=\/wp\/v2\/users\/3"}],"replies":[{"embeddable":true,"href":"https:\/\/balcilar-blog.com\/index.php?rest_route=%2Fwp%2Fv2%2Fcomments&post=12322"}],"version-history":[{"count":6,"href":"https:\/\/balcilar-blog.com\/index.php?rest_route=\/wp\/v2\/posts\/12322\/revisions"}],"predecessor-version":[{"id":12354,"href":"https:\/\/balcilar-blog.com\/index.php?rest_route=\/wp\/v2\/posts\/12322\/revisions\/12354"}],"wp:attachment":[{"href":"https:\/\/balcilar-blog.com\/index.php?rest_route=%2Fwp%2Fv2%2Fmedia&parent=12322"}],"wp:term":[{"taxonomy":"category","embeddable":true,"href":"https:\/\/balcilar-blog.com\/index.php?rest_route=%2Fwp%2Fv2%2Fcategories&post=12322"},{"taxonomy":"post_tag","embeddable":true,"href":"https:\/\/balcilar-blog.com\/index.php?rest_route=%2Fwp%2Fv2%2Ftags&post=12322"}],"curies":[{"name":"wp","href":"https:\/\/api.w.org\/{rel}","templated":true}]}}