{"id":123,"date":"2014-02-17T23:46:58","date_gmt":"2014-02-17T21:46:58","guid":{"rendered":"http:\/\/balcilar-blog.com\/?p=123"},"modified":"2014-03-13T22:24:22","modified_gmt":"2014-03-13T20:24:22","slug":"cagatay-ulusoy-serenay-sarikaya-saklaban-bunlar-ya","status":"publish","type":"post","link":"https:\/\/balcilar-blog.com\/?p=123","title":{"rendered":"\u00c7a\u011fatay Ulusoy &#038; Serenay Sar\u0131kaya \/ \u015eaklaban bunlar ya&#8230;"},"content":{"rendered":"<p>Kategori<a href=\"http:\/\/blog.milliyet.com.tr\/magazin\/Kategori\/?KategoriNo=312\"><strong>Magazin<\/strong><\/a><\/p>\n<p>&nbsp;<\/p>\n<div>\n<div><img loading=\"lazy\" decoding=\"async\" alt=\"\u00c7a\u011fatay Ulusoy &amp; Serenay Sar\u0131kaya \/ \u015eaklaban bunlar ya...\" src=\"http:\/\/iblog.milliyet.com.tr\/imgroot\/blogv7\/Blog333\/2014\/02\/08\/40\/448027-3-4-3d5f6.jpg\" width=\"333\" height=\"240\" \/><\/p>\n<div><\/div>\n<p>&nbsp;<\/p>\n<\/div>\n<div id=\"BlogDetail\">\n<p>Biraz \u00f6nce Galatasaray &#8211; Eski\u015fehir ma\u00e7\u0131n\u0131 televizyonda izledim, malumunuz Galatasaray ma\u00e7\u0131 3-0 ald\u0131. \u00c7ok g\u00fczel bir ma\u00e7 oldu, \u00e7ok da keyif ald\u0131m. Twitter&#8217; a bir g\u00f6z att\u0131m. <a href=\"http:\/\/blog.milliyet.com.tr\/AramaBlog\/?search=\u00c7a\u011fatay Ulusoy\" rel=\"external nofollow\">\u00c7a\u011fatay Ulusoy<\/a> ve <a href=\"http:\/\/blog.milliyet.com.tr\/AramaBlog\/?search=Serenay Sar\u0131kaya\" rel=\"external nofollow\">Serenay Sar\u0131kaya<\/a>&#8216;n\u0131n Uluda\u011f&#8217;da \u00e7ekilmi\u015f\u00a0foto\u011fraflar\u0131n\u0131 g\u00f6r\u00fcnce g\u00fclmekten kendimi alamad\u0131m. \u015eaklaban bunlar ya, dedim, kendi kendime. Aynen yaramaz \u00e7ocuklar gibiler, siz ne dersiniz?<\/p>\n<p>\u015eu foto\u011frafa bak\u0131p da g\u00fclmeyecek, &#8220;Ne tatl\u0131lar ya&#8230;&#8221; demeyecek kimse tan\u0131m\u0131yorum. Kahveler i\u00e7ilmi\u015f, g\u00fczel bir sohbet an\u0131. <a href=\"http:\/\/blog.milliyet.com.tr\/AramaBlog\/?search=Medcezir\" rel=\"external nofollow\">Medcezir<\/a> dizi \u00e7ekimlerinden bir sahne oldu\u011funu tahmin etmiyorum. Set aras\u0131 bir dinlenme an\u0131 olsa gerek.<\/p>\n<p>G\u00fcn\u00fcn yorgunlu\u011funu atmak, ba\u015f ba\u015fa bir kahve i\u00e7me keyfi bu. A\u011f\u0131zlar a\u00e7\u0131lm\u0131\u015f, diller d\u0131\u015farda. Bu da onlar\u0131n keyifli an\u0131. Hele bir de kahve fallar\u0131n\u0131 bakt\u0131rsalard\u0131, geleceklerini de \u00f6\u011frenirlerdi.\u00a0Bilmem Uluda\u011f&#8217;da falc\u0131 kad\u0131n var m\u0131?<\/p>\n<p>\u00c7a\u011fatay ve Serenay, Medcezir dizisinde \u00e7ok iyi bir ikili olu\u015fturdular. Her ikisi de \u00e7ok tatl\u0131. Zaten yakalad\u0131klar\u0131 bu ahenk onlar\u0131n \u00e7ok sevilmelerine neden oldu. \u00c7a\u011fatay&#8217;\u0131 &#8221;\u00a0<a href=\"http:\/\/blog.milliyet.com.tr\/AramaBlog\/?search=Ad\u0131n\u0131 Feriha Koydum\" rel=\"external nofollow\">Ad\u0131n\u0131 Feriha Koydum<\/a>&#8221; dizisinden herkes biliyor ve tan\u0131yor. Serenay&#8217;\u0131 &#8220;<a href=\"http:\/\/blog.milliyet.com.tr\/AramaBlog\/?search=Lale Devri\" rel=\"external nofollow\">Lale Devri<\/a>&#8221; dizisinden tan\u0131sak da, Medcezir&#8217;deki kadar s\u00fckse yapmam\u0131\u015ft\u0131. \u00c7ok cana yak\u0131n, sempatik ve de dizide \u00e7ok i\u00e7ten oynuyor. \u00c7a\u011fatay&#8217;\u0131n sempatikli\u011fi de bamba\u015fka. Dizi a\u015fk\u0131n\u0131 Mira ile Yaman olarak ya\u015f\u0131yorlar, Ger\u00e7ek hayatta sevgililermi\u015f. Bunu zaten hi\u00e7 kimseden saklama gere\u011fini duymuyorlarm\u0131\u015f.<\/p>\n<p>\u00c7a\u011fatay Ulusoy&#8217;un dil \u00e7\u0131karma huyu \u00e7ocuklu\u011fundan m\u0131 geliyor dersiniz?<\/p>\n<p><a href=\"http:\/\/balcilar-blog.com\/wp-content\/uploads\/2014\/03\/cagatay-ulusoy-kucukluk-foto-10-21a.jpg\"><img loading=\"lazy\" decoding=\"async\" class=\"alignnone size-medium wp-image-454\" alt=\"cagatay ulusoy kucukluk foto (10)-21a\" src=\"http:\/\/balcilar-blog.com\/wp-content\/uploads\/2014\/03\/cagatay-ulusoy-kucukluk-foto-10-21a-300x200.jpg\" width=\"300\" height=\"200\" \/><\/a><\/p>\n<p>Bu foto\u011fraf\u0131n internette t\u0131klanma rekoru k\u0131raca\u011f\u0131n\u0131 tahmin ediyorum. \u015eu g\u00fcnlerde\u00a0Medcezir&#8217;in Sosyal medyada Facebook&#8217;taki hayran say\u0131s\u0131\u00a02 milyonu ge\u00e7mi\u015f. Bu bir rekormu\u015f.<\/p>\n<p><img loading=\"lazy\" decoding=\"async\" alt=\"G\u00f6m\u00fcl\u00fc resim i\u00e7in kal\u0131c\u0131 ba\u011flant\u0131\" src=\"https:\/\/pbs.twimg.com\/media\/Bf9g0XqIcAAEmvh.jpg\" width=\"472\" height=\"472\" \/><\/p>\n<p>Bu tatl\u0131 \u015faklabanlar\u0131n Medcezir dizisinde, Mira &#8211; Yaman a\u015fk\u0131ndaki mutluluklar\u0131, izleyiciyi de keyif veriyor. \u00d6zel hayatlar\u0131 ile ilgili\u00a0pek laf s\u00f6ylemek istemiyorum, kendileri bilirler diyorum.<\/p>\n<p>Ama, g\u00f6r\u00fcnen k\u00f6y k\u0131lavuz istemez.<\/p>\n<p>Haftaya, <a href=\"http:\/\/blog.milliyet.com.tr\/AramaBlog\/?search=Star Tv\" rel=\"external nofollow\">Star Tv<\/a>.de hem de <a href=\"http:\/\/blog.milliyet.com.tr\/AramaBlog\/?search=14 \u015eubat Sevgililer G\u00fcn\u00fc\" rel=\"external nofollow\">14 \u015eubat Sevgililer G\u00fcn\u00fc<\/a>&#8216;nde, 22. b\u00f6l\u00fcm ile ekranlar\u0131m\u0131zda olacaklar. <a href=\"http:\/\/blog.milliyet.com.tr\/AramaBlog\/?search=Ay Yap\u0131m\" rel=\"external nofollow\">Ay Yap\u0131m<\/a>&#8216;\u0131n izleyiciye sevgililer g\u00fcn\u00fc arma\u011fan\u0131 olacak bu b\u00f6l\u00fcm.<\/p>\n<p>Sayg\u0131lar, sevgiler.<\/p>\n<p>Abdurrahman Balc\u0131lar<\/p>\n<p>Twitter: abdurrahman balc\u0131lar@abbalcilar<\/p>\n<p>Mail : <a href=\"mailto:ab.balcilar@hotmail.com\" target=\"_blank\">ab.balcilar@hotmail.com<\/a><\/p>\n<div>\n<p>Blog: milliyet.com.tr\/cansever<\/p>\n<p>Not: G\u00f6rseller internetten, Medcezir resmi Twitter sayfas\u0131ndan al\u0131nm\u0131\u015ft\u0131r.<\/p>\n<\/div>\n<p>&nbsp;<\/p>\n<\/div>\n<\/div>\n","protected":false},"excerpt":{"rendered":"<p>KategoriMagazin &nbsp; &nbsp; Biraz \u00f6nce Galatasaray &#8211; Eski\u015fehir ma\u00e7\u0131n\u0131 televizyonda izledim, malumunuz Galatasaray ma\u00e7\u0131 3-0 ald\u0131. \u00c7ok g\u00fczel bir ma\u00e7 oldu, \u00e7ok da keyif ald\u0131m. Twitter&#8217; a bir g\u00f6z att\u0131m. \u00c7a\u011fatay Ulusoy ve Serenay Sar\u0131kaya&#8216;n\u0131n Uluda\u011f&#8217;da \u00e7ekilmi\u015f\u00a0foto\u011fraflar\u0131n\u0131 g\u00f6r\u00fcnce g\u00fclmekten kendimi alamad\u0131m. \u015eaklaban bunlar ya, dedim, kendi kendime. Aynen yaramaz \u00e7ocuklar gibiler, siz ne dersiniz? \u015eu [&hellip;]<\/p>\n","protected":false},"author":3,"featured_media":0,"comment_status":"open","ping_status":"open","sticky":false,"template":"","format":"standard","meta":{"footnotes":""},"categories":[7],"tags":[42,15,43,16,27],"class_list":["post-123","post","type-post","status-publish","format-standard","hentry","category-magazin","tag-adini-feriha-koydum","tag-cagatay-ulusoy","tag-lale-devri","tag-medcezir","tag-serenay-sarikaya"],"views":4635,"blog_post_layout_featured_media_urls":{"thumbnail":"","full":""},"categories_names":{"7":{"name":"Magazin","link":"https:\/\/balcilar-blog.com\/?cat=7"}},"tags_names":{"42":{"name":"Ad\u0131n\u0131 Feriha Koydum","link":"https:\/\/balcilar-blog.com\/?tag=adini-feriha-koydum"},"15":{"name":"\u00e7a\u011fatay ulusoy","link":"https:\/\/balcilar-blog.com\/?tag=cagatay-ulusoy"},"43":{"name":"Lale Devri","link":"https:\/\/balcilar-blog.com\/?tag=lale-devri"},"16":{"name":"medcezir","link":"https:\/\/balcilar-blog.com\/?tag=medcezir"},"27":{"name":"Serenay Sar\u0131kaya","link":"https:\/\/balcilar-blog.com\/?tag=serenay-sarikaya"}},"comments_number":"0","wpmagazine_modules_lite_featured_media_urls":{"thumbnail":"","cvmm-medium":"","cvmm-medium-plus":"","cvmm-portrait":"","cvmm-medium-square":"","cvmm-large":"","cvmm-small":"","full":""},"_links":{"self":[{"href":"https:\/\/balcilar-blog.com\/index.php?rest_route=\/wp\/v2\/posts\/123","targetHints":{"allow":["GET"]}}],"collection":[{"href":"https:\/\/balcilar-blog.com\/index.php?rest_route=\/wp\/v2\/posts"}],"about":[{"href":"https:\/\/balcilar-blog.com\/index.php?rest_route=\/wp\/v2\/types\/post"}],"author":[{"embeddable":true,"href":"https:\/\/balcilar-blog.com\/index.php?rest_route=\/wp\/v2\/users\/3"}],"replies":[{"embeddable":true,"href":"https:\/\/balcilar-blog.com\/index.php?rest_route=%2Fwp%2Fv2%2Fcomments&post=123"}],"version-history":[{"count":3,"href":"https:\/\/balcilar-blog.com\/index.php?rest_route=\/wp\/v2\/posts\/123\/revisions"}],"predecessor-version":[{"id":455,"href":"https:\/\/balcilar-blog.com\/index.php?rest_route=\/wp\/v2\/posts\/123\/revisions\/455"}],"wp:attachment":[{"href":"https:\/\/balcilar-blog.com\/index.php?rest_route=%2Fwp%2Fv2%2Fmedia&parent=123"}],"wp:term":[{"taxonomy":"category","embeddable":true,"href":"https:\/\/balcilar-blog.com\/index.php?rest_route=%2Fwp%2Fv2%2Fcategories&post=123"},{"taxonomy":"post_tag","embeddable":true,"href":"https:\/\/balcilar-blog.com\/index.php?rest_route=%2Fwp%2Fv2%2Ftags&post=123"}],"curies":[{"name":"wp","href":"https:\/\/api.w.org\/{rel}","templated":true}]}}