{"id":12289,"date":"2016-01-06T15:32:36","date_gmt":"2016-01-06T13:32:36","guid":{"rendered":"http:\/\/balcilar-blog.com\/?p=12289"},"modified":"2016-01-06T15:32:36","modified_gmt":"2016-01-06T13:32:36","slug":"gecen-haftanin-28-aralik-03-ocak-2016-en-cok-izlenen-dizileri","status":"publish","type":"post","link":"https:\/\/balcilar-blog.com\/?p=12289","title":{"rendered":"Ge\u00e7en Haftan\u0131n (28 Aral\u0131k &#8211; 03 Ocak 2016) en \u00e7ok izlenen dizileri!"},"content":{"rendered":"<p><img loading=\"lazy\" decoding=\"async\" class=\"alignnone size-full wp-image-12296\" src=\"http:\/\/balcilar-blog.com\/wp-content\/uploads\/2016\/01\/cats-6-ocak.jpg\" alt=\"cats 6 ocak\" width=\"640\" height=\"431\" srcset=\"https:\/\/balcilar-blog.com\/wp-content\/uploads\/2016\/01\/cats-6-ocak.jpg 640w, https:\/\/balcilar-blog.com\/wp-content\/uploads\/2016\/01\/cats-6-ocak-300x202.jpg 300w\" sizes=\"auto, (max-width: 640px) 100vw, 640px\" \/><\/p>\n<p><span style=\"color: #000000;\"><strong>TNS \u00f6l\u00e7\u00fcmleri<\/strong><\/span>ne g\u00f6re haz\u0131rlad\u0131\u011f\u0131m 28 Aral\u0131k &#8211; 03 Ocak 2016 Tarihleri aras\u0131nda ekranlar\u0131m\u0131za gelen, Total\u2019de ve AB\u2019de ilk ona giren, <strong><span style=\"color: #ff0000;\"><span style=\"color: #000000;\">haftan\u0131n dizi karnes<\/span><\/span><span style=\"color: #000000;\">i<\/span><\/strong>ni a\u015fa\u011f\u0131da bilgilerinize sunuyorum.<\/p>\n<p>Her hafta\u00a0<span style=\"color: #000000;\"><strong>Dirili\u015f Ertu\u011frul <\/strong><\/span>y\u00fcksek reyting puanlar\u0131 ile rekor k\u0131r\u0131yor.\u00a0Total&#8217;de 9,20, AB&#8217;de 13,12 puan ald\u0131. Total&#8217;de ilk ona giren dizilerde 10.s\u0131rada yer alan Kaderimin Yaz\u0131ld\u0131\u011f\u0131 G\u00fcn 5,90 reyting puan\u0131 alm\u0131\u015ft\u0131r. Ancak Kaderimin Yaz\u0131ld\u0131\u011f\u0131 G\u00fcn dizisi 50.B\u00f6l\u00fcm\u00fc ile final yapt\u0131 ve ekranlara veda etti. AB&#8217;de, en d\u00fc\u015f\u00fck de 4,83 ile O Hayat Benim ilk 10&#8217;a girmi\u015ftir.<\/p>\n<p>Bu hafta y\u0131lba\u015f\u0131n\u0131n hafta ortas\u0131na gelmesi ve sonras\u0131nda 3 g\u00fcn tatil olmas\u0131 baz\u0131 dizilerin yeni b\u00f6l\u00fcmleri \u00e7ekilemedi\u011fi i\u00e7in yay\u0131nlanmad\u0131. Y\u0131lba\u015f\u0131 ak\u015fam\u0131na denk gelen, Muhte\u015fem Y\u00fczy\u0131l K\u00f6sem Sutan, Kurtlar Vadisi Pusu ve y\u0131lba\u015f\u0131n\u0131n ilk g\u00fcn\u00fc Cuma ak\u015fam\u0131 yay\u0131nlanan Kiral\u0131k A\u015fk dizisi de yay\u0131nlanmad\u0131. Cumartesi ak\u015fam\u0131 yay\u0131nlanan G\u00fcllerin Sava\u015f\u0131&#8217;n\u0131n da yeni b\u00f6l\u00fcm yay\u0131nlanmad\u0131.<\/p>\n<p>Yeni y\u0131l 2016 girdik. Yeni y\u0131lla birlikte kanallar yepyeni dizilerle kar\u015f\u0131m\u0131za \u00e7\u0131k\u0131yor. Star Tv&#8217;den Meryem Uzerli ve Murat Y\u0131ld\u0131r\u0131m&#8217;\u0131n Gecenin Krali\u00e7esi. Atv Kehribar, Fox Tv&#8217;den romantik komedi dizisi \u0130kisi De Nikahl\u0131m. Kanal D, Hayat \u015eerk\u0131lar\u0131 \u00a0Star Tv, G\u00f6\u00e7 Zaman\u0131,Fox Tv&#8217;den bir iddial\u0131 bir dizi K\u00f6rd\u00fc\u011f\u00fcm, Show Tv, \u015e\u00fckr\u00fc \u00d6zy\u0131ld\u0131z ve Asl\u0131 Enver&#8217;in K\u0131\u015f G\u00fcne\u015fi, TRT1 \u0130lhan \u015ee\u015fen&#8217;nin A\u015fk Yalan\u0131\u00a0Sever hemen g\u00f6ze batan diziler oluyor.\u00a0Eski dizilerden de reytingleri d\u00fc\u015f\u00fck olan diziler, yeni dizilere yer a\u00e7mak i\u00e7in yay\u0131ndan kalk\u0131yor. \u00d6zcan Deniz&#8217;in Kaderimin Yza\u0131ld\u0131\u011f\u0131 G\u00fcn Sal\u0131 gecesi Gecenin Krali\u00e7esi i\u00e7in final yapmak zorunda kald\u0131.<\/p>\n<p><strong>Reyting Nedir?<\/strong><strong>\u00a0<\/strong><strong><br \/>\n<\/strong>Reyting, izleyici tercihlerine g\u00f6re ortaya \u00e7\u0131kan izlenme pay\u0131n\u0131n kanallara ve programlara payla\u015ft\u0131r\u0131lmas\u0131 ile olu\u015fan de\u011ferlendirmedir. Reyting de\u011ferlendirmesi kanallar ve reklam \u015firketleri ad\u0131na TNS taraf\u0131ndan ger\u00e7ekle\u015ftirilir. \u00d6l\u00e7me i\u015flemi yakla\u015f\u0131k 2200 haneye yerle\u015ftirilen ve gizli tutulan reyting \u00f6l\u00e7me cihazlar\u0131 ile elde edilir. Reyting sonu\u00e7lar\u0131, t\u00fcm g\u00fcn boyunca izlenen programlar\u0131n listelenmesine imkan verir.<\/p>\n<p>Bu hafta en \u00e7ok izlenen ilk ona giren dizlere g\u00f6z atal\u0131m.\u00a0Bu s\u0131ralama sadece dizilerin reytingler y\u00fczdesine g\u00f6re en \u00e7ok izlenen dizilerin ilk 10\u2019da yer alanlar\u0131n\u0131 s\u0131ralamaya koyuyorum. Yar\u0131\u015fma, e\u011flence ve haber programlar\u0131 y\u00fczdeleri y\u00fcksek olsa da bu s\u0131ralamaya koymuyorum. Bu sadece dizilerin yar\u0131\u015f\u0131d\u0131r, en \u00e7ok izlenen dizilerin s\u0131ralamas\u0131d\u0131r. Bir nevi dizilerin karnesidir.<\/p>\n<p><strong>Ge\u00e7en Haftan\u0131n En \u00c7ok \u0130zlenen Dizileri:<\/strong><\/p>\n<p><strong>Total ilk 10:<\/strong><\/p>\n<p>1.Karag\u00fcl 102.B\u00f6l\u00fcm (Fox Tv)&#8230;&#8230;&#8230;&#8230;&#8230;&#8230;&#8230;&#8230;&#8230;&#8230;&#8230;&#8230;..10,38 &#8211; 24,20<\/p>\n<p>2.\u0130li\u015fki Durumu Kar\u0131\u015f\u0131k 25.B\u00f6l\u00fcm (Show Tv)&#8230;&#8230;&#8230;&#8230;&#8230;.9,53 &#8211; 21,84<\/p>\n<p>3.K\u0131rg\u0131n \u00c7i\u00e7ekler 27.B\u00f6l\u00fcm (Atv)&#8230;&#8230;&#8230;&#8230;&#8230;&#8230;&#8230;&#8230;&#8230;&#8230;&#8230;&#8230;.9,22 &#8211; 21,60<\/p>\n<p>4.Dirili\u015f Ertu\u011frul 40.B\u00f6l\u00fcm (TRT1)&#8230;&#8230;&#8230;&#8230;&#8230;&#8230;&#8230;&#8230;&#8230;&#8230;&#8230;9,20 &#8211; 20,84<\/p>\n<p>5.E\u015fk\u0131ya D\u00fcnyaya H\u00fck\u00fcmdar Olmaz 17.B\u00f6l\u00fcm (Atv)&#8230;9,11 &#8211; 21,58<\/p>\n<p>6.Parampar\u00e7a 47.B\u00f6l\u00fcm (Star Tv)&#8230;&#8230;&#8230;&#8230;&#8230;&#8230;&#8230;&#8230;&#8230;&#8230;&#8230;&#8230;8,20 &#8211; 19,08<\/p>\n<p>7.Kara Sevda 12.B\u00f6l\u00fcm (Star Tv)&#8230;&#8230;&#8230;&#8230;&#8230;&#8230;&#8230;&#8230;&#8230;&#8230;&#8230;&#8230;..6,99 &#8211; 16,03<\/p>\n<p>8.O Hayat Benim 75.B\u00f6l\u00fcm (Fox Tv)&#8230;&#8230;&#8230;&#8230;&#8230;&#8230;&#8230;&#8230;&#8230;&#8230;..6,59 &#8211; 15,87<\/p>\n<p>9.Poyraz Karayel 39.B\u00f6l\u00fcm (Kanal D)&#8230;&#8230;&#8230;&#8230;&#8230;&#8230;&#8230;&#8230;&#8230;&#8230;.6,25 &#8211; 14,45<\/p>\n<p>10.Kaderimin Yaz\u0131ld\u0131\u011f\u0131 G\u00fcn 50.B\u00f6l\u00fcm-Final (Star Tv)&#8230; 5,90 &#8211; 13,98<\/p>\n<p>&nbsp;<\/p>\n<p><strong>AB\u2019de ilk 10:<\/strong><\/p>\n<p>1.Dirili\u015f Ertu\u011frul 40.B\u00f6l\u00fcm (TRT1)&#8230;&#8230;&#8230;&#8230;&#8230;&#8230;&#8230;&#8230;&#8230;&#8230;13,12 &#8211; 30,59<\/p>\n<p>2.E\u015fk\u0131ya D\u00fcnyaya H\u00fck\u00fcmdar Olmaz 17.B\u00f6l\u00fcm (Atv)&#8230;8,47 &#8211; 21,82<\/p>\n<p>3.\u0130li\u015fki Durumu Kar\u0131\u015f\u0131k 25.B\u00f6l\u00fcm (Show Tv)&#8230;&#8230;&#8230;&#8230;&#8230;.6,95 &#8211; 16,97<\/p>\n<p>4.Parampar\u00e7a 46.B\u00f6l\u00fcm (Star Tv)&#8230;&#8230;&#8230;&#8230;&#8230;&#8230;&#8230;&#8230;&#8230;&#8230;&#8230;.6,67 &#8211; 17,07<\/p>\n<p>5.Poyraz Karayel 39.B\u00f6l\u00fcm (Kanal D)&#8230;&#8230;&#8230;&#8230;&#8230;&#8230;&#8230;&#8230;&#8230;6,35 &#8211; 15,10<\/p>\n<p>6.Kara Sevda 12.B\u00f6l\u00fcm (Star Tv)&#8230;&#8230;&#8230;&#8230;&#8230;&#8230;&#8230;&#8230;&#8230;&#8230;&#8230;..6,33 &#8211; 15,01<\/p>\n<p>7.K\u0131rg\u0131n \u00c7i\u00e7ekler 27.B\u00f6l\u00fcm (Atv)&#8230;&#8230;&#8230;&#8230;&#8230;&#8230;&#8230;&#8230;&#8230;&#8230;&#8230;&#8230;6,11 &#8211; 15,79<\/p>\n<p>8.Karag\u00fcl 102.B\u00f6l\u00fcm (Fox Tv)&#8230;&#8230;&#8230;&#8230;&#8230;&#8230;&#8230;&#8230;&#8230;&#8230;&#8230;&#8230;&#8230;5,83 &#8211; 14,83<\/p>\n<p>9.Evli ve \u00d6fkeli 13.b\u00f6l\u00fcm\u00a0 (Atv)&#8230;&#8230;&#8230;&#8230;&#8230;&#8230;&#8230;&#8230;&#8230;&#8230;&#8230;&#8230;.4,90 &#8211; 11,75<\/p>\n<p>10.O Hayat Benim 75.B\u00f6l\u00fcm (Fox Tv)&#8230;&#8230;&#8230;&#8230;&#8230;&#8230;&#8230;&#8230;&#8230;4,83 &#8211; 12,07<\/p>\n<p>&nbsp;<\/p>\n<p><strong>\u00a0TOTAL ve AB Grubunda reytingleri en y\u00fcksek olan ilk 5 s\u0131ralamas\u0131:<\/strong><\/p>\n<p><strong>1-Dirili\u015f Ertu\u011frul<\/strong>: TRT1&#8217;in 13.Y\u00fczy\u0131lda ge\u00e7en g\u00f6rkemli dizisi bu hafta 40.b\u00f6l\u00fcm\u00fcnde AB&#8217;de ald\u0131\u011f\u0131 en y\u00fcksek reyting puan\u0131 13,12 ile ge\u00e7en hafta oldu\u011fu gibi gene 1.s\u0131rada yer ald\u0131.\u00a0Ertu\u011frul\u2019un Kocaba\u015f\u2019\u0131n kellesini kesmesi, obada beklenmedik bir etki yaparak Ertu\u011frul\u2019a olan \u015f\u00fcphelerin artmas\u0131na neden olur. Ancak Ertu\u011frul\u2019un t\u00fcm yapt\u0131klar\u0131 bir plan \u00e7er\u00e7evesindedir ve Ertu\u011frul amac\u0131na ula\u015fmaya \u00e7ok yak\u0131nd\u0131r. Tu\u011ftekin\u2019in durumu Ertu\u011frul\u2019un planlar\u0131n\u0131 nas\u0131l etkileyecektir? Ertu\u011frul\u2019un herkesi etkileyecek olan plan\u0131 nas\u0131l bir etki yaratacakt\u0131r bilinmezken, Noyan da bir yandan adamlar\u0131n\u0131 ayinle haz\u0131rlamaktad\u0131r. Noyan adamlar\u0131n\u0131 ne i\u00e7in haz\u0131rl\u0131yor? Ertu\u011frul mahkemede Karabek ile ilgili hangi ger\u00e7e\u011fi if\u015fa edecektir? Toyda Ertu\u011frul\u2019u nas\u0131l bir sonu\u00e7 beklemektedir?<\/p>\n<p><img loading=\"lazy\" decoding=\"async\" class=\"alignnone size-full wp-image-12293\" src=\"http:\/\/balcilar-blog.com\/wp-content\/uploads\/2016\/01\/dirilis-ertugrul-40-fragma.jpg\" alt=\"dirilis-ertugrul-40-fragma\" width=\"640\" height=\"336\" srcset=\"https:\/\/balcilar-blog.com\/wp-content\/uploads\/2016\/01\/dirilis-ertugrul-40-fragma.jpg 640w, https:\/\/balcilar-blog.com\/wp-content\/uploads\/2016\/01\/dirilis-ertugrul-40-fragma-300x158.jpg 300w\" sizes=\"auto, (max-width: 640px) 100vw, 640px\" \/><\/p>\n<p>&nbsp;<\/p>\n<p><span style=\"color: #000000;\"><strong>2.Karag\u00fcl: <\/strong>Fox Tv&#8217;in ilgi ile izlenen dizisi Karag\u00fcl bu hafta Total&#8217;de ald\u0131\u011f\u0131 10,38\u00a0 puanla 2.s\u0131rada yer al\u0131yor.\u00a0Baran\u2019\u0131n d\u00fc\u015fmesiyle birlikte \u015eamverdi ailesinin b\u00fct\u00fcn \u00fcyeleri kendini hastane de bulurlar. Baran hayata geri d\u00f6nmeye \u00e7al\u0131\u015f\u0131rken anneleri dahil herkes ba\u015flar\u0131na gelen bu felaketten \u00fczerlerine d\u00fc\u015fen pay\u0131 alacaklard\u0131r. Baran\u2019\u0131n ba\u015f\u0131nda herkes kendi i\u00e7 hesapla\u015fmas\u0131n\u0131 ya\u015farken Ay\u015fe, Nazl\u0131\u2019n\u0131n varl\u0131\u011f\u0131yla Baran\u2019\u0131n uza\u011f\u0131na d\u00fc\u015ft\u00fc\u011f\u00fcn\u00fc anlar. Ancak Ay\u015fe asla pes etmeyecektir. O\u011fluna kavu\u015famadan ayr\u0131l\u0131\u011f\u0131n e\u015fi\u011fine gelen Ebru i\u00e7in art\u0131k bedel \u00f6detme zaman\u0131 gelir. Di\u011fer yandan \u00e7ocuklar\u0131n\u0131n hepsini bir arada tutmaya \u00e7al\u0131\u015fmaktad\u0131r. Baran\u2019\u0131n durumunu \u00f6\u011frenen Ada ne yapacak? Mehdi\u2019nin hasreti i\u00e7ine \u00e7\u00f6ken \u00d6zlem, t\u00fcm iyi niyetiyle onu g\u00f6rmek i\u00e7in Sibel\u2019e gider. Ancak Sibel taraf\u0131ndan bekledi\u011fi \u015fekilde kar\u015f\u0131lanmaz&#8230; Son anda geli\u015fen bir durum kar\u015f\u0131s\u0131nda \u00d6zlem sava\u015f k\u0131l\u0131\u00e7lar\u0131n\u0131 yeniden \u00e7\u0131kar\u0131r. Art\u0131k tek bir m\u00fcttefiki Kendal\u2019d\u0131r. Art\u0131k Halfeti\u2019de taraflar\u0131n net olarak belli oldu\u011fu, bir \u00e7ok cephede b\u00fcy\u00fck bir sava\u015f ba\u015flam\u0131\u015ft\u0131r.<\/span><\/p>\n<p><img loading=\"lazy\" decoding=\"async\" class=\"alignnone size-full wp-image-12291\" src=\"http:\/\/balcilar-blog.com\/wp-content\/uploads\/2016\/01\/karagul-102-bolumd.jpeg\" alt=\"karagul-102-bolumd\" width=\"640\" height=\"321\" srcset=\"https:\/\/balcilar-blog.com\/wp-content\/uploads\/2016\/01\/karagul-102-bolumd.jpeg 640w, https:\/\/balcilar-blog.com\/wp-content\/uploads\/2016\/01\/karagul-102-bolumd-300x150.jpeg 300w\" sizes=\"auto, (max-width: 640px) 100vw, 640px\" \/><\/p>\n<p>&nbsp;<\/p>\n<p><strong>3.\u0130li\u015fki Durumu Kar\u0131\u015f\u0131k: <\/strong>B\u00fcy\u00fck bir \u00e7\u0131k\u0131\u015f yaparak Total&#8217;de ald\u0131\u011f\u0131 9,53 reyting puan\u0131 ile 3.s\u0131rada yer ald\u0131.\u00a0\u0130li\u015fki Durumu: Kar\u0131\u015f\u0131k\u201d\u0131n 25. b\u00f6l\u00fcm\u00fcnde; Murat&#8217;\u0131n evlilik teklifi Ay\u015feg\u00fcl&#8217;\u00fcn hayat\u0131n\u0131 yeni bir sayfa a\u00e7mak \u00fczere hareketlendirirken; Can, Ay\u015feg\u00fcl\u2019\u00fcn ne cevap verece\u011fini merak eder. Sosyal hizmetlerin \u0130so bebek i\u00e7in verdi\u011fi karar Can ve Ay\u015feg\u00fcl\u2019\u00fc derinden sarsar! \u0130kili \u0130so bebek i\u00e7in ikinci bir s\u0131nava tabi olacakt\u0131r.\u00a0Ele ge\u00e7en bu son \u015fans\u0131 en iyi \u015fekilde de\u011ferlendirmeye karar verirler. \u0130smail\u2019in hayat\u0131nda filizlenen\u00a0a\u015fk tomurcuklar\u0131 en \u00e7ok Mediha\u2019y\u0131 tela\u015fland\u0131r\u0131r. Kad\u0131n\u0131n doland\u0131r\u0131c\u0131 \u00e7\u0131k\u0131p, \u0130smail\u2019e zarar verece\u011finden endi\u015fe duyan Mediha kad\u0131n\u0131 s\u00f6zl\u00fc s\u0131nava tabi tutar.\u00a0Perihan\u2019\u0131n yard\u0131m balosu d\u00fczenlemesiyle gecenin y\u0131ld\u0131z\u0131 olmak i\u00e7in \u00e7abalayan Mediha\u2019ya s\u00fcrpriz bir partner e\u015flik ederken; ayn\u0131 gecede Elif Can ile, Murat ise Ay\u015feg\u00fcl\u2019le tango yapacakt\u0131r. Ancak ufak bir gecikme Can\u2019\u0131n ger\u00e7ek duygular\u0131n\u0131n dile d\u00f6k\u00fclmesine sebep olur!<\/p>\n<p><img loading=\"lazy\" decoding=\"async\" class=\"alignnone size-full wp-image-12295\" src=\"http:\/\/balcilar-blog.com\/wp-content\/uploads\/2016\/01\/iliski-durumu-karisik-25-resim.jpg\" alt=\"iliski-durumu-karisik-25-resim\" width=\"640\" height=\"427\" srcset=\"https:\/\/balcilar-blog.com\/wp-content\/uploads\/2016\/01\/iliski-durumu-karisik-25-resim.jpg 640w, https:\/\/balcilar-blog.com\/wp-content\/uploads\/2016\/01\/iliski-durumu-karisik-25-resim-300x200.jpg 300w\" sizes=\"auto, (max-width: 640px) 100vw, 640px\" \/><\/p>\n<p>&nbsp;<\/p>\n<p><b>4-<\/b>\u00a0<strong>K\u0131rg\u0131n \u00c7i\u00e7ekler:\u00a0<\/strong>Total&#8217;de ald\u0131\u011f\u0131 9,22 reyting ile bu hafta 4.s\u0131rada yer al\u0131yor. Sevilen dizi, kimsesizler yurdunda kalan 5 gen\u00e7 k\u0131z\u0131n ilgin\u00e7 ser\u00fcvenlerini anlat\u0131l\u0131yor.\u00a0Hapishanede \u015fi\u015felenen Kemal, yo\u011fun bak\u0131ma al\u0131n\u0131r. Haberi alan Mesude, hastaneye ko\u015far. Nazan, m\u00fccevherlerini Defne\u2019nin \u00e7ald\u0131\u011f\u0131ndan \u015f\u00fcphelenerek \u00fczerine gider.\u00a0Song\u00fcl ve Kader, Seher\u2019den Meral\u2019e annesi oldu\u011funu art\u0131k s\u00f6ylemesini isterler. Meral, arabas\u0131na bindi\u011fi adam taraf\u0131ndan k\u00f6\u015feye s\u0131k\u0131\u015ft\u0131r\u0131l\u0131r. Serkan, Eyl\u00fcl\u2019\u00fcn do\u011fum g\u00fcn\u00fc i\u00e7in s\u00fcrpriz bir parti haz\u0131rlayarak herkesi bir araya toplarken beklenmeyen ziyaret\u00e7i kafalar\u0131 kar\u0131\u015ft\u0131r\u0131r\u2026<\/p>\n<div>\u00a0<img loading=\"lazy\" decoding=\"async\" class=\"alignnone size-full wp-image-12294\" src=\"http:\/\/balcilar-blog.com\/wp-content\/uploads\/2016\/01\/ekran-resmi-2015-12-22-22-20151222224811.png\" alt=\"ekran-resmi-2015-12-22-22-20151222224811\" width=\"640\" height=\"340\" srcset=\"https:\/\/balcilar-blog.com\/wp-content\/uploads\/2016\/01\/ekran-resmi-2015-12-22-22-20151222224811.png 640w, https:\/\/balcilar-blog.com\/wp-content\/uploads\/2016\/01\/ekran-resmi-2015-12-22-22-20151222224811-300x159.png 300w\" sizes=\"auto, (max-width: 640px) 100vw, 640px\" \/><\/div>\n<p>&nbsp;<\/p>\n<p><strong>4-E\u015fk\u0131ya D\u00fcnyaya h\u00fck\u00fcmdar Olmaz<\/strong>: Oktay Kaynarca&#8217;n\u0131n dizisi Total&#8217;de ald\u0131\u011f\u0131 9,11 reyting puan\u0131 ile 5.s\u0131rada bulunuyor.\u00a0E\u015fkiya D\u00fcnyaya H\u00fck\u00fcmdar Olmaz yeni b\u00f6l\u00fcm\u00fcnde Mahmut&#8217;un haince kur\u015funuyla vurulan \u015eahin A\u011fa&#8217;n\u0131n intikam ate\u015fi herkesi sarar. H\u0131z\u0131r \u00c7ak\u0131rbeyli i\u00e7in faili bulmak hi\u00e7 de kolay olmayacakt\u0131r. Bu durum paras\u0131na el konulan Sibiryal\u0131 Kartal&#8217;dan \u015f\u00fcphelenilmesine sebep olur. Paray\u0131 e\u015fit b\u00f6l\u00fc\u015ft\u00fcr\u00fclmesini talep eden masa \u00fcyeleri H\u0131z\u0131r&#8217;\u0131n ikna edici tavr\u0131ndan sonra bu fikirlerinden vazge\u00e7erler. \u00dcnal Kaplan ise geri ad\u0131m atmaz. Art\u0131k mesele para meselesi olmaktan \u00e7\u0131k\u0131p, \u00dcnal ve Sibiryal\u0131&#8217;n\u0131n \u015fahsi hesapla\u015fmas\u0131na d\u00f6ner. Di\u011fer taraftan \u00f6ld\u00fc san\u0131lan Mahmut planlar\u0131n\u0131 uygulamaya devam eder ve art\u0131k s\u0131ra a\u011fabeyi Selim&#8217;e gelmi\u015ftir. Meryem \u00c7ak\u0131rbeyli ve ev ahalisi de do\u011fumu yakla\u015fan Nazl\u0131&#8217;n\u0131n ak\u0131betini tart\u0131\u015fmaktad\u0131rlar. Her ne kadar H\u0131z\u0131r bu benim karar\u0131m dese de kad\u0131nlar kendi aras\u0131nda bir karar verir ve M\u00fcbeccel Nazl\u0131&#8217;y\u0131 ziyaret eder. Hamile oldu\u011funu \u00f6\u011frendi\u011fi g\u00fcnden beri y\u00fcz\u00fc g\u00fclmeyen Nazl\u0131&#8217;n\u0131n kafas\u0131 iyice kar\u0131\u015f\u0131r.<\/p>\n<p><img loading=\"lazy\" decoding=\"async\" class=\"alignnone size-full wp-image-12292\" src=\"http:\/\/balcilar-blog.com\/wp-content\/uploads\/2016\/01\/atv-eskiya-dunyaya-hukumdar-olmaz-57.jpg\" alt=\"atv-eskiya-dunyaya-hukumdar-olmaz-57\" width=\"640\" height=\"363\" srcset=\"https:\/\/balcilar-blog.com\/wp-content\/uploads\/2016\/01\/atv-eskiya-dunyaya-hukumdar-olmaz-57.jpg 640w, https:\/\/balcilar-blog.com\/wp-content\/uploads\/2016\/01\/atv-eskiya-dunyaya-hukumdar-olmaz-57-300x170.jpg 300w\" sizes=\"auto, (max-width: 640px) 100vw, 640px\" \/><\/p>\n<div><\/div>\n<p><strong>Her iki kategorinin ilk onunda yer alan diziler:<\/strong><\/p>\n<p>Parampar\u00e7a, K\u0131rg\u0131n \u00c7i\u00e7ekler, E\u015fk\u0131ya D\u00fcnyaya H\u00fck\u00fcmdar Olmaz, Dirili\u015f Ertu\u011frul, Poyraz Karayel, Karag\u00fcl, \u0130li\u015fki Durumu Kara\u0131\u015f\u0131k ve O hayat Benim her iki grupta yer alan diziler.<\/p>\n<p><strong>Kanallara g\u00f6re s\u0131ralamaya g\u00f6z atarsak:<\/strong><\/p>\n<p>Total\u2019de ilk onda: Star Tv 3 Dizi. Fox ve Atv 2 dizi. Kanal D, Show ve TRT1 bir dizi ile yer ald\u0131lar<\/p>\n<p>AB grubunda: Atv 3 dizi. Fox,ve Star 2 dizi. Kanal D, Show ve TRT1 \u00a0birer dizisi ile yer ald\u0131klar\u0131n\u0131 g\u00f6r\u00fcyoruz.<\/p>\n<p>Bu hafta, Star Tv&#8217;nin yeni dizisi\u00a0Muhte\u015fem Y\u00fczy\u0131l K\u00f6sem Sultan 8.b\u00f6l\u00fcm\u00fc ekranlara y\u0131lba\u015f\u0131 nedeniyle gelmedi. Beren Saat&#8217;i izleyemedik. Show Tv&#8217;de bu Pazar ak\u015fam\u0131 yay\u0131nlanan Se\u00e7kin \u00d6zdemir&#8217;in Ac\u0131 A\u015fk 3.b\u00f6l\u00fcm\u00fc yay\u0131nland\u0131. Beklenen reytingleri maalesef gene alamad\u0131.<\/p>\n<p>Keyifli Seyirler.<\/p>\n<p>Sayg\u0131lar ve sevgiler.<\/p>\n<p>Abdurrahman Balc\u0131lar<\/p>\n<p>Twitter: abdurrahman balc\u0131lar@abbalcilar<\/p>\n<p>Mail : <a href=\"mailto:ab.balcilar@hotmail.com\">ab.balcilar@hotmail.com<\/a><\/p>\n<p>Blog:\u00a0<a href=\"http:\/\/t.co\/znqmIZgIqn\">blog.milliyet.com.tr\/cansever<\/a><\/p>\n<p>Blog:\u00a0<strong>balcilar<\/strong>\u2013<strong>blog.com<\/strong><\/p>\n<p>Not: G\u00f6rseller taraf\u0131mdan \u0130nternetten, dizi reytingleri (reytingkurdu) \u00f6l\u00e7\u00fcmlerinden al\u0131nm\u0131\u015ft\u0131r.<\/p>\n","protected":false},"excerpt":{"rendered":"<p>TNS \u00f6l\u00e7\u00fcmlerine g\u00f6re haz\u0131rlad\u0131\u011f\u0131m 28 Aral\u0131k &#8211; 03 Ocak 2016 Tarihleri aras\u0131nda ekranlar\u0131m\u0131za gelen, Total\u2019de ve AB\u2019de ilk ona giren, haftan\u0131n dizi karnesini a\u015fa\u011f\u0131da bilgilerinize sunuyorum. Her hafta\u00a0Dirili\u015f Ertu\u011frul y\u00fcksek reyting puanlar\u0131 ile rekor k\u0131r\u0131yor.\u00a0Total&#8217;de 9,20, AB&#8217;de 13,12 puan ald\u0131. Total&#8217;de ilk ona giren dizilerde 10.s\u0131rada yer alan Kaderimin Yaz\u0131ld\u0131\u011f\u0131 G\u00fcn 5,90 reyting puan\u0131 alm\u0131\u015ft\u0131r. [&hellip;]<\/p>\n","protected":false},"author":3,"featured_media":0,"comment_status":"open","ping_status":"open","sticky":false,"template":"","format":"standard","meta":{"footnotes":""},"categories":[2],"tags":[48,570,129,823,464,750,25,530,974],"class_list":["post-12289","post","type-post","status-publish","format-standard","hentry","category-tv-programlari","tag-atv","tag-dirilis-ertugrul","tag-fox-tv","tag-iliski-durumu-karisik","tag-karagul","tag-kirgin-cicekler","tag-star-tv","tag-tns-olcumleri","tag-tv-dizilerinin-karnesi"],"views":3657,"blog_post_layout_featured_media_urls":{"thumbnail":"","full":""},"categories_names":{"2":{"name":"TV Programlar\u0131","link":"https:\/\/balcilar-blog.com\/?cat=2"}},"tags_names":{"48":{"name":"ATV","link":"https:\/\/balcilar-blog.com\/?tag=atv"},"570":{"name":"dirili\u015f Ertu\u011frul","link":"https:\/\/balcilar-blog.com\/?tag=dirilis-ertugrul"},"129":{"name":"Fox Tv","link":"https:\/\/balcilar-blog.com\/?tag=fox-tv"},"823":{"name":"\u0130li\u015fki Durumu Kar\u0131\u015f\u0131k","link":"https:\/\/balcilar-blog.com\/?tag=iliski-durumu-karisik"},"464":{"name":"Karag\u00fcl","link":"https:\/\/balcilar-blog.com\/?tag=karagul"},"750":{"name":"K\u0131rg\u0131n \u00c7i\u00e7ekler","link":"https:\/\/balcilar-blog.com\/?tag=kirgin-cicekler"},"25":{"name":"Star Tv","link":"https:\/\/balcilar-blog.com\/?tag=star-tv"},"530":{"name":"TNS \u00f6l\u00e7\u00fcmleri","link":"https:\/\/balcilar-blog.com\/?tag=tns-olcumleri"},"974":{"name":"Tv Dizilerinin karnesi","link":"https:\/\/balcilar-blog.com\/?tag=tv-dizilerinin-karnesi"}},"comments_number":"0","wpmagazine_modules_lite_featured_media_urls":{"thumbnail":"","cvmm-medium":"","cvmm-medium-plus":"","cvmm-portrait":"","cvmm-medium-square":"","cvmm-large":"","cvmm-small":"","full":""},"_links":{"self":[{"href":"https:\/\/balcilar-blog.com\/index.php?rest_route=\/wp\/v2\/posts\/12289","targetHints":{"allow":["GET"]}}],"collection":[{"href":"https:\/\/balcilar-blog.com\/index.php?rest_route=\/wp\/v2\/posts"}],"about":[{"href":"https:\/\/balcilar-blog.com\/index.php?rest_route=\/wp\/v2\/types\/post"}],"author":[{"embeddable":true,"href":"https:\/\/balcilar-blog.com\/index.php?rest_route=\/wp\/v2\/users\/3"}],"replies":[{"embeddable":true,"href":"https:\/\/balcilar-blog.com\/index.php?rest_route=%2Fwp%2Fv2%2Fcomments&post=12289"}],"version-history":[{"count":2,"href":"https:\/\/balcilar-blog.com\/index.php?rest_route=\/wp\/v2\/posts\/12289\/revisions"}],"predecessor-version":[{"id":12297,"href":"https:\/\/balcilar-blog.com\/index.php?rest_route=\/wp\/v2\/posts\/12289\/revisions\/12297"}],"wp:attachment":[{"href":"https:\/\/balcilar-blog.com\/index.php?rest_route=%2Fwp%2Fv2%2Fmedia&parent=12289"}],"wp:term":[{"taxonomy":"category","embeddable":true,"href":"https:\/\/balcilar-blog.com\/index.php?rest_route=%2Fwp%2Fv2%2Fcategories&post=12289"},{"taxonomy":"post_tag","embeddable":true,"href":"https:\/\/balcilar-blog.com\/index.php?rest_route=%2Fwp%2Fv2%2Ftags&post=12289"}],"curies":[{"name":"wp","href":"https:\/\/api.w.org\/{rel}","templated":true}]}}