{"id":1214,"date":"2013-10-19T18:35:15","date_gmt":"2013-10-19T15:35:15","guid":{"rendered":"http:\/\/balcilar-blog.com\/?p=1214"},"modified":"2014-04-08T18:38:54","modified_gmt":"2014-04-08T15:38:54","slug":"koy-genclerine-bayram-armagani-suni-cim-futbol-sahasi","status":"publish","type":"post","link":"https:\/\/balcilar-blog.com\/?p=1214","title":{"rendered":"K\u00f6y Gen\u00e7lerine Bayram arma\u011fan\u0131, Suni \u00c7im Futbol sahas\u0131."},"content":{"rendered":"<div>\n<div>\n<h4>19 Ekim &#8217;13<\/h4>\n<\/div>\n<\/div>\n<div>\n<dl>\n<dt>Kategori<\/dt>\n<dd><strong><a href=\"http:\/\/blog.milliyet.com.tr\/spor-egitimi\/Kategori\/?KategoriNo=170\">Spor E\u011fitimi<\/a><\/strong><\/dd>\n<\/dl>\n<div>\n<div><img loading=\"lazy\" decoding=\"async\" alt=\"K\u00f6y Gen\u00e7lerine Bayram arma\u011fan\u0131, Suni \u00c7im Futbol sahas\u0131.\" src=\"http:\/\/iblog.milliyet.com.tr\/imgroot\/blogv7\/Blog333\/2013\/10\/19\/52\/432941-3-4-d008b.jpg\" width=\"333\" height=\"240\" \/><\/p>\n<div><\/div>\n<\/div>\n<div id=\"BlogDetail\">\n<p>Ayd\u0131n, <a href=\"http:\/\/blog.milliyet.com.tr\/AramaBlog\/?search=Germencik\" rel=\"external nofollow\">Germencik<\/a>, <a href=\"http:\/\/blog.milliyet.com.tr\/AramaBlog\/?search=Da%C4%9Fyeni%20K%C3%B6y%C3%BC\" rel=\"external nofollow\">Da\u011fyeni K\u00f6y\u00fc<\/a> gen\u00e7leri mini <a href=\"http:\/\/blog.milliyet.com.tr\/AramaBlog\/?search=futbol%20sahas%C4%B1\" rel=\"external nofollow\">futbol sahas\u0131<\/a>na kavu\u015ftu. K\u00f6y muhtar\u0131 <a href=\"http:\/\/blog.milliyet.com.tr\/AramaBlog\/?search=Ali%20Afacan\" rel=\"external nofollow\">Ali Afacan<\/a>\u2019\u0131n giri\u015fimleri ile plan-projeye uygun olarak, k\u00f6y ilkokulu bah\u00e7esine, modern bir mini futbol sahas\u0131 yapt\u0131rd\u0131. Futbol sahas\u0131 <a href=\"http:\/\/blog.milliyet.com.tr\/AramaBlog\/?search=suni%20%C3%A7im\" rel=\"external nofollow\">suni \u00e7im<\/a> ile kapl\u0131, etraf\u0131 tel \u00f6rg\u00fcl\u00fc. 20 x 40 metre ebatlar\u0131nda olup, 800 m2.dir. K\u00f6y Gen\u00e7lerine Muhtarl\u0131\u011f\u0131n bir bayram arma\u011fan\u0131 oldu.\u00a0 Bayram boyunca civar k\u00f6y gen\u00e7lerinden olu\u015fan tak\u0131mlar ile kar\u015f\u0131l\u0131kl\u0131 futbol ma\u00e7lar\u0131 organize edildi.<\/p>\n<p>Da\u011fyeni k\u00f6y tak\u0131m\u0131, civar k\u00f6ylerden Selatin k\u00f6y tak\u0131m\u0131 ile aralar\u0131nda yapt\u0131klar\u0131 ma\u00e7ta 8-4 yendi. \u00d6n\u00fcm\u00fczdeki g\u00fcnlerde di\u011fer k\u00f6y tak\u0131mlar\u0131 ile kar\u015f\u0131l\u0131kl\u0131 ma\u00e7lar yap\u0131lacak.<\/p>\n<p>Bu t\u00fcr sosyal tesislerin yap\u0131lmas\u0131n\u0131 \u00f6nc\u00fcl\u00fck yapan Da\u011fyeni K\u00f6y Muhtarl\u0131\u011f\u0131 yapt\u0131\u011f\u0131 bu i\u015fle ne kadar \u00f6\u011f\u00fcnse azd\u0131r. \u00d6n\u00fcm\u00fczdeki g\u00fcnlerde \u0131\u015f\u0131kland\u0131rmas\u0131 ve du\u015flar da yap\u0131lacakm\u0131\u015f.<\/p>\n<p>K\u00f6y Gen\u00e7lerini, Kahve k\u00f6\u015felerinden \u00e7\u0131kart\u0131p, bo\u015f zamanlar\u0131nda bu t\u00fcr sporlara y\u00f6nlendirmek \u00e7ok olumlu bir davran\u0131\u015f. Muhtar Ali Afacan ve beraber \u00e7al\u0131\u015ft\u0131klar\u0131 \u0130htiyar Heyeti \u00fcyelerine (H\u00fcsamettin Balc\u0131lar, Nafiz Bircan, Nafiz \u00c7al\u0131\u015f\u011fan, \u0130brahim Kaya) ayr\u0131 ayr\u0131, K\u00f6y Gen\u00e7leri ve \u00c7ocuklar\u0131 ad\u0131na te\u015fekk\u00fcr ederim.<\/p>\n<p>\u0130ki sloganla s\u00f6zlerime son veriyorum.<\/p>\n<p>Sa\u011flam kafa, sa\u011flam v\u00fccutta bulunur. Spor v\u00fccudun diyaliz makinas\u0131d\u0131r.<\/p>\n<p>Sayg\u0131lar, Sevgiler.<\/p>\n<p>Abdurrahman Balc\u0131lar<\/p>\n<p>Twitter: abdurrahman <a href=\"mailto:balc%C4%B1lar@abbalcilar\">balc\u0131lar@abbalcilar<\/a><\/p>\n<p>Mail : <a href=\"mailto:ab.balcilar@hotmail.com\">ab.balcilar@hotmail.com<\/a><br \/>\nBlog: milliyet.com.tr\/Cansever<\/p>\n<\/div>\n<\/div>\n<\/div>\n","protected":false},"excerpt":{"rendered":"<p>19 Ekim &#8217;13 Kategori Spor E\u011fitimi Ayd\u0131n, Germencik, Da\u011fyeni K\u00f6y\u00fc gen\u00e7leri mini futbol sahas\u0131na kavu\u015ftu. K\u00f6y muhtar\u0131 Ali Afacan\u2019\u0131n giri\u015fimleri ile plan-projeye uygun olarak, k\u00f6y ilkokulu bah\u00e7esine, modern bir mini futbol sahas\u0131 yapt\u0131rd\u0131. Futbol sahas\u0131 suni \u00e7im ile kapl\u0131, etraf\u0131 tel \u00f6rg\u00fcl\u00fc. 20 x 40 metre ebatlar\u0131nda olup, 800 m2.dir. K\u00f6y Gen\u00e7lerine Muhtarl\u0131\u011f\u0131n bir bayram [&hellip;]<\/p>\n","protected":false},"author":3,"featured_media":0,"comment_status":"open","ping_status":"open","sticky":false,"template":"","format":"standard","meta":{"footnotes":""},"categories":[1],"tags":[379,72,73,77,378,380],"class_list":["post-1214","post","type-post","status-publish","format-standard","hentry","category-genel","tag-ali-afacan","tag-aydin","tag-dagyeni-koyu","tag-germencik","tag-spor-egitimi","tag-suni-cim"],"views":3473,"blog_post_layout_featured_media_urls":{"thumbnail":"","full":""},"categories_names":{"1":{"name":"Genel","link":"https:\/\/balcilar-blog.com\/?cat=1"}},"tags_names":{"379":{"name":"Ali Afacan","link":"https:\/\/balcilar-blog.com\/?tag=ali-afacan"},"72":{"name":"Ayd\u0131n","link":"https:\/\/balcilar-blog.com\/?tag=aydin"},"73":{"name":"Da\u011fyeni K\u00f6y\u00fc","link":"https:\/\/balcilar-blog.com\/?tag=dagyeni-koyu"},"77":{"name":"Germencik","link":"https:\/\/balcilar-blog.com\/?tag=germencik"},"378":{"name":"Spor E\u011fitimi","link":"https:\/\/balcilar-blog.com\/?tag=spor-egitimi"},"380":{"name":"Suni \u00c7im","link":"https:\/\/balcilar-blog.com\/?tag=suni-cim"}},"comments_number":"0","wpmagazine_modules_lite_featured_media_urls":{"thumbnail":"","cvmm-medium":"","cvmm-medium-plus":"","cvmm-portrait":"","cvmm-medium-square":"","cvmm-large":"","cvmm-small":"","full":""},"_links":{"self":[{"href":"https:\/\/balcilar-blog.com\/index.php?rest_route=\/wp\/v2\/posts\/1214","targetHints":{"allow":["GET"]}}],"collection":[{"href":"https:\/\/balcilar-blog.com\/index.php?rest_route=\/wp\/v2\/posts"}],"about":[{"href":"https:\/\/balcilar-blog.com\/index.php?rest_route=\/wp\/v2\/types\/post"}],"author":[{"embeddable":true,"href":"https:\/\/balcilar-blog.com\/index.php?rest_route=\/wp\/v2\/users\/3"}],"replies":[{"embeddable":true,"href":"https:\/\/balcilar-blog.com\/index.php?rest_route=%2Fwp%2Fv2%2Fcomments&post=1214"}],"version-history":[{"count":1,"href":"https:\/\/balcilar-blog.com\/index.php?rest_route=\/wp\/v2\/posts\/1214\/revisions"}],"predecessor-version":[{"id":1215,"href":"https:\/\/balcilar-blog.com\/index.php?rest_route=\/wp\/v2\/posts\/1214\/revisions\/1215"}],"wp:attachment":[{"href":"https:\/\/balcilar-blog.com\/index.php?rest_route=%2Fwp%2Fv2%2Fmedia&parent=1214"}],"wp:term":[{"taxonomy":"category","embeddable":true,"href":"https:\/\/balcilar-blog.com\/index.php?rest_route=%2Fwp%2Fv2%2Fcategories&post=1214"},{"taxonomy":"post_tag","embeddable":true,"href":"https:\/\/balcilar-blog.com\/index.php?rest_route=%2Fwp%2Fv2%2Ftags&post=1214"}],"curies":[{"name":"wp","href":"https:\/\/api.w.org\/{rel}","templated":true}]}}