{"id":12042,"date":"2015-12-24T14:49:48","date_gmt":"2015-12-24T12:49:48","guid":{"rendered":"http:\/\/balcilar-blog.com\/?p=12042"},"modified":"2015-12-25T12:08:08","modified_gmt":"2015-12-25T10:08:08","slug":"seckin-ozdemirin-yeni-dizisi-aci-askin-ilk-bolumu-az-acili-basladi","status":"publish","type":"post","link":"https:\/\/balcilar-blog.com\/?p=12042","title":{"rendered":"Se\u00e7kin \u00d6zdemir&#8217;in yeni dizisi &#8216;Ac\u0131 A\u015fk&#8217;\u0131n ilk b\u00f6l\u00fcm\u00fc az ac\u0131l\u0131 ba\u015flad\u0131!"},"content":{"rendered":"<p><img loading=\"lazy\" decoding=\"async\" class=\"alignnone size-full wp-image-12071\" src=\"http:\/\/balcilar-blog.com\/wp-content\/uploads\/2015\/12\/Ekran-Al\u0131nt\u0131s\u0131ACI-A\u015eK-KP.png\" alt=\"Ekran Al\u0131nt\u0131s\u0131ACI A\u015eK KP\" width=\"640\" height=\"358\" srcset=\"https:\/\/balcilar-blog.com\/wp-content\/uploads\/2015\/12\/Ekran-Al\u0131nt\u0131s\u0131ACI-A\u015eK-KP.png 640w, https:\/\/balcilar-blog.com\/wp-content\/uploads\/2015\/12\/Ekran-Al\u0131nt\u0131s\u0131ACI-A\u015eK-KP-300x168.png 300w\" sizes=\"auto, (max-width: 640px) 100vw, 640px\" \/><\/p>\n<p>Show Tv&#8217;de ge\u00e7ti\u011fimiz Pazar ak\u015fam\u0131, bir g\u00fcney Kore uyarlamas\u0131 olan Ac\u0131 A\u015fk\u00a0dizisi ekranlar\u0131m\u0131za geldi. Yap\u0131mc\u0131s\u0131 \u00a0 TMC Film &#8211; Erol Avc\u0131.\u00a0Ba\u015fl\u0131ca rollerde; Se\u00e7kin \u00d6zdemir, Selin \u015eekerci, Sezgi Sena Akay, Alperen Duymaz, H\u00fcseyin Avni Danyal, Neriman U\u011fur, Erkan Can, Nazan Diper, Mutlu G\u00fcney, T\u00fcrk\u00fc Turan, \u00c7a\u011fla \u00d6zavc\u0131, Tolga Mendi ve Umur Yi\u011fit Vanl\u0131 yer al\u0131yorlar.<\/p>\n<p>M\u00fcziklerini K\u0131ra\u00e7 &amp; Nevzat Y\u0131lmaz yapm\u0131\u015flar. Senaryo Sema Ali Erol, Figen \u015eakac\u0131 ve Mahir Erol birlikte yazm\u0131\u015flar. Yap\u0131mc\u0131s\u0131 ise Erol Avc\u0131. Y\u00f6netmen koltu\u011funda M.\u00c7a\u011fatay Tosun oturuyor.<\/p>\n<p>Bulut ile Melek bir otelin asans\u00f6r giri\u015finde tan\u0131\u015f\u0131rlar. Birbirlerine bak\u0131\u015flar\u0131 ile aralar\u0131nda bir elektriklenme olur. Melek o gece oteldeki gecede keman \u00e7alacakt\u0131r.<\/p>\n<p><img loading=\"lazy\" decoding=\"async\" class=\"alignnone size-medium wp-image-12049\" src=\"http:\/\/balcilar-blog.com\/wp-content\/uploads\/2015\/12\/Ekran-Al\u0131nt\u0131s\u0131-ACI-A\u015eK-1.1-300x173.png\" alt=\"Ekran Al\u0131nt\u0131s\u0131 ACI A\u015eK 1.1\" width=\"300\" height=\"173\" srcset=\"https:\/\/balcilar-blog.com\/wp-content\/uploads\/2015\/12\/Ekran-Al\u0131nt\u0131s\u0131-ACI-A\u015eK-1.1-300x173.png 300w, https:\/\/balcilar-blog.com\/wp-content\/uploads\/2015\/12\/Ekran-Al\u0131nt\u0131s\u0131-ACI-A\u015eK-1.1.png 640w\" sizes=\"auto, (max-width: 300px) 100vw, 300px\" \/>\u00a0<img loading=\"lazy\" decoding=\"async\" class=\"alignnone size-medium wp-image-12050\" src=\"http:\/\/balcilar-blog.com\/wp-content\/uploads\/2015\/12\/Ekran-Al\u0131nt\u0131s\u0131-ACI-A\u015eK-1.2-300x171.png\" alt=\"Ekran Al\u0131nt\u0131s\u0131 ACI A\u015eK 1.2\" width=\"300\" height=\"171\" srcset=\"https:\/\/balcilar-blog.com\/wp-content\/uploads\/2015\/12\/Ekran-Al\u0131nt\u0131s\u0131-ACI-A\u015eK-1.2-300x171.png 300w, https:\/\/balcilar-blog.com\/wp-content\/uploads\/2015\/12\/Ekran-Al\u0131nt\u0131s\u0131-ACI-A\u015eK-1.2.png 640w\" sizes=\"auto, (max-width: 300px) 100vw, 300px\" \/><\/p>\n<p>Ali, babas\u0131 Ferman Beyin yeni a\u00e7\u0131lan oteline sevgilisi ile gelir. Babam bize iskonto yapar, d\u00fc\u011f\u00fcn balay\u0131 masraflar\u0131ndan kurtuluruz. Babas\u0131 sen \u00f6nce evlenilecek bir k\u0131z bul, gerisi kolay deyiverir. Ali ve sevgilisi \u00e7ok bozulur. Ferman Bey, oteli y\u00f6netecek yeni Ceo&#8217;sunun o\u011flu Ali oldu\u011funu s\u00f6yler.<\/p>\n<p><img loading=\"lazy\" decoding=\"async\" class=\"alignnone size-full wp-image-12051\" src=\"http:\/\/balcilar-blog.com\/wp-content\/uploads\/2015\/12\/Ekran-Al\u0131nt\u0131s\u0131-ACI-A\u015eK-1.3.png\" alt=\"Ekran Al\u0131nt\u0131s\u0131 ACI A\u015eK 1.3\" width=\"640\" height=\"356\" srcset=\"https:\/\/balcilar-blog.com\/wp-content\/uploads\/2015\/12\/Ekran-Al\u0131nt\u0131s\u0131-ACI-A\u015eK-1.3.png 640w, https:\/\/balcilar-blog.com\/wp-content\/uploads\/2015\/12\/Ekran-Al\u0131nt\u0131s\u0131-ACI-A\u015eK-1.3-300x167.png 300w\" sizes=\"auto, (max-width: 640px) 100vw, 640px\" \/><\/p>\n<p>O\u011flu bu g\u00f6rev i\u00e7in ge\u00e7 kald\u0131\u011f\u0131n\u0131 s\u00f6yler ve \u00e7eker gider. Bulut otelde g\u00f6revlidir. Melek keman \u00e7alar. \u00c7\u0131k\u0131\u015fta onu Bulut arabas\u0131n\u0131 al\u0131r ve tan\u0131\u015f\u0131rlar. Bulut Melek&#8217;i indirir. Dayanamaz pe\u015finden ko\u015far. Melek \u00e7i\u00e7ek pasaj\u0131nda \u00e7ald\u0131\u011f\u0131n\u0131 s\u00f6yler, Bulut seni dinlemeye gelece\u011fim. Aralar\u0131nda ilk a\u015fk\u0131n ate\u015fi yanmaya ba\u015flam\u0131\u015ft\u0131r bile&#8230;<\/p>\n<p>Ali, sevgilisi Eyl\u00fcl ile day\u0131s\u0131na gider. Babas\u0131n\u0131n teklifini konu\u015furlar. Ali de ret etti\u011fini anlat\u0131r. Day\u0131s\u0131 Re\u015fat, biliyordum kabul etmeyece\u011fini&#8230;<\/p>\n<p>Dizide de olsa y\u0131llar sonra bir \u00e7i\u00e7ek pasaj\u0131 sahnesi g\u00f6rd\u00fcm. Melek orada gitar \u00e7al\u0131yor, sarho\u015flar\u0131 e\u011flendiriyor.<\/p>\n<p><img loading=\"lazy\" decoding=\"async\" class=\"alignnone size-full wp-image-12053\" src=\"http:\/\/balcilar-blog.com\/wp-content\/uploads\/2015\/12\/Ekran-Al\u0131nt\u0131s\u0131ACI-A\u015eK-1.4.png\" alt=\"Ekran Al\u0131nt\u0131s\u0131ACI A\u015eK 1.4\" width=\"640\" height=\"363\" srcset=\"https:\/\/balcilar-blog.com\/wp-content\/uploads\/2015\/12\/Ekran-Al\u0131nt\u0131s\u0131ACI-A\u015eK-1.4.png 640w, https:\/\/balcilar-blog.com\/wp-content\/uploads\/2015\/12\/Ekran-Al\u0131nt\u0131s\u0131ACI-A\u015eK-1.4-300x170.png 300w\" sizes=\"auto, (max-width: 640px) 100vw, 640px\" \/><\/p>\n<p>Bulut gelmi\u015f masada yerini alm\u0131\u015ft\u0131r bile&#8230; Melek onu g\u00f6r\u00fcnce bir tuhaf olur. K\u0131sa bir konu\u015fmadan sonra Melek i\u015fine d\u00f6ner. \u00c7alarken g\u00f6zlerini Bulut&#8217;tan alamaz. Harmandal\u0131 zeybek \u00e7al\u0131nca Bulut kalkar oynar. G\u00f6zleri ile Melek&#8217;i adeta yer, yutar.<\/p>\n<p><img loading=\"lazy\" decoding=\"async\" class=\"alignnone size-full wp-image-12054\" src=\"http:\/\/balcilar-blog.com\/wp-content\/uploads\/2015\/12\/Ekran-Al\u0131nt\u0131s\u0131ACI-A\u015eK-1.5.png\" alt=\"Ekran Al\u0131nt\u0131s\u0131ACI A\u015eK 1.5\" width=\"640\" height=\"356\" srcset=\"https:\/\/balcilar-blog.com\/wp-content\/uploads\/2015\/12\/Ekran-Al\u0131nt\u0131s\u0131ACI-A\u015eK-1.5.png 640w, https:\/\/balcilar-blog.com\/wp-content\/uploads\/2015\/12\/Ekran-Al\u0131nt\u0131s\u0131ACI-A\u015eK-1.5-300x167.png 300w\" sizes=\"auto, (max-width: 640px) 100vw, 640px\" \/><\/p>\n<p>Birlikte \u00e7\u0131karlar. Bulut bu g\u00fcn benim do\u011fum g\u00fcn\u00fcmd\u00fc. G\u00fczel bir hediye oldu. \u0130lk defa do\u011fum g\u00fcn\u00fcm \u00e7ok g\u00fczel ge\u00e7ti. Bulut bir daha ne zaman g\u00f6r\u00fc\u015fece\u011fiz deyince Melek, okul bitti yar\u0131n \u0130zmir S\u0131\u011fac\u0131k&#8217;a d\u00f6nece\u011fini s\u00f6yler. Ayr\u0131l\u0131rken Melek Bulut&#8217;a \u00e7antas\u0131ndan \u00e7\u0131kard\u0131\u011f\u0131 bir do\u011fum g\u00fcn\u00fc hediyesi verir.<\/p>\n<p>Melek Ali ile apartman giri\u015finde kar\u015f\u0131la\u015f\u0131rlar. Melek&#8217;in b\u0131rakt\u0131\u011f\u0131 eve Ali&#8217;nin k\u0131z arkada\u015f\u0131 Eyl\u00fcl yerle\u015fecektir. Ali de onu eve getirmi\u015ftir. Tan\u0131\u015f\u0131rlar. Ertesi g\u00fcn Melek memleketi S\u0131\u011fac\u0131k&#8217;a d\u00f6ner. \u00a0Babas\u0131na s\u00fcrpriz yapar. Babas\u0131 kendisi gibi \u00f6\u011fretmenlik yapmas\u0131n\u0131 istemektedir.<\/p>\n<p>Bir g\u00fcn Bulut, S\u0131\u011fac\u0131k&#8217;a Melek&#8217;e gider, s\u00fcrpriz yapar. Birlikte S\u0131\u011fac\u0131k koyunda deniz kenar\u0131nda dola\u015f\u0131rlar. Melek, ailesini anlat\u0131r. Melek&#8217;in mutluluktan g\u00f6zleri parlar.<\/p>\n<p><img loading=\"lazy\" decoding=\"async\" class=\"alignnone size-full wp-image-12055\" src=\"http:\/\/balcilar-blog.com\/wp-content\/uploads\/2015\/12\/Ekran-Al\u0131nt\u0131s\u0131ACI-A\u015eK-1.6.png\" alt=\"Ekran Al\u0131nt\u0131s\u0131ACI A\u015eK 1.6\" width=\"640\" height=\"364\" srcset=\"https:\/\/balcilar-blog.com\/wp-content\/uploads\/2015\/12\/Ekran-Al\u0131nt\u0131s\u0131ACI-A\u015eK-1.6.png 640w, https:\/\/balcilar-blog.com\/wp-content\/uploads\/2015\/12\/Ekran-Al\u0131nt\u0131s\u0131ACI-A\u015eK-1.6-300x171.png 300w\" sizes=\"auto, (max-width: 640px) 100vw, 640px\" \/><\/p>\n<p>Art\u0131k iki sevgilidirler. Bulut, g\u00fczel bir kolye hediye eder. Melek boynuna takar ve \u00e7ok da sever, mutlu olur. Art\u0131k ayr\u0131lma zaman\u0131d\u0131r, Melek babam bekler. Bulut ilk \u00f6p\u00fcc\u00fc\u011f\u00fcn dudaklar\u0131n\u0131 kondurur. Daha sonra aln\u0131ndan \u00f6per.<\/p>\n<p><img loading=\"lazy\" decoding=\"async\" class=\"alignnone size-full wp-image-12052\" src=\"http:\/\/balcilar-blog.com\/wp-content\/uploads\/2015\/12\/Ekran-Al\u0131nt\u0131s\u0131-ACI-A\u015eK-1.7.png\" alt=\"Ekran Al\u0131nt\u0131s\u0131 ACI A\u015eK 1.7\" width=\"640\" height=\"366\" srcset=\"https:\/\/balcilar-blog.com\/wp-content\/uploads\/2015\/12\/Ekran-Al\u0131nt\u0131s\u0131-ACI-A\u015eK-1.7.png 640w, https:\/\/balcilar-blog.com\/wp-content\/uploads\/2015\/12\/Ekran-Al\u0131nt\u0131s\u0131-ACI-A\u015eK-1.7-300x172.png 300w\" sizes=\"auto, (max-width: 640px) 100vw, 640px\" \/><\/p>\n<p>Bulut ile melek ertesi g\u00fcn de bulu\u015furlar, bisikletle dola\u015f\u0131rlar. Bulut do\u011fay\u0131 \u00e7ok be\u011fenir. Ya\u011fmur ba\u015flar, Koydaki k\u00fc\u00e7\u00fck eve girerler. Eve d\u00f6nmeyip geceyi k\u00fc\u00e7\u00fck kul\u00fcbe evde ge\u00e7irirler. Melek o gece Bulut&#8217;un olur. Melek sabah Bulut&#8217;tan \u00f6nce kalkar. Yar\u0131 mutlu, biraz da tedirgindir.<\/p>\n<p><img loading=\"lazy\" decoding=\"async\" class=\"alignnone size-full wp-image-12056\" src=\"http:\/\/balcilar-blog.com\/wp-content\/uploads\/2015\/12\/Ekran-Al\u0131nt\u0131s\u0131ACI-A\u015eK-1.8.png\" alt=\"Ekran Al\u0131nt\u0131s\u0131ACI A\u015eK 1.8\" width=\"640\" height=\"365\" srcset=\"https:\/\/balcilar-blog.com\/wp-content\/uploads\/2015\/12\/Ekran-Al\u0131nt\u0131s\u0131ACI-A\u015eK-1.8.png 640w, https:\/\/balcilar-blog.com\/wp-content\/uploads\/2015\/12\/Ekran-Al\u0131nt\u0131s\u0131ACI-A\u015eK-1.8-300x171.png 300w\" sizes=\"auto, (max-width: 640px) 100vw, 640px\" \/><\/p>\n<p>Bulut uyan\u0131r, \u00fc\u015f\u00fcyen Melek&#8217;e \u015fal getir, omzuna koyar.<\/p>\n<p><img loading=\"lazy\" decoding=\"async\" class=\"alignnone size-full wp-image-12057\" src=\"http:\/\/balcilar-blog.com\/wp-content\/uploads\/2015\/12\/Ekran-Al\u0131nt\u0131s\u0131ACI-A\u015eK-1.9.png\" alt=\"Ekran Al\u0131nt\u0131s\u0131ACI A\u015eK 1.9\" width=\"640\" height=\"366\" srcset=\"https:\/\/balcilar-blog.com\/wp-content\/uploads\/2015\/12\/Ekran-Al\u0131nt\u0131s\u0131ACI-A\u015eK-1.9.png 640w, https:\/\/balcilar-blog.com\/wp-content\/uploads\/2015\/12\/Ekran-Al\u0131nt\u0131s\u0131ACI-A\u015eK-1.9-300x172.png 300w\" sizes=\"auto, (max-width: 640px) 100vw, 640px\" \/><\/p>\n<p>Melek Londra&#8217;da burs kazanm\u0131\u015ft\u0131r. Kaderi bak ki, \u00e7ok az zaman \u00f6nce tan\u0131d\u0131\u011f\u0131 Bulut ile birliktelerdir. Babas\u0131na a\u015f\u0131k oldu\u011funu anlataca\u011f\u0131n\u0131 s\u00f6yler.<\/p>\n<p>Sabah babas\u0131na haz\u0131rlad\u0131\u011f\u0131 kahvalt\u0131 sofras\u0131nda, bir pundunu bulur, baba ben a\u015f\u0131k oldum deyiverir. \u00c7ok iyi, yak\u0131\u015f\u0131kl\u0131, kocaman bir y\u00fcre\u011fi var. Babas\u0131 \u00e7a\u011f\u0131r, elimizi \u00f6ps\u00fcn tan\u0131\u015fal\u0131m deyip olgunlukla kar\u015f\u0131lar.<\/p>\n<p>Melek, sevin\u00e7le Bulut&#8217;un kald\u0131\u011f\u0131 motele gider ama bulamaz. Telefon eder, a\u00e7maz. A\u011flar, babas\u0131na gitmi\u015f der. Babas\u0131 da haber vermeden nas\u0131l gider diyerek \u00fcz\u00fcl\u00fcr.<\/p>\n<p>Bulut \u0130stanbul&#8217;a otele d\u00f6ner patron Ferman Beyin odas\u0131na girmesiyle tokat y\u00fcz\u00fcnde patlar. Sen ne zannediyorsuz kendini izinsiz, istifa edip gidiyorsun, ge\u00e7 odana diye ba\u011f\u0131r\u0131r,<\/p>\n<p>Melek sabah kalkar a\u011flayarak babas\u0131na, Londra&#8217;da burs kazand\u0131\u011f\u0131n\u0131 gitmesi gerekti\u011fini s\u00f6yler. A\u011flayarak, \u00e7ok \u00f6z\u00fcr dilerim baba gitmem gerekiyor. Biner otob\u00fcse hava alan\u0131na gider.<\/p>\n<p>Bulut, Melek&#8217;in verdi\u011fi do\u011fum g\u00fcn\u00fc hediyesi bakar, eli telefonun tu\u015flar\u0131na gider, a\u00e7amaz. Patronu Bulut&#8217;da bir gariplik oldu\u011funu hisseder.<\/p>\n<p>Ali&#8217;nin sevgilisi bir uyu\u015fturucu ba\u011f\u0131ml\u0131s\u0131d\u0131r. Ferman Bey Eyl\u00fcl&#8217;\u00fc arabas\u0131na \u00e7a\u011f\u0131rt\u0131r. Ali&#8217;yi seviyorsan onu b\u0131rak diyerek uyar\u0131r. G\u00f6n\u00fclden seviyorsan ona \u015fans ver. Ben babas\u0131 olarak o\u011flumu kazan\u0131rsan, tedavin i\u00e7in elimden geleni yapaca\u011f\u0131m.<\/p>\n<p><img loading=\"lazy\" decoding=\"async\" class=\"alignnone size-medium wp-image-12058\" src=\"http:\/\/balcilar-blog.com\/wp-content\/uploads\/2015\/12\/Ekran-Al\u0131nt\u0131s\u0131ACI-A\u015eK-1.10-300x171.png\" alt=\"Ekran Al\u0131nt\u0131s\u0131ACI A\u015eK 1.10\" width=\"300\" height=\"171\" srcset=\"https:\/\/balcilar-blog.com\/wp-content\/uploads\/2015\/12\/Ekran-Al\u0131nt\u0131s\u0131ACI-A\u015eK-1.10-300x171.png 300w, https:\/\/balcilar-blog.com\/wp-content\/uploads\/2015\/12\/Ekran-Al\u0131nt\u0131s\u0131ACI-A\u015eK-1.10.png 640w\" sizes=\"auto, (max-width: 300px) 100vw, 300px\" \/>\u00a0<img loading=\"lazy\" decoding=\"async\" class=\"alignnone size-medium wp-image-12061\" src=\"http:\/\/balcilar-blog.com\/wp-content\/uploads\/2015\/12\/Ekran-Al\u0131nt\u0131s\u0131ACI-A\u015eK-1.9A-300x170.png\" alt=\"Ekran Al\u0131nt\u0131s\u0131ACI A\u015eK 1.9A\" width=\"300\" height=\"170\" srcset=\"https:\/\/balcilar-blog.com\/wp-content\/uploads\/2015\/12\/Ekran-Al\u0131nt\u0131s\u0131ACI-A\u015eK-1.9A-300x170.png 300w, https:\/\/balcilar-blog.com\/wp-content\/uploads\/2015\/12\/Ekran-Al\u0131nt\u0131s\u0131ACI-A\u015eK-1.9A.png 640w\" sizes=\"auto, (max-width: 300px) 100vw, 300px\" \/><\/p>\n<p>E\u011fer o\u011flumu geri kazan\u0131rsam maddi anlamda hi\u00e7 bir s\u0131k\u0131nt\u0131 \u00e7ekmeyeceksin. Yeter ki d\u00fc\u015f yakas\u0131ndan, kendini de Ali&#8217;yi de kurtar.<\/p>\n<p>Melek hava alan\u0131ndan Bulut&#8217;u arar. Konu\u015furlar, Bulut gitmek zorundayd\u0131m. Yar\u0131n sizin oraya gelece\u011fim, konu\u015furuz. Melek; Gelme, ben birazdan Londra&#8217;ya u\u00e7uyorum. Dayanamaz \u0130stanbul&#8217;a gelir, Bulut&#8217;un i\u015f yerine gider. Bulut ne s\u00f6yleyece\u011fini bilemez, su\u00e7ludur. Melek, laf\u0131n\u0131 esirgemez, anl\u0131k bir \u015fey ya\u015fad\u0131n, hevesini ald\u0131n gittin. Bulut, \u00e7\u00fcnk\u00fc mecbur kald\u0131m. Melek, herkesin i\u00e7inde ba\u011f\u0131r\u0131r, \u00e7a\u011f\u0131r\u0131r. Ben \u015fu anda Londra&#8217;da olacakt\u0131m, geldim. \u00d6\u011frenmek istedim. Bir \u015fey s\u00f6yle&#8230; a\u015f\u0131k olmad\u0131m de der ve \u00e7\u0131kar. Bulut pe\u015finde gelir.<\/p>\n<p><img loading=\"lazy\" decoding=\"async\" class=\"alignnone size-full wp-image-12060\" src=\"http:\/\/balcilar-blog.com\/wp-content\/uploads\/2015\/12\/Ekran-Al\u0131nt\u0131s\u0131-ACI-A\u015eK.1.11.png\" alt=\"Ekran Al\u0131nt\u0131s\u0131 ACI A\u015eK.1.11\" width=\"640\" height=\"366\" srcset=\"https:\/\/balcilar-blog.com\/wp-content\/uploads\/2015\/12\/Ekran-Al\u0131nt\u0131s\u0131-ACI-A\u015eK.1.11.png 640w, https:\/\/balcilar-blog.com\/wp-content\/uploads\/2015\/12\/Ekran-Al\u0131nt\u0131s\u0131-ACI-A\u015eK.1.11-300x172.png 300w\" sizes=\"auto, (max-width: 640px) 100vw, 640px\" \/><\/p>\n<p>Yakalar, ayak \u00fcst\u00fc tart\u0131\u015f\u0131rlar, Bulut durumunu a\u00e7\u0131klar. Ben sana \u00e7ok a\u015f\u0131k oldum dese de, Melek&#8217;i ikna edemez. Boynundan kolyesini \u00e7\u0131kart\u0131r, Bulut&#8217;un surat\u0131na atar, d\u00f6ner, g\u00f6z ya\u015flar\u0131 i\u00e7inde gider.<\/p>\n<p><img loading=\"lazy\" decoding=\"async\" class=\"alignnone size-full wp-image-12062\" src=\"http:\/\/balcilar-blog.com\/wp-content\/uploads\/2015\/12\/Ekran-Al\u0131nt\u0131s\u0131ACI-A\u015eK-1.12.png\" alt=\"Ekran Al\u0131nt\u0131s\u0131ACI A\u015eK 1.12\" width=\"640\" height=\"356\" srcset=\"https:\/\/balcilar-blog.com\/wp-content\/uploads\/2015\/12\/Ekran-Al\u0131nt\u0131s\u0131ACI-A\u015eK-1.12.png 640w, https:\/\/balcilar-blog.com\/wp-content\/uploads\/2015\/12\/Ekran-Al\u0131nt\u0131s\u0131ACI-A\u015eK-1.12-300x167.png 300w\" sizes=\"auto, (max-width: 640px) 100vw, 640px\" \/><\/p>\n<p>Ali kendi halinde day\u0131s\u0131n\u0131n yan\u0131nda at\u00f6lyede \u00e7al\u0131\u015f\u0131rken babas\u0131 Ferman Bey \u00e7\u0131kar gelir. Daha ne kadar bu sefil hayat\u0131 s\u00fcrd\u00fcreceksin? O\u011flumu eve g\u00f6rmek i\u00e7in geldim. Day\u0131s\u0131 babana \u00e7ay kahve \u0131smarlamayacak m\u0131s\u0131n diye sorar? \u00d6z o\u011flum dururken niye damad\u0131ma muhta\u00e7 olay\u0131m.<\/p>\n<p>Day\u0131 Re\u015fat Bey, Ferman Beyin kar\u0131s\u0131 Zahide Han\u0131m\u0131n karde\u015fidir. Eni\u015fte kay\u0131n biraderin aras\u0131 iyi de\u011fildir.<\/p>\n<p>Sude, bir p\u0131rlanta d\u00fckkan\u0131ndan k\u00fcpe \u00e7alar, yakalan\u0131r. Annesi olaya m\u00fcdahale eder, kurtar\u0131r. Babas\u0131 Ferman Bey duymamas\u0131n\u0131 ister. Sude, Bulut ile evlidir. Belli ki, zoraki evlenmi\u015f, Ferman Beyin yan\u0131nda i\u015f g\u00fcveyi olarak \u00e7al\u0131\u015fmaktad\u0131r. Sude&#8217;ye bo\u015fanma ka\u011f\u0131d\u0131 g\u00f6ndermi\u015ftir. Annesi, bo\u015fanmak kolay de\u011fil, k\u0131z\u0131m sen kocan\u0131n yapt\u0131klar\u0131n\u0131 g\u00f6rmezden geleceksin.<\/p>\n<p><img loading=\"lazy\" decoding=\"async\" class=\"alignnone size-full wp-image-12059\" src=\"http:\/\/balcilar-blog.com\/wp-content\/uploads\/2015\/12\/Ekran-Al\u0131nt\u0131s\u0131-ACI-A\u015eK-1.13.png\" alt=\"Ekran Al\u0131nt\u0131s\u0131 ACI A\u015eK 1.13\" width=\"640\" height=\"362\" srcset=\"https:\/\/balcilar-blog.com\/wp-content\/uploads\/2015\/12\/Ekran-Al\u0131nt\u0131s\u0131-ACI-A\u015eK-1.13.png 640w, https:\/\/balcilar-blog.com\/wp-content\/uploads\/2015\/12\/Ekran-Al\u0131nt\u0131s\u0131-ACI-A\u015eK-1.13-300x170.png 300w\" sizes=\"auto, (max-width: 640px) 100vw, 640px\" \/><\/p>\n<p>Bulut giderse, baban \u015firketin ba\u015f\u0131na o meymenetsiz o\u011flunu getirir. Ben ne diyorsan onu yapacaks\u0131n.<\/p>\n<p>Evde kar\u0131 koca tart\u0131\u015f\u0131rlar. Bulut kar\u0131s\u0131 Sude&#8217;ye sana bo\u015fanma ka\u011f\u0131d\u0131 g\u00f6nderdim. Sude, ben de y\u0131rt\u0131p att\u0131m, \u00f6yle benden bo\u015fanmak kolay de\u011fil. Tart\u0131\u015fma sonunda Bulut evi terk eder.<\/p>\n<p><img loading=\"lazy\" decoding=\"async\" class=\"alignnone size-full wp-image-12063\" src=\"http:\/\/balcilar-blog.com\/wp-content\/uploads\/2015\/12\/Ekran-ACI-A\u015eK-1.14.png\" alt=\"Ekran ACI A\u015eK 1.14\" width=\"640\" height=\"371\" srcset=\"https:\/\/balcilar-blog.com\/wp-content\/uploads\/2015\/12\/Ekran-ACI-A\u015eK-1.14.png 640w, https:\/\/balcilar-blog.com\/wp-content\/uploads\/2015\/12\/Ekran-ACI-A\u015eK-1.14-300x174.png 300w\" sizes=\"auto, (max-width: 640px) 100vw, 640px\" \/><\/p>\n<p>Sude, kriz ge\u00e7irir, evi da\u011f\u0131t\u0131r, k\u0131rar d\u00f6ker. O s\u0131rada gelen babas\u0131na beni aldat\u0131yor, gene o kad\u0131na gitti diye \u015fikayet eder.<\/p>\n<p>Melek arkada\u015f\u0131n\u0131n evine gider. Melek a\u011fl\u0131yordur. Kalbim ac\u0131yor, onu severken ben ne yapaca\u011f\u0131m, \u00e7aresizim.<\/p>\n<p>Kay\u0131n pederi Ferman Bey, damad\u0131 Bulut ile konu\u015furlar. Ona babaca nasihatlerde bulunur, bu \u015firket sana kalacak. Bulut, \u00f6z o\u011flunuz dururken&#8230; \u00a0Ferman Bey, seninle kaderimiz ayn\u0131.<\/p>\n<p>Yemekte Sude, anne babas\u0131na biz kocamla bir karar ald\u0131k, bir \u00e7ocu\u011fumuz olsun istiyoruz. Bulut damdan d\u00fc\u015fer gibi bu lafa \u015fa\u015f\u0131r\u0131r, bozuntuya vermez. O s\u0131rada Melek&#8217;in telefonunu \u00f6\u011frenir. Tel a\u00e7ar, yar\u0131n bulu\u015fup konu\u015fmak ister. Sabah i\u015fe giden kocas\u0131n\u0131n arabas\u0131na biner bana gidece\u011fim yere b\u0131rak der. Bulut kar\u0131s\u0131 Sude&#8217;ye yol kenar\u0131na b\u0131rak\u0131r. K\u0131y\u0131da bir bankta yaln\u0131z oturan Melek&#8217;in yan\u0131na gelir, oturur.<\/p>\n<p><img loading=\"lazy\" decoding=\"async\" class=\"alignnone size-full wp-image-12064\" src=\"http:\/\/balcilar-blog.com\/wp-content\/uploads\/2015\/12\/Ekran-Al\u0131nt\u0131s\u0131ACI-A\u015eK-1.15.png\" alt=\"Ekran Al\u0131nt\u0131s\u0131ACI A\u015eK 1.15\" width=\"640\" height=\"361\" srcset=\"https:\/\/balcilar-blog.com\/wp-content\/uploads\/2015\/12\/Ekran-Al\u0131nt\u0131s\u0131ACI-A\u015eK-1.15.png 640w, https:\/\/balcilar-blog.com\/wp-content\/uploads\/2015\/12\/Ekran-Al\u0131nt\u0131s\u0131ACI-A\u015eK-1.15-300x169.png 300w\" sizes=\"auto, (max-width: 640px) 100vw, 640px\" \/><\/p>\n<p>Hemen lafa girer, kara kuru biri demi\u015ftim, tahmin etti\u011fim gibi \u00e7\u0131kt\u0131. Daha \u00f6nce Melek&#8217;in resimlerini kocas\u0131 ile \u00e7ektirmi\u015fti. Oradan tan\u0131yor olmal\u0131. Kocam\u0131 tavlamak i\u00e7in ne yapt\u0131n, Melek, ben bilmiyordum evli oldu\u011funu. Sude, ben kocam\u0131 iyi tan\u0131r\u0131m, bir anl\u0131k bo\u015flu\u011funa denk gelmi\u015fsiniz. S\u0131k\u0131l\u0131nca at\u0131verecek. Melek aniden kalkar. Bu tats\u0131z konu\u015fma \u00e7ok can s\u0131k\u0131c\u0131 olur. Sude aya\u011f\u0131m\u0131z\u0131n alt\u0131nda dola\u015f\u0131rsan, maf ederim seni diyerek tehditler savurur.<\/p>\n<p><img loading=\"lazy\" decoding=\"async\" class=\"alignnone size-full wp-image-12065\" src=\"http:\/\/balcilar-blog.com\/wp-content\/uploads\/2015\/12\/Ekran-Al\u0131nt\u0131s\u0131ACI-A\u015eK-1.17.png\" alt=\"Ekran Al\u0131nt\u0131s\u0131ACI A\u015eK 1.17\" width=\"640\" height=\"362\" srcset=\"https:\/\/balcilar-blog.com\/wp-content\/uploads\/2015\/12\/Ekran-Al\u0131nt\u0131s\u0131ACI-A\u015eK-1.17.png 640w, https:\/\/balcilar-blog.com\/wp-content\/uploads\/2015\/12\/Ekran-Al\u0131nt\u0131s\u0131ACI-A\u015eK-1.17-300x170.png 300w\" sizes=\"auto, (max-width: 640px) 100vw, 640px\" \/><\/p>\n<p>Ali, sevgilisi Eyl\u00fcl&#8217;\u00fc al\u0131r, binerler arabaya. Ali yolumuz uzun&#8230; Nereye gidiyoruz. Sana s\u00fcrprizim var. Ali, Eyl\u00fcl ad\u0131 verdi\u011fi minib\u00fcse getirir. Kavga eder, Eyl\u00fcl \u00e7\u0131k hayat\u0131mdan, istemiyorum seni. Eyl\u00fcl araca biner. Ali d\u0131\u015far\u0131da ya\u011fmur alt\u0131nda kal\u0131r. Ali de araca bindi\u011finde Eyl\u00fcl&#8217;\u00fc bayg\u0131n bulur, uyu\u015fturucu alm\u0131\u015ft\u0131r.<\/p>\n<p><img loading=\"lazy\" decoding=\"async\" class=\"alignnone size-full wp-image-12066\" src=\"http:\/\/balcilar-blog.com\/wp-content\/uploads\/2015\/12\/Ekran-Al\u0131nt\u0131s\u0131ACI-A\u015eK-1.18.png\" alt=\"Ekran Al\u0131nt\u0131s\u0131ACI A\u015eK 1.18\" width=\"640\" height=\"371\" srcset=\"https:\/\/balcilar-blog.com\/wp-content\/uploads\/2015\/12\/Ekran-Al\u0131nt\u0131s\u0131ACI-A\u015eK-1.18.png 640w, https:\/\/balcilar-blog.com\/wp-content\/uploads\/2015\/12\/Ekran-Al\u0131nt\u0131s\u0131ACI-A\u015eK-1.18-300x174.png 300w\" sizes=\"auto, (max-width: 640px) 100vw, 640px\" \/><\/p>\n<p>Acili arar, yard\u0131m ister. Uyu\u015fturucu ald\u0131\u011f\u0131n\u0131 s\u00f6yler. Sonra babas\u0131n\u0131 arar, Eyl\u00fcl&#8217;\u00fcn krize girdi\u011fini s\u00f6yler. Acil yard\u0131m g\u00f6ndermesini ister. Yard\u0131m edin diyerek ba\u011f\u0131r\u0131r, \u00e7a\u011f\u0131r\u0131r.<\/p>\n<p><img loading=\"lazy\" decoding=\"async\" class=\"alignnone size-full wp-image-12070\" src=\"http:\/\/balcilar-blog.com\/wp-content\/uploads\/2015\/12\/Ekran-Al\u0131nt\u0131s\u0131ACI-A\u015eK-1.21.png\" alt=\"Ekran Al\u0131nt\u0131s\u0131ACI A\u015eK 1.21\" width=\"640\" height=\"369\" srcset=\"https:\/\/balcilar-blog.com\/wp-content\/uploads\/2015\/12\/Ekran-Al\u0131nt\u0131s\u0131ACI-A\u015eK-1.21.png 640w, https:\/\/balcilar-blog.com\/wp-content\/uploads\/2015\/12\/Ekran-Al\u0131nt\u0131s\u0131ACI-A\u015eK-1.21-300x173.png 300w\" sizes=\"auto, (max-width: 640px) 100vw, 640px\" \/><\/p>\n<p>Melek arkada\u015f\u0131 ile i\u015fe \u00e7\u0131karlar, bir yerde \u00e7alarlar, birlikte eve d\u00f6nerler. O s\u0131rada Bulut \u0131srarla telefonu \u00e7ald\u0131r\u0131r. A\u00e7mak istemese de arkada\u015f\u0131n\u0131n \u0131srar\u0131 ile a\u00e7ar. Melek, bir daha beni arama dese de Bulut bulu\u015fup konu\u015fmak ister.<\/p>\n<p><img loading=\"lazy\" decoding=\"async\" class=\"alignnone size-full wp-image-12069\" src=\"http:\/\/balcilar-blog.com\/wp-content\/uploads\/2015\/12\/Ekran-Al\u0131nt\u0131s\u0131-ACI-A\u015eK-22.png\" alt=\"Ekran Al\u0131nt\u0131s\u0131 ACI A\u015eK 22\" width=\"640\" height=\"372\" srcset=\"https:\/\/balcilar-blog.com\/wp-content\/uploads\/2015\/12\/Ekran-Al\u0131nt\u0131s\u0131-ACI-A\u015eK-22.png 640w, https:\/\/balcilar-blog.com\/wp-content\/uploads\/2015\/12\/Ekran-Al\u0131nt\u0131s\u0131-ACI-A\u015eK-22-300x174.png 300w\" sizes=\"auto, (max-width: 640px) 100vw, 640px\" \/><\/p>\n<p>Bulut da ya\u011fmur alt\u0131nda Melek&#8217;i bekler. Melek gelir, geldim i\u015fte&#8230; Her ikisi de a\u015fk ac\u0131s\u0131 ile a\u011flarlar. Melek sana a\u015f\u0131\u011f\u0131m, yanacaksak birlikte yanal\u0131m. K\u0131ra\u00e7&#8217;\u0131n &#8220;Vazge\u00e7emem bu y\u00fczden&#8221; par\u00e7as\u0131 \u00e7alar. Sar\u0131l\u0131rlar. \u00a0Bulut&#8217;un pe\u015finden gelen kar\u0131s\u0131 Sude, arabas\u0131n\u0131n direksiyonundan onlar\u0131 seyreder. Ve ilk b\u00f6l\u00fcm burada sona erer.<\/p>\n<p><img loading=\"lazy\" decoding=\"async\" class=\"alignnone size-full wp-image-12068\" src=\"http:\/\/balcilar-blog.com\/wp-content\/uploads\/2015\/12\/Ekran-Al\u0131nt\u0131s\u0131ACI-A\u015eK-1.20.png\" alt=\"Ekran Al\u0131nt\u0131s\u0131ACI A\u015eK 1.20\" width=\"640\" height=\"363\" srcset=\"https:\/\/balcilar-blog.com\/wp-content\/uploads\/2015\/12\/Ekran-Al\u0131nt\u0131s\u0131ACI-A\u015eK-1.20.png 640w, https:\/\/balcilar-blog.com\/wp-content\/uploads\/2015\/12\/Ekran-Al\u0131nt\u0131s\u0131ACI-A\u015eK-1.20-300x170.png 300w\" sizes=\"auto, (max-width: 640px) 100vw, 640px\" \/><\/p>\n<p>Hikaye buraya kadar g\u00fczel ve ak\u0131c\u0131. Ancak bu son final sahnesi bana pek inand\u0131r\u0131c\u0131 gelmedi. Biraz yapmac\u0131k olmu\u015f. \u015eimdi bundan sonra ne olacak. Ad\u0131 \u00fcst\u00fcnde bu &#8216;Ac\u0131 A\u015fk&#8217; nas\u0131l \u015fekillenecek ben de merak ediyorum.<\/p>\n<p>Oyuncu kadrosu g\u00fczel. Se\u00e7kin \u00d6zdemir, benin Bir A\u015fk Hikayesi dizisinden tan\u0131d\u0131\u011f\u0131m s\u00fcper bir oyuncu. Bu yeter mi? Yetmez. Bu uyarlama T\u00fcrk \u00f6rf adetlerine g\u00f6re hamuru \u00e7ok iyi yo\u011frulmas\u0131 laz\u0131m. Ortaya lezzetli bir i\u015f \u00e7\u0131ks\u0131n. En az \u00fc\u00e7 b\u00f6l\u00fcm seyretmeden kaliteyi anlayamay\u0131z. \u0130lk b\u00f6l\u00fcm\u00fcn reytingleri olduk\u00e7a d\u00fc\u015f\u00fck \u00e7\u0131km\u0131\u015f. Dilerim bundan sonraki b\u00f6l\u00fcmlerde izleyiciyi ekran ba\u015f\u0131na oturtmay\u0131 becerirler de, reytingler y\u00fckselir. \u00d6n\u00fcm\u00fczdeki Pazar ak\u015fam\u0131 (27 Aral\u0131k) 2.b\u00f6l\u00fcm\u00fc ekranlara gelecek.<\/p>\n<p>\u0130yi seyirler.<\/p>\n<p>Sayg\u0131lar ve sevgiler.<\/p>\n<p>Abdurrahman Balc\u0131lar<\/p>\n<p>Twitter: abdurrahman balc\u0131lar@abbalcilar<\/p>\n<p>Mail : <a href=\"mailto:ab.balcilar@hotmail.com\">ab.balcilar@hotmail.com<\/a><\/p>\n<p>Blog:\u00a0<a href=\"http:\/\/t.co\/znqmIZgIqn\">blog.milliyet.com.tr\/cansever<\/a><\/p>\n<p>Blog:\u00a0<strong>balcilar<\/strong>&#8211;<strong>blog.com<\/strong><\/p>\n<p>&nbsp;<\/p>\n<p>Not: G\u00f6rseller diziden taraf\u0131mdan kopyalanarak al\u0131nm\u0131\u015ft\u0131r.<\/p>\n<p>&nbsp;<\/p>\n<p>&nbsp;<\/p>\n<p>&nbsp;<\/p>\n<p>&nbsp;<\/p>\n<p>&nbsp;<\/p>\n<p>&nbsp;<\/p>\n<p>&nbsp;<\/p>\n<p>&nbsp;<\/p>\n","protected":false},"excerpt":{"rendered":"<p>Show Tv&#8217;de ge\u00e7ti\u011fimiz Pazar ak\u015fam\u0131, bir g\u00fcney Kore uyarlamas\u0131 olan Ac\u0131 A\u015fk\u00a0dizisi ekranlar\u0131m\u0131za geldi. Yap\u0131mc\u0131s\u0131 \u00a0 TMC Film &#8211; Erol Avc\u0131.\u00a0Ba\u015fl\u0131ca rollerde; Se\u00e7kin \u00d6zdemir, Selin \u015eekerci, Sezgi Sena Akay, Alperen Duymaz, H\u00fcseyin Avni Danyal, Neriman U\u011fur, Erkan Can, Nazan Diper, Mutlu G\u00fcney, T\u00fcrk\u00fc Turan, \u00c7a\u011fla \u00d6zavc\u0131, Tolga Mendi ve Umur Yi\u011fit Vanl\u0131 yer al\u0131yorlar. M\u00fcziklerini [&hellip;]<\/p>\n","protected":false},"author":3,"featured_media":0,"comment_status":"open","ping_status":"open","sticky":false,"template":"","format":"standard","meta":{"footnotes":""},"categories":[2],"tags":[925,951,950,254,927,35],"class_list":["post-12042","post","type-post","status-publish","format-standard","hentry","category-tv-programlari","tag-aci-ask","tag-erkan-can","tag-erol-avci","tag-seckin-ozdemir","tag-selin-sekerci","tag-show-tv"],"views":4276,"blog_post_layout_featured_media_urls":{"thumbnail":"","full":""},"categories_names":{"2":{"name":"TV Programlar\u0131","link":"https:\/\/balcilar-blog.com\/?cat=2"}},"tags_names":{"925":{"name":"Ac\u0131 A\u015fk","link":"https:\/\/balcilar-blog.com\/?tag=aci-ask"},"951":{"name":"Erkan Can","link":"https:\/\/balcilar-blog.com\/?tag=erkan-can"},"950":{"name":"Erol Avc\u0131","link":"https:\/\/balcilar-blog.com\/?tag=erol-avci"},"254":{"name":"Se\u00e7kin \u00d6zdemir","link":"https:\/\/balcilar-blog.com\/?tag=seckin-ozdemir"},"927":{"name":"Selin \u015eekerci","link":"https:\/\/balcilar-blog.com\/?tag=selin-sekerci"},"35":{"name":"Show Tv","link":"https:\/\/balcilar-blog.com\/?tag=show-tv"}},"comments_number":"0","wpmagazine_modules_lite_featured_media_urls":{"thumbnail":"","cvmm-medium":"","cvmm-medium-plus":"","cvmm-portrait":"","cvmm-medium-square":"","cvmm-large":"","cvmm-small":"","full":""},"_links":{"self":[{"href":"https:\/\/balcilar-blog.com\/index.php?rest_route=\/wp\/v2\/posts\/12042","targetHints":{"allow":["GET"]}}],"collection":[{"href":"https:\/\/balcilar-blog.com\/index.php?rest_route=\/wp\/v2\/posts"}],"about":[{"href":"https:\/\/balcilar-blog.com\/index.php?rest_route=\/wp\/v2\/types\/post"}],"author":[{"embeddable":true,"href":"https:\/\/balcilar-blog.com\/index.php?rest_route=\/wp\/v2\/users\/3"}],"replies":[{"embeddable":true,"href":"https:\/\/balcilar-blog.com\/index.php?rest_route=%2Fwp%2Fv2%2Fcomments&post=12042"}],"version-history":[{"count":8,"href":"https:\/\/balcilar-blog.com\/index.php?rest_route=\/wp\/v2\/posts\/12042\/revisions"}],"predecessor-version":[{"id":12099,"href":"https:\/\/balcilar-blog.com\/index.php?rest_route=\/wp\/v2\/posts\/12042\/revisions\/12099"}],"wp:attachment":[{"href":"https:\/\/balcilar-blog.com\/index.php?rest_route=%2Fwp%2Fv2%2Fmedia&parent=12042"}],"wp:term":[{"taxonomy":"category","embeddable":true,"href":"https:\/\/balcilar-blog.com\/index.php?rest_route=%2Fwp%2Fv2%2Fcategories&post=12042"},{"taxonomy":"post_tag","embeddable":true,"href":"https:\/\/balcilar-blog.com\/index.php?rest_route=%2Fwp%2Fv2%2Ftags&post=12042"}],"curies":[{"name":"wp","href":"https:\/\/api.w.org\/{rel}","templated":true}]}}