{"id":1201,"date":"2013-10-09T18:17:50","date_gmt":"2013-10-09T15:17:50","guid":{"rendered":"http:\/\/balcilar-blog.com\/?p=1201"},"modified":"2014-04-08T18:21:22","modified_gmt":"2014-04-08T15:21:22","slug":"medcezir-cagatay-ulusoyu-hollywooda-tasiyor","status":"publish","type":"post","link":"https:\/\/balcilar-blog.com\/?p=1201","title":{"rendered":"Medcezir, \u00c7a\u011fatay Ulusoy&#8217;u Hollywood&#8217;a ta\u015f\u0131yor!"},"content":{"rendered":"<div>\n<div>\n<h4>09 Ekim &#8217;13<\/h4>\n<\/div>\n<\/div>\n<div>\n<dl>\n<dt>Kategori<\/dt>\n<dd><strong><a href=\"http:\/\/blog.milliyet.com.tr\/tv-programlari\/Kategori\/?KategoriNo=351\">TV Programlar\u0131<\/a><\/strong><\/dd>\n<\/dl>\n<div>\n<div><img loading=\"lazy\" decoding=\"async\" alt=\"Medcezir, \u00c7a\u011fatay Ulusoy'u Hollywood'a ta\u015f\u0131yor!\" src=\"http:\/\/iblog.milliyet.com.tr\/imgroot\/blogv7\/Blog333\/2013\/10\/09\/22\/432000-3-4-c92c6.jpg\" width=\"333\" height=\"240\" \/><\/p>\n<div><\/div>\n<p>&nbsp;<\/p>\n<\/div>\n<div id=\"BlogDetail\">\n<p><a href=\"http:\/\/blog.milliyet.com.tr\/AramaBlog\/?search=Star%20TV\" rel=\"external nofollow\">Star TV<\/a>.in fenomen dizisi \u201c<a href=\"http:\/\/blog.milliyet.com.tr\/AramaBlog\/?search=Medcezir\" rel=\"external nofollow\">Medcezir<\/a>\u201d 4 b\u00f6l\u00fcm g\u00f6sterildi. \u00d6n\u00fcm\u00fczdeki hafta 18 Ekim Cuma ak\u015fam\u0131 5.ci b\u00f6l\u00fcm\u00fc gelecek ekranlar\u0131m\u0131za. \u0130lk b\u00f6l\u00fcm\u00fcn g\u00f6sterimden sonra b\u00fcy\u00fck yank\u0131 uyand\u0131rm\u0131\u015f, ilk b\u00f6l\u00fcm\u00fc Star TV sitesinde 1.182.000 kez izlenerek rekor k\u0131rm\u0131\u015ft\u0131r. Di\u011fer b\u00f6l\u00fcmleri de izlenme rekorlar\u0131 k\u0131r\u0131yormu\u015f.<\/p>\n<p>D\u00fcn at\u0131lan twitlerde, a\u015fa\u011f\u0131daki haber dikkatimi \u00e7ekti.<\/p>\n<p><a href=\"http:\/\/blog.milliyet.com.tr\/AramaBlog\/?search=Kocamag.com\" rel=\"external nofollow\">Kocamag.com<\/a>. \u0130nternet sitesinin haberine g\u00f6re; \u201cMedcezir\u201d dizisinin orijinali \u201cThe O.C\u201dnin yap\u0131mc\u0131lar\u0131 <a href=\"http:\/\/blog.milliyet.com.tr\/AramaBlog\/?search=%C3%87a%C4%9Fatay%20Ulusoy\" rel=\"external nofollow\">\u00c7a\u011fatay Ulusoy<\/a>\u2019u takip ediyor.<\/p>\n<p>Dizi hen\u00fcz ba\u015flamadan T\u00fcrkiye\u2019ye gelerek \u201cMedcezir\u201d tefti\u015f eden Warner Bros. Yetkilileri \u00c7a\u011fatay Ulusoy ve <a href=\"http:\/\/blog.milliyet.com.tr\/AramaBlog\/?search=Serenay%20Sar%C4%B1kaya\" rel=\"external nofollow\">Serenay Sar\u0131kaya<\/a>\u2019ya hayran kalm\u0131\u015ft\u0131.<\/p>\n<p>Yetkililerin bu iki ismi takibe ald\u0131\u011f\u0131 ve yurtd\u0131\u015f\u0131 projelerinde bu iki ismi kullanabilece\u011fi \u00f6\u011frenildi.<\/p>\n<p>K\u0131saca \u00c7a\u011fatay Ulusoy\u2019a Hollywood kap\u0131s\u0131 a\u00e7\u0131ld\u0131.<\/p>\n<p>Haber aynen b\u00f6yle. Haydi hay\u0131rl\u0131s\u0131 diyelim.<\/p>\n<p>\u00c7a\u011fatay Ulusoy bundan takriben iki y\u0131l \u00f6nce (26.11.2011) kendisiyle yap\u0131lan, Show Kul\u00fcp r\u00f6portaj\u0131nda bak\u0131n neler s\u00f6ylemi\u015f. Kendisine soru soran Muhabir; Hangi \u00f6d\u00fclleri almak istersiniz, Hedefleriniz nelerdir? Sorusuna, \u201c<a href=\"http:\/\/blog.milliyet.com.tr\/AramaBlog\/?search=Oscar\" rel=\"external nofollow\">Oscar<\/a>\u201d diye cevap vermi\u015f ve eklemi\u015ftir. \u201cYani tabii hayal, g\u00f6r\u00fcyorum arada bir r\u00fcyalar\u0131mda falan da yani.\u201d Muhabirin Oscar alabilmek i\u00e7in yurtd\u0131\u015f\u0131na a\u00e7\u0131lman laz\u0131m \u00c7a\u011fatay, var m\u0131 b\u00f6yle bir projen?<\/p>\n<p>\u201cYurtd\u0131\u015f\u0131na bir 4 sene sonra falan \u00e7\u0131kmay\u0131 d\u00fc\u015f\u00fcn\u00fcyorum. Planlar\u0131m var, bir tak\u0131m i\u015flemleri tamamlad\u0131ktan, e\u011fitimlerimi tamamlad\u0131ktan sonra, gidip o taraf da bir, farkl\u0131 k\u00fclt\u00fcrler, farkl\u0131 vizyonlar ad\u0131na, orda da kendimi geli\u015ftirmek istiyorum.\u201d<\/p>\n<p>Muhabir; Madem yurtd\u0131\u015f\u0131ndan a\u00e7\u0131ld\u0131 konu, o zaman hemen soral\u0131m. Var m\u0131 yurtd\u0131\u015f\u0131ndan birlikte oynamak istedi\u011fin bir oyuncu?<\/p>\n<p>\u201c<a href=\"http:\/\/blog.milliyet.com.tr\/AramaBlog\/?search=Ecdi%20Ti%C3%A7%C4%B1r\" rel=\"external nofollow\">Ecdi Ti\u00e7\u0131r<\/a>, <a href=\"http:\/\/blog.milliyet.com.tr\/AramaBlog\/?search=Robert%20De%20Niro\" rel=\"external nofollow\">Robert De Niro<\/a>. Ba\u015fl\u0131ca isimlerdir. Kad\u0131n oyuncu yok mu diye sorar muhabir. \u00a0<a href=\"http:\/\/blog.milliyet.com.tr\/AramaBlog\/?search=Angelina%20Jolie\" rel=\"external nofollow\">Angelina Jolie<\/a> be\u011fenirim mesela.\u201d<\/p>\n<p>Muhabir, onunla bir \u00f6p\u00fc\u015fme sahnesi olsa diye sorar.<\/p>\n<p>\u201cOyunculuk i\u00e7in ise, tabii niye olmas\u0131n, oyunculuksa yapar\u0131z.\u201d Diye cevap verir \u00c7a\u011fatay.<\/p>\n<h4>\u00c7a\u011fatay Ulusoy, yukar\u0131daki r\u00f6portajda ki hayallerini kavu\u015fabilecek mi?<\/h4>\n<h4>\u015eu s\u0131ralarda ba\u015f\u0131n\u0131 a\u011fr\u0131tan o ad\u0131n\u0131 bile anmak istemedi\u011fim olay var. Kas\u0131m sonu ilk duru\u015fmas\u0131 olacakm\u0131\u015f. Adalete intikal etmi\u015f bir olay. Bu konuda, bizlerin yorum yapmas\u0131n\u0131n yanl\u0131\u015f oldu\u011funun bilincindeyim. \u00c7a\u011fatay p\u0131rlanta gibi bir insan, Tanr\u0131&#8217;dan dilerim bu i\u015ften aklanarak \u00e7\u0131kacakt\u0131r. T\u00fcrk Adaleti en do\u011fru karar\u0131 verecektir. Benim Adalete ve T\u00fcrk h\u00e2kimlerine g\u00fcvenim tam. Bu dava nedeniyle yurtd\u0131\u015f\u0131 \u00e7\u0131kma yasa\u011f\u0131 var. Mahkeme neticesinde, in\u015fallah beraat eder ve yasaklar kalkar, hayallerini ger\u00e7ekle\u015ftirmek i\u00e7in yurtd\u0131\u015f\u0131na \u00e7\u0131kabilir.<\/h4>\n<h4>Medcezir ile \u00e7ok g\u00fczel bir yola girdi \u00c7a\u011fatay Ulusoy. Serenay Sar\u0131kaya ile uyum tam. Her ikisi de \u00e7ok ba\u015far\u0131l\u0131. Bu sezonun s\u00fcper dizisi hangisi derseniz, hi\u00e7 d\u00fc\u015f\u00fcnmeden \u201cMedcezir\u201d diyorum.<\/h4>\n<h4>Yolun ve \u015fans\u0131n a\u00e7\u0131k olsun \u00c7a\u011fatay Ulusoy. Binlerce sevenin seninle tek y\u00fcrek, hep seninle beraber, ba\u015far\u0131lar\u0131n\u0131 alk\u0131\u015flamak i\u00e7in arkandalar, Unutma\u2026<\/h4>\n<h4>Sizlerin de, alk\u0131\u015flanacak ba\u015far\u0131lar\u0131n\u0131z olmas\u0131 dileklerimle.<\/h4>\n<p>Sayg\u0131lar, sevgiler.<\/p>\n<p>Abdurrahman Balc\u0131lar<\/p>\n<p>Twitter: abdurrahman balc\u0131lar@abbalcilar<\/p>\n<p>Face : <a href=\"mailto:ab.balcilar@hotmail.com\" target=\"_blank\">ab.balcilar@hotmail.com<\/a><\/p>\n<p>Blog: milliyet.com.tr\/cansever<\/p>\n<p>&nbsp;<\/p>\n<p>Not: \u0130zinsiz yaz\u0131dan al\u0131nt\u0131lar yap\u0131lmas\u0131 ya da kaynak belirtilmeden aynen yay\u0131nlanmas\u0131 yasakt\u0131r.<\/p>\n<p>&nbsp;<\/p>\n<\/div>\n<\/div>\n<\/div>\n","protected":false},"excerpt":{"rendered":"<p>09 Ekim &#8217;13 Kategori TV Programlar\u0131 &nbsp; Star TV.in fenomen dizisi \u201cMedcezir\u201d 4 b\u00f6l\u00fcm g\u00f6sterildi. \u00d6n\u00fcm\u00fczdeki hafta 18 Ekim Cuma ak\u015fam\u0131 5.ci b\u00f6l\u00fcm\u00fc gelecek ekranlar\u0131m\u0131za. \u0130lk b\u00f6l\u00fcm\u00fcn g\u00f6sterimden sonra b\u00fcy\u00fck yank\u0131 uyand\u0131rm\u0131\u015f, ilk b\u00f6l\u00fcm\u00fc Star TV sitesinde 1.182.000 kez izlenerek rekor k\u0131rm\u0131\u015ft\u0131r. Di\u011fer b\u00f6l\u00fcmleri de izlenme rekorlar\u0131 k\u0131r\u0131yormu\u015f. D\u00fcn at\u0131lan twitlerde, a\u015fa\u011f\u0131daki haber dikkatimi \u00e7ekti. [&hellip;]<\/p>\n","protected":false},"author":3,"featured_media":0,"comment_status":"open","ping_status":"open","sticky":false,"template":"","format":"standard","meta":{"footnotes":""},"categories":[2],"tags":[369,15,16,368,27,25],"class_list":["post-1201","post","type-post","status-publish","format-standard","hentry","category-tv-programlari","tag-angelina-jolie","tag-cagatay-ulusoy","tag-medcezir","tag-robert-de-niro","tag-serenay-sarikaya","tag-star-tv"],"views":3454,"blog_post_layout_featured_media_urls":{"thumbnail":"","full":""},"categories_names":{"2":{"name":"TV Programlar\u0131","link":"https:\/\/balcilar-blog.com\/?cat=2"}},"tags_names":{"369":{"name":"Angelina Jolie","link":"https:\/\/balcilar-blog.com\/?tag=angelina-jolie"},"15":{"name":"\u00e7a\u011fatay ulusoy","link":"https:\/\/balcilar-blog.com\/?tag=cagatay-ulusoy"},"16":{"name":"medcezir","link":"https:\/\/balcilar-blog.com\/?tag=medcezir"},"368":{"name":"Robert De Niro","link":"https:\/\/balcilar-blog.com\/?tag=robert-de-niro"},"27":{"name":"Serenay Sar\u0131kaya","link":"https:\/\/balcilar-blog.com\/?tag=serenay-sarikaya"},"25":{"name":"Star Tv","link":"https:\/\/balcilar-blog.com\/?tag=star-tv"}},"comments_number":"0","wpmagazine_modules_lite_featured_media_urls":{"thumbnail":"","cvmm-medium":"","cvmm-medium-plus":"","cvmm-portrait":"","cvmm-medium-square":"","cvmm-large":"","cvmm-small":"","full":""},"_links":{"self":[{"href":"https:\/\/balcilar-blog.com\/index.php?rest_route=\/wp\/v2\/posts\/1201","targetHints":{"allow":["GET"]}}],"collection":[{"href":"https:\/\/balcilar-blog.com\/index.php?rest_route=\/wp\/v2\/posts"}],"about":[{"href":"https:\/\/balcilar-blog.com\/index.php?rest_route=\/wp\/v2\/types\/post"}],"author":[{"embeddable":true,"href":"https:\/\/balcilar-blog.com\/index.php?rest_route=\/wp\/v2\/users\/3"}],"replies":[{"embeddable":true,"href":"https:\/\/balcilar-blog.com\/index.php?rest_route=%2Fwp%2Fv2%2Fcomments&post=1201"}],"version-history":[{"count":1,"href":"https:\/\/balcilar-blog.com\/index.php?rest_route=\/wp\/v2\/posts\/1201\/revisions"}],"predecessor-version":[{"id":1202,"href":"https:\/\/balcilar-blog.com\/index.php?rest_route=\/wp\/v2\/posts\/1201\/revisions\/1202"}],"wp:attachment":[{"href":"https:\/\/balcilar-blog.com\/index.php?rest_route=%2Fwp%2Fv2%2Fmedia&parent=1201"}],"wp:term":[{"taxonomy":"category","embeddable":true,"href":"https:\/\/balcilar-blog.com\/index.php?rest_route=%2Fwp%2Fv2%2Fcategories&post=1201"},{"taxonomy":"post_tag","embeddable":true,"href":"https:\/\/balcilar-blog.com\/index.php?rest_route=%2Fwp%2Fv2%2Ftags&post=1201"}],"curies":[{"name":"wp","href":"https:\/\/api.w.org\/{rel}","templated":true}]}}