{"id":120,"date":"2014-02-17T23:01:53","date_gmt":"2014-02-17T21:01:53","guid":{"rendered":"http:\/\/balcilar-blog.com\/?p=120"},"modified":"2014-02-17T23:01:53","modified_gmt":"2014-02-17T21:01:53","slug":"adini-kalbime-yazdim-diyarin-namusu-evlenerek-temizlenecektir","status":"publish","type":"post","link":"https:\/\/balcilar-blog.com\/?p=120","title":{"rendered":"Ad\u0131n\u0131 Kalbime Yazd\u0131m \/ Diyar\u2019\u0131n namusu evlenerek temizlenecektir!"},"content":{"rendered":"<div><\/div>\n<div>\n<dl>\n<dt>Kategori<\/dt>\n<dd><a href=\"http:\/\/blog.milliyet.com.tr\/tv-programlari\/Kategori\/?KategoriNo=351\"><strong>TV Programlar\u0131<\/strong><\/a><\/dd>\n<dd><img decoding=\"async\" alt=\"\" src=\"http:\/\/cdn1.haberdar.com\/\/videogaleri\/49556\/foto_218593.jpg\" \/><\/dd>\n<\/dl>\n<div><\/div>\n<div>\n<div id=\"BlogDetail\">\n<p><!--?xml:namespace prefix = \"o\" \/--><\/p>\n<p><a href=\"http:\/\/blog.milliyet.com.tr\/AramaBlog\/?search=Show Tv\" rel=\"external nofollow\">Show Tv<\/a>.in G\u00fcneydo\u011fu Anadolu T\u00f6re dizisi \u201c<a href=\"http:\/\/blog.milliyet.com.tr\/AramaBlog\/?search=Ad\u0131n\u0131 Kalbime Yazd\u0131m\" rel=\"external nofollow\">Ad\u0131n\u0131 Kalbime Yazd\u0131m<\/a>\u201d d\u00fcn ak\u015fam ekranlar\u0131m\u0131zdayd\u0131. Kadir A\u011fa, imana m\u0131 geldi, kalbi mi s\u0131zlad\u0131 bilemem, t\u00f6reyi uygulamad\u0131, karde\u015fi Diyar\u2019\u0131 afetti. T\u00f6re yasas\u0131n\u0131 da uygulamad\u0131.<\/p>\n<p>Dizinin reytinglerine bakarsak, inan\u0131lmaz bir izleyici kayb\u0131 var. AB\u2019de 9 basamak d\u00fc\u015ferek 24.s\u0131rada, Total\u2019de 3 basak d\u00fc\u015ferek, 11.s\u0131rada yer alm\u0131\u015f.<\/p>\n<p>Gecen b\u00f6l\u00fcmde Kadir a\u011fa, karde\u015fini Diyar\u2019\u0131 t\u00f6reye kurban etmemi\u015f, af etmi\u015ftir.<\/p>\n<p><img decoding=\"async\" alt=\"\" src=\"http:\/\/www2.dizifilm.com\/newpics\/fotogaleri\/act\/4496_7603_14022014_14.jpg\" \/><\/p>\n<p>Halil a\u011fa, Doktor Leyla ile arabas\u0131 \u00e7amura saplanmas\u0131 nedeniyle k\u00f6yden y\u00fcr\u00fcyerek, daha sonra da bir k\u00f6yl\u00fcn\u00fcn trakt\u00f6r\u00fcn\u00fcn kasas\u0131nda \u015fehre d\u00f6nm\u00fc\u015flerdir.<\/p>\n<p><img decoding=\"async\" alt=\"\" src=\"http:\/\/www2.dizifilm.com\/newpics\/fotogaleri\/act\/4496_7603_14022014_13.jpg\" \/><\/p>\n<p>Kadir A\u011fa, Diyar\u2019\u0131 ana evine getirir. Kurey\u015fa odaya kapanm\u0131\u015ft\u0131r. Kadir, ana a\u00e7 kap\u0131y\u0131, der. Kurey\u015fa ne y\u00fcz\u00fcn\u00fc g\u00f6resim var, ne sesini duyas\u0131m var, git kap\u0131mdan. O anda Diyar, anneci\u011fim ben geldim diye seslenir. Kurey\u015fa, k\u0131z\u0131m diye hayk\u0131rarak d\u0131\u015far\u0131 atar kendini. Ana y\u00fcre\u011fi, dayanabilir miydi, evlat ac\u0131s\u0131 bu. Kadir, anas\u0131na gere\u011fi yerine getirilecek. Kurey\u015fa, yap\u0131lacaksa her \u015fey usul\u00fcne uygun yap\u0131lacak, a\u011fa k\u0131z\u0131na yak\u0131\u015f\u0131r \u015fekilde d\u00fc\u011f\u00fcn yap\u0131ls\u0131n. Kadir anas\u0131na, uzatma da nas\u0131l yapacaksan yap, der.<\/p>\n<p>Ceylan otelde \u00e7al\u0131\u015fmaya ba\u015flam\u0131\u015f, Kadir\u2019in odas\u0131ndan Hasan\u2019\u0131n istedi\u011fi \u00e7ek defterini alm\u0131\u015ft\u0131r. Ceylan Kadir\u2019e bir \u015fey belli etmez, Kadir bir \u015feyler gizledi\u011fini hisseder. Ceylan pi\u015fmanl\u0131ktan k\u0131vran\u0131r.<\/p>\n<p><img decoding=\"async\" alt=\"\" src=\"http:\/\/www2.dizifilm.com\/newpics\/fotogaleri\/act\/4496_7603_14022014_6.jpg\" \/><\/p>\n<p>Kurey\u015fa, Pehlivanlar\u0131n o\u011flunu \u00f6ld\u00fcrenin \u00d6mer A\u011fa oldu\u011fu dedikodusu nedeniyle, bar\u0131\u015f\u0131n bozulaca\u011f\u0131n\u0131 duyar. Bir an \u00f6nce Kadir ile Dicle\u2019nin nikah\u0131n\u0131n k\u0131y\u0131lmas\u0131n\u0131 ister.<\/p>\n<p>Zilan, Nas\u0131r ile bulu\u015fur, Ceylan&#8217;\u0131n Kadir&#8217;in sevgilisi oldu\u011funu, Halil A\u011fan\u0131n da, Ceylan&#8217;\u0131n annesi ile birlikte oldu\u011fu ve konak ile bilgiler aktar\u0131r. Nas\u0131r, ben istedi\u011fim zaman bir gece seni yata\u011f\u0131ma alaca\u011f\u0131m, der.<\/p>\n<p><img decoding=\"async\" alt=\"\" src=\"http:\/\/www2.dizifilm.com\/newpics\/fotogaleri\/act\/4496_7603_14022014_15.jpg\" \/><\/p>\n<p>Kurey\u015fa, Pehlivanlar\u0131n\u0131n o\u011flu Kamil\u2019i \u00f6ld\u00fcrenin \u00d6mer a\u011fa oldu\u011fu, 20 y\u0131ld\u0131r saklanm\u0131\u015ft\u0131r. Kadir bu ger\u00e7e\u011fi duyunca, \u00e7ok sinirlenir. Bunun i\u00e7in mi su\u00e7u \u00fcst\u00fcne alan maraban\u0131n k\u0131z\u0131 Zilan ile evlendirdiniz beni, der.<\/p>\n<p>Nas\u0131r, bir tak\u0131m planlar pe\u015findedir. Halil\u2019in tabancas\u0131n\u0131 al\u0131r, Hasan\u2019a verir, Kadir a\u011fay\u0131 \u00f6ld\u00fcrmesini ister. Tabancada Halil\u2019in parmak izleri olmas\u0131 nedeniyle su\u00e7 Halil a\u011faya y\u0131k\u0131lacakt\u0131r.<\/p>\n<p><img decoding=\"async\" alt=\"\" src=\"http:\/\/www2.dizifilm.com\/newpics\/fotogaleri\/act\/4496_7603_14022014_10.jpg\" \/><\/p>\n<p>Halil a\u011fa, kendisinden habersiz k\u00f6y a\u011falar\u0131 ile toplant\u0131 yapmas\u0131n\u0131 \u00e7ok bozulur. \u00d6ld\u00fcrece\u011fim\u00a0\u00a0\u00a0tabancay\u0131 ba\u015f\u0131na dayar.<\/p>\n<p><img decoding=\"async\" alt=\"\" src=\"http:\/\/www2.dizifilm.com\/newpics\/fotogaleri\/act\/4496_7603_14022014_8.jpg\" \/><\/p>\n<p>Nas\u0131r Halil\u2019e, e\u011fer sen a\u011fabeyin Kamil\u2019in intikam\u0131n\u0131 almak istemezsen, amcao\u011flu olarak ben talibim, der. Ha, doktor han\u0131m da hunu istemez, der. O an Halil, Naz\u0131r\u0131n surat\u0131na bir yumruk patlat\u0131r. Nas\u0131r, Fidan Han\u0131m a\u011faya, yenge ben senin o y\u00fcre\u011fini so\u011futaca\u011f\u0131m diyerek, s\u00f6z verir.<\/p>\n<p><img decoding=\"async\" alt=\"G\u00f6m\u00fcl\u00fc resim i\u00e7in kal\u0131c\u0131 ba\u011flant\u0131\" src=\"https:\/\/pbs.twimg.com\/media\/BfzoOjEIQAAm6Kj.jpg\" \/><\/p>\n<p>Diyar, Kadir\u2019den k\u00f6\u015fe bucak ka\u00e7ar. Kadir Emin Ali i\u00e7in, e\u011fer o seni \u00fczerse, ilk bana s\u00f6yleyeceksin, a\u011fabeyinim can\u0131ms\u0131n, kan\u0131ms\u0131n sen benim der. Emin Ali, Diyar\u2019\u0131 arar. Diyar\u2019a yar\u0131n seni istemeye gelece\u011fiz, der. Diyar, onlar \u00f6ld\u00fcrmedi ya, ben \u00f6ld\u00fcr\u00fcr\u00fcm kendimi. Emin Ali, hele bir evlenelim, bu laflar\u0131 hem sana, hem Dicle\u2019ye yetirtece\u011fim.<\/p>\n<p>Doktor Leyla o s\u0131rada gelen arkada\u015f\u0131 Selin\u2019i kar\u015f\u0131lar. Kap\u0131da Hasan\u2019\u0131 g\u00f6r\u00fcr. Leyla, Ceylan\u2019\u0131 g\u00f6rmek ister, Hasan izin vermez. Yar\u0131n sabah \u0130stanbul\u2019a gidiyoruz, der. Hasan, Ceylan\u2019a gelir. Ceylan, git \u00e7eki almad\u0131m daha, der. Hasan zorla i\u00e7eri girer. Kadir\u2019i arayacaks\u0131n buraya gelecek.\u00a0 Hasan sehpan\u0131n \u00fcst\u00fcndeki \u00e7ek karnesini al\u0131r, cebine atar.<\/p>\n<p>Selin ile Leyla, Ceylan\u2019\u0131 merak ederler. Hasan\u2019\u0131n garip hareketlerinden \u015f\u00fcphelenmektedirler. Polise haber vermek isterler, ama vazge\u00e7erler.<\/p>\n<p>Hasan tabancay\u0131 Ceylan\u2019a dayar, ara Kadir\u2019i \u201cKorkuyorum gel\u201d demesinin ister.<\/p>\n<p>Zilan ile Kadir odada tart\u0131\u015f\u0131rlar. Kadir, Zilan\u2019a g\u00f6nl\u00fcmde de yata\u011f\u0131mda da yerin yok der. Sen benin kar\u0131m falan de\u011filsin. Kadir odadan \u00e7\u0131kar, telefonu \u00e7alar, Zilan cevap verir. Sen utanm\u0131yor musun benim kocam\u0131 aramaya der ve kapat\u0131r. Hasan, Ceylan\u2019\u0131n telefonundan mesaj atar. \u201c\u00c7ok \u00f6zledim seni, gel beni yaln\u0131z b\u0131rakma\u201d. Gene Zilan okur, \u00e7\u0131lg\u0131na d\u00f6ner.<\/p>\n<p>Bu arada, hapishanede Zilan\u2019\u0131n babas\u0131 Mahmut, gece yast\u0131kla bast\u0131r\u0131larak, bo\u011fularak \u00f6ld\u00fcr\u00fcl\u00fcr. \u00d6l\u00fcm\u00fcyle bildi\u011fi s\u0131r\u0131 da mezara g\u00f6t\u00fcrecektir.<\/p>\n<p>Kadir, Dicle ile g\u00f6r\u00fc\u015f\u00fcrler. Dicle g\u00f6nl\u00fcn\u00fc rahat tut, bu nikah\u0131n olmamas\u0131 i\u00e7in elimden geleni yapaca\u011f\u0131m. Dicle benim itiraz\u0131m yok art\u0131k. Bar\u0131\u015f bozulacaksa benim can\u0131m feda olsun, der.<\/p>\n<p><img decoding=\"async\" alt=\"\" src=\"http:\/\/www2.dizifilm.com\/newpics\/fotogaleri\/act\/4496_3036_14022014_2.jpg\" \/><\/p>\n<p>Ceylan, \u00e7er\u00e7eveyi k\u0131rar, \u00e7\u0131kan cam k\u0131r\u0131\u011f\u0131 ile Hasan\u2019a sald\u0131r\u0131r ama bir netice alamaz. Kadir, cep telefonundan mesaj\u0131 okur. Telefon eder, cevap alamaz. Ceylan\u2019\u0131n evine gelir.<\/p>\n<p>Leyla, Ceylan\u2019dan haber \u00e7\u0131kmay\u0131nca Halil A\u011fay\u0131 arar. Bir \u015fey dan\u0131\u015faca\u011f\u0131m der, Halil yak\u0131nday\u0131m, geliyorum.<\/p>\n<p><img decoding=\"async\" alt=\"\" src=\"http:\/\/images.beyazgazete.com\/fotogaleri\/2013\/12\/17765_adini-kalbime-yazdim-9-bolum-foto-galeri_155362.jpg\" \/><\/p>\n<p>Kadir, kap\u0131y\u0131 \u00e7alar, Ceylan istemeyerek de olsa kap\u0131y\u0131 aralar. Kap\u0131n\u0131n arkas\u0131nda Hasan elinde tabanca ile beklemektedir. Kadir, Ceylan\u2019\u0131n a\u011flayan surat\u0131n\u0131 g\u00f6r\u00fcr, ben de seni arayacakt\u0131m, der ve b\u00f6l\u00fcm burada biter.<\/p>\n<p>Haftaya a\u011fa k\u0131z\u0131 Fidan ile Emin Ali\u2019nin d\u00fc\u011f\u00fcn\u00fc var. Kadir a\u011faya kurulan tuzak da Hasan emeline ula\u015fabilecek mi? Haftaya hep beraber g\u00f6rece\u011fiz.<\/p>\n<p><a href=\"http:\/\/blog.milliyet.com.tr\/AramaBlog\/?search=Focus Film\" rel=\"external nofollow\">Focus Film<\/a>\u2019e T\u00f6re kural\u0131n\u0131 bozdu\u011fu i\u00e7in te\u015fekk\u00fcr ederim.<\/p>\n<p>Keyifli seyirler.<\/p>\n<p>Sayg\u0131lar, sevgiler.<\/p>\n<p>Abdurrahman Balc\u0131lar<\/p>\n<p>Twitter: abdurrahman balc\u0131lar@abbalcilar<\/p>\n<p>Face : <a href=\"mailto:ab.balcilar@hotmail.com\" target=\"_blank\">ab.balcilar@hotmail.com<\/a><\/p>\n<p>Blog: milliyet.com.tr\/cansever<\/p>\n<p>Blog: balcilar-blog.com<\/p>\n<p>Not: G\u00f6rseller internetten ve Dizifilm.com\u2019 dan al\u0131nm\u0131\u015ft\u0131r.<\/p>\n<\/div>\n<\/div>\n<\/div>\n","protected":false},"excerpt":{"rendered":"<p>Kategori TV Programlar\u0131 Show Tv.in G\u00fcneydo\u011fu Anadolu T\u00f6re dizisi \u201cAd\u0131n\u0131 Kalbime Yazd\u0131m\u201d d\u00fcn ak\u015fam ekranlar\u0131m\u0131zdayd\u0131. Kadir A\u011fa, imana m\u0131 geldi, kalbi mi s\u0131zlad\u0131 bilemem, t\u00f6reyi uygulamad\u0131, karde\u015fi Diyar\u2019\u0131 afetti. T\u00f6re yasas\u0131n\u0131 da uygulamad\u0131. Dizinin reytinglerine bakarsak, inan\u0131lmaz bir izleyici kayb\u0131 var. AB\u2019de 9 basamak d\u00fc\u015ferek 24.s\u0131rada, Total\u2019de 3 basak d\u00fc\u015ferek, 11.s\u0131rada yer alm\u0131\u015f. Gecen b\u00f6l\u00fcmde [&hellip;]<\/p>\n","protected":false},"author":3,"featured_media":0,"comment_status":"open","ping_status":"open","sticky":false,"template":"","format":"standard","meta":{"footnotes":""},"categories":[2],"tags":[33,40,35,41],"class_list":["post-120","post","type-post","status-publish","format-standard","hentry","category-tv-programlari","tag-adini-kalbime-yazdim","tag-focus-film","tag-show-tv","tag-tore-yasasi"],"views":5987,"blog_post_layout_featured_media_urls":{"thumbnail":"","full":""},"categories_names":{"2":{"name":"TV Programlar\u0131","link":"https:\/\/balcilar-blog.com\/?cat=2"}},"tags_names":{"33":{"name":"Ad\u0131n\u0131 Kalbime Yazd\u0131m","link":"https:\/\/balcilar-blog.com\/?tag=adini-kalbime-yazdim"},"40":{"name":"Focus Film","link":"https:\/\/balcilar-blog.com\/?tag=focus-film"},"35":{"name":"Show Tv","link":"https:\/\/balcilar-blog.com\/?tag=show-tv"},"41":{"name":"T\u00f6re Yasas\u0131","link":"https:\/\/balcilar-blog.com\/?tag=tore-yasasi"}},"comments_number":"2","wpmagazine_modules_lite_featured_media_urls":{"thumbnail":"","cvmm-medium":"","cvmm-medium-plus":"","cvmm-portrait":"","cvmm-medium-square":"","cvmm-large":"","cvmm-small":"","full":""},"_links":{"self":[{"href":"https:\/\/balcilar-blog.com\/index.php?rest_route=\/wp\/v2\/posts\/120","targetHints":{"allow":["GET"]}}],"collection":[{"href":"https:\/\/balcilar-blog.com\/index.php?rest_route=\/wp\/v2\/posts"}],"about":[{"href":"https:\/\/balcilar-blog.com\/index.php?rest_route=\/wp\/v2\/types\/post"}],"author":[{"embeddable":true,"href":"https:\/\/balcilar-blog.com\/index.php?rest_route=\/wp\/v2\/users\/3"}],"replies":[{"embeddable":true,"href":"https:\/\/balcilar-blog.com\/index.php?rest_route=%2Fwp%2Fv2%2Fcomments&post=120"}],"version-history":[{"count":2,"href":"https:\/\/balcilar-blog.com\/index.php?rest_route=\/wp\/v2\/posts\/120\/revisions"}],"predecessor-version":[{"id":122,"href":"https:\/\/balcilar-blog.com\/index.php?rest_route=\/wp\/v2\/posts\/120\/revisions\/122"}],"wp:attachment":[{"href":"https:\/\/balcilar-blog.com\/index.php?rest_route=%2Fwp%2Fv2%2Fmedia&parent=120"}],"wp:term":[{"taxonomy":"category","embeddable":true,"href":"https:\/\/balcilar-blog.com\/index.php?rest_route=%2Fwp%2Fv2%2Fcategories&post=120"},{"taxonomy":"post_tag","embeddable":true,"href":"https:\/\/balcilar-blog.com\/index.php?rest_route=%2Fwp%2Fv2%2Ftags&post=120"}],"curies":[{"name":"wp","href":"https:\/\/api.w.org\/{rel}","templated":true}]}}