{"id":11979,"date":"2015-12-18T14:12:28","date_gmt":"2015-12-18T12:12:28","guid":{"rendered":"http:\/\/balcilar-blog.com\/?p=11979"},"modified":"2015-12-18T17:00:21","modified_gmt":"2015-12-18T15:00:21","slug":"cagatay-ulusoyun-sinema-filmi-delibal-muzigi-ile-konusulmaya-devam-ediyor","status":"publish","type":"post","link":"https:\/\/balcilar-blog.com\/?p=11979","title":{"rendered":"\u00c7a\u011fatay Ulusoy&#8217;un Sinema filmi DEL\u0130BAL m\u00fczi\u011fi ile konu\u015fulmaya devam ediyor!"},"content":{"rendered":"<p class=\"ecxMsoNormal\" style=\"text-align: justify;\" align=\"center\"><img loading=\"lazy\" decoding=\"async\" class=\"alignnone size-full wp-image-11980\" src=\"http:\/\/balcilar-blog.com\/wp-content\/uploads\/2015\/12\/DEL\u0130BAL-4.jpg\" alt=\"DEL\u0130BAL 4\" width=\"640\" height=\"360\" srcset=\"https:\/\/balcilar-blog.com\/wp-content\/uploads\/2015\/12\/DEL\u0130BAL-4.jpg 640w, https:\/\/balcilar-blog.com\/wp-content\/uploads\/2015\/12\/DEL\u0130BAL-4-300x169.jpg 300w\" sizes=\"auto, (max-width: 640px) 100vw, 640px\" \/><\/p>\n<p class=\"ecxMsoNormal\" style=\"text-align: justify;\" align=\"center\"><span style=\"color: #ff0000;\"><strong>\u00c7a\u011fatay Ulusoy<\/strong><\/span>&#8216;un Sinema filmi <span style=\"color: #0000ff;\"><strong>DEL\u0130BAL<\/strong><\/span>, filmden \u00f6nce m\u00fczi\u011fi ile sosyal medyay\u0131 sallad\u0131.<\/p>\n<p class=\"ecxMsoNormal\" style=\"text-align: justify;\" align=\"center\"><b id=\"ecxyui_3_16_0_1_1450340152567_7598\">Delibal sinema filmi i\u00e7in s\u00f6zlerini <span style=\"color: #0000ff;\">Sezen Aksu<\/span>&#8216;nun \u00f6zel olarak yazd\u0131\u011f\u0131, m\u00fczi\u011fini ise Sezen Aksu&#8217;nun, <span style=\"color: #0000ff;\">Ozan Bayra\u015fa<\/span> ile besteledi\u011fi &#8220;Mutlu Sonsuz&#8221; adl\u0131 \u015fark\u0131 \u00c7a\u011fatay Ulusoy&#8217;un yorumuyla video klip olarak (16 Aral\u0131k \u00c7ar\u015famba) yay\u0131nland\u0131.<\/b><\/p>\n<p class=\"ecxMsoNormal\" style=\"text-align: justify;\" align=\"center\"><img loading=\"lazy\" decoding=\"async\" class=\"alignnone size-full wp-image-11981\" src=\"http:\/\/balcilar-blog.com\/wp-content\/uploads\/2015\/12\/ali-bilg\u0131n-yonetmen-cagatay-ulusoy-ozan-bayrasa-1.jpg\" alt=\"ali bilg\u0131n (yonetmen)-cagatay ulusoy-ozan bayrasa (1)\" width=\"640\" height=\"360\" srcset=\"https:\/\/balcilar-blog.com\/wp-content\/uploads\/2015\/12\/ali-bilg\u0131n-yonetmen-cagatay-ulusoy-ozan-bayrasa-1.jpg 640w, https:\/\/balcilar-blog.com\/wp-content\/uploads\/2015\/12\/ali-bilg\u0131n-yonetmen-cagatay-ulusoy-ozan-bayrasa-1-300x169.jpg 300w\" sizes=\"auto, (max-width: 640px) 100vw, 640px\" \/><\/p>\n<p class=\"ecxMsoNormal\" style=\"text-align: justify;\" align=\"center\">Filmin y\u00f6netmeni <span style=\"color: #0000ff;\"><strong>Ali Bilgin<\/strong><\/span>, \u00c7a\u011fatay Ulusoy ve Ozan Bayra\u015fa birlikte&#8230;<\/p>\n<div id=\"ecxyui_3_16_0_1_1450340152567_7602\" style=\"text-align: justify;\">\n<p class=\"ecxMsoNormal\">Ay Yap\u0131m imzal\u0131, y\u00f6netmenli\u011fini Ali Bilgin&#8217;in \u00fcstlendi\u011fi,\u00a0 filmden a\u015fk sahnelerinin de yay\u0131nland\u0131\u011f\u0131 klip b\u00fcy\u00fck be\u011feni toplad\u0131.<\/p>\n<\/div>\n<p class=\"ecxMsoNormal\" style=\"text-align: justify;\" align=\"center\">25 Aral\u0131k Cuma g\u00fcn\u00fc seyirciyle bulu\u015facak olan Delibal&#8217;\u0131n heyecan\u0131n\u0131 doru\u011fa ta\u015f\u0131yan klip izleyiciden tam not ald\u0131.<\/p>\n<p class=\"ecxMsoNormal\" style=\"text-align: justify;\" align=\"center\">\u00a0<b id=\"ecxyui_3_16_0_1_1450340152567_6617\">SOSYAL MEDYAYI SALLADI!<\/b><\/p>\n<p class=\"ecxMsoNormal\" style=\"text-align: justify;\" align=\"center\">\u00c7a\u011fatay Ulusoy&#8217;un \u00e7ekimleri Sezen Aksu&#8217;nun st\u00fcdyosunda ger\u00e7ekle\u015fen klibi sosyal medyada bomba etkisi yaratt\u0131. \u00d6vg\u00fc ya\u011fmuruna tutulan klip daha yay\u0131nlanmadan sosyal medya mecras\u0131 Twitter&#8217;da trend topic listesinde yerini ald\u0131 ve saatler boyunca ilk s\u0131radaki yerini korudu.<\/p>\n<div id=\"ecxyui_3_16_0_1_1450340152567_6522\" style=\"text-align: justify;\">\n<p class=\"ecxMsoNormal\">\u00a0<b id=\"ecxyui_3_16_0_1_1450340152567_6520\">\u00c7A\u011eATAY ULUSOY &#8220;SEZEN&#8217;LE \u00c7ALI\u015eMAK GURUR VER\u0130C\u0130&#8221;<\/b><\/p>\n<\/div>\n<div id=\"ecxyui_3_16_0_1_1450340152567_7631\" style=\"text-align: justify;\">\n<p class=\"ecxMsoNormal\">\u00a0<img loading=\"lazy\" decoding=\"async\" class=\"alignnone size-full wp-image-11983\" src=\"http:\/\/balcilar-blog.com\/wp-content\/uploads\/2015\/12\/DEL\u0130BAL-4-1.jpg\" alt=\"DEL\u0130BAL 4\" width=\"640\" height=\"427\" srcset=\"https:\/\/balcilar-blog.com\/wp-content\/uploads\/2015\/12\/DEL\u0130BAL-4-1.jpg 640w, https:\/\/balcilar-blog.com\/wp-content\/uploads\/2015\/12\/DEL\u0130BAL-4-1-300x200.jpg 300w\" sizes=\"auto, (max-width: 640px) 100vw, 640px\" \/><\/p>\n<\/div>\n<p><iframe loading=\"lazy\" title=\"Delibal (Original Soundtrack) | \u00c7a\u011fatay Ulusoy - Mutlu Sonsuz\" width=\"640\" height=\"360\" src=\"https:\/\/www.youtube.com\/embed\/8LUN-GO27cg?feature=oembed\" frameborder=\"0\" allow=\"accelerometer; autoplay; clipboard-write; encrypted-media; gyroscope; picture-in-picture; web-share\" referrerpolicy=\"strict-origin-when-cross-origin\" allowfullscreen><\/iframe><\/p>\n<p class=\"ecxMsoNormal\" style=\"text-align: justify;\" align=\"center\">Mutlu Sonsuz \u015fark\u0131s\u0131n\u0131 Sezen Aksu ile birlikte \u00e7al\u0131\u015fan Ulusoy &#8220;<b id=\"ecxyui_3_16_0_1_1450340152567_6516\">Sezen Aksu, herkesin hayran oldu\u011fu ve \u00e7al\u0131\u015fmak isteyece\u011fi bir isim. Onun \u015fark\u0131s\u0131n\u0131 okumak ve onunla \u00e7al\u0131\u015fmak benim i\u00e7in gurur verici ve heyecanl\u0131yd\u0131.&#8221;\u00a0<\/b>dedi.<\/p>\n<div id=\"ecxyui_3_16_0_1_1450340152567_6503\" style=\"text-align: justify;\">\n<p class=\"ecxMsoNormal\">\u00a0<img loading=\"lazy\" decoding=\"async\" class=\"alignnone size-full wp-image-11982\" src=\"http:\/\/balcilar-blog.com\/wp-content\/uploads\/2015\/12\/DEL\u0130BAL-3.jpg\" alt=\"DEL\u0130BAL 3\" width=\"640\" height=\"360\" srcset=\"https:\/\/balcilar-blog.com\/wp-content\/uploads\/2015\/12\/DEL\u0130BAL-3.jpg 640w, https:\/\/balcilar-blog.com\/wp-content\/uploads\/2015\/12\/DEL\u0130BAL-3-300x169.jpg 300w\" sizes=\"auto, (max-width: 640px) 100vw, 640px\" \/><\/p>\n<\/div>\n<p class=\"ecxMsoNormal\" style=\"text-align: justify;\" align=\"center\">Bar\u0131\u015f ve F\u00fcsun&#8217;un sars\u0131c\u0131 ve ezber bozan b\u00fcy\u00fck a\u015fklar\u0131n\u0131 konu alan Delibal <span style=\"color: #0000ff;\"><strong>25 Aral\u0131k Cuma<\/strong><\/span> g\u00fcn\u00fc vizyona giriyor. Biletleri 19 Aral\u0131k&#8217;tan itibaren sinemalarda erken sat\u0131\u015fa sunulacak.<\/p>\n<p class=\"ecxMsoNormal\" style=\"text-align: justify;\" align=\"center\"><span style=\"color: #0000ff;\"><strong> Delibal<\/strong><\/span>&#8216;\u0131n b\u00fcy\u00fck bir merakla beklenen <span style=\"color: #0000ff;\"><strong>gala gecesi<\/strong><\/span>\u00a0ise <span style=\"color: #0000ff;\"><strong>20 Aral\u0131k Pazar g\u00fcn\u00fc Zorlu Performans Sanatlar\u0131 Merkezi<\/strong><\/span>&#8216;nde \u00fcnl\u00fc simalar\u0131n kat\u0131l\u0131m\u0131yla ger\u00e7ekle\u015fecek.<\/p>\n<p class=\"ecxMsoNormal\" style=\"text-align: justify;\" align=\"center\">Gala gecesine davetliyim. \u00c7a\u011fatay&#8217;\u0131 bizzat tebrik edecek, birlikte Delibal filmini seyredece\u011fimiz i\u00e7in \u00e7ok mutluyum.<\/p>\n<p>Sayg\u0131lar ve sevgiler.<\/p>\n<p>Abdurrahman Balc\u0131lar<\/p>\n<p>Twitter: abdurrahman balc\u0131lar@abbalcilar<\/p>\n<p>Mail : <a href=\"mailto:ab.balcilar@hotmail.com\">ab.balcilar@hotmail.com<\/a><\/p>\n<p>Blog:\u00a0<a href=\"http:\/\/t.co\/znqmIZgIqn\">blog.milliyet.com.tr\/cansever<\/a><\/p>\n<p>Blog:\u00a0<strong>balcilar<\/strong>&#8211;<strong>blog.com<\/strong><\/p>\n<p>&nbsp;<\/p>\n<div id=\"ecxyui_3_16_0_1_1450340152567_6507\">\n<p class=\"ecxMsoNormal\" style=\"text-align: justify;\">\u00a0Not: Haber ve g\u00f6rseller Ay Yap\u0131m-Perona Sanat Bas\u0131n B\u00fclteninden al\u0131nm\u0131\u015ft\u0131r.<\/p>\n<\/div>\n","protected":false},"excerpt":{"rendered":"<p>\u00c7a\u011fatay Ulusoy&#8216;un Sinema filmi DEL\u0130BAL, filmden \u00f6nce m\u00fczi\u011fi ile sosyal medyay\u0131 sallad\u0131. Delibal sinema filmi i\u00e7in s\u00f6zlerini Sezen Aksu&#8216;nun \u00f6zel olarak yazd\u0131\u011f\u0131, m\u00fczi\u011fini ise Sezen Aksu&#8217;nun, Ozan Bayra\u015fa ile besteledi\u011fi &#8220;Mutlu Sonsuz&#8221; adl\u0131 \u015fark\u0131 \u00c7a\u011fatay Ulusoy&#8217;un yorumuyla video klip olarak (16 Aral\u0131k \u00c7ar\u015famba) yay\u0131nland\u0131. Filmin y\u00f6netmeni Ali Bilgin, \u00c7a\u011fatay Ulusoy ve Ozan Bayra\u015fa birlikte&#8230; Ay [&hellip;]<\/p>\n","protected":false},"author":3,"featured_media":0,"comment_status":"open","ping_status":"open","sticky":false,"template":"","format":"standard","meta":{"footnotes":""},"categories":[10],"tags":[31,26,15,752,947,939,944,237],"class_list":["post-11979","post","type-post","status-publish","format-standard","hentry","category-sinema","tag-ali-bilgin","tag-ay-yapim","tag-cagatay-ulusoy","tag-delibal","tag-delibal-gala-gecesi","tag-mutlu-sonsuz","tag-ozan-bayrasa","tag-sezen-aksu"],"views":6141,"blog_post_layout_featured_media_urls":{"thumbnail":"","full":""},"categories_names":{"10":{"name":"Sinema","link":"https:\/\/balcilar-blog.com\/?cat=10"}},"tags_names":{"31":{"name":"Ali Bilgin","link":"https:\/\/balcilar-blog.com\/?tag=ali-bilgin"},"26":{"name":"Ay Yap\u0131m","link":"https:\/\/balcilar-blog.com\/?tag=ay-yapim"},"15":{"name":"\u00e7a\u011fatay ulusoy","link":"https:\/\/balcilar-blog.com\/?tag=cagatay-ulusoy"},"752":{"name":"Delibal","link":"https:\/\/balcilar-blog.com\/?tag=delibal"},"947":{"name":"Delibal Gala gecesi","link":"https:\/\/balcilar-blog.com\/?tag=delibal-gala-gecesi"},"939":{"name":"Mutlu Sonsuz","link":"https:\/\/balcilar-blog.com\/?tag=mutlu-sonsuz"},"944":{"name":"Ozan Bayra\u015fa","link":"https:\/\/balcilar-blog.com\/?tag=ozan-bayrasa"},"237":{"name":"Sezen Aksu","link":"https:\/\/balcilar-blog.com\/?tag=sezen-aksu"}},"comments_number":"0","wpmagazine_modules_lite_featured_media_urls":{"thumbnail":"","cvmm-medium":"","cvmm-medium-plus":"","cvmm-portrait":"","cvmm-medium-square":"","cvmm-large":"","cvmm-small":"","full":""},"_links":{"self":[{"href":"https:\/\/balcilar-blog.com\/index.php?rest_route=\/wp\/v2\/posts\/11979","targetHints":{"allow":["GET"]}}],"collection":[{"href":"https:\/\/balcilar-blog.com\/index.php?rest_route=\/wp\/v2\/posts"}],"about":[{"href":"https:\/\/balcilar-blog.com\/index.php?rest_route=\/wp\/v2\/types\/post"}],"author":[{"embeddable":true,"href":"https:\/\/balcilar-blog.com\/index.php?rest_route=\/wp\/v2\/users\/3"}],"replies":[{"embeddable":true,"href":"https:\/\/balcilar-blog.com\/index.php?rest_route=%2Fwp%2Fv2%2Fcomments&post=11979"}],"version-history":[{"count":4,"href":"https:\/\/balcilar-blog.com\/index.php?rest_route=\/wp\/v2\/posts\/11979\/revisions"}],"predecessor-version":[{"id":11987,"href":"https:\/\/balcilar-blog.com\/index.php?rest_route=\/wp\/v2\/posts\/11979\/revisions\/11987"}],"wp:attachment":[{"href":"https:\/\/balcilar-blog.com\/index.php?rest_route=%2Fwp%2Fv2%2Fmedia&parent=11979"}],"wp:term":[{"taxonomy":"category","embeddable":true,"href":"https:\/\/balcilar-blog.com\/index.php?rest_route=%2Fwp%2Fv2%2Fcategories&post=11979"},{"taxonomy":"post_tag","embeddable":true,"href":"https:\/\/balcilar-blog.com\/index.php?rest_route=%2Fwp%2Fv2%2Ftags&post=11979"}],"curies":[{"name":"wp","href":"https:\/\/api.w.org\/{rel}","templated":true}]}}