{"id":11887,"date":"2015-12-12T10:40:35","date_gmt":"2015-12-12T08:40:35","guid":{"rendered":"http:\/\/balcilar-blog.com\/?p=11887"},"modified":"2015-12-12T10:56:35","modified_gmt":"2015-12-12T08:56:35","slug":"ibrahim-celikkolun-kordugum-yakinda-fox-tvde-basliyor","status":"publish","type":"post","link":"https:\/\/balcilar-blog.com\/?p=11887","title":{"rendered":"\u0130brahim \u00c7elikkol&#8217;un &#8220;K\u00f6rd\u00fc\u011f\u00fcm&#8221; yak\u0131nda Fox Tv&#8217;de ba\u015fl\u0131yor!"},"content":{"rendered":"<p><a href=\"http:\/\/balcilar-blog.com\/wp-content\/uploads\/2015\/12\/Ekran-Al\u0131nt\u0131s\u0131k\u00f6rd\u00fc\u011f\u00fcm.kp_.1.png\"><img loading=\"lazy\" decoding=\"async\" class=\"alignnone size-full wp-image-11892\" src=\"http:\/\/balcilar-blog.com\/wp-content\/uploads\/2015\/12\/Ekran-Al\u0131nt\u0131s\u0131k\u00f6rd\u00fc\u011f\u00fcm.kp_.1.png\" alt=\"Ekran Al\u0131nt\u0131s\u0131k\u00f6rd\u00fc\u011f\u00fcm.kp.1\" width=\"640\" height=\"353\" srcset=\"https:\/\/balcilar-blog.com\/wp-content\/uploads\/2015\/12\/Ekran-Al\u0131nt\u0131s\u0131k\u00f6rd\u00fc\u011f\u00fcm.kp_.1.png 640w, https:\/\/balcilar-blog.com\/wp-content\/uploads\/2015\/12\/Ekran-Al\u0131nt\u0131s\u0131k\u00f6rd\u00fc\u011f\u00fcm.kp_.1-300x165.png 300w\" sizes=\"auto, (max-width: 640px) 100vw, 640px\" \/><\/a><\/p>\n<p>Bu sabah <span style=\"color: #ff0000;\"><strong>Fox Tv<\/strong><\/span>&#8216;e haberlerini izlerken reklam aras\u0131nda d\u00f6nen fragman dikkatimi \u00e7ekti. <span style=\"color: #ff0000;\"><strong>\u0130brahim \u00c7elikkol<\/strong><\/span>&#8216;dan yeni bir dizi, K\u00f6rd\u00fc\u011f\u00fcm&#8217;\u00fcn ilk tan\u0131t\u0131m\u0131n\u0131 g\u00f6rd\u00fcm. Dizide <span style=\"color: #ff0000;\"><strong>Bel\u00e7im Bilgin<\/strong><\/span> ile ba\u015f rol\u00fc payla\u015f\u0131yormu\u015f. Halbuki bu dizide daha \u00f6nceleri, Serenay Sar\u0131kaya ile Farah Zeynep Abdullah&#8217;\u0131n partner olarak ad\u0131 ge\u00e7iyordu.<\/p>\n<p><span style=\"color: #ff0000;\"><strong>Endemol T\u00fcrkiye<\/strong><\/span>&#8216;nin yap\u0131mc\u0131s\u0131 oldu\u011fu K\u00f6rd\u00fc\u011f\u00fcm&#8217;\u00fcn ilk b\u00f6l\u00fcmleri<span style=\"color: #ff0000;\"><strong> \u00d6mer Faruk Sorak<\/strong><\/span> taraf\u0131ndan \u0130talya Milano&#8217;da \u00e7ekilmi\u015f. Dizinin fragman\u0131ndan konusu hakk\u0131nda pek ip ucu elde edemedim ama, iddial\u0131 bir hikayesinin oldu\u011fu s\u00f6yleniyor.<\/p>\n<p>Ba\u015f rollerini \u0130brahim \u00c7eklikkol, Bel\u00e7im Belgin ile birlikte, Naz Elmas ve Alican Y\u00fccesoy da oynuyormu\u015f. \u0130brahim \u00c7elikkol&#8217;un b\u00f6l\u00fcm ba\u015f\u0131na 70 Bin Lira alaca\u011f\u0131 s\u00f6ylenen dizinin ilk b\u00f6l\u00fcmlerinin \u00e7ekimi, yurt d\u0131\u015f\u0131 olmas\u0131 nedeniyle olduk\u00e7a maliyetinin olduk\u00e7a y\u00fcksek oldu\u011fu belirtiliyor.<\/p>\n<p><a href=\"http:\/\/balcilar-blog.com\/wp-content\/uploads\/2015\/12\/Ekran-Al\u0131nt\u0131s\u0131k\u00f6rd\u00fc\u011f\u00fcm-2.png\"><img loading=\"lazy\" decoding=\"async\" class=\"alignnone size-full wp-image-11890\" src=\"http:\/\/balcilar-blog.com\/wp-content\/uploads\/2015\/12\/Ekran-Al\u0131nt\u0131s\u0131k\u00f6rd\u00fc\u011f\u00fcm-2.png\" alt=\"Ekran Al\u0131nt\u0131s\u0131k\u00f6rd\u00fc\u011f\u00fcm 2\" width=\"640\" height=\"338\" srcset=\"https:\/\/balcilar-blog.com\/wp-content\/uploads\/2015\/12\/Ekran-Al\u0131nt\u0131s\u0131k\u00f6rd\u00fc\u011f\u00fcm-2.png 640w, https:\/\/balcilar-blog.com\/wp-content\/uploads\/2015\/12\/Ekran-Al\u0131nt\u0131s\u0131k\u00f6rd\u00fc\u011f\u00fcm-2-300x158.png 300w\" sizes=\"auto, (max-width: 640px) 100vw, 640px\" \/><\/a><\/p>\n<p>Bel\u00e7im Bilgin\u2019in idealist \u00e7ocuk doktoru \u2018Naz\u2019a, \u0130brahim \u00c7elikkol\u2019un g\u00fc\u00e7l\u00fc ve g\u00f6z\u00fc kara i\u015f adam\u0131 \u2018Ali Nejat, Milano&#8217;da tan\u0131\u015f\u0131rlar.<\/p>\n<p><a href=\"http:\/\/balcilar-blog.com\/wp-content\/uploads\/2015\/12\/Ekran-Al\u0131nt\u0131s\u0131k\u00f6rd\u00fc\u011f\u00fcm-3.png\"><img loading=\"lazy\" decoding=\"async\" class=\"alignnone size-full wp-image-11891\" src=\"http:\/\/balcilar-blog.com\/wp-content\/uploads\/2015\/12\/Ekran-Al\u0131nt\u0131s\u0131k\u00f6rd\u00fc\u011f\u00fcm-3.png\" alt=\"Ekran Al\u0131nt\u0131s\u0131k\u00f6rd\u00fc\u011f\u00fcm 3\" width=\"640\" height=\"341\" srcset=\"https:\/\/balcilar-blog.com\/wp-content\/uploads\/2015\/12\/Ekran-Al\u0131nt\u0131s\u0131k\u00f6rd\u00fc\u011f\u00fcm-3.png 640w, https:\/\/balcilar-blog.com\/wp-content\/uploads\/2015\/12\/Ekran-Al\u0131nt\u0131s\u0131k\u00f6rd\u00fc\u011f\u00fcm-3-300x160.png 300w\" sizes=\"auto, (max-width: 640px) 100vw, 640px\" \/><\/a><\/p>\n<p>Alican Y\u00fccesoy\u2019un otomobil tutkunu, d\u00fcr\u00fcst ve hayalperest \u2018Umut\u2019a hayat veriyor.<\/p>\n<p><a href=\"http:\/\/balcilar-blog.com\/wp-content\/uploads\/2015\/12\/Ekran-Al\u0131nt\u0131s\u0131-k\u00f6rd\u00fc\u011f\u00fcm.4.png\"><img loading=\"lazy\" decoding=\"async\" class=\"alignnone size-full wp-image-11888\" src=\"http:\/\/balcilar-blog.com\/wp-content\/uploads\/2015\/12\/Ekran-Al\u0131nt\u0131s\u0131-k\u00f6rd\u00fc\u011f\u00fcm.4.png\" alt=\"Ekran Al\u0131nt\u0131s\u0131 k\u00f6rd\u00fc\u011f\u00fcm.4\" width=\"640\" height=\"348\" srcset=\"https:\/\/balcilar-blog.com\/wp-content\/uploads\/2015\/12\/Ekran-Al\u0131nt\u0131s\u0131-k\u00f6rd\u00fc\u011f\u00fcm.4.png 640w, https:\/\/balcilar-blog.com\/wp-content\/uploads\/2015\/12\/Ekran-Al\u0131nt\u0131s\u0131-k\u00f6rd\u00fc\u011f\u00fcm.4-300x163.png 300w\" sizes=\"auto, (max-width: 640px) 100vw, 640px\" \/><\/a><\/p>\n<p>Rojda Demirer ve Naz Elmas gibi isimlerin de yer alaca\u011f\u0131 yap\u0131mda yer alan davet sahnesi i\u00e7in Esma Sultan Yal\u0131s\u0131 iki g\u00fcnl\u00fc\u011f\u00fcne kapat\u0131l\u0131rken \u00e7ekimlerin yap\u0131ld\u0131\u011f\u0131 yap\u0131mda 200\u2032e yak\u0131n fig\u00fcran rol ald\u0131.<\/p>\n<p><a href=\"http:\/\/balcilar-blog.com\/wp-content\/uploads\/2015\/12\/Ekran-Al\u0131nt\u0131s\u0131k\u00f6rd\u00fc\u011f\u00fcm-6.png\"><img loading=\"lazy\" decoding=\"async\" class=\"alignnone size-full wp-image-11893\" src=\"http:\/\/balcilar-blog.com\/wp-content\/uploads\/2015\/12\/Ekran-Al\u0131nt\u0131s\u0131k\u00f6rd\u00fc\u011f\u00fcm-6.png\" alt=\"Ekran Al\u0131nt\u0131s\u0131k\u00f6rd\u00fc\u011f\u00fcm 6\" width=\"640\" height=\"345\" srcset=\"https:\/\/balcilar-blog.com\/wp-content\/uploads\/2015\/12\/Ekran-Al\u0131nt\u0131s\u0131k\u00f6rd\u00fc\u011f\u00fcm-6.png 640w, https:\/\/balcilar-blog.com\/wp-content\/uploads\/2015\/12\/Ekran-Al\u0131nt\u0131s\u0131k\u00f6rd\u00fc\u011f\u00fcm-6-300x162.png 300w\" sizes=\"auto, (max-width: 640px) 100vw, 640px\" \/><\/a><\/p>\n<p>30\u2032dan fazla son model otomobil kullan\u0131ld\u0131. Genel y\u00f6netmenli\u011fini \u00d6mer Faruk Sorak\u2019\u0131n \u00fcstlendi\u011fi K\u00f6rd\u00fc\u011f\u00fcm\u2019\u00fcn 2016 Ocak ay\u0131nda yay\u0131n hayat\u0131na ba\u015flamas\u0131 bekleniyor.<\/p>\n<p><a href=\"http:\/\/balcilar-blog.com\/wp-content\/uploads\/2015\/12\/Ekran-Al\u0131nt\u0131s\u0131k\u00f6rd\u00fc\u011f\u00fcm-1.png\"><img loading=\"lazy\" decoding=\"async\" class=\"alignnone size-full wp-image-11889\" src=\"http:\/\/balcilar-blog.com\/wp-content\/uploads\/2015\/12\/Ekran-Al\u0131nt\u0131s\u0131k\u00f6rd\u00fc\u011f\u00fcm-1.png\" alt=\"Ekran Al\u0131nt\u0131s\u0131k\u00f6rd\u00fc\u011f\u00fcm 1\" width=\"640\" height=\"345\" srcset=\"https:\/\/balcilar-blog.com\/wp-content\/uploads\/2015\/12\/Ekran-Al\u0131nt\u0131s\u0131k\u00f6rd\u00fc\u011f\u00fcm-1.png 640w, https:\/\/balcilar-blog.com\/wp-content\/uploads\/2015\/12\/Ekran-Al\u0131nt\u0131s\u0131k\u00f6rd\u00fc\u011f\u00fcm-1-300x162.png 300w\" sizes=\"auto, (max-width: 640px) 100vw, 640px\" \/><\/a><\/p>\n<p>1982 \u0130zmit do\u011fumlu olan sinema ve dizi oyuncu \u0130brahim \u00c7ekikkol&#8217;u, yan\u0131lm\u0131yorsam 2011 y\u0131lda Karada\u011flar dizisinde seyretmi\u015f, G\u00fcl Ali karakteri olarak performans\u0131n\u0131 \u00e7ok be\u011fenmi\u015ftim. Daha sonra 2013 &#8211; 2014 sezonunda Merhamet dizisinde izledim. &#8216;K\u00f6rd\u00fc\u011f\u00fcm&#8217; dizisindeki performans\u0131n\u0131 merakla bekliyorum.<\/p>\n<p>Uzun soluklu bir yap\u0131m olmas\u0131 dileklerimle&#8230;<\/p>\n<p>Sayg\u0131lar ve sevgiler.<\/p>\n<p>Abdurrahman Balc\u0131lar<\/p>\n<p>Twitter: abdurrahman balc\u0131lar@abbalcilar<\/p>\n<p>Mail : <a href=\"mailto:ab.balcilar@hotmail.com\">ab.balcilar@hotmail.com<\/a><\/p>\n<p>Blog:\u00a0<a href=\"http:\/\/t.co\/znqmIZgIqn\">blog.milliyet.com.tr\/cansever<\/a><\/p>\n<p>Blog:\u00a0<strong>balcilar<\/strong>&#8211;<strong>blog.com<\/strong><\/p>\n<p>&nbsp;<\/p>\n<p>\u0130zlemeyenler i\u00e7in K\u00f6rd\u00fc\u011f\u00fcm&#8217;\u00fcn tan\u0131t\u0131m fragman\u0131:<\/p>\n<p><iframe loading=\"lazy\" title=\"K\u00f6rd\u00fc\u011f\u00fcm Tan\u0131t\u0131m Teaser\" width=\"640\" height=\"360\" src=\"https:\/\/www.youtube.com\/embed\/d4EuctrqcH8?feature=oembed\" frameborder=\"0\" allow=\"accelerometer; autoplay; clipboard-write; encrypted-media; gyroscope; picture-in-picture; web-share\" referrerpolicy=\"strict-origin-when-cross-origin\" allowfullscreen><\/iframe><\/p>\n","protected":false},"excerpt":{"rendered":"<p>Bu sabah Fox Tv&#8216;e haberlerini izlerken reklam aras\u0131nda d\u00f6nen fragman dikkatimi \u00e7ekti. \u0130brahim \u00c7elikkol&#8216;dan yeni bir dizi, K\u00f6rd\u00fc\u011f\u00fcm&#8217;\u00fcn ilk tan\u0131t\u0131m\u0131n\u0131 g\u00f6rd\u00fcm. Dizide Bel\u00e7im Bilgin ile ba\u015f rol\u00fc payla\u015f\u0131yormu\u015f. Halbuki bu dizide daha \u00f6nceleri, Serenay Sar\u0131kaya ile Farah Zeynep Abdullah&#8217;\u0131n partner olarak ad\u0131 ge\u00e7iyordu. Endemol T\u00fcrkiye&#8216;nin yap\u0131mc\u0131s\u0131 oldu\u011fu K\u00f6rd\u00fc\u011f\u00fcm&#8217;\u00fcn ilk b\u00f6l\u00fcmleri \u00d6mer Faruk Sorak taraf\u0131ndan \u0130talya [&hellip;]<\/p>\n","protected":false},"author":3,"featured_media":0,"comment_status":"open","ping_status":"open","sticky":false,"template":"","format":"standard","meta":{"footnotes":""},"categories":[2],"tags":[936,561,129,94,937,938],"class_list":["post-11887","post","type-post","status-publish","format-standard","hentry","category-tv-programlari","tag-belcim-bilgin","tag-endemol-turkiye","tag-fox-tv","tag-ibrahim-celikkol","tag-kordugum","tag-omer-faruk-sorak"],"views":4636,"blog_post_layout_featured_media_urls":{"thumbnail":"","full":""},"categories_names":{"2":{"name":"TV Programlar\u0131","link":"https:\/\/balcilar-blog.com\/?cat=2"}},"tags_names":{"936":{"name":"Bel\u00e7im Bilgin","link":"https:\/\/balcilar-blog.com\/?tag=belcim-bilgin"},"561":{"name":"Endemol T\u00fcrkiye","link":"https:\/\/balcilar-blog.com\/?tag=endemol-turkiye"},"129":{"name":"Fox Tv","link":"https:\/\/balcilar-blog.com\/?tag=fox-tv"},"94":{"name":"\u0130brahim \u00c7elikkol","link":"https:\/\/balcilar-blog.com\/?tag=ibrahim-celikkol"},"937":{"name":"K\u00f6rd\u00fc\u011f\u00fcm","link":"https:\/\/balcilar-blog.com\/?tag=kordugum"},"938":{"name":"\u00d6mer Faruk Sorak","link":"https:\/\/balcilar-blog.com\/?tag=omer-faruk-sorak"}},"comments_number":"0","wpmagazine_modules_lite_featured_media_urls":{"thumbnail":"","cvmm-medium":"","cvmm-medium-plus":"","cvmm-portrait":"","cvmm-medium-square":"","cvmm-large":"","cvmm-small":"","full":""},"_links":{"self":[{"href":"https:\/\/balcilar-blog.com\/index.php?rest_route=\/wp\/v2\/posts\/11887","targetHints":{"allow":["GET"]}}],"collection":[{"href":"https:\/\/balcilar-blog.com\/index.php?rest_route=\/wp\/v2\/posts"}],"about":[{"href":"https:\/\/balcilar-blog.com\/index.php?rest_route=\/wp\/v2\/types\/post"}],"author":[{"embeddable":true,"href":"https:\/\/balcilar-blog.com\/index.php?rest_route=\/wp\/v2\/users\/3"}],"replies":[{"embeddable":true,"href":"https:\/\/balcilar-blog.com\/index.php?rest_route=%2Fwp%2Fv2%2Fcomments&post=11887"}],"version-history":[{"count":3,"href":"https:\/\/balcilar-blog.com\/index.php?rest_route=\/wp\/v2\/posts\/11887\/revisions"}],"predecessor-version":[{"id":11896,"href":"https:\/\/balcilar-blog.com\/index.php?rest_route=\/wp\/v2\/posts\/11887\/revisions\/11896"}],"wp:attachment":[{"href":"https:\/\/balcilar-blog.com\/index.php?rest_route=%2Fwp%2Fv2%2Fmedia&parent=11887"}],"wp:term":[{"taxonomy":"category","embeddable":true,"href":"https:\/\/balcilar-blog.com\/index.php?rest_route=%2Fwp%2Fv2%2Fcategories&post=11887"},{"taxonomy":"post_tag","embeddable":true,"href":"https:\/\/balcilar-blog.com\/index.php?rest_route=%2Fwp%2Fv2%2Ftags&post=11887"}],"curies":[{"name":"wp","href":"https:\/\/api.w.org\/{rel}","templated":true}]}}