{"id":11779,"date":"2015-12-03T12:50:48","date_gmt":"2015-12-03T10:50:48","guid":{"rendered":"http:\/\/balcilar-blog.com\/?p=11779"},"modified":"2019-03-12T11:13:16","modified_gmt":"2019-03-12T09:13:16","slug":"cagatay-ulusoy-sevgisi-nedir","status":"publish","type":"post","link":"https:\/\/balcilar-blog.com\/?p=11779","title":{"rendered":"\u00c7a\u011fatay Ulusoy Sevgisi nedir?"},"content":{"rendered":"<p><a href=\"http:\/\/balcilar-blog.com\/wp-content\/uploads\/2015\/12\/CVAq4SJWUAIG26g.jpg\"><img loading=\"lazy\" decoding=\"async\" class=\"alignnone size-full wp-image-11780\" src=\"http:\/\/balcilar-blog.com\/wp-content\/uploads\/2015\/12\/CVAq4SJWUAIG26g.jpg\" alt=\"CVAq4SJWUAIG26g\" width=\"515\" height=\"480\" srcset=\"https:\/\/balcilar-blog.com\/wp-content\/uploads\/2015\/12\/CVAq4SJWUAIG26g.jpg 515w, https:\/\/balcilar-blog.com\/wp-content\/uploads\/2015\/12\/CVAq4SJWUAIG26g-300x280.jpg 300w\" sizes=\"auto, (max-width: 515px) 100vw, 515px\" \/><\/a><\/p>\n<p><span style=\"color: #ff0000;\"><strong>\u00c7a\u011fatay Ulusoy<\/strong> <\/span>\u00e7ok k\u0131sa zamanda ve de \u00e7ok da gen\u00e7 ya\u015fta \u015f\u00f6hrete kavu\u015fan oyuncular\u0131m\u0131zdan biridir. Bundan tam 5 y\u0131l \u00f6nce Best Model yar\u0131\u015fmas\u0131nda birinci se\u00e7ilmi\u015f, ilk oynad\u0131\u011f\u0131 dizi ile fenomen olmu\u015ftur. Hazal Kaya ile oynad\u0131\u011f\u0131 &#8220;<span style=\"color: #0000ff;\"><strong>Ad\u0131n\u0131 Feriha Koydum<\/strong><\/span>&#8221; dizisinde ya\u015fatt\u0131klar\u0131 Emir &amp; Feriha a\u015fk\u0131 ile b\u00fcy\u00fck k\u00fc\u00e7\u00fck herkesin kalbini kazanm\u0131\u015f, g\u00f6n\u00fcllerde taht kurmu\u015ftur. Ben de bu diziyi ilk yay\u0131nland\u0131\u011f\u0131 g\u00fcnden itibaren o zaman ye\u011fenimin biri 20, di\u011feri 17 ya\u015f\u0131nda olan iki k\u0131z ile her Cuma ak\u015fam\u0131 birlikte seyrettim. Do\u011frusunu s\u00f6ylemek gerekirse onlar sayesinde \u00c7a\u011fatay hayran\u0131 ve destek\u00e7isi oldum. O g\u00fcnlerde ondaki o oyunculuk \u0131\u015f\u0131\u011f\u0131n\u0131 g\u00f6rd\u00fcm. Daha sonra <span style=\"color: #0000ff;\"><strong>Emirin Yolu<\/strong><\/span>, <span style=\"color: #0000ff;\"><strong>Medcezir<\/strong><\/span> dizilerinin b\u00fct\u00fcn b\u00f6l\u00fcmlerini seyrettim. 14 Ocak 2013 Tarihinden itibaren amat\u00f6r olarak <span style=\"color: #0000ff;\"><strong>Milliyet Blog<\/strong><\/span>&#8216;da yazmaya ba\u015flad\u0131m. Bu g\u00fcne kadar de\u011fi\u015fik konularda 960 blog yaz\u0131s\u0131 yazd\u0131m. Blog yaz\u0131lar\u0131m\u0131n \u00e7o\u011fu dizilerle ilgiliydi. \u00c7ok enteresan yazd\u0131\u011f\u0131m 960 blog yaz\u0131s\u0131ndan 330&#8217;u \u00c7a\u011fatay Ulusoy&#8217;un dizileri ve onunla ilgili konularda yazm\u0131\u015f\u0131m.<\/p>\n<p>Ayn\u0131 blog yaz\u0131lar\u0131m\u0131 ve daha fazlas\u0131n\u0131 Ocak 2014 tarihinden itibaren \u015fahsi blog sayfam olan<span style=\"color: #0000ff;\"><strong> balcilar-blog.com<\/strong><\/span> da payla\u015f\u0131yorum.<\/p>\n<p>Benim ya\u015f\u0131m 68. Ege \u00dcniversitesi \u0130\u015fletme Fak\u00fcltesini \u00a0bitirdim ve 42 y\u0131l \u0130zmir&#8217;de ya\u015fad\u0131m. 2010 y\u0131l\u0131nda 33 y\u0131ll\u0131k evlili\u011fimi bitirip, Ayd\u0131n&#8217;a \u00e7ocuklu\u011fumun ge\u00e7ti\u011fi ana-baba topra\u011f\u0131na d\u00f6nd\u00fcm. \u015eimdi k\u00f6y\u00fcmde \u0130nternet Cafe i\u015fletiyor, emeklili\u011fimin tad\u0131n\u0131 \u00e7\u0131kart\u0131yor, g\u00fcnl\u00fck blog yaz\u0131lar\u0131m\u0131 yaz\u0131yorum. 37 ya\u015f\u0131nda bir o\u011flum, 34 ya\u015f\u0131nda bir k\u0131z\u0131m var.<\/p>\n<p>Gelelim konumuza&#8230; <span style=\"color: #ff0000;\"><strong>\u00c7a\u011fatay Ulusoy sevgisi<\/strong> <\/span>hakk\u0131nda geni\u015f bir blog yaz\u0131s\u0131 yaz\u0131yorum. Fanlar\u0131n\u0131n, sevenlerinin, sizlerin, okuyucular\u0131m\u0131n deste\u011fine ihtiyac\u0131m var. <span style=\"color: #0000ff;\"><strong>K\u0131sa yorum, mesaj ve maillerinizle sizlerin de katk\u0131lar\u0131n\u0131z\u0131 rica ediyorum.<span style=\"color: #ff0000;\"> Neden \u00c7a\u011fatay Ulusoy&#8217;u seviyorsunuz?<\/span> En \u00e7ok neyini be\u011feniyorsunuz? Oyunculu\u011funu nas\u0131l buluyorsunuz? Gelece\u011fini nas\u0131l g\u00f6r\u00fcyorsunuz? \u00c7ok k\u0131sa, m\u00fcmk\u00fcnse bir iki c\u00fcmle&#8230;<\/strong><\/span><\/p>\n<p>Twitter&#8217;da beni takip edenler (% 75&#8217;i \u00c7a\u011fatay Fan\u0131) baz\u0131lar\u0131 bana bazen sert ele\u015ftiriler yaz\u0131yorlar. Asl\u0131nda ben yaz\u0131lar\u0131mda \u00c7a\u011fatay&#8217;\u0131 hi\u00e7 k\u00f6t\u00fclemedim, olumsuz ele\u015ftirisini de yapmad\u0131m. Ele\u015ftirilerim hep yap\u0131c\u0131 olmu\u015f, y\u0131k\u0131c\u0131 olmam\u0131\u015ft\u0131r. Sadece \u00c7a\u011fatay&#8217;a de\u011fil, di\u011fer oyuncu ve sanat\u00e7\u0131lar\u0131m\u0131za da \u00f6yle hep yap\u0131c\u0131 yakla\u015f\u0131r ve yazar\u0131m. S\u00f6yledi\u011fim gibi ben ara\u015ft\u0131rmac\u0131, amat\u00f6r bir yazar\u0131m. Para kazanmak i\u00e7in yazm\u0131yorum. Reyting kayg\u0131m da yok. Milliyet Blog&#8217;da aylarca en \u00e7ok okunanlarda hep birinci s\u0131rada oldum. (Bu g\u00fcne kadar sadece Milliyet Blog&#8217;da 3.435.000 ki\u015fi okudu). \u00c7ok net olarak s\u00f6yl\u00fcyorum. Ben de sizler gibi \u00c7a\u011fatay Ulusoy&#8217;un oyunculu\u011funu ve her y\u00f6n\u00fc ile be\u011fenen bir destek\u00e7isiyim. Bazen garip kar\u015f\u0131layanlar\u0131n\u0131z oluyor. Amca neden \u00c7a\u011fatay diyenleriniz oluyor. Seyredenleriniz bilir. Medcezir&#8217;de Selim Serez, Yaman&#8217;\u0131 eve getirdi\u011finde kar\u0131s\u0131 Ender&#8217;e &#8220;O benim gen\u00e7li\u011fimi hat\u0131rlat\u0131yor&#8221; demi\u015fti. A\u00e7\u0131k\u00e7a s\u00f6ylemek gerekirse o da benim \u00dcniversite y\u0131llar\u0131mdaki ya\u015fant\u0131m\u0131 hat\u0131rlat\u0131yor. \u0130\u015fin do\u011frusu bu&#8230;<\/p>\n<p><span style=\"color: #ff0000;\"><strong>\u00c7a\u011fatay Ulusoy<\/strong><\/span>, ge\u00e7ti\u011fimiz ak\u015fam <span style=\"color: #0000ff;\"><strong>42.Alt\u0131n Kelebek \u00d6d\u00fclleri<\/strong><\/span>&#8216;nde ald\u0131\u011f\u0131<span style=\"color: #0000ff;\"><strong> 2015 Y\u0131l\u0131n\u0131n<\/strong> <strong>En \u0130yi Dizi Erkek Oyuncusu<\/strong><\/span>\u00a0\u00f6d\u00fcl\u00fc onun ba\u015far\u0131s\u0131n\u0131n bir g\u00f6stergesidir.<\/p>\n<p><a href=\"http:\/\/balcilar-blog.com\/wp-content\/uploads\/2015\/11\/565b509f67b0a951781c8f43.jpg\"><img loading=\"lazy\" decoding=\"async\" class=\"alignnone size-full wp-image-11709\" src=\"http:\/\/balcilar-blog.com\/wp-content\/uploads\/2015\/11\/565b509f67b0a951781c8f43.jpg\" alt=\"565b509f67b0a951781c8f43\" width=\"640\" height=\"378\" srcset=\"https:\/\/balcilar-blog.com\/wp-content\/uploads\/2015\/11\/565b509f67b0a951781c8f43.jpg 640w, https:\/\/balcilar-blog.com\/wp-content\/uploads\/2015\/11\/565b509f67b0a951781c8f43-300x177.jpg 300w\" sizes=\"auto, (max-width: 640px) 100vw, 640px\" \/><\/a><\/p>\n<p>\u015eimdi sizlerden bu yaz\u0131mda katk\u0131n\u0131z i\u00e7in, <span style=\"color: #ff0000;\"><strong>\u00c7a\u011fatay Ulusoy sevgisi<\/strong><\/span> ile ilgili k\u0131sa ve \u00f6z nedenlerinizi bekliyorum.<\/p>\n<p>Her \u015feyiniz g\u00f6nl\u00fcn\u00fczce olsun.<\/p>\n<p>Sayg\u0131lar ve sevgiler.<\/p>\n<p>Abdurrahman Balc\u0131lar<\/p>\n<h1 class=\"ProfileHeaderCard-name\"><\/h1>\n<p>Twitter: abdurrahman balc\u0131lar@abbalcilar<\/p>\n<p>Mail : <a href=\"mailto:ab.balcilar@hotmail.com\">ab.balcilar@hotmail.com<\/a><\/p>\n<p>Blog:\u00a0<a href=\"http:\/\/t.co\/znqmIZgIqn\">blog.milliyet.com.tr\/cansever<\/a><\/p>\n<p>Blog:\u00a0<strong>balcilar<\/strong>&#8211;<strong>blog.com<\/strong><\/p>\n<p>&nbsp;<\/p>\n","protected":false},"excerpt":{"rendered":"<p>\u00c7a\u011fatay Ulusoy \u00e7ok k\u0131sa zamanda ve de \u00e7ok da gen\u00e7 ya\u015fta \u015f\u00f6hrete kavu\u015fan oyuncular\u0131m\u0131zdan biridir. Bundan tam 5 y\u0131l \u00f6nce Best Model yar\u0131\u015fmas\u0131nda birinci se\u00e7ilmi\u015f, ilk oynad\u0131\u011f\u0131 dizi ile fenomen olmu\u015ftur. Hazal Kaya ile oynad\u0131\u011f\u0131 &#8220;Ad\u0131n\u0131 Feriha Koydum&#8221; dizisinde ya\u015fatt\u0131klar\u0131 Emir &amp; Feriha a\u015fk\u0131 ile b\u00fcy\u00fck k\u00fc\u00e7\u00fck herkesin kalbini kazanm\u0131\u015f, g\u00f6n\u00fcllerde taht kurmu\u015ftur. Ben de [&hellip;]<\/p>\n","protected":false},"author":3,"featured_media":0,"comment_status":"open","ping_status":"open","sticky":false,"template":"","format":"standard","meta":{"footnotes":""},"categories":[7],"tags":[913,42,15,844],"class_list":["post-11779","post","type-post","status-publish","format-standard","hentry","category-magazin","tag-2015-yilinin-en-iyi-dizi-erkek-oyuncusu","tag-adini-feriha-koydum","tag-cagatay-ulusoy","tag-cagatay-ulusoy-sevgisi"],"views":5828,"blog_post_layout_featured_media_urls":{"thumbnail":"","full":""},"categories_names":{"7":{"name":"Magazin","link":"https:\/\/balcilar-blog.com\/?cat=7"}},"tags_names":{"913":{"name":"2015 Y\u0131l\u0131n\u0131n En \u0130yi Dizi Erkek Oyuncusu","link":"https:\/\/balcilar-blog.com\/?tag=2015-yilinin-en-iyi-dizi-erkek-oyuncusu"},"42":{"name":"Ad\u0131n\u0131 Feriha Koydum","link":"https:\/\/balcilar-blog.com\/?tag=adini-feriha-koydum"},"15":{"name":"\u00e7a\u011fatay ulusoy","link":"https:\/\/balcilar-blog.com\/?tag=cagatay-ulusoy"},"844":{"name":"\u00c7a\u011fatay Ulusoy sevgisi","link":"https:\/\/balcilar-blog.com\/?tag=cagatay-ulusoy-sevgisi"}},"comments_number":"3","wpmagazine_modules_lite_featured_media_urls":{"thumbnail":"","cvmm-medium":"","cvmm-medium-plus":"","cvmm-portrait":"","cvmm-medium-square":"","cvmm-large":"","cvmm-small":"","full":""},"_links":{"self":[{"href":"https:\/\/balcilar-blog.com\/index.php?rest_route=\/wp\/v2\/posts\/11779","targetHints":{"allow":["GET"]}}],"collection":[{"href":"https:\/\/balcilar-blog.com\/index.php?rest_route=\/wp\/v2\/posts"}],"about":[{"href":"https:\/\/balcilar-blog.com\/index.php?rest_route=\/wp\/v2\/types\/post"}],"author":[{"embeddable":true,"href":"https:\/\/balcilar-blog.com\/index.php?rest_route=\/wp\/v2\/users\/3"}],"replies":[{"embeddable":true,"href":"https:\/\/balcilar-blog.com\/index.php?rest_route=%2Fwp%2Fv2%2Fcomments&post=11779"}],"version-history":[{"count":4,"href":"https:\/\/balcilar-blog.com\/index.php?rest_route=\/wp\/v2\/posts\/11779\/revisions"}],"predecessor-version":[{"id":24206,"href":"https:\/\/balcilar-blog.com\/index.php?rest_route=\/wp\/v2\/posts\/11779\/revisions\/24206"}],"wp:attachment":[{"href":"https:\/\/balcilar-blog.com\/index.php?rest_route=%2Fwp%2Fv2%2Fmedia&parent=11779"}],"wp:term":[{"taxonomy":"category","embeddable":true,"href":"https:\/\/balcilar-blog.com\/index.php?rest_route=%2Fwp%2Fv2%2Fcategories&post=11779"},{"taxonomy":"post_tag","embeddable":true,"href":"https:\/\/balcilar-blog.com\/index.php?rest_route=%2Fwp%2Fv2%2Ftags&post=11779"}],"curies":[{"name":"wp","href":"https:\/\/api.w.org\/{rel}","templated":true}]}}