{"id":11765,"date":"2015-12-02T18:05:05","date_gmt":"2015-12-02T16:05:05","guid":{"rendered":"http:\/\/balcilar-blog.com\/?p=11765"},"modified":"2015-12-02T19:02:15","modified_gmt":"2015-12-02T17:02:15","slug":"frankensteinin-yarattigi-yaratik-kerem-alisik","status":"publish","type":"post","link":"https:\/\/balcilar-blog.com\/?p=11765","title":{"rendered":"Frankenstein&#8217;in yaratt\u0131\u011f\u0131 Yarat\u0131k, Kerem Al\u0131\u015f\u0131k!"},"content":{"rendered":"<p><a href=\"http:\/\/balcilar-blog.com\/wp-content\/uploads\/2015\/12\/keremal\u0131\u015f\u0131k2.jpg\"><img loading=\"lazy\" decoding=\"async\" class=\"alignnone size-full wp-image-11768\" src=\"http:\/\/balcilar-blog.com\/wp-content\/uploads\/2015\/12\/keremal\u0131\u015f\u0131k2.jpg\" alt=\"keremal\u0131\u015f\u0131k2\" width=\"640\" height=\"407\" srcset=\"https:\/\/balcilar-blog.com\/wp-content\/uploads\/2015\/12\/keremal\u0131\u015f\u0131k2.jpg 640w, https:\/\/balcilar-blog.com\/wp-content\/uploads\/2015\/12\/keremal\u0131\u015f\u0131k2-300x191.jpg 300w\" sizes=\"auto, (max-width: 640px) 100vw, 640px\" \/><\/a><\/p>\n<p><span style=\"color: #ff0000;\"><strong>\u00c7olpan \u0130lhan &amp; Sadri Al\u0131\u015f\u0131k Tiyatrosu<\/strong><\/span>\u2019nun 20. Y\u0131l\u0131nda T\u00fcrkiye\u2019de ilk kez sahnelenmek \u00fczere ilgin\u00e7 tiyatro oyununa haz\u0131rlan\u0131r. Provalar\u0131 t\u00fcm h\u0131z\u0131yla devam eden oyunda ba\u015f rolleri <span style=\"color: #ff0000;\"><strong>Cansel El\u00e7in<\/strong><\/span>, <span style=\"color: #ff0000;\"><strong>Deniz U\u011fur<\/strong><\/span> ve <span style=\"color: #ff0000;\"><strong>Kerem Al\u0131\u015f\u0131k<\/strong><\/span> payla\u015f\u0131yor.<\/p>\n<p><strong>Eser: <\/strong>Mary Shelley<br \/>\n<strong>Uyarlayan:<\/strong> Nick Dear<br \/>\n<strong>\u00c7eviren:<\/strong> Selen Korad Birkiye<br \/>\n<strong>Y\u00f6neten: <\/strong>\u015eakir G\u00fcrzumar<br \/>\n<strong>Dekor-Kost\u00fcm Tasar\u0131m\u0131:<\/strong> \u015eirin Da\u011ftekin Yenen<br \/>\n<strong>I\u015f\u0131k Tasar\u0131m\u0131: <\/strong>Yakup \u00c7art\u0131k<br \/>\n<strong>M\u00fczik- Ses Efekt:<\/strong> Cenk Ta\u015fkan<br \/>\n<strong>Koreografi:<\/strong> Alpaslan Karaduman<br \/>\n<strong>Oyuncular:<\/strong> Cansel El\u00e7in, Deniz U\u011fur, Y\u0131lmaz Gruda, Engin G\u00fcrmen, Merve Erdo\u011fan, Batuhan Pamuk\u00e7u, \u00d6m\u00fcr Kayak\u0131r\u0131lmaz, Burcu G\u00f6rek, Ozan Akif Serman, Nalan Deliormanl\u0131, \u015eahin Ad\u0131g\u00fczel, Feride Ceyda Elkaya, Ali Ke\u00e7eli ve Kerem Al\u0131\u015f\u0131k<\/p>\n<p>Oyunda yarat\u0131k\u0131 canland\u0131racak Kerem Al\u0131\u015f\u0131k&#8217;\u0131, plastik makyaj ustas\u0131 <span style=\"color: #0000ff;\"><strong>Neriman Er\u00f6z<\/strong><\/span> taraf\u0131ndan yakla\u015f\u0131k 3 saat s\u00fcren plastik makyajla b\u00fcy\u00fck bir de\u011fi\u015fime u\u011frayan ve afi\u015f \u00e7al\u0131\u015fmas\u0131 i\u00e7in foto\u011fraf\u00e7\u0131 Levent \u00d6zdemir\u2019in objektifi kar\u015f\u0131s\u0131na ge\u00e7en Kerem Al\u0131\u015f\u0131k\u2019\u0131 g\u00f6renler tan\u0131yamad\u0131\u2026<\/p>\n<p><a href=\"http:\/\/balcilar-blog.com\/wp-content\/uploads\/2015\/12\/sonKEREM-ALISIK-MAKYAJ-BASLANGIC2-Kopya.jpg\"><img loading=\"lazy\" decoding=\"async\" class=\"alignnone size-full wp-image-11767\" src=\"http:\/\/balcilar-blog.com\/wp-content\/uploads\/2015\/12\/sonKEREM-ALISIK-MAKYAJ-BASLANGIC2-Kopya.jpg\" alt=\"sonKEREM ALISIK MAKYAJ BASLANGIC2 - Kopya\" width=\"640\" height=\"427\" srcset=\"https:\/\/balcilar-blog.com\/wp-content\/uploads\/2015\/12\/sonKEREM-ALISIK-MAKYAJ-BASLANGIC2-Kopya.jpg 640w, https:\/\/balcilar-blog.com\/wp-content\/uploads\/2015\/12\/sonKEREM-ALISIK-MAKYAJ-BASLANGIC2-Kopya-300x200.jpg 300w\" sizes=\"auto, (max-width: 640px) 100vw, 640px\" \/><\/a><\/p>\n<p>200 y\u0131ll\u0131k efsane \u201cFrankenstein\u201d oyununda Cansel El\u00e7in\u2019in canland\u0131raca\u011f\u0131 Dr. Victor Frankenstein\u2019in deneyleri s\u0131ras\u0131nda yaratt\u0131\u011f\u0131 \u201c<span style=\"color: #0000ff;\"><strong>Yarat\u0131k<\/strong><\/span>\u201d karakteri ile tiyatro severlerin kar\u015f\u0131s\u0131na \u00e7\u0131kmaya haz\u0131rlanan Kerem Al\u0131\u015f\u0131k, \u201cTiyatromuzun 20. Y\u0131l\u0131n\u0131 kutlarken, T\u00fcrkiye\u2019de ilk defa oynanacak olan Frankenstein\u2019da b\u00f6yle bir rolle izleyicinin kar\u015f\u0131s\u0131na \u00e7\u0131kacak olmak beni \u00e7ok heyecanland\u0131r\u0131yor. 3 saate yak\u0131n s\u00fcren bir makyaj sonras\u0131 aynada y\u00fcz\u00fcm\u00fc g\u00f6r\u00fcnce \u00e7ok samimi s\u00f6yl\u00fcyorum kendime yabanc\u0131la\u015ft\u0131\u011f\u0131m\u0131 farkettim. \u00c7ok tuhaf bir duygu ya\u015fad\u0131m.Y\u00fcz\u00fcm\u00fc g\u00f6renler, Frankenstein eserinin de bunca y\u0131ld\u0131r yaratt\u0131\u011f\u0131 alg\u0131yla, oyunun korku t\u00fcr\u00fcnde oldu\u011funu d\u00fc\u015f\u00fcnebilir ama Frankenstein, korkudan ziyade toplum d\u0131\u015f\u0131na itilmi\u015f insanlar\u0131n ac\u0131kl\u0131 \u00f6yk\u00fcs\u00fcn\u00fc, b\u00fcy\u00fcl\u00fc dram\u0131n\u0131 anlat\u0131yor.<\/p>\n<p>Cansel El\u00e7in Kont\u00a0Dr. Victor Frankenstein&#8217;i canland\u0131r\u0131yor.<\/p>\n<p><a href=\"http:\/\/balcilar-blog.com\/wp-content\/uploads\/2015\/12\/cansel-er\u00e7in.jpg\"><img loading=\"lazy\" decoding=\"async\" class=\"alignnone size-full wp-image-11770\" src=\"http:\/\/balcilar-blog.com\/wp-content\/uploads\/2015\/12\/cansel-er\u00e7in.jpg\" alt=\"cansel er\u00e7in\" width=\"480\" height=\"518\" srcset=\"https:\/\/balcilar-blog.com\/wp-content\/uploads\/2015\/12\/cansel-er\u00e7in.jpg 480w, https:\/\/balcilar-blog.com\/wp-content\/uploads\/2015\/12\/cansel-er\u00e7in-278x300.jpg 278w\" sizes=\"auto, (max-width: 480px) 100vw, 480px\" \/><\/a><\/p>\n<p>Mary Shelley&#8217;in roman\u0131ndan Nick Dear taraf\u0131ndan uyarlanan Selen Korad Birkiye&#8217;nin \u00e7evirisini yapt\u0131\u011f\u0131 FRANKENSTEIN \u015eakir G\u00fcrzumar y\u00f6netiminde 12 Aral\u0131k\u2019tan itibaren her\u00a0 Cumartesi Zorlu PSM Drama Sahnesi\u2019nde izleyici ile bulu\u015facak\u2026<\/p>\n<p><a href=\"http:\/\/balcilar-blog.com\/wp-content\/uploads\/2015\/12\/1150090_8f49a063e65365a0e1857f646f524c42.jpg\"><img loading=\"lazy\" decoding=\"async\" class=\"alignnone size-full wp-image-11776\" src=\"http:\/\/balcilar-blog.com\/wp-content\/uploads\/2015\/12\/1150090_8f49a063e65365a0e1857f646f524c42.jpg\" alt=\"1150090_8f49a063e65365a0e1857f646f524c42\" width=\"640\" height=\"425\" srcset=\"https:\/\/balcilar-blog.com\/wp-content\/uploads\/2015\/12\/1150090_8f49a063e65365a0e1857f646f524c42.jpg 640w, https:\/\/balcilar-blog.com\/wp-content\/uploads\/2015\/12\/1150090_8f49a063e65365a0e1857f646f524c42-300x199.jpg 300w\" sizes=\"auto, (max-width: 640px) 100vw, 640px\" \/><\/a><\/p>\n<p><b>Frankenstein hakk\u0131nda bilgi \u015f\u00f6yle:<\/b><\/p>\n<p>\u0130lk kez Frans\u0131zca olarak 1818 y\u0131l\u0131nda B\u00fcy\u00fck Britanya\u2019da yay\u0131nlanan kitab\u0131n ard\u0131ndan g\u00fcn\u00fcm\u00fcze kadar bir\u00e7ok kez tiyatro ve sinemaya uyarlanan \u201cFrankenstein\u201d, bilinenin aksine yarat\u0131\u011f\u0131n de\u011fil yarat\u0131c\u0131s\u0131n\u0131n ad\u0131d\u0131r. Yarat\u0131\u011f\u0131n bir ismi yoktur. Romanda toplum d\u0131\u015f\u0131na itilen, kendi sava\u015f\u0131n\u0131 veren ve bu sava\u015fta yenilen farkl\u0131 insanlar\u0131n ac\u0131kl\u0131 \u00f6yk\u00fcs\u00fc anlat\u0131lmaktad\u0131r.<\/p>\n<p>Mary Shelley&#8217;in roman\u0131ndan Nick Dear taraf\u0131ndan uyarlanan d\u00fcnya sinemas\u0131n\u0131n k\u00fclt filmleri aras\u0131nda g\u00f6sterilen <strong>Frankenstein <\/strong>\u015eakir G\u00fcrzumar y\u00f6netimininde \u00a0<strong>\u00c7olpan \u0130lhan &#8211; Sadri Al\u0131\u015f\u0131k Tiyatrosu<\/strong> taraf\u0131ndan sahneleniyor. <strong>Londra National Theatre&#8217;da<\/strong> 5 sezondur kapal\u0131 gi\u015fe olarak sahnelenen oyun <strong>SAKM Birim Sahne<\/strong> b\u00fcnyesinde 20. Y\u0131l Oyunu olarak T\u00fcrkiye&#8217;de ilk kez sahnelenecek.<\/p>\n<p><a href=\"http:\/\/balcilar-blog.com\/wp-content\/uploads\/2015\/12\/12311317_1082761098414704_8418557400751989155_n.jpg\"><img loading=\"lazy\" decoding=\"async\" class=\"alignnone size-full wp-image-11772\" src=\"http:\/\/balcilar-blog.com\/wp-content\/uploads\/2015\/12\/12311317_1082761098414704_8418557400751989155_n.jpg\" alt=\"12311317_1082761098414704_8418557400751989155_n\" width=\"480\" height=\"480\" srcset=\"https:\/\/balcilar-blog.com\/wp-content\/uploads\/2015\/12\/12311317_1082761098414704_8418557400751989155_n.jpg 480w, https:\/\/balcilar-blog.com\/wp-content\/uploads\/2015\/12\/12311317_1082761098414704_8418557400751989155_n-150x150.jpg 150w, https:\/\/balcilar-blog.com\/wp-content\/uploads\/2015\/12\/12311317_1082761098414704_8418557400751989155_n-300x300.jpg 300w\" sizes=\"auto, (max-width: 480px) 100vw, 480px\" \/><\/a><\/p>\n<p>Tiyatro severler 12 Aral\u0131k&#8217;tan itibaren her Cumartesi, <strong> Zorlu Center PSM&#8217;de pr\u00f6miyer <\/strong>yapacak olan<strong>\u00a0<\/strong><br \/>\nbu biraz korku, biraz heyecan dolu tiyatro eserini izleme imkan\u0131 bulacaklar.<\/p>\n<p>Sayg\u0131lar ve sevgiler.<\/p>\n<p>Abdurrahman Balc\u0131lar<\/p>\n<p>Twitter: abdurrahman balc\u0131lar@abbalcilar<\/p>\n<p>Mail : <a href=\"mailto:ab.balcilar@hotmail.com\">ab.balcilar@hotmail.com<\/a><\/p>\n<p>Blog:\u00a0<a href=\"http:\/\/t.co\/znqmIZgIqn\">blog.milliyet.com.tr\/cansever<\/a><\/p>\n<p>Blog:\u00a0<strong>balcilar<\/strong>&#8211;<strong>blog.com<\/strong><\/p>\n<p>&nbsp;<\/p>\n<p>Not: Oyun ile bilgiler, Sadri Al\u0131\u015f\u0131k K\u00fclt\u00fcr Merkezi Facebook sayfas\u0131ndan, Biletix ve U\u00e7anku\u015f Twitter sayfas\u0131ndan derlenerek al\u0131nm\u0131\u015ft\u0131r.<\/p>\n<p>&nbsp;<\/p>\n","protected":false},"excerpt":{"rendered":"<p>\u00c7olpan \u0130lhan &amp; Sadri Al\u0131\u015f\u0131k Tiyatrosu\u2019nun 20. Y\u0131l\u0131nda T\u00fcrkiye\u2019de ilk kez sahnelenmek \u00fczere ilgin\u00e7 tiyatro oyununa haz\u0131rlan\u0131r. Provalar\u0131 t\u00fcm h\u0131z\u0131yla devam eden oyunda ba\u015f rolleri Cansel El\u00e7in, Deniz U\u011fur ve Kerem Al\u0131\u015f\u0131k payla\u015f\u0131yor. Eser: Mary Shelley Uyarlayan: Nick Dear \u00c7eviren: Selen Korad Birkiye Y\u00f6neten: \u015eakir G\u00fcrzumar Dekor-Kost\u00fcm Tasar\u0131m\u0131: \u015eirin Da\u011ftekin Yenen I\u015f\u0131k Tasar\u0131m\u0131: Yakup \u00c7art\u0131k [&hellip;]<\/p>\n","protected":false},"author":3,"featured_media":0,"comment_status":"open","ping_status":"open","sticky":false,"template":"","format":"standard","meta":{"footnotes":""},"categories":[908],"tags":[845,909,912,911,910],"class_list":["post-11765","post","type-post","status-publish","format-standard","hentry","category-tiyatro","tag-cansel-elcin","tag-colpan-ilhan","tag-frankenstein","tag-kerem-alisik","tag-sadri-alisik"],"views":4862,"blog_post_layout_featured_media_urls":{"thumbnail":"","full":""},"categories_names":{"908":{"name":"Tiyatro","link":"https:\/\/balcilar-blog.com\/?cat=908"}},"tags_names":{"845":{"name":"Cansel El\u00e7in","link":"https:\/\/balcilar-blog.com\/?tag=cansel-elcin"},"909":{"name":"\u00c7olpan \u0130lhan","link":"https:\/\/balcilar-blog.com\/?tag=colpan-ilhan"},"912":{"name":"Frankenstein","link":"https:\/\/balcilar-blog.com\/?tag=frankenstein"},"911":{"name":"Kerem Al\u0131\u015f\u0131k","link":"https:\/\/balcilar-blog.com\/?tag=kerem-alisik"},"910":{"name":"Sadri Al\u0131\u015f\u0131k","link":"https:\/\/balcilar-blog.com\/?tag=sadri-alisik"}},"comments_number":"0","wpmagazine_modules_lite_featured_media_urls":{"thumbnail":"","cvmm-medium":"","cvmm-medium-plus":"","cvmm-portrait":"","cvmm-medium-square":"","cvmm-large":"","cvmm-small":"","full":""},"_links":{"self":[{"href":"https:\/\/balcilar-blog.com\/index.php?rest_route=\/wp\/v2\/posts\/11765","targetHints":{"allow":["GET"]}}],"collection":[{"href":"https:\/\/balcilar-blog.com\/index.php?rest_route=\/wp\/v2\/posts"}],"about":[{"href":"https:\/\/balcilar-blog.com\/index.php?rest_route=\/wp\/v2\/types\/post"}],"author":[{"embeddable":true,"href":"https:\/\/balcilar-blog.com\/index.php?rest_route=\/wp\/v2\/users\/3"}],"replies":[{"embeddable":true,"href":"https:\/\/balcilar-blog.com\/index.php?rest_route=%2Fwp%2Fv2%2Fcomments&post=11765"}],"version-history":[{"count":6,"href":"https:\/\/balcilar-blog.com\/index.php?rest_route=\/wp\/v2\/posts\/11765\/revisions"}],"predecessor-version":[{"id":11778,"href":"https:\/\/balcilar-blog.com\/index.php?rest_route=\/wp\/v2\/posts\/11765\/revisions\/11778"}],"wp:attachment":[{"href":"https:\/\/balcilar-blog.com\/index.php?rest_route=%2Fwp%2Fv2%2Fmedia&parent=11765"}],"wp:term":[{"taxonomy":"category","embeddable":true,"href":"https:\/\/balcilar-blog.com\/index.php?rest_route=%2Fwp%2Fv2%2Fcategories&post=11765"},{"taxonomy":"post_tag","embeddable":true,"href":"https:\/\/balcilar-blog.com\/index.php?rest_route=%2Fwp%2Fv2%2Ftags&post=11765"}],"curies":[{"name":"wp","href":"https:\/\/api.w.org\/{rel}","templated":true}]}}