{"id":11684,"date":"2015-11-27T11:35:52","date_gmt":"2015-11-27T09:35:52","guid":{"rendered":"http:\/\/balcilar-blog.com\/?p=11684"},"modified":"2015-11-27T11:54:56","modified_gmt":"2015-11-27T09:54:56","slug":"neslihan-atagul-ile-kadir-dogulunun-beklenen-nisani","status":"publish","type":"post","link":"https:\/\/balcilar-blog.com\/?p=11684","title":{"rendered":"Neslihan Atag\u00fcl ile Kadir Do\u011fulu&#8217;nun beklenen ni\u015fan\u0131!"},"content":{"rendered":"<p><a href=\"http:\/\/balcilar-blog.com\/wp-content\/uploads\/2015\/11\/neslihan-kadir.jpg\"><img loading=\"lazy\" decoding=\"async\" class=\"alignnone size-full wp-image-11689\" src=\"http:\/\/balcilar-blog.com\/wp-content\/uploads\/2015\/11\/neslihan-kadir.jpg\" alt=\"neslihan - kadir\" width=\"480\" height=\"480\" srcset=\"https:\/\/balcilar-blog.com\/wp-content\/uploads\/2015\/11\/neslihan-kadir.jpg 480w, https:\/\/balcilar-blog.com\/wp-content\/uploads\/2015\/11\/neslihan-kadir-150x150.jpg 150w, https:\/\/balcilar-blog.com\/wp-content\/uploads\/2015\/11\/neslihan-kadir-300x300.jpg 300w\" sizes=\"auto, (max-width: 480px) 100vw, 480px\" \/><\/a><\/p>\n<p>Kara Sevda dizisinin Nihan&#8217;\u0131 Neslihan Atag\u00fcl ile K\u00f6sem Sultan dizisinde K\u0131r\u0131m Prensini canland\u0131ran Kadir Do\u011fulu d\u00fcn ak\u015fam arkada\u015flar\u0131 aras\u0131nda sade bir t\u00f6ren ile ni\u015fanlanm\u0131\u015flar.<\/p>\n<p>Kadir Do\u011fulu ile Neslihan Atag\u00fcl takriben iki y\u0131l \u00f6nce birlikte &#8220;Fatih Harbiye&#8221; dizisinde oynam\u0131\u015flar, Macit ve Neriman olarak, \u00e7ok da g\u00fczel bir \u00e7ift olmu\u015flard\u0131. O zaman ba\u015flayan dizi a\u015fk\u0131, ger\u00e7e\u011fe d\u00f6n\u00fc\u015fm\u00fc\u015f sevgili olmu\u015flard\u0131. 2 y\u0131l s\u00fcren bu a\u015fk, d\u00fcn ak\u015fam y\u00fcz\u00fcklerin tak\u0131lmas\u0131 ile evlili\u011fe do\u011fru bir ad\u0131m atm\u0131\u015f oldular.<\/p>\n<p>Neslihan Atag\u00fcl \u015fu g\u00fcnlerde Star Tv&#8217;de ekranlara gelen Kara Sevda dizisinde Burak \u00d6z\u00e7ivit ile oynuyorlar. \u00c7ok da sevildiler, ama onlar\u0131nki dizi a\u015fk\u0131. Atag\u00fcl ger\u00e7ek a\u015fk\u0131 Kadir Do\u011fulu da buldu. Do\u011fulu da d\u00fcn ak\u015fam ekranlara gelen &#8220;Muhte\u015fem Y\u00fczy\u0131l K\u00f6sem Sultan&#8221; dizisinde K\u0131r\u0131m Prensi Mehmet Giray Han karakterini canland\u0131r\u0131yor. Safiye Sultan&#8217;\u0131n k\u0131z\u0131na a\u015f\u0131k.<\/p>\n<p><a href=\"http:\/\/balcilar-blog.com\/wp-content\/uploads\/2015\/11\/k\u0131rm-prensi.jpg\"><img loading=\"lazy\" decoding=\"async\" class=\"alignnone size-full wp-image-11691\" src=\"http:\/\/balcilar-blog.com\/wp-content\/uploads\/2015\/11\/k\u0131rm-prensi.jpg\" alt=\"k\u0131rm prensi\" width=\"640\" height=\"360\" srcset=\"https:\/\/balcilar-blog.com\/wp-content\/uploads\/2015\/11\/k\u0131rm-prensi.jpg 640w, https:\/\/balcilar-blog.com\/wp-content\/uploads\/2015\/11\/k\u0131rm-prensi-300x169.jpg 300w\" sizes=\"auto, (max-width: 640px) 100vw, 640px\" \/><\/a><\/p>\n<p>Yak\u0131n dost ve arkada\u015flar\u0131n\u0131n kat\u0131ld\u0131\u011f\u0131 gecede, Kadir Do\u011fulu bu mutlu gecesini a\u011fabeyi Kemal Do\u011fulu ile payla\u015ft\u0131.<\/p>\n<p><a href=\"http:\/\/balcilar-blog.com\/wp-content\/uploads\/2015\/11\/5658055dc03c0e5854018537.jpg\"><img loading=\"lazy\" decoding=\"async\" class=\"alignnone size-full wp-image-11686\" src=\"http:\/\/balcilar-blog.com\/wp-content\/uploads\/2015\/11\/5658055dc03c0e5854018537.jpg\" alt=\"5658055dc03c0e5854018537\" width=\"640\" height=\"465\" srcset=\"https:\/\/balcilar-blog.com\/wp-content\/uploads\/2015\/11\/5658055dc03c0e5854018537.jpg 640w, https:\/\/balcilar-blog.com\/wp-content\/uploads\/2015\/11\/5658055dc03c0e5854018537-300x218.jpg 300w\" sizes=\"auto, (max-width: 640px) 100vw, 640px\" \/><\/a><\/p>\n<p>Neslihan Atag\u00fcl de yak\u0131n arkada\u015flar\u0131 ile birlikte g\u00f6r\u00fcl\u00fcyor.<\/p>\n<p><a href=\"http:\/\/balcilar-blog.com\/wp-content\/uploads\/2015\/11\/56580580c03c0e585401853b.jpg\"><img loading=\"lazy\" decoding=\"async\" class=\"alignnone size-full wp-image-11687\" src=\"http:\/\/balcilar-blog.com\/wp-content\/uploads\/2015\/11\/56580580c03c0e585401853b.jpg\" alt=\"56580580c03c0e585401853b\" width=\"631\" height=\"480\" srcset=\"https:\/\/balcilar-blog.com\/wp-content\/uploads\/2015\/11\/56580580c03c0e585401853b.jpg 631w, https:\/\/balcilar-blog.com\/wp-content\/uploads\/2015\/11\/56580580c03c0e585401853b-300x228.jpg 300w\" sizes=\"auto, (max-width: 631px) 100vw, 631px\" \/><\/a><\/p>\n<p>Neslihan Atag\u00fcl Twitter&#8217;da payla\u015ft\u0131\u011f\u0131 ni\u015fan foto\u011fraflar\u0131 sevenleri taraf\u0131ndan t\u0131klanma ve be\u011feni rekoru k\u0131rm\u0131\u015f.<\/p>\n<p>Gen\u00e7 \u00c7ifte ben de mutluluklar diler, Allah tamam\u0131n\u0131 erdirsin derim.<\/p>\n<p>Sayg\u0131lar ve sevgiler.<\/p>\n<p>Abdurrahman Balc\u0131lar<\/p>\n<p>Twitter: abdurrahman balc\u0131lar@abbalcilar<\/p>\n<p>Mail : <a href=\"mailto:ab.balcilar@hotmail.com\">ab.balcilar@hotmail.com<\/a><\/p>\n<p>Blog:\u00a0<a href=\"http:\/\/t.co\/znqmIZgIqn\">blog.milliyet.com.tr\/cansever<\/a><\/p>\n<p>Blog:\u00a0<strong>balcilar<\/strong>&#8211;<strong>blog.com<\/strong><\/p>\n<p>&nbsp;<\/p>\n<p>Not: Haber ve g\u00f6rselleri Kadir Do\u011fulu ve Neslihan Atag\u00fcl Twitter sayfas\u0131ndan al\u0131nm\u0131\u015ft\u0131r.<\/p>\n<p>&nbsp;<\/p>\n","protected":false},"excerpt":{"rendered":"<p>Kara Sevda dizisinin Nihan&#8217;\u0131 Neslihan Atag\u00fcl ile K\u00f6sem Sultan dizisinde K\u0131r\u0131m Prensini canland\u0131ran Kadir Do\u011fulu d\u00fcn ak\u015fam arkada\u015flar\u0131 aras\u0131nda sade bir t\u00f6ren ile ni\u015fanlanm\u0131\u015flar. Kadir Do\u011fulu ile Neslihan Atag\u00fcl takriben iki y\u0131l \u00f6nce birlikte &#8220;Fatih Harbiye&#8221; dizisinde oynam\u0131\u015flar, Macit ve Neriman olarak, \u00e7ok da g\u00fczel bir \u00e7ift olmu\u015flard\u0131. O zaman ba\u015flayan dizi a\u015fk\u0131, ger\u00e7e\u011fe d\u00f6n\u00fc\u015fm\u00fc\u015f [&hellip;]<\/p>\n","protected":false},"author":3,"featured_media":0,"comment_status":"open","ping_status":"open","sticky":false,"template":"","format":"standard","meta":{"footnotes":""},"categories":[7],"tags":[118,799,453,119,209],"class_list":["post-11684","post","type-post","status-publish","format-standard","hentry","category-magazin","tag-kadir-dogulu","tag-kara-sevda","tag-kosem-sultan","tag-neslihan-atagul","tag-nisan"],"views":5646,"blog_post_layout_featured_media_urls":{"thumbnail":"","full":""},"categories_names":{"7":{"name":"Magazin","link":"https:\/\/balcilar-blog.com\/?cat=7"}},"tags_names":{"118":{"name":"Kadir Do\u011fulu","link":"https:\/\/balcilar-blog.com\/?tag=kadir-dogulu"},"799":{"name":"Kara Sevda","link":"https:\/\/balcilar-blog.com\/?tag=kara-sevda"},"453":{"name":"K\u00f6sem Sultan","link":"https:\/\/balcilar-blog.com\/?tag=kosem-sultan"},"119":{"name":"Neslihan Atag\u00fcl","link":"https:\/\/balcilar-blog.com\/?tag=neslihan-atagul"},"209":{"name":"Ni\u015fan","link":"https:\/\/balcilar-blog.com\/?tag=nisan"}},"comments_number":"0","wpmagazine_modules_lite_featured_media_urls":{"thumbnail":"","cvmm-medium":"","cvmm-medium-plus":"","cvmm-portrait":"","cvmm-medium-square":"","cvmm-large":"","cvmm-small":"","full":""},"_links":{"self":[{"href":"https:\/\/balcilar-blog.com\/index.php?rest_route=\/wp\/v2\/posts\/11684","targetHints":{"allow":["GET"]}}],"collection":[{"href":"https:\/\/balcilar-blog.com\/index.php?rest_route=\/wp\/v2\/posts"}],"about":[{"href":"https:\/\/balcilar-blog.com\/index.php?rest_route=\/wp\/v2\/types\/post"}],"author":[{"embeddable":true,"href":"https:\/\/balcilar-blog.com\/index.php?rest_route=\/wp\/v2\/users\/3"}],"replies":[{"embeddable":true,"href":"https:\/\/balcilar-blog.com\/index.php?rest_route=%2Fwp%2Fv2%2Fcomments&post=11684"}],"version-history":[{"count":3,"href":"https:\/\/balcilar-blog.com\/index.php?rest_route=\/wp\/v2\/posts\/11684\/revisions"}],"predecessor-version":[{"id":11693,"href":"https:\/\/balcilar-blog.com\/index.php?rest_route=\/wp\/v2\/posts\/11684\/revisions\/11693"}],"wp:attachment":[{"href":"https:\/\/balcilar-blog.com\/index.php?rest_route=%2Fwp%2Fv2%2Fmedia&parent=11684"}],"wp:term":[{"taxonomy":"category","embeddable":true,"href":"https:\/\/balcilar-blog.com\/index.php?rest_route=%2Fwp%2Fv2%2Fcategories&post=11684"},{"taxonomy":"post_tag","embeddable":true,"href":"https:\/\/balcilar-blog.com\/index.php?rest_route=%2Fwp%2Fv2%2Ftags&post=11684"}],"curies":[{"name":"wp","href":"https:\/\/api.w.org\/{rel}","templated":true}]}}