{"id":11597,"date":"2015-11-20T23:08:39","date_gmt":"2015-11-20T21:08:39","guid":{"rendered":"http:\/\/balcilar-blog.com\/?p=11597"},"modified":"2015-11-20T23:21:10","modified_gmt":"2015-11-20T21:21:10","slug":"meryem-uzerliden-yeni-dizi-gecenin-kralicesi-star-tvde-basliyor","status":"publish","type":"post","link":"https:\/\/balcilar-blog.com\/?p=11597","title":{"rendered":"Meryem Uzerli&#8217;den yeni dizi &#8220;Gecenin Krali\u00e7esi&#8221; Star Tv&#8217;de ba\u015fl\u0131yor!"},"content":{"rendered":"<p><a href=\"http:\/\/balcilar-blog.com\/wp-content\/uploads\/2015\/11\/97a123ec094f5af-meryem-uzerli.jpg\"><img loading=\"lazy\" decoding=\"async\" class=\"alignnone size-full wp-image-11601\" src=\"http:\/\/balcilar-blog.com\/wp-content\/uploads\/2015\/11\/97a123ec094f5af-meryem-uzerli.jpg\" alt=\"97a123ec094f5af meryem uzerli\" width=\"640\" height=\"360\" srcset=\"https:\/\/balcilar-blog.com\/wp-content\/uploads\/2015\/11\/97a123ec094f5af-meryem-uzerli.jpg 640w, https:\/\/balcilar-blog.com\/wp-content\/uploads\/2015\/11\/97a123ec094f5af-meryem-uzerli-300x169.jpg 300w\" sizes=\"auto, (max-width: 640px) 100vw, 640px\" \/><\/a><\/p>\n<p><strong>Meryem \u00dczerli<\/strong>&#8216;nin yeni dizisi<strong> Gecenin Krali\u00e7esi <\/strong>yak\u0131nda<strong> star tv<\/strong> ekranlar\u0131nda ba\u015fl\u0131yor. Tan\u0131t\u0131m\u0131 bu gece en \u00e7ok izlenen Kiral\u0131k A\u015fk dizisi reklam aral\u0131\u011f\u0131nda Star Tv ekranlar\u0131nda d\u00f6nmeye ba\u015flad\u0131. Merakla beklenen yeni dizisinin ba\u015f rol\u00fcnde <strong>Meryem \u00dczerli <\/strong>rol alacak<strong>.<\/strong> <strong>O3 Medya<\/strong>&#8216;n\u0131n yap\u0131mc\u0131l\u0131\u011f\u0131n\u0131 yapt\u0131\u011f\u0131 dizinin senaryosunu ise <strong>Ozan Aksungur ve C\u00fcneyt Aysan<\/strong> yaz\u0131yor.<\/p>\n<p>Ba\u015f rollerinde\u00a0<strong>Meryem Uzerli, Murat Y\u0131ld\u0131r\u0131m ve Ozan G\u00fcven<\/strong>\u00a0gibi isimler rol alacak. Dizinin <strong>2016 Ocak<\/strong> ay\u0131nda Star tv ekranlar\u0131nda olacak. Diziyle ilgili bir \u00e7ok detay ortaya \u00e7\u0131kt\u0131 fakat hen\u00fcz ufak tefek problemlerden dolay\u0131 her \u015fey netle\u015fmi\u015f de\u011fil. <strong>Gecenin Krali\u00e7esi<\/strong> <strong>oyuncu ve cast<\/strong> \u00e7al\u0131\u015fmalar\u0131 devam ediyor.<\/p>\n<p>&nbsp;<\/p>\n<p><strong>GECEN\u0130N KRAL\u0130\u00c7ES\u0130 Konusu:<\/strong><\/p>\n<p><b>Ozan G\u00fcven<\/b> (Aziz) karadenizli \u00fcnl\u00fc bir i\u015f adam\u0131d\u0131r. \u00d6ld\u00fcr\u00fclen en yak\u0131n arkada\u015f\u0131n\u0131n k\u00fc\u00e7\u00fck o\u011flunu evlat edinir. Aziz e\u015fini y\u0131llar \u00f6nce kaybetmi\u015f bir o\u011flu ve bir k\u0131z\u0131 vard\u0131r. Hayat\u0131na hi\u00e7 bir kad\u0131n\u0131 sokmak istememi\u015ftir ta ki hayat\u0131na <strong>Meryem \u00dczerli<\/strong>&#8216;nin canland\u0131rd\u0131\u011f\u0131 karakter girene kadar. <strong>Aziz<\/strong> bu kad\u0131na a\u015f\u0131k olacakt\u0131r. \u0130\u015fin garip tarafi \u015fu ki evlatl\u0131k ald\u0131\u011f\u0131 o\u011flu da bu kad\u0131na a\u015f\u0131k olmu\u015ftur.<\/p>\n<p>&nbsp;<\/p>\n<p><strong>Meryem \u00dczerli <\/strong><strong>(\u015eirin)<\/strong><\/p>\n<p><a href=\"http:\/\/haber.fragman-tv.com\/askin-kokusu-dizisi-oyuncu-kadrosu-konusu-fotograflari-119\"><img decoding=\"async\" src=\"http:\/\/www.fragman-tv.com\/photo\/haber\/meryemuzerli.jpg\" alt=\"meryem \u00fczerli\" \/><\/a><\/p>\n<p>12 A\u011fustos 1983 Almanya do\u011fumlu ba\u015far\u0131l\u0131 oyuncu\u00a0Schauspiel Studio Frese&#8217;de oyunculuk e\u011fitimini tamamlam\u0131\u015ft\u0131r. Bir \u00e7ok yabanc\u0131 filmde yard\u0131mc\u0131 kad\u0131n oyuncu olarak rol alan Meryem \u00dczerli 2011 &#8211; 2013 y\u0131llar\u0131 aras\u0131nda rol oynad\u0131\u011f\u0131 Muhte\u015fem Y\u00fczy\u0131l&#8217;da tan\u0131nm\u0131\u015f ve oyunculu\u011fuyla say\u0131s\u0131z \u00f6d\u00fcl alm\u0131\u015ft\u0131r.<\/p>\n<p>&nbsp;<\/p>\n<p><strong>Murat Y\u0131ld\u0131r\u0131m<\/strong><\/p>\n<p><a href=\"http:\/\/haber.fragman-tv.com\/gecenin-kralicesi-dizisi-oyuncu-kadrosu-konusu-fotograflari-119\"><img decoding=\"async\" src=\"http:\/\/www.fragman-tv.com\/photo\/haber\/muratyildirimaskinkokusu.jpg\" alt=\"murat y\u0131ld\u0131r\u0131m a\u015fk\u0131n kokusu\" \/><\/a><\/p>\n<p>1979 Konya do\u011fumlu t\u00fcrk dizi ve sinema oyuncusu olan Murat Y\u0131ld\u0131r\u0131m Y\u0131ld\u0131z Teknik \u00dcniversitesi Makine M\u00fchendisli\u011fi b\u00f6l\u00fcm\u00fcnde e\u011fitimini tamamlam\u0131\u015ft\u0131r. 2008&#8217;de rol ald\u0131\u011f\u0131 F\u0131rt\u0131na dizisinde tan\u0131\u015ft\u0131\u011f\u0131 rol arkada\u015f\u0131 Bur\u00e7in Terzio\u011flu ile evlenmi\u015ftir, 2014 y\u0131l\u0131nda ise bo\u015fanm\u0131\u015ft\u0131r. F\u0131rt\u0131na, A\u015fk ve Ceza, Suskunlar gibi dizilerde oynayan Murat Y\u0131ld\u0131r\u0131m bunlar\u0131n yan\u0131 s\u0131ra Organize \u0130\u015fler, G\u00fcz Sanc\u0131s\u0131, K\u0131r\u0131ml\u0131, Kocan Kadar Konu\u015f gibi filmlerde de rol oynam\u0131\u015ft\u0131r.<\/p>\n<p>&nbsp;<\/p>\n<p><strong>Ozan G\u00fcven (Aziz) :<\/strong><\/p>\n<p><a href=\"http:\/\/balcilar-blog.com\/wp-content\/uploads\/2015\/11\/i\u00e7erik-ozan-g\u00fcven.jpg\"><img loading=\"lazy\" decoding=\"async\" class=\"alignnone size-full wp-image-11599\" src=\"http:\/\/balcilar-blog.com\/wp-content\/uploads\/2015\/11\/i\u00e7erik-ozan-g\u00fcven.jpg\" alt=\"i\u00e7erik ozan g\u00fcven\" width=\"629\" height=\"480\" srcset=\"https:\/\/balcilar-blog.com\/wp-content\/uploads\/2015\/11\/i\u00e7erik-ozan-g\u00fcven.jpg 629w, https:\/\/balcilar-blog.com\/wp-content\/uploads\/2015\/11\/i\u00e7erik-ozan-g\u00fcven-300x229.jpg 300w\" sizes=\"auto, (max-width: 629px) 100vw, 629px\" \/><\/a><\/p>\n<p>1975 y\u0131l\u0131nda Almanya&#8217;da do\u011fan Ozan G\u00fcven<span style=\"color: #000000;\"> <a class=\"mw-redirect\" style=\"color: #000000;\" title=\"Mimar Sinan \u00dcniversitesi\" href=\"https:\/\/tr.wikipedia.org\/wiki\/Mimar_Sinan_%C3%9Cniversitesi\">Mimar Sinan \u00dcniversitesi<\/a><\/span> Modern Dans B\u00f6l\u00fcm\u00fc&#8217;nden mezun oldu. \u0130zmir Belediye Konservatuar\u0131&#8217;nda oyunculuk dersleri ald\u0131 ve ard\u0131ndan<span style=\"color: #000000;\"> <a class=\"new\" style=\"color: #000000;\" title=\"\u015eahika Tekand Tiyatrosu (sayfa mevcut de\u011fil)\" href=\"https:\/\/tr.wikipedia.org\/w\/index.php?title=%C5%9Eahika_Tekand_Tiyatrosu&amp;action=edit&amp;redlink=1\">\u015eahika Tekand Tiyatrosu<\/a><\/span>&#8216;nda \u00e7al\u0131\u015ft\u0131.<span style=\"font-size: 13.3333px; line-height: 20px;\">\u00a0<\/span><span style=\"color: #000000;\"><a class=\"mw-disambig\" style=\"color: #000000;\" title=\"\u0130kinci Bahar\" href=\"https:\/\/tr.wikipedia.org\/wiki\/%C4%B0kinci_Bahar\">\u0130kinci Bahar<\/a>, <a class=\"new\" style=\"color: #000000;\" title=\"\u00c7i\u00e7e\u011fi B\u00fcy\u00fctmek (sayfa mevcut de\u011fil)\" href=\"https:\/\/tr.wikipedia.org\/w\/index.php?title=%C3%87i%C3%A7e%C4%9Fi_B%C3%BCy%C3%BCtmek&amp;action=edit&amp;redlink=1\">\u00c7i\u00e7e\u011fi B\u00fcy\u00fctmek<\/a>, <a class=\"mw-disambig\" style=\"color: #000000;\" title=\"Ko\u00e7um Benim\" href=\"https:\/\/tr.wikipedia.org\/wiki\/Ko%C3%A7um_Benim\">Ko\u00e7um Benim<\/a>, <a style=\"color: #000000;\" title=\"Asl\u0131 ile Kerem\" href=\"https:\/\/tr.wikipedia.org\/wiki\/Asl%C4%B1_ile_Kerem\">Asl\u0131 ile Kerem<\/a>, <a style=\"color: #000000;\" title=\"Bir \u0130stanbul Masal\u0131\" href=\"https:\/\/tr.wikipedia.org\/wiki\/Bir_%C4%B0stanbul_Masal%C4%B1\">Bir \u0130stanbul Masal\u0131<\/a> ve <a style=\"color: #000000;\" title=\"Can\u0131m Ailem\" href=\"https:\/\/tr.wikipedia.org\/wiki\/Can%C4%B1m_Ailem\">Can\u0131m Ailem<\/a><\/span> gibi televizyon dizilerinin yan\u0131 s\u0131ra <span style=\"color: #000000;\"><a class=\"mw-redirect\" style=\"color: #000000;\" title=\"G.O.R.A\" href=\"https:\/\/tr.wikipedia.org\/wiki\/G.O.R.A\">G.O.R.A<\/a>, <a style=\"color: #000000;\" title=\"A.R.O.G\" href=\"https:\/\/tr.wikipedia.org\/wiki\/A.R.O.G\">A.R.O.G<\/a> ve <i><a style=\"color: #000000;\" title=\"Yah\u015fi Bat\u0131\" href=\"https:\/\/tr.wikipedia.org\/wiki\/Yah%C5%9Fi_Bat%C4%B1\">Yah\u015fi Bat\u0131<\/a><\/i> filmlerinde yak\u0131n arkada\u015f\u0131 olan <a style=\"color: #000000;\" title=\"Cem Y\u0131lmaz\" href=\"https:\/\/tr.wikipedia.org\/wiki\/Cem_Y%C4%B1lmaz\">Cem Y\u0131lmaz<\/a>&#8216;<\/span>la oynad\u0131.<\/p>\n<p>2005 y\u0131l\u0131nda, \u0130kinci Bahar dizisi s\u0131ras\u0131nda tan\u0131\u015ft\u0131\u011f\u0131 y\u00f6netmen <span style=\"color: #000000;\"><a class=\"mw-redirect\" style=\"color: #000000;\" title=\"T\u00fcrkan Derya\" href=\"https:\/\/tr.wikipedia.org\/wiki\/T%C3%BCrkan_Derya\">T\u00fcrkan Derya<\/a><\/span> ile evlendi. Ali Aziz isminde 1 \u00e7ocuklar\u0131 var. 2010 y\u0131l\u0131nda T\u00fcrkan Derya ile bo\u015fand\u0131lar<\/p>\n<p>&nbsp;<\/p>\n<p><strong>Deniz Celilo\u011flu<\/strong><\/p>\n<p><a href=\"http:\/\/balcilar-blog.com\/wp-content\/uploads\/2015\/11\/117-deniz.jpg\"><img loading=\"lazy\" decoding=\"async\" class=\"alignnone size-full wp-image-11600\" src=\"http:\/\/balcilar-blog.com\/wp-content\/uploads\/2015\/11\/117-deniz.jpg\" alt=\"11(7) deniz\" width=\"571\" height=\"480\" srcset=\"https:\/\/balcilar-blog.com\/wp-content\/uploads\/2015\/11\/117-deniz.jpg 571w, https:\/\/balcilar-blog.com\/wp-content\/uploads\/2015\/11\/117-deniz-300x252.jpg 300w\" sizes=\"auto, (max-width: 571px) 100vw, 571px\" \/><\/a><\/p>\n<p>1986 Bulgaristan do\u011fumlu 29 ya\u015f\u0131ndaki oyuncu 2010 y\u0131l\u0131nda M\u00fcge Celilo\u011flu ile evlenmi\u015f fakat ili\u015fkileri y\u00fcr\u00fcmedi\u011fi i\u00e7in 2013 y\u0131l\u0131nda tek celsede bo\u015fanm\u0131\u015flard\u0131r. Ba\u015far\u0131l\u0131 oyuncu Muhte\u015fem Y\u00fczy\u0131l, \u00c7al\u0131k\u0131\u015f\u0131, Kan\u0131t gibi dizilerde rol alm\u0131\u015ft\u0131r.<\/p>\n<p>&nbsp;<\/p>\n<p><strong>Burak Deniz<\/strong><\/p>\n<p><img decoding=\"async\" src=\"http:\/\/www.fragman-tv.com\/photo\/haber\/burakdeniz.jpg\" alt=\"gecenin krali\u00e7esi burak deniz\" \/><\/p>\n<p>Yaz sezonunda erken final yapan Tatl\u0131 K\u00fc\u00e7\u00fck yalanc\u0131lar dizisinde\u00a0Toprak Kaynak&#8217;\u0131 canland\u0131ran yak\u0131\u015f\u0131kl\u0131 oyuncuyu ayr\u0131ca Medcezir&#8217;de oynad\u0131\u011f\u0131 Aras karakteri ile \u00e7ok yak\u0131ndan tan\u0131yorsunuz.<\/p>\n<p>Yeni dizisi Gecenin krali\u00e7esi&#8217;ndeki rol\u00fc hakk\u0131nda hen\u00fcz bir bilgi yoktur.\u00a01989 y\u0131l\u0131nda \u0130stanbul&#8217;da d\u00fcnyaya gelmi\u015ftir. Ka\u00e7ak, Medcezir, Tatl\u0131 K\u00fc\u00e7\u00fck yalanc\u0131lar gibi \u00f6nemli dizilerde profesyonel bir oyunculuk sergiledi\u011finden dolay\u0131 her daim kaliteli yap\u0131mlardan g\u00fczel teklifler almaktad\u0131r.<\/p>\n<p>&nbsp;<\/p>\n<p><strong>U\u011fur Polat\u00a0<\/strong><\/p>\n<p><img decoding=\"async\" src=\"http:\/\/www.fragman-tv.com\/photo\/haber\/ugurpolatkimdir.jpg\" alt=\"u\u011fur polat kimdir\" \/><\/p>\n<p>4 eyl\u00fcl 1961 \u0130stanbul do\u011fumlu ba\u015far\u0131l\u0131 oyuncu Mimar Sinan Devlet Konservatuar\u0131 b\u00f6l\u00fcm\u00fcnden mezun olmu\u015ftur. Bir \u00e7ok dalda en iyi erkek oyuncu \u00f6d\u00fcl\u00fc bulunmaktad\u0131r. G\u00fcz Sanc\u0131s\u0131, Yeditepe \u0130stanbul, Beni Unutma, Salk\u0131m Han\u0131m\u0131n Taneleri, Son Kay\u0131p \u015eehir, Cinayet gibi dizilerde rol alm\u0131\u015ft\u0131r. Son olarak Ulan \u0130stanbul dizisinde Kandemir karakterini canland\u0131rm\u0131\u015ft\u0131r.<\/p>\n<p>&nbsp;<\/p>\n<p><strong>Seda Akman<\/strong><\/p>\n<p><img decoding=\"async\" src=\"http:\/\/www.fragman-tv.com\/photo\/haber\/sedaakmangeceninkralicesi.jpg\" alt=\"seda akman gecenin krali\u00e7esi\" \/><\/p>\n<p>13 Ocak 1978 K\u00fctahya do\u011fumlu ba\u015far\u0131l\u0131 oyuncu Bilkent \u00dcniversitesi Diksiyon ve Oyunculuk b\u00f6l\u00fcm\u00fcnden mezun olmu\u015ftur.1999&#8217;da\u00a0Best Model of Turkey\u00a0yar\u0131\u015fmas\u0131nda\u00a0Best Fotomodel\u00a0se\u00e7ilmi\u015ftir. Bir \u0130stanbul Masal\u0131, Kanl\u0131 D\u00fc\u011f\u00fcn, Emret Komutan\u0131m, Annem, M\u00fckemmel \u00c7ift ve Behzat \u00c7 gibi dizilerde rol alm\u0131\u015ft\u0131r.<\/p>\n<p>&nbsp;<\/p>\n<p><strong>Funda Eryi\u011fit<\/strong><\/p>\n<p><img decoding=\"async\" src=\"http:\/\/www.fragman-tv.com\/photo\/haber\/fundaeryigitgeceninkralicesi.jpg\" alt=\"funda eryi\u011fit gecenin krali\u00e7esi\" \/><\/p>\n<p>1 Mart 1984 Hollanda do\u011fumlu yetenekli oyuncu \u0130stanbul Devlet Konservatuar\u0131 b\u00f6l\u00fcm\u00fcnden mezun olmu\u015ftur. Can\u0131m Ailem, \u0130stanbul Alt\u0131nlar\u0131, U\u00e7urum, Eski Hikaye ve Karaday\u0131 gibi dizilerde rol alm\u0131\u015ft\u0131r.<\/p>\n<p>&nbsp;<\/p>\n<p><strong>Selim Bayraktar:<\/strong><\/p>\n<p><img decoding=\"async\" src=\"http:\/\/www.fragman-tv.com\/photo\/haber\/selimbayraktar.jpeg\" alt=\"selim bayraktar gecenin krali\u00e7esi\" \/><\/p>\n<p>28 Nisan 1975 Ankara do\u011fumlu yetenekli oyuncunun Derya Ta\u015fba\u015f\u0131 ile 2014&#8217;ten itibaren evlili\u011fi bulunmaktad\u0131r. Ba\u015fkent \u00dcniversitesi Radio Sinema Televizyon b\u00f6l\u00fcm\u00fcnden mezun olmu\u015ftur. Muhte\u015fem Y\u00fczy\u0131l dizisinde rol oynam\u0131\u015ft\u0131r.<\/p>\n<p>Hen\u00fcz cast \u00e7al\u0131\u015fmalar\u0131 netle\u015fmedi\u011finden oyuncularda de\u011fi\u015fiklikler olabilir.<\/p>\n<p>Sayg\u0131lar ve sevgiler.<\/p>\n<p>Abdurrahman Balc\u0131lar<\/p>\n<p>Twitter: abdurrahman balc\u0131lar@abbalcilar<\/p>\n<p>Mail : <a href=\"mailto:ab.balcilar@hotmail.com\">ab.balcilar@hotmail.com<\/a><\/p>\n<p>Blog:\u00a0<a href=\"http:\/\/t.co\/znqmIZgIqn\">blog.milliyet.com.tr\/cansever<\/a><\/p>\n<p>Blog:\u00a0<strong>balcilar<\/strong>&#8211;<strong>blog.com<\/strong><\/p>\n<p>&nbsp;<\/p>\n<p>Not: Haber ve G\u00f6rseller Fragman Tv.com&#8217;dan ve internetten al\u0131nm\u0131\u015ft\u0131r.<\/p>\n","protected":false},"excerpt":{"rendered":"<p>Meryem \u00dczerli&#8216;nin yeni dizisi Gecenin Krali\u00e7esi yak\u0131nda star tv ekranlar\u0131nda ba\u015fl\u0131yor. Tan\u0131t\u0131m\u0131 bu gece en \u00e7ok izlenen Kiral\u0131k A\u015fk dizisi reklam aral\u0131\u011f\u0131nda Star Tv ekranlar\u0131nda d\u00f6nmeye ba\u015flad\u0131. Merakla beklenen yeni dizisinin ba\u015f rol\u00fcnde Meryem \u00dczerli rol alacak. O3 Medya&#8216;n\u0131n yap\u0131mc\u0131l\u0131\u011f\u0131n\u0131 yapt\u0131\u011f\u0131 dizinin senaryosunu ise Ozan Aksungur ve C\u00fcneyt Aysan yaz\u0131yor. Ba\u015f rollerinde\u00a0Meryem Uzerli, Murat Y\u0131ld\u0131r\u0131m [&hellip;]<\/p>\n","protected":false},"author":3,"featured_media":0,"comment_status":"open","ping_status":"open","sticky":false,"template":"","format":"standard","meta":{"footnotes":""},"categories":[2],"tags":[897,896,496,895,25],"class_list":["post-11597","post","type-post","status-publish","format-standard","hentry","category-tv-programlari","tag-03-medya","tag-gecenin-kralicesi","tag-meryem-uzerli","tag-murat-yildirim","tag-star-tv"],"views":5015,"blog_post_layout_featured_media_urls":{"thumbnail":"","full":""},"categories_names":{"2":{"name":"TV Programlar\u0131","link":"https:\/\/balcilar-blog.com\/?cat=2"}},"tags_names":{"897":{"name":"03 Medya","link":"https:\/\/balcilar-blog.com\/?tag=03-medya"},"896":{"name":"Gecenin Krali\u00e7esi","link":"https:\/\/balcilar-blog.com\/?tag=gecenin-kralicesi"},"496":{"name":"meryem Uzerli","link":"https:\/\/balcilar-blog.com\/?tag=meryem-uzerli"},"895":{"name":"Murat Y\u0131ld\u0131r\u0131m","link":"https:\/\/balcilar-blog.com\/?tag=murat-yildirim"},"25":{"name":"Star Tv","link":"https:\/\/balcilar-blog.com\/?tag=star-tv"}},"comments_number":"0","wpmagazine_modules_lite_featured_media_urls":{"thumbnail":"","cvmm-medium":"","cvmm-medium-plus":"","cvmm-portrait":"","cvmm-medium-square":"","cvmm-large":"","cvmm-small":"","full":""},"_links":{"self":[{"href":"https:\/\/balcilar-blog.com\/index.php?rest_route=\/wp\/v2\/posts\/11597","targetHints":{"allow":["GET"]}}],"collection":[{"href":"https:\/\/balcilar-blog.com\/index.php?rest_route=\/wp\/v2\/posts"}],"about":[{"href":"https:\/\/balcilar-blog.com\/index.php?rest_route=\/wp\/v2\/types\/post"}],"author":[{"embeddable":true,"href":"https:\/\/balcilar-blog.com\/index.php?rest_route=\/wp\/v2\/users\/3"}],"replies":[{"embeddable":true,"href":"https:\/\/balcilar-blog.com\/index.php?rest_route=%2Fwp%2Fv2%2Fcomments&post=11597"}],"version-history":[{"count":4,"href":"https:\/\/balcilar-blog.com\/index.php?rest_route=\/wp\/v2\/posts\/11597\/revisions"}],"predecessor-version":[{"id":11604,"href":"https:\/\/balcilar-blog.com\/index.php?rest_route=\/wp\/v2\/posts\/11597\/revisions\/11604"}],"wp:attachment":[{"href":"https:\/\/balcilar-blog.com\/index.php?rest_route=%2Fwp%2Fv2%2Fmedia&parent=11597"}],"wp:term":[{"taxonomy":"category","embeddable":true,"href":"https:\/\/balcilar-blog.com\/index.php?rest_route=%2Fwp%2Fv2%2Fcategories&post=11597"},{"taxonomy":"post_tag","embeddable":true,"href":"https:\/\/balcilar-blog.com\/index.php?rest_route=%2Fwp%2Fv2%2Ftags&post=11597"}],"curies":[{"name":"wp","href":"https:\/\/api.w.org\/{rel}","templated":true}]}}