{"id":11592,"date":"2015-11-20T21:29:27","date_gmt":"2015-11-20T19:29:27","guid":{"rendered":"http:\/\/balcilar-blog.com\/?p=11592"},"modified":"2015-11-21T21:15:01","modified_gmt":"2015-11-21T19:15:01","slug":"cagatay-ulusoy-tam-4-yil-once-yurtdisi-egitimlerini-planlamis","status":"publish","type":"post","link":"https:\/\/balcilar-blog.com\/?p=11592","title":{"rendered":"\u00c7a\u011fatay Ulusoy tam 4 y\u0131l \u00f6nce yurtd\u0131\u015f\u0131 e\u011fitimlerini planlam\u0131\u015f!"},"content":{"rendered":"<p><a href=\"http:\/\/balcilar-blog.com\/wp-content\/uploads\/2015\/11\/Ekran-Al\u0131nt\u0131s\u0131cu-r.2.png\"><img loading=\"lazy\" decoding=\"async\" class=\"alignnone size-full wp-image-11594\" src=\"http:\/\/balcilar-blog.com\/wp-content\/uploads\/2015\/11\/Ekran-Al\u0131nt\u0131s\u0131cu-r.2.png\" alt=\"Ekran Al\u0131nt\u0131s\u0131cu-r.2\" width=\"800\" height=\"491\" srcset=\"https:\/\/balcilar-blog.com\/wp-content\/uploads\/2015\/11\/Ekran-Al\u0131nt\u0131s\u0131cu-r.2.png 800w, https:\/\/balcilar-blog.com\/wp-content\/uploads\/2015\/11\/Ekran-Al\u0131nt\u0131s\u0131cu-r.2-300x184.png 300w\" sizes=\"auto, (max-width: 800px) 100vw, 800px\" \/><\/a><\/p>\n<p><span style=\"color: #ff0000;\"><strong>\u00c7a\u011fatay Ulusoy<\/strong><\/span> neredeyse 2,5 ayd\u0131r yurt d\u0131\u015f\u0131nda, <span style=\"color: #0000ff;\"><strong>Amerika Los Angeles<\/strong><\/span>&#8216;te e\u011fitim yap\u0131yor. Uzun zamand\u0131r kendisinden haber al\u0131nm\u0131yor. Ancak Los Angeles&#8217;te <strong>Work Shop<\/strong>&#8216;larda <strong>oyunculuk e\u011fitimi<\/strong> ald\u0131\u011f\u0131n\u0131 biliyoruz.<\/p>\n<p><strong>\u00c7a\u011fatay Ulusoy<\/strong>&#8216;un k\u0131sa s\u00fcreli de olsa bu t\u00fcr e\u011fitimleri bundan tam d\u00f6rt y\u0131l \u00f6nce planlad\u0131\u011f\u0131n\u0131 biliyor musunuz?<\/p>\n<p>Bu g\u00fcn elime <strong>26 Kas\u0131m 2011<\/strong> tarihinde Show Tv&#8217;de yap\u0131lan bir r\u00f6portaj\u0131 ge\u00e7ti. Seyrettim, tesad\u00fcfe bak\u0131n ki, o g\u00fcnk\u00fc r\u00f6portaj\u0131nda, yurt d\u0131\u015f\u0131na \u00e7\u0131kmay\u0131 4 sene sonra d\u00fc\u015f\u00fcnd\u00fc\u011f\u00fcn\u00fc s\u00f6yl\u00fcyordu.<\/p>\n<p>Bak\u0131n \u00c7a\u011fatay bu r\u00f6portaj\u0131nda neler s\u00f6yl\u00fcyor.<\/p>\n<p><span style=\"color: #0000ff;\"><strong>Muhabir<\/strong><\/span>: Y\u0131l\u0131n fenomeni se\u00e7ilen \u00c7a\u011fatay&#8217;a; Hangi \u00f6d\u00fclleri almak istedi\u011fini, hedeflerinin neler oldu\u011funu sorar?<\/p>\n<p><span style=\"color: #ff0000;\"><strong>\u00c7a\u011fatay<\/strong><\/span> : <strong>G\u00fclerek Oscar diyerek cevap verir ve ekler, yani tabii hayal! G\u00f6r\u00fcyorum arada bir r\u00fcyalar\u0131mda falan da yani&#8230;<\/strong><\/p>\n<p><span style=\"color: #0000ff;\"><strong>Muhabir<\/strong><\/span>: Oscar alabilmek i\u00e7in yurt d\u0131\u015f\u0131na a\u00e7\u0131lman laz\u0131m \u00c7a\u011fatay. Var m\u0131 b\u00f6yle bir projen?<\/p>\n<p><span style=\"color: #ff0000;\"><strong>\u00c7a\u011fatay<\/strong> <\/span>: <strong>Yurt d\u0131\u015f\u0131na bir d\u00f6rt sene sonra falan \u00e7\u0131kmay\u0131 d\u00fc\u015f\u00fcn\u00fcyorum. Planlar\u0131m var, bir tak\u0131m i\u015flemleri tamamlad\u0131ktan sonra, e\u011fitimlerimi tamamlad\u0131ktan sonra, gidip o tarafta da bir, farkl\u0131 k\u00fclt\u00fcrler, farkl\u0131 vizyonlar ad\u0131na, orada da bir kendimi geli\u015ftirmek istiyorum.<\/strong><\/p>\n<p><a href=\"http:\/\/balcilar-blog.com\/wp-content\/uploads\/2015\/11\/Ekran-Al\u0131nt\u0131s\u0131cu-r.1.png\"><img loading=\"lazy\" decoding=\"async\" class=\"alignnone size-full wp-image-11595\" src=\"http:\/\/balcilar-blog.com\/wp-content\/uploads\/2015\/11\/Ekran-Al\u0131nt\u0131s\u0131cu-r.1.png\" alt=\"Ekran Al\u0131nt\u0131s\u0131cu- r.1\" width=\"800\" height=\"495\" srcset=\"https:\/\/balcilar-blog.com\/wp-content\/uploads\/2015\/11\/Ekran-Al\u0131nt\u0131s\u0131cu-r.1.png 800w, https:\/\/balcilar-blog.com\/wp-content\/uploads\/2015\/11\/Ekran-Al\u0131nt\u0131s\u0131cu-r.1-300x186.png 300w\" sizes=\"auto, (max-width: 800px) 100vw, 800px\" \/><\/a><\/p>\n<p>\u0130\u015fte sevgili okuyucular\u0131m; \u00c7a\u011fatay Ulusoy, bundan tam 4 y\u0131l \u00f6nce 26 Kas\u0131m 2011 y\u0131l\u0131nda, bu r\u00f6portaj\u0131 verdi\u011finde kafas\u0131nda varm\u0131\u015f. Tam \u015fimdi de 3 ayl\u0131k k\u0131sa bir s\u00fcre de olsa o oyunculuk e\u011fitimini al\u0131yor. <span style=\"color: #0000ff;\"><strong>25 Aral\u0131k<\/strong><\/span>&#8216;dan \u00f6nce, <span style=\"color: #0000ff;\">DEL\u0130BAL<\/span>&#8216;\u0131n a\u00e7\u0131l\u0131\u015f gala gecesine kat\u0131lmak i\u00e7in \u00fclkemize gelecektir.<\/p>\n<p>\u015eayet Ocak ay\u0131nda yeni bir diziye ba\u015flamazsa, belki de tahmin ederim bu e\u011fitim 2016&#8217;n\u0131n ilk 6 ayl\u0131k devresinde de devam edebilir. Bu durumda \u00c7a\u011fatay&#8217;\u0131 Eyl\u00fcl 2016 yeni sezonda, bomba gibi bir dizi ile sevenlerinin kar\u015f\u0131s\u0131na \u00e7\u0131kacakt\u0131r.<\/p>\n<p>\u00c7a\u011fatay Ulusoy&#8217;u bundan tam 4 y\u0131l \u00f6nce d\u00fc\u015f\u00fcn\u00fcp, planlad\u0131\u011f\u0131 bu e\u011fitim i\u00e7in tebrik ederim. Dilerim bu e\u011fitimler onu arzulad\u0131\u011f\u0131 Oscar \u00f6d\u00fcl\u00fcne sahip olmas\u0131na yard\u0131mc\u0131 olacakt\u0131r. Zira onda bu h\u0131rs\u0131n oldu\u011funu g\u00f6r\u00fcyorum.<\/p>\n<p>&nbsp;<\/p>\n<p><strong>A\u015fa\u011f\u0131da 4 y\u0131l \u00f6nce Show Tv&#8217;e yapt\u0131\u011f\u0131 r\u00f6portaj\u0131, t\u0131kla seyret.<\/strong><\/p>\n<p>&nbsp;<\/p>\n<p>Sayg\u0131lar ve sevgiler.<\/p>\n<p>Abdurrahman Balc\u0131lar<\/p>\n<p>Twitter: abdurrahman balc\u0131lar@abbalcilar<\/p>\n<p>Mail : <a href=\"mailto:ab.balcilar@hotmail.com\">ab.balcilar@hotmail.com<\/a><\/p>\n<p>Blog:\u00a0<a href=\"http:\/\/t.co\/znqmIZgIqn\">blog.milliyet.com.tr\/cansever<\/a><\/p>\n<p>Blog:\u00a0<strong>balcilar<\/strong>&#8211;<strong>blog.com<\/strong><\/p>\n<p>&nbsp;<\/p>\n<p>&nbsp;<\/p>\n<div style=\"width: 480px;\" class=\"wp-video\"><video class=\"wp-video-shortcode\" id=\"video-11592-1\" width=\"480\" height=\"360\" preload=\"metadata\" controls=\"controls\"><source type=\"video\/mp4\" src=\"http:\/\/balcilar-blog.com\/wp-content\/uploads\/2015\/11\/CU-R\u00f6portaj\u0131Cumartesi-S\u00fcrprizi-26.11.2011.mp4?_=1\" \/><a href=\"http:\/\/balcilar-blog.com\/wp-content\/uploads\/2015\/11\/CU-R\u00f6portaj\u0131Cumartesi-S\u00fcrprizi-26.11.2011.mp4\">http:\/\/balcilar-blog.com\/wp-content\/uploads\/2015\/11\/CU-R\u00f6portaj\u0131Cumartesi-S\u00fcrprizi-26.11.2011.mp4<\/a><\/video><\/div>\n","protected":false},"excerpt":{"rendered":"<p>\u00c7a\u011fatay Ulusoy neredeyse 2,5 ayd\u0131r yurt d\u0131\u015f\u0131nda, Amerika Los Angeles&#8216;te e\u011fitim yap\u0131yor. Uzun zamand\u0131r kendisinden haber al\u0131nm\u0131yor. Ancak Los Angeles&#8217;te Work Shop&#8216;larda oyunculuk e\u011fitimi ald\u0131\u011f\u0131n\u0131 biliyoruz. \u00c7a\u011fatay Ulusoy&#8216;un k\u0131sa s\u00fcreli de olsa bu t\u00fcr e\u011fitimleri bundan tam d\u00f6rt y\u0131l \u00f6nce planlad\u0131\u011f\u0131n\u0131 biliyor musunuz? Bu g\u00fcn elime 26 Kas\u0131m 2011 tarihinde Show Tv&#8217;de yap\u0131lan bir r\u00f6portaj\u0131 [&hellip;]<\/p>\n","protected":false},"author":3,"featured_media":0,"comment_status":"open","ping_status":"open","sticky":false,"template":"","format":"standard","meta":{"footnotes":""},"categories":[7],"tags":[893,892,15,752,835,894],"class_list":["post-11592","post","type-post","status-publish","format-standard","hentry","category-magazin","tag-25-aralik","tag-amerika","tag-cagatay-ulusoy","tag-delibal","tag-los-angeles","tag-oscar"],"views":5146,"blog_post_layout_featured_media_urls":{"thumbnail":"","full":""},"categories_names":{"7":{"name":"Magazin","link":"https:\/\/balcilar-blog.com\/?cat=7"}},"tags_names":{"893":{"name":"25 Aral\u0131k","link":"https:\/\/balcilar-blog.com\/?tag=25-aralik"},"892":{"name":"Amerika","link":"https:\/\/balcilar-blog.com\/?tag=amerika"},"15":{"name":"\u00e7a\u011fatay ulusoy","link":"https:\/\/balcilar-blog.com\/?tag=cagatay-ulusoy"},"752":{"name":"Delibal","link":"https:\/\/balcilar-blog.com\/?tag=delibal"},"835":{"name":"Los Angeles","link":"https:\/\/balcilar-blog.com\/?tag=los-angeles"},"894":{"name":"Oscar","link":"https:\/\/balcilar-blog.com\/?tag=oscar"}},"comments_number":"1","wpmagazine_modules_lite_featured_media_urls":{"thumbnail":"","cvmm-medium":"","cvmm-medium-plus":"","cvmm-portrait":"","cvmm-medium-square":"","cvmm-large":"","cvmm-small":"","full":""},"_links":{"self":[{"href":"https:\/\/balcilar-blog.com\/index.php?rest_route=\/wp\/v2\/posts\/11592","targetHints":{"allow":["GET"]}}],"collection":[{"href":"https:\/\/balcilar-blog.com\/index.php?rest_route=\/wp\/v2\/posts"}],"about":[{"href":"https:\/\/balcilar-blog.com\/index.php?rest_route=\/wp\/v2\/types\/post"}],"author":[{"embeddable":true,"href":"https:\/\/balcilar-blog.com\/index.php?rest_route=\/wp\/v2\/users\/3"}],"replies":[{"embeddable":true,"href":"https:\/\/balcilar-blog.com\/index.php?rest_route=%2Fwp%2Fv2%2Fcomments&post=11592"}],"version-history":[{"count":4,"href":"https:\/\/balcilar-blog.com\/index.php?rest_route=\/wp\/v2\/posts\/11592\/revisions"}],"predecessor-version":[{"id":11608,"href":"https:\/\/balcilar-blog.com\/index.php?rest_route=\/wp\/v2\/posts\/11592\/revisions\/11608"}],"wp:attachment":[{"href":"https:\/\/balcilar-blog.com\/index.php?rest_route=%2Fwp%2Fv2%2Fmedia&parent=11592"}],"wp:term":[{"taxonomy":"category","embeddable":true,"href":"https:\/\/balcilar-blog.com\/index.php?rest_route=%2Fwp%2Fv2%2Fcategories&post=11592"},{"taxonomy":"post_tag","embeddable":true,"href":"https:\/\/balcilar-blog.com\/index.php?rest_route=%2Fwp%2Fv2%2Ftags&post=11592"}],"curies":[{"name":"wp","href":"https:\/\/api.w.org\/{rel}","templated":true}]}}