{"id":11584,"date":"2015-11-20T15:16:53","date_gmt":"2015-11-20T13:16:53","guid":{"rendered":"http:\/\/balcilar-blog.com\/?p=11584"},"modified":"2015-11-20T15:33:19","modified_gmt":"2015-11-20T13:33:19","slug":"muhtesem-yuzyil-kosem-sultan-umdugum-gibi-gitmiyor","status":"publish","type":"post","link":"https:\/\/balcilar-blog.com\/?p=11584","title":{"rendered":"Muhte\u015fem Y\u00fczy\u0131l K\u00f6sem Sultan umdu\u011fum gibi gitmiyor!"},"content":{"rendered":"<p><a href=\"http:\/\/balcilar-blog.com\/wp-content\/uploads\/2015\/11\/564ee7fe0f254460b0ee8dd9.jpg\"><img loading=\"lazy\" decoding=\"async\" class=\"alignnone size-full wp-image-11586\" src=\"http:\/\/balcilar-blog.com\/wp-content\/uploads\/2015\/11\/564ee7fe0f254460b0ee8dd9.jpg\" alt=\"564ee7fe0f254460b0ee8dd9\" width=\"640\" height=\"368\" srcset=\"https:\/\/balcilar-blog.com\/wp-content\/uploads\/2015\/11\/564ee7fe0f254460b0ee8dd9.jpg 640w, https:\/\/balcilar-blog.com\/wp-content\/uploads\/2015\/11\/564ee7fe0f254460b0ee8dd9-300x173.jpg 300w\" sizes=\"auto, (max-width: 640px) 100vw, 640px\" \/><\/a><\/p>\n<p>D\u00fcn ak\u015fam &#8220;Muhte\u015fem Y\u00fczy\u0131l K\u00f6sem Sultan&#8217;\u0131n 2.b\u00f6l\u00fcm\u00fc ekranlar\u0131m\u0131za geldi. \u0130lk b\u00f6l\u00fcm\u00fc seyretmi\u015f daha tutarl\u0131 bulmu\u015ftum. 2.B\u00f6l\u00fcmde umdu\u011fumu bulamad\u0131m. B\u00f6l\u00fcm&#8217;\u00fcn finalinde \u015eahzade Mustafa&#8217;\u0131n idam sahneleri izleyicinin i\u00e7ini kavurdu. Ancak ben bu sahnelerin gere\u011finden uzun, sadece reyting almak i\u00e7in yap\u0131ld\u0131\u011f\u0131n\u0131 d\u00fc\u015f\u00fcn\u00fcyorum. Sa\u011f\u0131r ve dilsiz cellatlar\u0131n ellerindeki bo\u011fma iplerini dakikalarca seyrettik nedense. Bu da i\u015fe ayr\u0131 bir heyecan katmak i\u00e7in olsa gerek.<\/p>\n<p>Ba\u015f rollerini Ekin Ko\u00e7, Anastasia Tsilimpiou ve H\u00fclya Af\u015far&#8217;\u0131n oynad\u0131\u011f\u0131 dizi K\u00f6sem Sultan&#8217;a bas\u0131nda yap\u0131lan bir tak\u0131m ele\u015ftireler g\u00f6zden ka\u00e7m\u0131yor.<\/p>\n<p>Radikal&#8217;de yer alan bir habere g\u00f6re; Sultan 2.Abd\u00fclhamid&#8217;in torunu Abd\u00fclhamid Kay\u0131han Osmano\u011flu, K\u00f6sem Sultan dizisi ile ilgili bir a\u00e7\u0131klama yapm\u0131\u015ft\u0131r. &#8220;Bizim dedelerimiz, 700 y\u0131l boyunca d\u00fcnyaya h\u00fckmetmi\u015f ama kalk\u0131p maalesef &#8216;muhte\u015fem rezalet&#8217; gibi filmler yay\u0131nlan\u0131yor. Mesela &#8216;K\u00f6sem Sultan&#8217; dizisinde kullan\u0131lan \u00fcslup, Osmanl\u0131 geleneklerini a\u015fan bir tav\u0131r sergilemektedir. Osmanl\u0131&#8217;ya kar\u015f\u0131 beslenen milli ve manevi duygular\u0131 zedeliyor.\u00a0Biz de elimizden geldi\u011fi kadar, bizim babaannelerimize ve dedelerimize hakaret eden dizilere\u00a0davalar\u0131m\u0131z\u0131 a\u00e7aca\u011f\u0131z.&#8221;<\/p>\n<p>Ge\u00e7ti\u011fimiz g\u00fcnlerde Meydan Gazetesinde \u00e7\u0131kan bir haberde;\u00a0Osmanl\u0131 Ocaklar\u0131 Genel Ba\u015fkan\u0131 Kadir Canpolat, &#8220;Osmanl\u0131 saray hayat\u0131na y\u00f6nelik tarihi hatalarla bizi \u00e7\u0131ld\u0131rtt\u0131&#8221; derken &#8220;Muhte\u015fem Y\u00fczy\u0131l K\u00f6sem, Osmanl\u0131 Medeniyetiyle resmen alay etmektedir. Bu diziyi yapanlar\u0131,\u00a0g\u00f6z yumanlar\u0131 Osmanl\u0131 Ocaklar\u0131 k\u00fclt\u00fcrel ve sanat alanlar\u0131nda affetmeyecektir&#8221;\u00a0diye konu\u015fmu\u015ftur.<\/p>\n<p>H\u00fclya Af\u015far ile ilgili ele\u015ftirilerin de ard\u0131 arkas\u0131 kesilmiyor. Af\u015far&#8217;\u0131n Safiye Sultan olarak rol\u00fc ya\u015famad\u0131\u011f\u0131, d\u00fcz bir ses tonu ile adeta ka\u011f\u0131ttan okudu\u011fu hissi verdi\u011fi s\u00f6yleniyor. Ben kendi ad\u0131ma, dizinin ilerleyen b\u00f6l\u00fcmlerde rol\u00fcn\u00fc iyice benimseyip, performans\u0131n\u0131n artaca\u011f\u0131n\u0131 inan\u0131yorum.<\/p>\n<p><a href=\"http:\/\/balcilar-blog.com\/wp-content\/uploads\/2015\/11\/muhtesem-yuzyil-kosem-2-bolum.jpg\"><img loading=\"lazy\" decoding=\"async\" class=\"alignnone size-full wp-image-11585\" src=\"http:\/\/balcilar-blog.com\/wp-content\/uploads\/2015\/11\/muhtesem-yuzyil-kosem-2-bolum.jpg\" alt=\"muhtesem-yuzyil-kosem-2-bolum\" width=\"640\" height=\"339\" srcset=\"https:\/\/balcilar-blog.com\/wp-content\/uploads\/2015\/11\/muhtesem-yuzyil-kosem-2-bolum.jpg 640w, https:\/\/balcilar-blog.com\/wp-content\/uploads\/2015\/11\/muhtesem-yuzyil-kosem-2-bolum-300x159.jpg 300w\" sizes=\"auto, (max-width: 640px) 100vw, 640px\" \/><\/a><\/p>\n<p>Benim dikkatimi \u00e7eken ba\u015fka bir konu, bir padi\u015fah i\u00e7in saraya getirilen, onunla has odaya girmi\u015f bir g\u00f6zdenin nas\u0131l oluyor da zindanlara at\u0131l\u0131yor, hi\u00e7 mi padi\u015fah korkusu yok.<\/p>\n<p>K\u00f6sem Sultan&#8217;a Beren Saat yan\u0131lm\u0131yorsam 9.b\u00f6l\u00fcmde kat\u0131lacak. O g\u00fcne kadar nas\u0131l gidece\u011fini merak ediyorum. Beran Saat&#8217;in kat\u0131lmas\u0131yla dizinin ivme kazanaca\u011f\u0131n\u0131 tahmin ediyorum. Ansatasia&#8217;n\u0131n yar\u0131m yamalak, zor anla\u015f\u0131l\u0131r T\u00fcrk\u00e7e konu\u015fmalar\u0131 ile, bana Muhte\u015fem Y\u00fczy\u0131l&#8217;daki Meryem Uzerli&#8217;yi an\u0131msat\u0131yor.<\/p>\n<p><a href=\"http:\/\/balcilar-blog.com\/wp-content\/uploads\/2015\/11\/177004-anastasia.jpg\"><img loading=\"lazy\" decoding=\"async\" class=\"alignnone size-full wp-image-11587\" src=\"http:\/\/balcilar-blog.com\/wp-content\/uploads\/2015\/11\/177004-anastasia.jpg\" alt=\"177004 anastasia\" width=\"640\" height=\"480\" srcset=\"https:\/\/balcilar-blog.com\/wp-content\/uploads\/2015\/11\/177004-anastasia.jpg 640w, https:\/\/balcilar-blog.com\/wp-content\/uploads\/2015\/11\/177004-anastasia-300x225.jpg 300w\" sizes=\"auto, (max-width: 640px) 100vw, 640px\" \/><\/a><\/p>\n<p>D\u00fcn ak\u015famki reytinglerini g\u00f6z atarsak Total&#8217;de pek ba\u015far\u0131l\u0131 olmad\u0131\u011f\u0131, 4,76 reyting ile 7.s\u0131rada yer ald\u0131\u011f\u0131n\u0131 g\u00f6r\u00fcyoruz. Buna kar\u015f\u0131l\u0131k, AB&#8217;de 7,63 reyting puan\u0131 ile ilk s\u0131rada yer alm\u0131\u015ft\u0131r.<\/p>\n<p>B\u00fct\u00fcn herkeste oldu\u011fu gibi benim K\u00f6sem Sultan&#8217;da beklentim \u00e7ok fazlayd\u0131. 2.b\u00f6l\u00fcm\u00fc seyrettikten sonra pek de umdu\u011fum gibi gitmedi\u011fini g\u00f6rd\u00fcm.<\/p>\n<p>S\u00f6yledi\u011fim gibi Beren Saat sayesinde dizi daha da seyredilir olacakt\u0131r. Tarihi ger\u00e7eklerden sapmamak, daha inand\u0131r\u0131c\u0131 olmak kayd\u0131 ile.<\/p>\n<p>\u0130yi Seyirler.<\/p>\n<p>&nbsp;<\/p>\n<p>Sayg\u0131lar ve sevgiler.<\/p>\n<p>Abdurrahman Balc\u0131lar<\/p>\n<p>Twitter: abdurrahman balc\u0131lar@abbalcilar<\/p>\n<p>Mail : <a href=\"mailto:ab.balcilar@hotmail.com\">ab.balcilar@hotmail.com<\/a><\/p>\n<p>Blog:\u00a0<a href=\"http:\/\/t.co\/znqmIZgIqn\">blog.milliyet.com.tr\/cansever<\/a><\/p>\n<p>Blog:\u00a0<strong>balcilar<\/strong>&#8211;<strong>blog.com<\/strong><\/p>\n<p>&nbsp;<\/p>\n<p>&nbsp;<\/p>\n<p>&nbsp;<\/p>\n","protected":false},"excerpt":{"rendered":"<p>D\u00fcn ak\u015fam &#8220;Muhte\u015fem Y\u00fczy\u0131l K\u00f6sem Sultan&#8217;\u0131n 2.b\u00f6l\u00fcm\u00fc ekranlar\u0131m\u0131za geldi. \u0130lk b\u00f6l\u00fcm\u00fc seyretmi\u015f daha tutarl\u0131 bulmu\u015ftum. 2.B\u00f6l\u00fcmde umdu\u011fumu bulamad\u0131m. B\u00f6l\u00fcm&#8217;\u00fcn finalinde \u015eahzade Mustafa&#8217;\u0131n idam sahneleri izleyicinin i\u00e7ini kavurdu. Ancak ben bu sahnelerin gere\u011finden uzun, sadece reyting almak i\u00e7in yap\u0131ld\u0131\u011f\u0131n\u0131 d\u00fc\u015f\u00fcn\u00fcyorum. Sa\u011f\u0131r ve dilsiz cellatlar\u0131n ellerindeki bo\u011fma iplerini dakikalarca seyrettik nedense. Bu da i\u015fe ayr\u0131 bir heyecan [&hellip;]<\/p>\n","protected":false},"author":3,"featured_media":0,"comment_status":"open","ping_status":"open","sticky":false,"template":"","format":"standard","meta":{"footnotes":""},"categories":[2],"tags":[891,665,881,776,880],"class_list":["post-11584","post","type-post","status-publish","format-standard","hentry","category-tv-programlari","tag-anastasia-tsilimpion","tag-beren-saat","tag-ekin-koc","tag-hulya-afsar","tag-muhtesem-yuzyil-kosem-sultan"],"views":3082,"blog_post_layout_featured_media_urls":{"thumbnail":"","full":""},"categories_names":{"2":{"name":"TV Programlar\u0131","link":"https:\/\/balcilar-blog.com\/?cat=2"}},"tags_names":{"891":{"name":"Anastasia Tsilimpion","link":"https:\/\/balcilar-blog.com\/?tag=anastasia-tsilimpion"},"665":{"name":"Beren Saat","link":"https:\/\/balcilar-blog.com\/?tag=beren-saat"},"881":{"name":"Ekin Ko\u00e7","link":"https:\/\/balcilar-blog.com\/?tag=ekin-koc"},"776":{"name":"H\u00fclya Af\u015far","link":"https:\/\/balcilar-blog.com\/?tag=hulya-afsar"},"880":{"name":"Muhte\u015fem Y\u00fczy\u0131l K\u00f6sem Sultan","link":"https:\/\/balcilar-blog.com\/?tag=muhtesem-yuzyil-kosem-sultan"}},"comments_number":"0","wpmagazine_modules_lite_featured_media_urls":{"thumbnail":"","cvmm-medium":"","cvmm-medium-plus":"","cvmm-portrait":"","cvmm-medium-square":"","cvmm-large":"","cvmm-small":"","full":""},"_links":{"self":[{"href":"https:\/\/balcilar-blog.com\/index.php?rest_route=\/wp\/v2\/posts\/11584","targetHints":{"allow":["GET"]}}],"collection":[{"href":"https:\/\/balcilar-blog.com\/index.php?rest_route=\/wp\/v2\/posts"}],"about":[{"href":"https:\/\/balcilar-blog.com\/index.php?rest_route=\/wp\/v2\/types\/post"}],"author":[{"embeddable":true,"href":"https:\/\/balcilar-blog.com\/index.php?rest_route=\/wp\/v2\/users\/3"}],"replies":[{"embeddable":true,"href":"https:\/\/balcilar-blog.com\/index.php?rest_route=%2Fwp%2Fv2%2Fcomments&post=11584"}],"version-history":[{"count":4,"href":"https:\/\/balcilar-blog.com\/index.php?rest_route=\/wp\/v2\/posts\/11584\/revisions"}],"predecessor-version":[{"id":11591,"href":"https:\/\/balcilar-blog.com\/index.php?rest_route=\/wp\/v2\/posts\/11584\/revisions\/11591"}],"wp:attachment":[{"href":"https:\/\/balcilar-blog.com\/index.php?rest_route=%2Fwp%2Fv2%2Fmedia&parent=11584"}],"wp:term":[{"taxonomy":"category","embeddable":true,"href":"https:\/\/balcilar-blog.com\/index.php?rest_route=%2Fwp%2Fv2%2Fcategories&post=11584"},{"taxonomy":"post_tag","embeddable":true,"href":"https:\/\/balcilar-blog.com\/index.php?rest_route=%2Fwp%2Fv2%2Ftags&post=11584"}],"curies":[{"name":"wp","href":"https:\/\/api.w.org\/{rel}","templated":true}]}}