{"id":11520,"date":"2015-11-17T13:18:34","date_gmt":"2015-11-17T11:18:34","guid":{"rendered":"http:\/\/balcilar-blog.com\/?p=11520"},"modified":"2015-11-23T17:16:57","modified_gmt":"2015-11-23T15:16:57","slug":"cagatay-ulusoyun-6-yil-once-oynadigi-curetkar-klipler-hakkinda","status":"publish","type":"post","link":"https:\/\/balcilar-blog.com\/?p=11520","title":{"rendered":"\u00c7a\u011fatay Ulusoy&#8217;un 6 y\u0131l \u00f6nce oynad\u0131\u011f\u0131 c\u00fcretkar klipler hakk\u0131nda?"},"content":{"rendered":"<p><a href=\"http:\/\/balcilar-blog.com\/wp-content\/uploads\/2015\/11\/CUAT-5LWUAAt-pQ.jpg\"><img loading=\"lazy\" decoding=\"async\" class=\"alignnone size-full wp-image-11526\" src=\"http:\/\/balcilar-blog.com\/wp-content\/uploads\/2015\/11\/CUAT-5LWUAAt-pQ.jpg\" alt=\"CUAT-5LWUAAt-pQ\" width=\"480\" height=\"483\" srcset=\"https:\/\/balcilar-blog.com\/wp-content\/uploads\/2015\/11\/CUAT-5LWUAAt-pQ.jpg 480w, https:\/\/balcilar-blog.com\/wp-content\/uploads\/2015\/11\/CUAT-5LWUAAt-pQ-150x150.jpg 150w, https:\/\/balcilar-blog.com\/wp-content\/uploads\/2015\/11\/CUAT-5LWUAAt-pQ-298x300.jpg 298w\" sizes=\"auto, (max-width: 480px) 100vw, 480px\" \/><\/a><\/p>\n<p>G\u00fcn yok ki <span style=\"color: #ff0000;\"><strong>\u00c7a\u011fatay Ulusoy<\/strong><\/span> ile ilgili bir haber \u00e7\u0131kmas\u0131n, ad\u0131 ge\u00e7mesin magazin sayfalar\u0131nda&#8230; Ulusoy \u015fu s\u0131ralarda 2 ay \u00f6nce gitti\u011fi <span style=\"color: #0000ff;\"><strong>Amerika Los Angeles<\/strong><\/span>&#8216;te oyunculuk e\u011fitimi al\u0131yor. \u0130stanbul gece hayat\u0131nda g\u00f6remedikleri \u00c7a\u011fatay&#8217;\u0131 Los Angles&#8217;te arayacaklar\u0131na, Magazincilerimiz bo\u015f durmam\u0131\u015f bundan 6 y\u0131l \u00f6nce oynad\u0131\u011f\u0131 \u015fark\u0131 kliplerini bulmu\u015flar, \u015fu s\u0131ralarda internetteki haber sitelerinin magazin sayfalar\u0131nda boy boy yer al\u0131yor bu haberler ve resimler.<\/p>\n<p>\u00c7a\u011fatay Ulusoy 2010 y\u0131l\u0131nda Best Model yar\u0131\u015fmas\u0131na girmeden \u00f6nce, i\u00e7inde oyunculuk merak\u0131 varm\u0131\u015f ki, baz\u0131 filmlerde fig\u00fcranl\u0131k yapm\u0131\u015f. Arka Sokaklar dizisinde ve Recep \u0130vedik gibi filmlerde k\u0131sa yevmiyeli olarak \u00e7al\u0131\u015fm\u0131\u015f. Her gencin i\u00e7inde olan merakt\u0131r bu. O y\u0131llarda \u00c7a\u011fatay Ulusoy baz\u0131 kliplerde de rol alm\u0131\u015f. Bu kliplerde \u00f6p\u00fc\u015fme sahneleri gibi cesur sahnelerde g\u00f6r\u00fclmekten ka\u00e7\u0131nmam\u0131\u015f. Gayet do\u011fal sahneler bunlar. \u015eimdi sanki k\u00f6t\u00fc bir i\u015f yapm\u0131\u015f gibi ortaya at\u0131l\u0131yor.<\/p>\n<p>\u00c7a\u011fatay Ulusuy&#8217;un Arka Sokaklar dizisinde fig\u00fcran olarak g\u00f6r\u00fcld\u00fc\u011f\u00fc sahne:<\/p>\n<p><a href=\"http:\/\/balcilar-blog.com\/wp-content\/uploads\/2015\/11\/emir-in-annesi-isyan-etti-cagatay-ulusoy-sac-1345137.jpg\"><img loading=\"lazy\" decoding=\"async\" class=\"alignnone size-full wp-image-11532\" src=\"http:\/\/balcilar-blog.com\/wp-content\/uploads\/2015\/11\/emir-in-annesi-isyan-etti-cagatay-ulusoy-sac-1345137.jpg\" alt=\"emir-in-annesi-isyan-etti-cagatay-ulusoy-sac-1345137\" width=\"640\" height=\"421\" srcset=\"https:\/\/balcilar-blog.com\/wp-content\/uploads\/2015\/11\/emir-in-annesi-isyan-etti-cagatay-ulusoy-sac-1345137.jpg 640w, https:\/\/balcilar-blog.com\/wp-content\/uploads\/2015\/11\/emir-in-annesi-isyan-etti-cagatay-ulusoy-sac-1345137-300x197.jpg 300w\" sizes=\"auto, (max-width: 640px) 100vw, 640px\" \/><\/a><\/p>\n<p>\u00c7a\u011fatay Ulusoy \u015fu s\u0131ralarda ad\u0131ndan s\u0131k\u00e7a bahsedilen \u00fcnl\u00fc oyuncular\u0131m\u0131zdan biri. 2011 &#8211; 2012 y\u0131l\u0131nda Hazal Kaya ile oynad\u0131\u011f\u0131 &#8220;<strong>Ad\u0131n\u0131 Feriha Koydum<\/strong>&#8221; dizisi ile ad\u0131n\u0131 duyurmu\u015f, tan\u0131nm\u0131\u015f, \u00e7ok sevilen fenomen bir oyuncu olmu\u015ftur. Eyl\u00fcl 2013&#8217;de Serenay Sar\u0131kaya ile &#8220;<strong>Medcezir<\/strong>&#8221; dizisinde zirve yapm\u0131\u015f, \u015fimdilerde aran an bir oyuncu olmu\u015ftur. 2011 yaz\u0131nda &#8220;Anadolu Kartallar\u0131&#8221; sinema filminde oynam\u0131\u015f, bu yaz oynad\u0131\u011f\u0131 25 Aral\u0131kta vizyona girecek, &#8220;<span style=\"color: #0000ff;\"><strong>Delibal<\/strong><\/span>&#8221; filmi ile ad\u0131 dillerden d\u00fc\u015fmez olmu\u015ftur.<\/p>\n<p><a href=\"http:\/\/balcilar-blog.com\/wp-content\/uploads\/2015\/11\/5649dbc718c77336f836ea17.jpg\"><img loading=\"lazy\" decoding=\"async\" class=\"alignnone size-full wp-image-11523\" src=\"http:\/\/balcilar-blog.com\/wp-content\/uploads\/2015\/11\/5649dbc718c77336f836ea17.jpg\" alt=\"5649dbc718c77336f836ea17\" width=\"540\" height=\"480\" srcset=\"https:\/\/balcilar-blog.com\/wp-content\/uploads\/2015\/11\/5649dbc718c77336f836ea17.jpg 540w, https:\/\/balcilar-blog.com\/wp-content\/uploads\/2015\/11\/5649dbc718c77336f836ea17-300x267.jpg 300w\" sizes=\"auto, (max-width: 540px) 100vw, 540px\" \/><\/a><\/p>\n<p>Ulusoy&#8217;un oynad\u0131\u011f\u0131 bu klipler,\u00a02009\u2019da Ak\u0131n\u2019\u0131n \u201cOldu mu Yar\u201d, 2010\u2019da \u0130smi Sina &amp; Maro Lytra\u2019n\u0131n \u201cUnut Onu\u201d kliplerinde rol alm\u0131\u015f. \u0130lk klipte sevgilisini aldatan kad\u0131n\u0131n tek gecelik a\u015fk\u0131n\u0131 canland\u0131ran Ulusoy, ikincisinde yatakta oturan \u00fc\u00e7 kad\u0131n\u0131n ba\u015f\u0131nda bekleyen seksi &#8216;Bodyguard\u2019d\u0131 canland\u0131rm\u0131\u015ft\u0131r.<\/p>\n<p><a href=\"http:\/\/balcilar-blog.com\/wp-content\/uploads\/2015\/11\/cgatay_6063.jpg\"><img loading=\"lazy\" decoding=\"async\" class=\"alignnone size-full wp-image-11525\" src=\"http:\/\/balcilar-blog.com\/wp-content\/uploads\/2015\/11\/cgatay_6063.jpg\" alt=\"cgatay_6063\" width=\"640\" height=\"361\" srcset=\"https:\/\/balcilar-blog.com\/wp-content\/uploads\/2015\/11\/cgatay_6063.jpg 640w, https:\/\/balcilar-blog.com\/wp-content\/uploads\/2015\/11\/cgatay_6063-300x169.jpg 300w\" sizes=\"auto, (max-width: 640px) 100vw, 640px\" \/><\/a><\/p>\n<p>Ge\u00e7mi\u015fte de, bu g\u00fcnlerde de \u015fark\u0131 kliplerinde s\u0131k\u00e7a rastlad\u0131\u011f\u0131m\u0131z, g\u00f6rd\u00fc\u011f\u00fcm\u00fcz kliplerden biri bu sahneler. Gayet de do\u011fal. Demek ki o g\u00fcnlerde \u00c7a\u011fatay Ulusoy&#8217;un i\u00e7inde varm\u0131\u015f oyunculuk. Bu h\u0131rs onu bu g\u00fcnlere getirdi demektir.<\/p>\n<p><a href=\"http:\/\/balcilar-blog.com\/wp-content\/uploads\/2015\/11\/CUADqfUWwAAg-zy.jpg\"><img loading=\"lazy\" decoding=\"async\" class=\"alignnone size-full wp-image-11522\" src=\"http:\/\/balcilar-blog.com\/wp-content\/uploads\/2015\/11\/CUADqfUWwAAg-zy.jpg\" alt=\"CUADqfUWwAAg-zy\" width=\"640\" height=\"360\" srcset=\"https:\/\/balcilar-blog.com\/wp-content\/uploads\/2015\/11\/CUADqfUWwAAg-zy.jpg 640w, https:\/\/balcilar-blog.com\/wp-content\/uploads\/2015\/11\/CUADqfUWwAAg-zy-300x169.jpg 300w\" sizes=\"auto, (max-width: 640px) 100vw, 640px\" \/><\/a><\/p>\n<p>Hep s\u00f6ylerim meyve veren a\u011fa\u00e7 ta\u015flan\u0131r. \u00c7a\u011fatay Ulusoy, 6 y\u0131l \u00f6nce kliplerle ba\u015flayan oyunculuk deneyimi bunlar. Ulusoy son iki dizi ve iki sinema filminde g\u00f6sterdi\u011fi performans\u0131 ile yetinmeyip \u015fu g\u00fcnlerde Los Angeles&#8217;te Workshoplarda oyunculu\u011funu daha da geli\u015ftirmeye \u00e7al\u0131\u015f\u0131yor. Aferin \u00c7a\u011fatay devam et. Bunlar utan\u0131lacak de\u011fil, gurur duyaca\u011f\u0131n haberler ve sahnelerdir.<\/p>\n<p><a href=\"http:\/\/balcilar-blog.com\/wp-content\/uploads\/2015\/10\/DELIBAL_afi\u015f.jpg\"><img loading=\"lazy\" decoding=\"async\" class=\"alignnone size-full wp-image-11315\" src=\"http:\/\/balcilar-blog.com\/wp-content\/uploads\/2015\/10\/DELIBAL_afi\u015f.jpg\" alt=\"DELIBAL_afi\u015f\" width=\"448\" height=\"640\" srcset=\"https:\/\/balcilar-blog.com\/wp-content\/uploads\/2015\/10\/DELIBAL_afi\u015f.jpg 448w, https:\/\/balcilar-blog.com\/wp-content\/uploads\/2015\/10\/DELIBAL_afi\u015f-210x300.jpg 210w\" sizes=\"auto, (max-width: 448px) 100vw, 448px\" \/><\/a><\/p>\n<p><span style=\"color: #ff0000;\"><strong>\u00c7a\u011fatay Ulusoy<\/strong><\/span> <strong><span style=\"color: #0000ff;\">25 Aral\u0131k<\/span><\/strong>&#8216;ta sinemalarda g\u00f6sterime ba\u015flayacak <span style=\"color: #0000ff;\"><strong>DEL\u0130BAL<\/strong><\/span> filminin galas\u0131 i\u00e7in yurda d\u00f6necektir. Daha sonra da, 2016 Ocak ay\u0131ndan itibaren onu yeni bir dizide g\u00f6rmek i\u00e7in hayranlar\u0131 sab\u0131rs\u0131kl\u0131kla bekliyorlar. En k\u00f6t\u00fc ihtimalle 2016 Eyl\u00fcl yeni sezonda bomba gibi bir dizi ile usta oyuncuyu ekranlarda g\u00f6rece\u011fiz. Ay Yap\u0131m ile yeni bir dizi i\u00e7in Eyl\u00fcl ba\u015f\u0131nda el s\u0131k\u0131\u015fm\u0131\u015ft\u0131. Bu dizide bayan partnerinin kim olaca\u011f\u0131 merakla bekleniyor.<\/p>\n<p>\u00c7a\u011fatatay Ulusoy&#8217;un 6 y\u0131l \u00f6nce oynad\u0131\u011f\u0131 c\u00fcretkar klipler hakk\u0131nda benim s\u00f6yleyeceklerim bunlar. O \u015fimdi dizilerin aranan \u00fcnl\u00fc oyuncular\u0131ndan biri. <strong>Bence o gelece\u011fin star\u0131, istikbali \u00e7ok daha parlakt\u0131r. G\u00f6zlerinde ve y\u00fcz\u00fcndeki o \u0131\u015f\u0131k gelece\u011fini ayd\u0131nlat\u0131yor.<\/strong><\/p>\n<p>Sayg\u0131lar ve sevgiler.<\/p>\n<p>Abdurrahman Balc\u0131lar<\/p>\n<p>Twitter: abdurrahman balc\u0131lar@abbalcilar<\/p>\n<p>Mail : <a href=\"mailto:ab.balcilar@hotmail.com\">ab.balcilar@hotmail.com<\/a><\/p>\n<p>Blog:\u00a0<a href=\"http:\/\/t.co\/znqmIZgIqn\">blog.milliyet.com.tr\/cansever<\/a><\/p>\n<p>Blog:\u00a0<strong>balcilar<\/strong>&#8211;<strong>blog.com<\/strong><\/p>\n<p>&nbsp;<\/p>\n<p>Not: Haber ve g\u00f6rseller \u00c7a\u011fatay Ulusoy twitter sayfas\u0131ndan al\u0131nm\u0131\u015ft\u0131r.<\/p>\n<p>&nbsp;<\/p>\n<p>&nbsp;<\/p>\n<p>&nbsp;<\/p>\n<p>&nbsp;<\/p>\n<p>&nbsp;<\/p>\n<p>&nbsp;<\/p>\n<p>&nbsp;<\/p>\n","protected":false},"excerpt":{"rendered":"<p>G\u00fcn yok ki \u00c7a\u011fatay Ulusoy ile ilgili bir haber \u00e7\u0131kmas\u0131n, ad\u0131 ge\u00e7mesin magazin sayfalar\u0131nda&#8230; Ulusoy \u015fu s\u0131ralarda 2 ay \u00f6nce gitti\u011fi Amerika Los Angeles&#8216;te oyunculuk e\u011fitimi al\u0131yor. \u0130stanbul gece hayat\u0131nda g\u00f6remedikleri \u00c7a\u011fatay&#8217;\u0131 Los Angles&#8217;te arayacaklar\u0131na, Magazincilerimiz bo\u015f durmam\u0131\u015f bundan 6 y\u0131l \u00f6nce oynad\u0131\u011f\u0131 \u015fark\u0131 kliplerini bulmu\u015flar, \u015fu s\u0131ralarda internetteki haber sitelerinin magazin sayfalar\u0131nda boy boy [&hellip;]<\/p>\n","protected":false},"author":3,"featured_media":0,"comment_status":"open","ping_status":"open","sticky":false,"template":"","format":"standard","meta":{"footnotes":""},"categories":[7],"tags":[42,26,15,884,752,19],"class_list":["post-11520","post","type-post","status-publish","format-standard","hentry","category-magazin","tag-adini-feriha-koydum","tag-ay-yapim","tag-cagatay-ulusoy","tag-curetkar-klipler","tag-delibal","tag-hazal-kaya"],"views":4046,"blog_post_layout_featured_media_urls":{"thumbnail":"","full":""},"categories_names":{"7":{"name":"Magazin","link":"https:\/\/balcilar-blog.com\/?cat=7"}},"tags_names":{"42":{"name":"Ad\u0131n\u0131 Feriha Koydum","link":"https:\/\/balcilar-blog.com\/?tag=adini-feriha-koydum"},"26":{"name":"Ay Yap\u0131m","link":"https:\/\/balcilar-blog.com\/?tag=ay-yapim"},"15":{"name":"\u00e7a\u011fatay ulusoy","link":"https:\/\/balcilar-blog.com\/?tag=cagatay-ulusoy"},"884":{"name":"C\u00fcretkar klipler","link":"https:\/\/balcilar-blog.com\/?tag=curetkar-klipler"},"752":{"name":"Delibal","link":"https:\/\/balcilar-blog.com\/?tag=delibal"},"19":{"name":"Hazal Kaya","link":"https:\/\/balcilar-blog.com\/?tag=hazal-kaya"}},"comments_number":"0","wpmagazine_modules_lite_featured_media_urls":{"thumbnail":"","cvmm-medium":"","cvmm-medium-plus":"","cvmm-portrait":"","cvmm-medium-square":"","cvmm-large":"","cvmm-small":"","full":""},"_links":{"self":[{"href":"https:\/\/balcilar-blog.com\/index.php?rest_route=\/wp\/v2\/posts\/11520","targetHints":{"allow":["GET"]}}],"collection":[{"href":"https:\/\/balcilar-blog.com\/index.php?rest_route=\/wp\/v2\/posts"}],"about":[{"href":"https:\/\/balcilar-blog.com\/index.php?rest_route=\/wp\/v2\/types\/post"}],"author":[{"embeddable":true,"href":"https:\/\/balcilar-blog.com\/index.php?rest_route=\/wp\/v2\/users\/3"}],"replies":[{"embeddable":true,"href":"https:\/\/balcilar-blog.com\/index.php?rest_route=%2Fwp%2Fv2%2Fcomments&post=11520"}],"version-history":[{"count":9,"href":"https:\/\/balcilar-blog.com\/index.php?rest_route=\/wp\/v2\/posts\/11520\/revisions"}],"predecessor-version":[{"id":11640,"href":"https:\/\/balcilar-blog.com\/index.php?rest_route=\/wp\/v2\/posts\/11520\/revisions\/11640"}],"wp:attachment":[{"href":"https:\/\/balcilar-blog.com\/index.php?rest_route=%2Fwp%2Fv2%2Fmedia&parent=11520"}],"wp:term":[{"taxonomy":"category","embeddable":true,"href":"https:\/\/balcilar-blog.com\/index.php?rest_route=%2Fwp%2Fv2%2Fcategories&post=11520"},{"taxonomy":"post_tag","embeddable":true,"href":"https:\/\/balcilar-blog.com\/index.php?rest_route=%2Fwp%2Fv2%2Ftags&post=11520"}],"curies":[{"name":"wp","href":"https:\/\/api.w.org\/{rel}","templated":true}]}}