{"id":115,"date":"2014-02-17T12:42:04","date_gmt":"2014-02-17T10:42:04","guid":{"rendered":"http:\/\/balcilar-blog.com\/?p=115"},"modified":"2014-02-17T13:07:06","modified_gmt":"2014-02-17T11:07:06","slug":"cagatay-ulusoy-serenay-sarikaya-gercek-aski-balon-mu","status":"publish","type":"post","link":"https:\/\/balcilar-blog.com\/?p=115","title":{"rendered":"\u00c7a\u011fatay Ulusoy &#8211; Serenay Sar\u0131kaya ger\u00e7ek a\u015fk\u0131 balon mu?"},"content":{"rendered":"<p><img decoding=\"async\" alt=\"\" src=\"http:\/\/82.222.152.134\/imgsdisk\/2013\/12\/30\/301220131030566688798.jpg\" \/><\/p>\n<p>Ge\u00e7ti\u011fimiz g\u00fcnlerde sosyal medyada en \u00e7ok konu\u015fulan konulardan biri, Serenay Sar\u0131kaya ve \u00c7a\u011fatay Ulusoy&#8217;un dizi a\u015fk\u0131 d\u0131\u015f\u0131nda, ger\u00e7ek hayatta ya\u015fad\u0131klar\u0131 a\u015fklar\u0131 idi. Son bir iki g\u00fcnd\u00fcr dile getirilen bir iddiaya g\u00f6re bu dizi reklam\u0131 i\u00e7in \u00e7\u0131kart\u0131lan bir balon muydu? Serenay Sar\u0131kaya, eski sevgilisi Murat S\u00fc\u011fl\u00fcn ile ili\u015fkisini perdelemek i\u00e7in, \u00c7a\u011fatay&#8217;\u0131 paravan m\u0131 yapt\u0131?<\/p>\n<p>Zira, s\u00f6ylenenlere g\u00f6re Serenay Sar\u0131kaya ve \u00c7a\u011fatay Ulusoy&#8217;un birlikte kald\u0131klar\u0131 Levent&#8217; teki evin kiras\u0131n\u0131 Murat S\u00fc\u011fl\u00fcn \u00f6d\u00fcyormu\u015f.<\/p>\n<p>Son derece d\u00fczg\u00fcn bir karaktere sahip olan \u00c7a\u011fatay Ulusoy, b\u00f6yle bir oyuna geldi mi? Ba\u015fkas\u0131n\u0131n metresi ile, hele hele, kiras\u0131 onun taraf\u0131ndan \u00f6denen bir evde nas\u0131l kalabiliyor. Ben kendi ad\u0131ma son derece onurlu bir ki\u015fili\u011fi olan \u00c7a\u011fatay&#8217;\u0131n o evde kald\u0131\u011f\u0131n\u0131 d\u00fc\u015f\u00fcnemiyorum.<\/p>\n<p>Medcezir dizisinin reklam a\u015fk\u0131 desek, bu s\u00fcper tutulan bir dizinin b\u00f6yle bir reklama ihtiyac\u0131 yok. Kald\u0131 ki, bas\u0131nda \u00e7\u0131kan bu dedikodular i\u00e7in, dizinin yap\u0131mc\u0131s\u0131 Kerem \u00c7atay her ikisini de uyarm\u0131\u015ft\u0131. Hatta ge\u00e7ti\u011fimiz hafta dizi setine gelerek toplant\u0131 yapm\u0131\u015f, bu ikiliyi tekrar ikinci kez uyarm\u0131\u015ft\u0131r.<\/p>\n<p>\u00c7a\u011fatay Ulusoy, \u00e7ok sevilen bir oyuncu. Star Tv.deki Medcezir dizisi ile \u00fcn\u00fcne \u00fcn katt\u0131. B\u00f6yle dedikodulara alet olarak sevenlerini \u00fczmemeli. Sevenleri onun her att\u0131\u011f\u0131 ad\u0131m\u0131 izliyor. Unutmamal\u0131 ki oyunculuk kariyerinin daha ba\u015flar\u0131nda. Hayat onun, bu onun\u00a0\u00f6zeli, tabii ki kendi bilir.<\/p>\n<p>Hakk\u0131nda hay\u0131rl\u0131 olsun.<\/p>\n<p>Abdurrahman Balc\u0131lar<\/p>\n<p>balcilar-blog.com<\/p>\n<p>ab.balcilar@Hotmail.com<\/p>\n<p>Twitter: abdurrahman <a href=\"mailto:balc\u0131lar@abbalcilar\">balc\u0131lar@abbalcilar<\/a><\/p>\n<p>&nbsp;<\/p>\n<p>&nbsp;<\/p>\n","protected":false},"excerpt":{"rendered":"<p>Ge\u00e7ti\u011fimiz g\u00fcnlerde sosyal medyada en \u00e7ok konu\u015fulan konulardan biri, Serenay Sar\u0131kaya ve \u00c7a\u011fatay Ulusoy&#8217;un dizi a\u015fk\u0131 d\u0131\u015f\u0131nda, ger\u00e7ek hayatta ya\u015fad\u0131klar\u0131 a\u015fklar\u0131 idi. Son bir iki g\u00fcnd\u00fcr dile getirilen bir iddiaya g\u00f6re bu dizi reklam\u0131 i\u00e7in \u00e7\u0131kart\u0131lan bir balon muydu? Serenay Sar\u0131kaya, eski sevgilisi Murat S\u00fc\u011fl\u00fcn ile ili\u015fkisini perdelemek i\u00e7in, \u00c7a\u011fatay&#8217;\u0131 paravan m\u0131 yapt\u0131? Zira, s\u00f6ylenenlere [&hellip;]<\/p>\n","protected":false},"author":3,"featured_media":0,"comment_status":"open","ping_status":"open","sticky":false,"template":"","format":"standard","meta":{"footnotes":""},"categories":[7],"tags":[15,39,16,27,25],"class_list":["post-115","post","type-post","status-publish","format-standard","hentry","category-magazin","tag-cagatay-ulusoy","tag-kerem-catay","tag-medcezir","tag-serenay-sarikaya","tag-star-tv"],"views":4114,"blog_post_layout_featured_media_urls":{"thumbnail":"","full":""},"categories_names":{"7":{"name":"Magazin","link":"https:\/\/balcilar-blog.com\/?cat=7"}},"tags_names":{"15":{"name":"\u00e7a\u011fatay ulusoy","link":"https:\/\/balcilar-blog.com\/?tag=cagatay-ulusoy"},"39":{"name":"Kerem \u00c7atay","link":"https:\/\/balcilar-blog.com\/?tag=kerem-catay"},"16":{"name":"medcezir","link":"https:\/\/balcilar-blog.com\/?tag=medcezir"},"27":{"name":"Serenay Sar\u0131kaya","link":"https:\/\/balcilar-blog.com\/?tag=serenay-sarikaya"},"25":{"name":"Star Tv","link":"https:\/\/balcilar-blog.com\/?tag=star-tv"}},"comments_number":"1","wpmagazine_modules_lite_featured_media_urls":{"thumbnail":"","cvmm-medium":"","cvmm-medium-plus":"","cvmm-portrait":"","cvmm-medium-square":"","cvmm-large":"","cvmm-small":"","full":""},"_links":{"self":[{"href":"https:\/\/balcilar-blog.com\/index.php?rest_route=\/wp\/v2\/posts\/115","targetHints":{"allow":["GET"]}}],"collection":[{"href":"https:\/\/balcilar-blog.com\/index.php?rest_route=\/wp\/v2\/posts"}],"about":[{"href":"https:\/\/balcilar-blog.com\/index.php?rest_route=\/wp\/v2\/types\/post"}],"author":[{"embeddable":true,"href":"https:\/\/balcilar-blog.com\/index.php?rest_route=\/wp\/v2\/users\/3"}],"replies":[{"embeddable":true,"href":"https:\/\/balcilar-blog.com\/index.php?rest_route=%2Fwp%2Fv2%2Fcomments&post=115"}],"version-history":[{"count":4,"href":"https:\/\/balcilar-blog.com\/index.php?rest_route=\/wp\/v2\/posts\/115\/revisions"}],"predecessor-version":[{"id":119,"href":"https:\/\/balcilar-blog.com\/index.php?rest_route=\/wp\/v2\/posts\/115\/revisions\/119"}],"wp:attachment":[{"href":"https:\/\/balcilar-blog.com\/index.php?rest_route=%2Fwp%2Fv2%2Fmedia&parent=115"}],"wp:term":[{"taxonomy":"category","embeddable":true,"href":"https:\/\/balcilar-blog.com\/index.php?rest_route=%2Fwp%2Fv2%2Fcategories&post=115"},{"taxonomy":"post_tag","embeddable":true,"href":"https:\/\/balcilar-blog.com\/index.php?rest_route=%2Fwp%2Fv2%2Ftags&post=115"}],"curies":[{"name":"wp","href":"https:\/\/api.w.org\/{rel}","templated":true}]}}