{"id":11488,"date":"2015-11-13T15:21:28","date_gmt":"2015-11-13T13:21:28","guid":{"rendered":"http:\/\/balcilar-blog.com\/?p=11488"},"modified":"2015-11-13T15:21:28","modified_gmt":"2015-11-13T13:21:28","slug":"muhtesem-yuzyil-kosem-sultan-medyayi-ikiye-boldu","status":"publish","type":"post","link":"https:\/\/balcilar-blog.com\/?p=11488","title":{"rendered":"Muhte\u015fem Y\u00fczy\u0131l K\u00f6sem Sultan medyay\u0131 ikiye b\u00f6ld\u00fc!"},"content":{"rendered":"<p><a href=\"http:\/\/balcilar-blog.com\/wp-content\/uploads\/2015\/11\/CTSS6a9WIAAYtYx.jpg\"><img loading=\"lazy\" decoding=\"async\" class=\"alignnone size-full wp-image-11489\" src=\"http:\/\/balcilar-blog.com\/wp-content\/uploads\/2015\/11\/CTSS6a9WIAAYtYx.jpg\" alt=\"CTSS6a9WIAAYtYx\" width=\"656\" height=\"426\" srcset=\"https:\/\/balcilar-blog.com\/wp-content\/uploads\/2015\/11\/CTSS6a9WIAAYtYx.jpg 656w, https:\/\/balcilar-blog.com\/wp-content\/uploads\/2015\/11\/CTSS6a9WIAAYtYx-300x195.jpg 300w\" sizes=\"auto, (max-width: 656px) 100vw, 656px\" \/><\/a><\/p>\n<p>Muhte\u015fem Y\u00fczy\u0131l dizisinin sona ermesinden bu tarafa yakla\u015f\u0131k iki y\u0131ld\u0131r haz\u0131rl\u0131klar\u0131 devam eden <span style=\"color: #ff0000;\"><strong>K\u00f6sem Sultan<\/strong><\/span> dizisi nihayet d\u00fcn ak\u015fam Star Tv ekranlar\u0131nda yay\u0131nland\u0131.<\/p>\n<p>Reytinglere bak\u0131l\u0131rsa dizinin olduk\u00e7a be\u011fenildi\u011fini g\u00f6r\u00fcyoruz. AB&#8217;de 8,80 reyting puan\u0131 ile 1.s\u0131rada, Total&#8217;de de 5,88 ile 2.s\u0131rada yer alm\u0131\u015ft\u0131r.<\/p>\n<p>Star TV\u2019de d\u00fcn ak\u015fam ekrana gelecek \u2018Muhte\u015fem Y\u00fczy\u0131l K\u00f6sem\u2019in ilk b\u00f6l\u00fcm\u00fc i\u00e7in 700 kost\u00fcm, dizi boyunca kullan\u0131lmas\u0131 i\u00e7in ise 800 ta\u00e7, ba\u015fl\u0131k ve \u015fapka haz\u0131rlanm\u0131\u015f.<\/p>\n<p>Osmanl\u0131 tarihi ve hanedan\u0131na damga vuran K\u00f6sem Sultan\u2019\u0131n hikayesini konu alan \u2018Muhte\u015fem Y\u00fczy\u0131l K\u00f6sem\u2019 d\u00fcn ak\u015fam star TV\u2019de izleyiciyle bulu\u015ftu. Haz\u0131rl\u0131klar\u0131 1.5 y\u0131l s\u00fcren dizinin jeneri\u011fi ve m\u00fczikleri <strong>Aytekin Ata\u015f<\/strong> taraf\u0131ndan haz\u0131rland\u0131. 30 yeni par\u00e7an\u0131n bestelendi\u011fi projenin orkestra kay\u0131tlar\u0131, Adam Klemens\u2019in \u015fefli\u011findeki Prag Filarmoni Orkestras\u0131 taraf\u0131ndan Smecky Music St\u00fcdyolar\u0131\u2019nda yap\u0131ld\u0131.<\/p>\n<p>Cast \u00e7al\u0131\u015fmalar\u0131 21 \u00fclkede y\u00fcr\u00fct\u00fclen \u2018Muhte\u015fem Y\u00fczy\u0131l K\u00f6sem\u2019in ilk b\u00f6l\u00fcm\u00fc i\u00e7in 700 kost\u00fcm haz\u0131rland\u0131. 800 ta\u00e7, ba\u015fl\u0131k ve \u015fapkan\u0131n kullan\u0131ld\u0131\u011f\u0131 \u00e7ekimler, 11 bin 500 metrekarelik kapal\u0131, 29 bin 625 metrekarelik a\u00e7\u0131k alanda yap\u0131ld\u0131. \u015eehrin in\u015faat\u0131nda 350 ki\u015finin \u00e7al\u0131\u015ft\u0131\u011f\u0131 dizide, <strong>Anastasia Tsilimpiou <\/strong>(K\u00f6sem Sultan\u0131n gen\u00e7li\u011fi), <strong>H\u00fclya Av\u015far <\/strong>(Safiye Sultan), <strong>Beren Saat <\/strong>(K\u00f6sem&#8217;in 25 ya\u015f hali), <strong>Mete Horozo\u011flu<\/strong> (Z\u00fclfikar), <strong>Kadir Do\u011fulu <\/strong>(Mehmet Giray Han), <strong>Asl\u0131han G\u00fcrb\u00fcz<\/strong> (Halime),\u00a0<strong>Berk Cankat <\/strong>(Alex),\u00a0<strong>Ekin Ko\u00e7<\/strong>\u00a0(Sultan I. Ahmed), <strong>Mehmet Kurtulu\u015f<\/strong> (Dervi\u015f Mustafa),<strong> Erkan Kol\u00e7ak K\u00f6stendil<\/strong> ( \u015eahin Giray Han) ve <strong>T\u00fclin \u00d6zen<\/strong> gibi oyuncular rol al\u0131yor. Senaryosunu Y\u0131lmaz \u015eahin ve N\u00fcket B\u0131\u00e7ak\u00e7\u0131 yazm\u0131\u015f. Tims Productions Timur Savc\u0131 yap\u0131mc\u0131s\u0131 olan dizinin y\u00f6netmenleri ise Zeynep G\u00fcnay Tan, Ya\u011f\u0131z Alp Akayd\u0131n, Mert Baykal ve Deniz Kolo\u015f.<\/p>\n<p>Safiye Sultan karakterini canland\u0131ran H\u00fclya Af\u015far&#8217;\u0131 itici bulanlar var, gereksiz oyuncuk yapt\u0131\u011f\u0131n\u0131 s\u00f6yleyenler var. Twitter&#8217;a \u015f\u00f6yle bir g\u00f6z att\u0131\u011f\u0131mda en \u00e7ok Af\u015far hakk\u0131nda ele\u015ftirileri g\u00f6rd\u00fcm.<\/p>\n<p>Sultan I. Ahmed&#8217;i oynayan Ekin Ko\u00e7, rol\u00fc gere\u011fi \u00fcrkek tav\u0131rlar\u0131, hal ve hareketleri ile \u00e7ok ba\u015far\u0131l\u0131. \u0130lk icraat\u0131 \u015eeyh\u00fclislam&#8217;a emir verir, karde\u015fi \u015eehzade Mustafa&#8217;n\u0131n hayat\u0131n\u0131 ba\u011f\u0131\u015flad\u0131\u011f\u0131n\u0131 s\u00f6yler. \u00c7ocuklu\u011funda tahta ortak olan karde\u015flerin \u00f6ld\u00fcr\u00fclmesi onda derin bir iz b\u0131rakm\u0131\u015ft\u0131r. Yeni\u00e7eriler aras\u0131nda bu emir co\u015fku ile kar\u015f\u0131lan\u0131r. &#8220;Padi\u015fah\u0131m \u00e7ok ya\u015fa, k\u0131l\u0131c\u0131n de\u011fsin ar\u015fa&#8221; tezah\u00fcratlar\u0131 ile kar\u015f\u0131lan\u0131r.<\/p>\n<p><a href=\"http:\/\/balcilar-blog.com\/wp-content\/uploads\/2015\/11\/Ekran-Al\u0131nt\u0131s\u0131KS.1.3.png\"><img loading=\"lazy\" decoding=\"async\" class=\"alignnone size-full wp-image-11494\" src=\"http:\/\/balcilar-blog.com\/wp-content\/uploads\/2015\/11\/Ekran-Al\u0131nt\u0131s\u0131KS.1.3.png\" alt=\"Ekran Al\u0131nt\u0131s\u0131KS.1.3\" width=\"640\" height=\"389\" srcset=\"https:\/\/balcilar-blog.com\/wp-content\/uploads\/2015\/11\/Ekran-Al\u0131nt\u0131s\u0131KS.1.3.png 640w, https:\/\/balcilar-blog.com\/wp-content\/uploads\/2015\/11\/Ekran-Al\u0131nt\u0131s\u0131KS.1.3-300x182.png 300w\" sizes=\"auto, (max-width: 640px) 100vw, 640px\" \/><\/a><\/p>\n<p>Yeni\u00e7eri oca\u011f\u0131na al\u0131nan (Berk Cankat) Alex, Anastiasi&#8217;nin getirili\u015fi s\u0131ras\u0131nda onunla tan\u0131\u015f\u0131r. Koruyucusu olur. Anastasia Alex&#8217;e, k\u00fc\u00e7\u00fck bir bileklik hediye verir.<\/p>\n<p><a href=\"http:\/\/balcilar-blog.com\/wp-content\/uploads\/2015\/11\/Ekran-Al\u0131nt\u0131s\u0131KS.1.6.png\"><img loading=\"lazy\" decoding=\"async\" class=\"alignnone size-full wp-image-11495\" src=\"http:\/\/balcilar-blog.com\/wp-content\/uploads\/2015\/11\/Ekran-Al\u0131nt\u0131s\u0131KS.1.6.png\" alt=\"Ekran Al\u0131nt\u0131s\u0131KS.1.6\" width=\"640\" height=\"391\" srcset=\"https:\/\/balcilar-blog.com\/wp-content\/uploads\/2015\/11\/Ekran-Al\u0131nt\u0131s\u0131KS.1.6.png 640w, https:\/\/balcilar-blog.com\/wp-content\/uploads\/2015\/11\/Ekran-Al\u0131nt\u0131s\u0131KS.1.6-300x183.png 300w\" sizes=\"auto, (max-width: 640px) 100vw, 640px\" \/><\/a><\/p>\n<p>Beren Saat dizinin ilerleyen b\u00f6l\u00fcmlerinde 25 ya\u015f halini canland\u0131racak. Takriben 8-9 b\u00f6l\u00fcm sonra onu izleyebilece\u011fiz.<\/p>\n<p><a href=\"http:\/\/balcilar-blog.com\/wp-content\/uploads\/2015\/11\/CTreVENWIAAU6MP.jpg\"><img loading=\"lazy\" decoding=\"async\" class=\"alignnone size-full wp-image-11490\" src=\"http:\/\/balcilar-blog.com\/wp-content\/uploads\/2015\/11\/CTreVENWIAAU6MP.jpg\" alt=\"CTreVENWIAAU6MP\" width=\"640\" height=\"361\" srcset=\"https:\/\/balcilar-blog.com\/wp-content\/uploads\/2015\/11\/CTreVENWIAAU6MP.jpg 640w, https:\/\/balcilar-blog.com\/wp-content\/uploads\/2015\/11\/CTreVENWIAAU6MP-300x169.jpg 300w\" sizes=\"auto, (max-width: 640px) 100vw, 640px\" \/><\/a><\/p>\n<p>Genel olarak bakt\u0131\u011f\u0131m\u0131zda bu bir dizidir. Tabii \u00f6n planda seyircisin g\u00f6z\u00fcne hitap edecek ve reyting almaya \u00e7al\u0131\u015facakt\u0131r. Diziler tarih dersi vermiyor. Tarihimizi merak edenler, kitaplardan okumal\u0131. Gene Twitter&#8217;da okudum Ara\u015ft\u0131rmac\u0131 yazarlar\u0131m\u0131zdan <strong>Talha U\u011furluel<\/strong> Hocam\u0131z \u015f\u00f6yle demi\u015f, &#8220;Tarih dizilerden de\u011fil, kitaplardan \u00f6\u011frenilir.&#8221;<\/p>\n<p>Baz\u0131lar\u0131 da harem sahnelerini ele\u015ftirerek, Osmanl\u0131 Padi\u015fahlar\u0131n\u0131n k\u00fc\u00e7\u00fck d\u00fc\u015f\u00fcr\u00fcld\u00fc\u011f\u00fcn\u00fc, bu nedenle dizinin kald\u0131r\u0131lmas\u0131 gerekti\u011fini s\u00f6ylemi\u015f. Osmanl\u0131&#8217;da harem en mahrem yerlerden biridir. Dizilerin de can al\u0131c\u0131 noktalar\u0131 harem sahneleri, tabii ki olacakt\u0131r.<\/p>\n<p>Ben genel olarak diziyi tuttum. D\u00fcn gece b\u00f6l\u00fcm sonunda bir twit de att\u0131m. Aynen \u015f\u00f6yle yazd\u0131m: &#8220;Muhte\u015fem Y\u00fczy\u0131l K\u00f6sem: G\u00f6rkemli, masals\u0131, s\u00fcper olmu\u015f. Seyredilir, lakin gere\u011finden fazla uzun b\u00f6l\u00fcm olmu\u015f. <a class=\"twitter-hashtag pretty-link js-nav\" dir=\"ltr\" href=\"https:\/\/twitter.com\/hashtag\/Muhte%C5%9FemY%C3%BCzy%C4%B1lK%C3%B6sem?src=hash\" data-query-source=\"hashtag_click\"><s>#<\/s><b>Muhte\u015femY\u00fczy\u0131lK\u00f6sem<\/b><\/a>&#8221;<\/p>\n<p>Bir Takip\u00e7imden hemen cevap geldi. O da cevabi yaz\u0131s\u0131nda, twitter&#8217;da aynen \u015funu yazm\u0131\u015f.<\/p>\n<p><a class=\"twitter-atreply pretty-link js-nav\" dir=\"ltr\" href=\"https:\/\/twitter.com\/abbalcilar\"><s>@<\/s><b>abbalcilar<\/b><\/a> \u00e7ok yanl\u0131\u015fs\u0131n bu dizi resmen amat\u00f6rl\u00fck ve uydurma.Nas\u0131l izleniliyor anlam\u0131yorum.Devlet nas\u0131l izin veriyor buda ayr\u0131 ironi.<\/p>\n<p>Herkesi be\u011fendirmek zor. Be\u011fenmeyenler izlemesin. Be\u011fenenler izlesin diyelim.<\/p>\n<p>D\u00fcn ak\u015famki ba\u015flang\u0131\u00e7 b\u00f6l\u00fcm\u00fc olarak ba\u015flad\u0131. B\u00f6l\u00fcm reklams\u0131z tam 2.5 saat s\u00fcrd\u00fc. Ger\u00e7ekten \u00e7ok uzundu. \u0130zleyici i\u00e7in s\u0131k\u0131c\u0131 olabiliyor. \u0130lk b\u00f6l\u00fcm\u00fc Sultan I.Ahmed&#8217;in tahta \u00e7\u0131k\u0131\u015f\u0131 ve K\u00f6sem Sultan ile nas\u0131l tan\u0131\u015ft\u0131\u011f\u0131 anlat\u0131l\u0131yor. Sultan Ahmed, Valide Safiye Sultan&#8217;\u0131n odas\u0131nda imparatorlu\u011funun de\u011fi\u015fik yerlerinden gelen hediyeler i\u00e7inde bir tabloda Anastasia&#8217;n\u0131n resmini g\u00f6r\u00fcr ve o resimden o mahsun k\u0131za a\u015f\u0131k olur.<\/p>\n<p><a href=\"http:\/\/balcilar-blog.com\/wp-content\/uploads\/2015\/11\/Ekran-Al\u0131nt\u0131s\u0131HS.1.1..png\"><img loading=\"lazy\" decoding=\"async\" class=\"alignnone size-full wp-image-11492\" src=\"http:\/\/balcilar-blog.com\/wp-content\/uploads\/2015\/11\/Ekran-Al\u0131nt\u0131s\u0131HS.1.1..png\" alt=\"Ekran Al\u0131nt\u0131s\u0131HS.1.1.\" width=\"640\" height=\"399\" srcset=\"https:\/\/balcilar-blog.com\/wp-content\/uploads\/2015\/11\/Ekran-Al\u0131nt\u0131s\u0131HS.1.1..png 640w, https:\/\/balcilar-blog.com\/wp-content\/uploads\/2015\/11\/Ekran-Al\u0131nt\u0131s\u0131HS.1.1.-300x187.png 300w\" sizes=\"auto, (max-width: 640px) 100vw, 640px\" \/><\/a><\/p>\n<p>Valide Safiye Sultan torununu memnun etmek i\u00e7in bu k\u0131z\u0131 ara\u015ft\u0131rt\u0131r, o k\u0131z 1603 y\u0131l\u0131nda Ege&#8217;de Kefalonya adas\u0131ndan bulunur ve saraya getirilir. Daha tahta yeni \u00e7\u0131km\u0131\u015f toy Padi\u015faha vuslat i\u00e7in verilir. Bu tan\u0131\u015fmada Anastasia Ahmed&#8217;i be\u011fenir.<\/p>\n<p><a href=\"http:\/\/balcilar-blog.com\/wp-content\/uploads\/2015\/11\/Ekran-Al\u0131nt\u0131s\u0131KS.1.SON_.png\"><img loading=\"lazy\" decoding=\"async\" class=\"alignnone size-full wp-image-11496\" src=\"http:\/\/balcilar-blog.com\/wp-content\/uploads\/2015\/11\/Ekran-Al\u0131nt\u0131s\u0131KS.1.SON_.png\" alt=\"Ekran Al\u0131nt\u0131s\u0131KS.1.SON\" width=\"640\" height=\"385\" srcset=\"https:\/\/balcilar-blog.com\/wp-content\/uploads\/2015\/11\/Ekran-Al\u0131nt\u0131s\u0131KS.1.SON_.png 640w, https:\/\/balcilar-blog.com\/wp-content\/uploads\/2015\/11\/Ekran-Al\u0131nt\u0131s\u0131KS.1.SON_-300x180.png 300w\" sizes=\"auto, (max-width: 640px) 100vw, 640px\" \/><\/a><\/p>\n<p>Muhte\u015fem Y\u00fczy\u0131l K\u00f6sem&#8217;in ilerleyen b\u00f6l\u00fcmleri bize neler getirecek. Muhte\u015fem Y\u00fczy\u0131l dizisinin ba\u015far\u0131s\u0131n\u0131 g\u00f6sterebilecek mi? \u0130lk b\u00f6l\u00fcm sonunda sosyal medya lehte ve aleyhte yap\u0131lan yorumlarla ikiye b\u00f6lse de, bence sonu\u00e7 olumlu&#8230;<\/p>\n<p>Keyifli Seyirler.<\/p>\n<p>Sayg\u0131lar ve sevgiler.<\/p>\n<p>Abdurrahman Balc\u0131lar<\/p>\n<p>Twitter: abdurrahman balc\u0131lar@abbalcilar<\/p>\n<p>Mail : <a href=\"mailto:ab.balcilar@hotmail.com\">ab.balcilar@hotmail.com<\/a><\/p>\n<p>Blog:\u00a0<a href=\"http:\/\/t.co\/znqmIZgIqn\">blog.milliyet.com.tr\/cansever<\/a><\/p>\n<p>Blog:\u00a0<strong>balcilar<\/strong>&#8211;<strong>blog.com<\/strong><\/p>\n<p>&nbsp;<\/p>\n<p>Not: G\u00f6rseller diziden ve K\u00f6sem Sultan Twitter sayfas\u0131ndan al\u0131nm\u0131\u015ft\u0131r.<\/p>\n<p>&nbsp;<\/p>\n<p>&nbsp;<\/p>\n<p>&nbsp;<\/p>\n","protected":false},"excerpt":{"rendered":"<p>Muhte\u015fem Y\u00fczy\u0131l dizisinin sona ermesinden bu tarafa yakla\u015f\u0131k iki y\u0131ld\u0131r haz\u0131rl\u0131klar\u0131 devam eden K\u00f6sem Sultan dizisi nihayet d\u00fcn ak\u015fam Star Tv ekranlar\u0131nda yay\u0131nland\u0131. Reytinglere bak\u0131l\u0131rsa dizinin olduk\u00e7a be\u011fenildi\u011fini g\u00f6r\u00fcyoruz. AB&#8217;de 8,80 reyting puan\u0131 ile 1.s\u0131rada, Total&#8217;de de 5,88 ile 2.s\u0131rada yer alm\u0131\u015ft\u0131r. Star TV\u2019de d\u00fcn ak\u015fam ekrana gelecek \u2018Muhte\u015fem Y\u00fczy\u0131l K\u00f6sem\u2019in ilk b\u00f6l\u00fcm\u00fc i\u00e7in 700 [&hellip;]<\/p>\n","protected":false},"author":3,"featured_media":0,"comment_status":"open","ping_status":"open","sticky":false,"template":"","format":"standard","meta":{"footnotes":""},"categories":[2],"tags":[665,161,881,776,118,882,880],"class_list":["post-11488","post","type-post","status-publish","format-standard","hentry","category-tv-programlari","tag-beren-saat","tag-berk-cankat","tag-ekin-koc","tag-hulya-afsar","tag-kadir-dogulu","tag-mete-horozoglu","tag-muhtesem-yuzyil-kosem-sultan"],"views":5594,"blog_post_layout_featured_media_urls":{"thumbnail":"","full":""},"categories_names":{"2":{"name":"TV Programlar\u0131","link":"https:\/\/balcilar-blog.com\/?cat=2"}},"tags_names":{"665":{"name":"Beren Saat","link":"https:\/\/balcilar-blog.com\/?tag=beren-saat"},"161":{"name":"Berk Cankat","link":"https:\/\/balcilar-blog.com\/?tag=berk-cankat"},"881":{"name":"Ekin Ko\u00e7","link":"https:\/\/balcilar-blog.com\/?tag=ekin-koc"},"776":{"name":"H\u00fclya Af\u015far","link":"https:\/\/balcilar-blog.com\/?tag=hulya-afsar"},"118":{"name":"Kadir Do\u011fulu","link":"https:\/\/balcilar-blog.com\/?tag=kadir-dogulu"},"882":{"name":"Mete Horozo\u011flu","link":"https:\/\/balcilar-blog.com\/?tag=mete-horozoglu"},"880":{"name":"Muhte\u015fem Y\u00fczy\u0131l K\u00f6sem Sultan","link":"https:\/\/balcilar-blog.com\/?tag=muhtesem-yuzyil-kosem-sultan"}},"comments_number":"1","wpmagazine_modules_lite_featured_media_urls":{"thumbnail":"","cvmm-medium":"","cvmm-medium-plus":"","cvmm-portrait":"","cvmm-medium-square":"","cvmm-large":"","cvmm-small":"","full":""},"_links":{"self":[{"href":"https:\/\/balcilar-blog.com\/index.php?rest_route=\/wp\/v2\/posts\/11488","targetHints":{"allow":["GET"]}}],"collection":[{"href":"https:\/\/balcilar-blog.com\/index.php?rest_route=\/wp\/v2\/posts"}],"about":[{"href":"https:\/\/balcilar-blog.com\/index.php?rest_route=\/wp\/v2\/types\/post"}],"author":[{"embeddable":true,"href":"https:\/\/balcilar-blog.com\/index.php?rest_route=\/wp\/v2\/users\/3"}],"replies":[{"embeddable":true,"href":"https:\/\/balcilar-blog.com\/index.php?rest_route=%2Fwp%2Fv2%2Fcomments&post=11488"}],"version-history":[{"count":1,"href":"https:\/\/balcilar-blog.com\/index.php?rest_route=\/wp\/v2\/posts\/11488\/revisions"}],"predecessor-version":[{"id":11497,"href":"https:\/\/balcilar-blog.com\/index.php?rest_route=\/wp\/v2\/posts\/11488\/revisions\/11497"}],"wp:attachment":[{"href":"https:\/\/balcilar-blog.com\/index.php?rest_route=%2Fwp%2Fv2%2Fmedia&parent=11488"}],"wp:term":[{"taxonomy":"category","embeddable":true,"href":"https:\/\/balcilar-blog.com\/index.php?rest_route=%2Fwp%2Fv2%2Fcategories&post=11488"},{"taxonomy":"post_tag","embeddable":true,"href":"https:\/\/balcilar-blog.com\/index.php?rest_route=%2Fwp%2Fv2%2Ftags&post=11488"}],"curies":[{"name":"wp","href":"https:\/\/api.w.org\/{rel}","templated":true}]}}