{"id":11314,"date":"2015-10-30T20:59:01","date_gmt":"2015-10-30T18:59:01","guid":{"rendered":"http:\/\/balcilar-blog.com\/?p=11314"},"modified":"2015-10-31T10:41:49","modified_gmt":"2015-10-31T08:41:49","slug":"delibal-25-aralikta-vizyonda","status":"publish","type":"post","link":"https:\/\/balcilar-blog.com\/?p=11314","title":{"rendered":"DEL\u0130BAL 25 ARALIK 2015 CUMA V\u0130ZYONDA!"},"content":{"rendered":"<p class=\"ecxMsoNormal\" align=\"center\"><a href=\"http:\/\/balcilar-blog.com\/wp-content\/uploads\/2015\/10\/DELIBAL_afi\u015f.jpg\"><img loading=\"lazy\" decoding=\"async\" class=\"alignnone size-full wp-image-11315\" src=\"http:\/\/balcilar-blog.com\/wp-content\/uploads\/2015\/10\/DELIBAL_afi\u015f.jpg\" alt=\"DELIBAL_afi\u015f\" width=\"448\" height=\"640\" srcset=\"https:\/\/balcilar-blog.com\/wp-content\/uploads\/2015\/10\/DELIBAL_afi\u015f.jpg 448w, https:\/\/balcilar-blog.com\/wp-content\/uploads\/2015\/10\/DELIBAL_afi\u015f-210x300.jpg 210w\" sizes=\"auto, (max-width: 448px) 100vw, 448px\" \/><\/a><\/p>\n<p class=\"ecxMsoNormal\" align=\"center\"><span style=\"font-size: xx-large;\"><b>YILIN EN G\u00dcZEL A\u015eK F\u0130LM\u0130N\u0130N V\u0130ZYON TAR\u0130H\u0130 BELL\u0130 OLDU!<\/b><\/span><\/p>\n<p class=\"ecxMsoNormal\" align=\"center\"><b><span style=\"color: #ff0000;\">\u00c7a\u011fatay Ulusoy<\/span> ve <span style=\"color: #ff0000;\">Leyla Lydia Tu\u011futl<\/span>u\u2019nun ba\u015frollerini payla\u015ft\u0131\u011f\u0131 <\/b><strong><span style=\"color: #0000ff;\">Delibal<\/span><\/strong><b> sinema filminin vizyon tarihi belli oldu. <\/b><strong><span style=\"color: #0000ff;\">Ay Yap\u0131m<\/span><\/strong><b> imzal\u0131 film <span style=\"color: #0000ff;\">25 Aral\u0131k 2015<\/span> tarihinde vizyona girecek. <\/b><\/p>\n<p class=\"ecxMsoNormal\" align=\"center\">Y\u00f6netmenli\u011fini Ali Bilgin\u2019in \u00fcstlendi\u011fi Delibal, ayn\u0131 \u00fcniversitede \u00f6\u011frenci olan Bar\u0131\u015f (\u00c7a\u011fatay Ulusoy) ve F\u00fcsun\u2019un ( Leyla Lydia Tu\u011futlu) tutkulu a\u015fk hikayesine odaklan\u0131yor.<\/p>\n<div class=\"ContentRightInner t_mbgc t_qtc t_urtc\">\n<div id=\"inboxControl0fv-ReadMessageContainer\" class=\"v-ReadMessageContainer slideOnResize\" tabindex=\"-1\">\n<div class=\"c-ReadMessage\" data-link=\"class{readMessageClass: ~tag.Show}\">\n<div id=\"ReadMessageScrollableSection\" class=\"rmMessages ClearBoth\" tabindex=\"-1\">\n<div id=\"readMessagePartControl790f\" class=\"c-ReadMessagePart ReadMsgContainer HasLayout ClearBoth HideShadows FullPart NoHistory Read RmIc\" data-link=\"class{:~tag.getHeaderCssClass(IsConversationPart, IsRead, IsDraft, IsTrustedSender, Items.length)}\">\n<div class=\"c-ReadMessagePartBody\" data-link=\"class{getClass:IsBodyExpanded}\">\n<div class=\"readMsgBody\">\n<div id=\"bodyreadMessagePartBodyControl795f\" class=\"ExternalClass MsgBodyContainer\" data-link=\"class{:~tag.cssClasses(PlainText, IsContentFiltered)}\">\n<div dir=\"ltr\">\n<p class=\"ecxMsoNormal\" align=\"center\">\u00c7a\u011fatay Ulusoy, Delibal&#8217;\u0131n fragman\u0131nda davul performans\u0131yla oldu\u011fu kadar s\u00f6yledi\u011fi \u015fark\u0131yla da dikkat \u00e7ekiyor. \u00c7a\u011fatay Ulusoy\u2019un seslendirdi\u011fi ve filme \u00f6zel olarak yap\u0131lan \u201cMutlu Sonsuz\u201d isimli \u015fark\u0131n\u0131n s\u00f6zleri Sezen Aksu&#8217;ya m\u00fczi\u011fi ise Sezen Aksu ve Ozan Bayra\u015fa imzas\u0131 ta\u015f\u0131yor.<\/p>\n<p class=\"ecxMsoNormal\" align=\"center\"><a href=\"http:\/\/balcilar-blog.com\/wp-content\/uploads\/2015\/10\/DELIBAL_3.jpg\"><img loading=\"lazy\" decoding=\"async\" class=\"alignnone size-full wp-image-11317\" src=\"http:\/\/balcilar-blog.com\/wp-content\/uploads\/2015\/10\/DELIBAL_3.jpg\" alt=\"DELIBAL_3\" width=\"448\" height=\"640\" srcset=\"https:\/\/balcilar-blog.com\/wp-content\/uploads\/2015\/10\/DELIBAL_3.jpg 448w, https:\/\/balcilar-blog.com\/wp-content\/uploads\/2015\/10\/DELIBAL_3-210x300.jpg 210w\" sizes=\"auto, (max-width: 448px) 100vw, 448px\" \/><\/a><\/p>\n<p class=\"ecxMsoNormal\" align=\"center\">Delibal&#8217;\u0131n oyuncu kadrosunda ayr\u0131ca; H\u00fcseyin Avni Danyal, Mustafa Avk\u0131ran, La\u00e7in Ceylan, Toprak Sa\u011flam, Bahtiyar Engin, Bar\u0131\u015f Ayta\u00e7, Zafer Akkoyun ve Nazan Kesal rol al\u0131yor.<\/p>\n<p class=\"ecxMsoNormal\" align=\"center\"><a href=\"http:\/\/balcilar-blog.com\/wp-content\/uploads\/2015\/10\/DELIBAL_2.jpg\"><img loading=\"lazy\" decoding=\"async\" class=\"alignnone size-full wp-image-11316\" src=\"http:\/\/balcilar-blog.com\/wp-content\/uploads\/2015\/10\/DELIBAL_2.jpg\" alt=\"DELIBAL_2\" width=\"448\" height=\"640\" srcset=\"https:\/\/balcilar-blog.com\/wp-content\/uploads\/2015\/10\/DELIBAL_2.jpg 448w, https:\/\/balcilar-blog.com\/wp-content\/uploads\/2015\/10\/DELIBAL_2-210x300.jpg 210w\" sizes=\"auto, (max-width: 448px) 100vw, 448px\" \/><\/a><\/p>\n<p class=\"ecxMsoNormal\" align=\"center\">\u00c7a\u011fatay Ulusoy\u2019un ge\u00e7irdi\u011fi fiziksel de\u011fi\u015fim ve ba\u015far\u0131l\u0131 bateri performans\u0131yla \u015fimdiden b\u00fcy\u00fck merak uyand\u0131ran Delibal, 25 Aral\u0131k\u2019ta izleyicisiyle bulu\u015facak.<\/p>\n<p class=\"\" align=\"center\"><span style=\"color: #000000;\"><strong><u>Delibal&#8217;\u0131n konusu ise \u015f\u00f6yle:<\/u><\/strong><b><u> <\/u><\/b><\/span><\/p>\n<p class=\"\" align=\"center\">Mimarl\u0131k \u00f6\u011frencisi olan ve hobi olarak m\u00fczik yapan Bar\u0131\u015f (\u00c7a\u011fatay Ulusoy), her gen\u00e7 \u00fcniversite \u00f6\u011frencisi gibi hayat\u0131n tad\u0131n\u0131 \u00e7\u0131karmaktad\u0131r. F\u00fcsun\u2019u (Leyla Lydia Tu\u011futlu) ilk g\u00f6rd\u00fc\u011f\u00fc anda hayat\u0131nda hi\u00e7 bilmedi\u011fi bir duyguya kap\u0131lm\u0131\u015ft\u0131r. Hep te\u011fet ge\u00e7en a\u015fk bu defa Bar\u0131\u015f\u2019\u0131 yakalam\u0131\u015ft\u0131r\u2026<\/p>\n<p class=\"\" align=\"center\">Kimdir bu k\u0131z? Nerede ya\u015far? Ne yer? Ne i\u00e7er? \u0130smini bile bilmedi\u011fi ama a\u015f\u0131k oldu\u011fu bu k\u0131za bir \u015fekilde ula\u015fmal\u0131d\u0131r. Ula\u015f\u0131r da\u2026F\u00fcsun\u2019u bulmak, ula\u015fmak tamamd\u0131r da; akl\u0131nda \u00fcniversiteyi derece ile bitirip Amerika\u2019da master yapmaktan ba\u015fka \u015fey olmayan F\u00fcsun\u2019u bir de a\u015fka ikna etmek laz\u0131md\u0131r. Yak\u0131\u015f\u0131kl\u0131, ak\u0131ll\u0131 ve i\u00e7ten olan Bar\u0131\u015f, sonunda bunu da ba\u015far\u0131r. F\u00fcsun\u2019u kendine a\u015f\u0131k eder, evlenirler. Her \u015fey masallardaki gibidir. Ta ki masal bir g\u00fcn bozulana kadar\u2026<\/p>\n<\/div>\n<\/div>\n<\/div>\n<\/div>\n<\/div>\n<\/div>\n<\/div>\n<\/div>\n<\/div>\n<p><span style=\"color: #0000ff;\"><strong>DEL\u0130BAL<\/strong> <span style=\"color: #000000;\"><strong>25 Aral\u0131k 2015 Cuma<\/strong><\/span><\/span> g\u00fcn\u00fc sinemalarda&#8230;<\/p>\n<p>Y\u0131l\u0131n son s\u00fcper a\u015fk filmi. Bu film seyredilir. <span style=\"color: #ff0000;\"><strong>\u00c7a\u011fatay Ulusoy<\/strong> <\/span>bu filmi ile bir \u00e7ok \u00f6d\u00fcle lay\u0131k g\u00f6r\u00fclecek, aday g\u00f6sterilecektir.<\/p>\n<p>Keyifli Seyirler<\/p>\n<p>Sayg\u0131lar ve sevgiler.<\/p>\n<p>Abdurrahman Balc\u0131lar<\/p>\n<p>Twitter: abdurrahman balc\u0131lar@abbalcilar<\/p>\n<p>Mail : <a href=\"mailto:ab.balcilar@hotmail.com\">ab.balcilar@hotmail.com<\/a><\/p>\n<p>Blog:\u00a0<a href=\"http:\/\/t.co\/znqmIZgIqn\">blog.milliyet.com.tr\/cansever<\/a><\/p>\n<p>Blog:\u00a0<strong>balcilar<\/strong>&#8211;<strong>blog.com<\/strong><\/p>\n<p>&nbsp;<\/p>\n<p><iframe loading=\"lazy\" title=\"Delibal Trailer\" width=\"640\" height=\"360\" src=\"https:\/\/www.youtube.com\/embed\/_A-k9FYBF5g?feature=oembed\" frameborder=\"0\" allow=\"accelerometer; autoplay; clipboard-write; encrypted-media; gyroscope; picture-in-picture; web-share\" referrerpolicy=\"strict-origin-when-cross-origin\" allowfullscreen><\/iframe><\/p>\n<p>&nbsp;<\/p>\n<p>Not: Haber ve g\u00f6rseller, Ay Yap\u0131m &#8211; Persona Sanat Bas\u0131n B\u00fclteninden al\u0131nm\u0131\u015ft\u0131r.<\/p>\n","protected":false},"excerpt":{"rendered":"<p>YILIN EN G\u00dcZEL A\u015eK F\u0130LM\u0130N\u0130N V\u0130ZYON TAR\u0130H\u0130 BELL\u0130 OLDU! \u00c7a\u011fatay Ulusoy ve Leyla Lydia Tu\u011futlu\u2019nun ba\u015frollerini payla\u015ft\u0131\u011f\u0131 Delibal sinema filminin vizyon tarihi belli oldu. Ay Yap\u0131m imzal\u0131 film 25 Aral\u0131k 2015 tarihinde vizyona girecek. Y\u00f6netmenli\u011fini Ali Bilgin\u2019in \u00fcstlendi\u011fi Delibal, ayn\u0131 \u00fcniversitede \u00f6\u011frenci olan Bar\u0131\u015f (\u00c7a\u011fatay Ulusoy) ve F\u00fcsun\u2019un ( Leyla Lydia Tu\u011futlu) tutkulu a\u015fk hikayesine [&hellip;]<\/p>\n","protected":false},"author":3,"featured_media":0,"comment_status":"open","ping_status":"open","sticky":false,"template":"","format":"standard","meta":{"footnotes":""},"categories":[10],"tags":[870,26,15,752,745],"class_list":["post-11314","post","type-post","status-publish","format-standard","hentry","category-sinema","tag-25-aralik-sinemalarda","tag-ay-yapim","tag-cagatay-ulusoy","tag-delibal","tag-leyla-lydia-tugutlu"],"views":4931,"blog_post_layout_featured_media_urls":{"thumbnail":"","full":""},"categories_names":{"10":{"name":"Sinema","link":"https:\/\/balcilar-blog.com\/?cat=10"}},"tags_names":{"870":{"name":"25 Aral\u0131k Sinemalarda","link":"https:\/\/balcilar-blog.com\/?tag=25-aralik-sinemalarda"},"26":{"name":"Ay Yap\u0131m","link":"https:\/\/balcilar-blog.com\/?tag=ay-yapim"},"15":{"name":"\u00e7a\u011fatay ulusoy","link":"https:\/\/balcilar-blog.com\/?tag=cagatay-ulusoy"},"752":{"name":"Delibal","link":"https:\/\/balcilar-blog.com\/?tag=delibal"},"745":{"name":"Leyla Lydia Tu\u011futlu","link":"https:\/\/balcilar-blog.com\/?tag=leyla-lydia-tugutlu"}},"comments_number":"0","wpmagazine_modules_lite_featured_media_urls":{"thumbnail":"","cvmm-medium":"","cvmm-medium-plus":"","cvmm-portrait":"","cvmm-medium-square":"","cvmm-large":"","cvmm-small":"","full":""},"_links":{"self":[{"href":"https:\/\/balcilar-blog.com\/index.php?rest_route=\/wp\/v2\/posts\/11314","targetHints":{"allow":["GET"]}}],"collection":[{"href":"https:\/\/balcilar-blog.com\/index.php?rest_route=\/wp\/v2\/posts"}],"about":[{"href":"https:\/\/balcilar-blog.com\/index.php?rest_route=\/wp\/v2\/types\/post"}],"author":[{"embeddable":true,"href":"https:\/\/balcilar-blog.com\/index.php?rest_route=\/wp\/v2\/users\/3"}],"replies":[{"embeddable":true,"href":"https:\/\/balcilar-blog.com\/index.php?rest_route=%2Fwp%2Fv2%2Fcomments&post=11314"}],"version-history":[{"count":5,"href":"https:\/\/balcilar-blog.com\/index.php?rest_route=\/wp\/v2\/posts\/11314\/revisions"}],"predecessor-version":[{"id":11322,"href":"https:\/\/balcilar-blog.com\/index.php?rest_route=\/wp\/v2\/posts\/11314\/revisions\/11322"}],"wp:attachment":[{"href":"https:\/\/balcilar-blog.com\/index.php?rest_route=%2Fwp%2Fv2%2Fmedia&parent=11314"}],"wp:term":[{"taxonomy":"category","embeddable":true,"href":"https:\/\/balcilar-blog.com\/index.php?rest_route=%2Fwp%2Fv2%2Fcategories&post=11314"},{"taxonomy":"post_tag","embeddable":true,"href":"https:\/\/balcilar-blog.com\/index.php?rest_route=%2Fwp%2Fv2%2Ftags&post=11314"}],"curies":[{"name":"wp","href":"https:\/\/api.w.org\/{rel}","templated":true}]}}