{"id":11299,"date":"2015-10-28T11:29:35","date_gmt":"2015-10-28T09:29:35","guid":{"rendered":"http:\/\/balcilar-blog.com\/?p=11299"},"modified":"2015-10-28T11:29:35","modified_gmt":"2015-10-28T09:29:35","slug":"kivanc-tatlitug-32-yasina-basti","status":"publish","type":"post","link":"https:\/\/balcilar-blog.com\/?p=11299","title":{"rendered":"K\u0131van\u00e7 Tatl\u0131tu\u011f 32 Ya\u015f\u0131na bast\u0131!"},"content":{"rendered":"<p><a href=\"http:\/\/balcilar-blog.com\/wp-content\/uploads\/2015\/10\/CSYp0UuWEAAFnn1.jpg\"><img loading=\"lazy\" decoding=\"async\" class=\"alignnone size-full wp-image-11300\" src=\"http:\/\/balcilar-blog.com\/wp-content\/uploads\/2015\/10\/CSYp0UuWEAAFnn1.jpg\" alt=\"CSYp0UuWEAAFnn1\" width=\"640\" height=\"424\" srcset=\"https:\/\/balcilar-blog.com\/wp-content\/uploads\/2015\/10\/CSYp0UuWEAAFnn1.jpg 640w, https:\/\/balcilar-blog.com\/wp-content\/uploads\/2015\/10\/CSYp0UuWEAAFnn1-300x199.jpg 300w\" sizes=\"auto, (max-width: 640px) 100vw, 640px\" \/><\/a><\/p>\n<p>Sosyal medyada pek g\u00f6r\u00fcnmeyi pek sevmeyen yak\u0131\u015f\u0131kl\u0131 oyuncu K\u0131van\u00e7 Tatl\u0131tu\u011f, d\u00fcn 32 ya\u015f\u0131na bast\u0131. Ve bir mesaj yay\u0131nlad\u0131.<\/p>\n<p>\u0130\u015fte Tatl\u0131tu\u011f&#8217;un mesaj\u0131:<\/p>\n<p>&#8220;Herkese merhaba,<br \/>\nBen b\u00f6yle ortaya \u00e7\u0131kay\u0131m, kendimi anlatay\u0131m, g\u00f6stereyim tarz\u0131nda davran\u0131\u015flardan ho\u015flanm\u0131yorum. Siz zaten beni benden iyi biliyosunuz..<br \/>\nBu y\u00fczden bu platformlarda belki sizin bekledi\u011finiz yak\u0131nl\u0131\u011f\u0131 size g\u00f6steremiyor olabilirim. Ben buray\u0131 zaman zaman k\u0131zg\u0131nl\u0131klar\u0131m da sesimi duyurabildi\u011fim bir yer olarak hissettim ve b\u00f6yle kulland\u0131m.<br \/>\nBana bu konuda m\u00fcsaade edin, \u00e7\u00fcnk\u00fc her hareketimizi b\u00fcy\u00fcte\u00e7le ya\u015fad\u0131\u011f\u0131m\u0131z bu zor ortamda arada burdan serzeni\u015flerde bulunabilmek ufakta olsa rahatlat\u0131yor beni..<\/p>\n<p>Ama bug\u00fcn sizlere yazmam\u0131n tek bir amac\u0131 var. Bug\u00fcn benim do\u011fum g\u00fcn\u00fcm. Ve bu g\u00fcn\u00fcm\u00fc sizlerle renklendirmek istedim. Her insan mutlu g\u00fcn\u00fcnde hat\u0131rlanmak ister ama ben ailem ve yak\u0131n \u00e7evremin d\u0131\u015f\u0131nda, \u00fclkemde ve d\u00fcnyan\u0131n bir \u00e7ok yerinde ya\u015fayan, beni hat\u0131rlayan sizlerden gelen mesajlar\u0131n beni ne kadar mutlu etti\u011fini bilmenizi istedim.. Hepinize ayr\u0131 ayr\u0131 te\u015fekk\u00fcr ederim, iyi ki vars\u0131n\u0131z.&#8221;<\/p>\n<p>&#8220;Kuzey G\u00fcney&#8221; dizisi ile s\u00fckse yapan K\u0131van\u00e7 Tatl\u0131tu\u011f, daha sonra &#8220;Kurt Seyit ve \u015eura&#8221; dizisinde oynad\u0131. Beklenen ilgiyi g\u00f6rmeyince, pek de uzun soluklu olmad\u0131. \u015eu s\u0131ralarda Star Tv&#8217;de yeni bir diziye ba\u015flayaca\u011f\u0131, senaryo se\u00e7imi yap\u0131ld\u0131\u011f\u0131 s\u00f6yleniyor. Sevenleri merakla yeni diziyi bekliyor.<\/p>\n<p>Biz de K\u0131van\u00e7 Tatl\u0131tu\u011f&#8217;un do\u011fum g\u00fcn\u00fcn\u00fc kutlar, nice mutlu, oyunculukta ba\u015far\u0131l\u0131 y\u0131llar dileyelim.<\/p>\n<p>&nbsp;<\/p>\n<p>Sayg\u0131lar ve sevgiler.<\/p>\n<p>Abdurrahman Balc\u0131lar<\/p>\n<p>Twitter: abdurrahman balc\u0131lar@abbalcilar<\/p>\n<p>Mail : <a href=\"mailto:ab.balcilar@hotmail.com\">ab.balcilar@hotmail.com<\/a><\/p>\n<p>Blog:\u00a0<a href=\"http:\/\/t.co\/znqmIZgIqn\">blog.milliyet.com.tr\/cansever<\/a><\/p>\n<p>Blog:\u00a0<strong>balcilar<\/strong>&#8211;<strong>blog.com<\/strong><\/p>\n<p>&nbsp;<\/p>\n<p>Not: Haber ve g\u00f6rsel K\u0131van\u00e7 Tatl\u0131tu\u011f Twitter hesab\u0131ndan al\u0131nm\u0131\u015ft\u0131r.<\/p>\n<div id=\"main\" class=\"span8\">\n<div class=\"arsiv\">\n<article id=\"haber\">\n<div id=\"newstext\" class=\"row-fluid page-content\"><\/div>\n<\/article>\n<p>&nbsp;<\/p>\n<div class=\"content\">\n<form action=\"http:\/\/www.meydangazetesi.com.tr\/?m=arsiv\" method=\"post\" name=\"arsiv\"><\/form>\n<\/div>\n<\/div>\n<\/div>\n<div class=\"row\">\n<div>\n<div class=\"aside\">\n<div id=\"sidebar\" class=\"span4\">\n<div class=\"row-fulid\">\n<div class=\"arsiv\">\n<div class=\"content\">\n<form action=\"http:\/\/www.meydangazetesi.com.tr\/?m=arsiv\" method=\"post\" name=\"arsiv\"><\/form>\n<\/div>\n<\/div>\n<\/div>\n<\/div>\n<\/div>\n<\/div>\n<\/div>\n","protected":false},"excerpt":{"rendered":"<p>Sosyal medyada pek g\u00f6r\u00fcnmeyi pek sevmeyen yak\u0131\u015f\u0131kl\u0131 oyuncu K\u0131van\u00e7 Tatl\u0131tu\u011f, d\u00fcn 32 ya\u015f\u0131na bast\u0131. Ve bir mesaj yay\u0131nlad\u0131. \u0130\u015fte Tatl\u0131tu\u011f&#8217;un mesaj\u0131: &#8220;Herkese merhaba, Ben b\u00f6yle ortaya \u00e7\u0131kay\u0131m, kendimi anlatay\u0131m, g\u00f6stereyim tarz\u0131nda davran\u0131\u015flardan ho\u015flanm\u0131yorum. Siz zaten beni benden iyi biliyosunuz.. Bu y\u00fczden bu platformlarda belki sizin bekledi\u011finiz yak\u0131nl\u0131\u011f\u0131 size g\u00f6steremiyor olabilirim. Ben buray\u0131 zaman zaman k\u0131zg\u0131nl\u0131klar\u0131m [&hellip;]<\/p>\n","protected":false},"author":3,"featured_media":0,"comment_status":"open","ping_status":"open","sticky":false,"template":"","format":"standard","meta":{"footnotes":""},"categories":[7],"tags":[80,234,175,25,841],"class_list":["post-11299","post","type-post","status-publish","format-standard","hentry","category-magazin","tag-kivanc-tatlitug","tag-kurt-seyit-ve-sura","tag-kuzey-guney","tag-star-tv","tag-yeni-dizi"],"views":3773,"blog_post_layout_featured_media_urls":{"thumbnail":"","full":""},"categories_names":{"7":{"name":"Magazin","link":"https:\/\/balcilar-blog.com\/?cat=7"}},"tags_names":{"80":{"name":"K\u0131van\u00e7 Tatl\u0131tu\u011f","link":"https:\/\/balcilar-blog.com\/?tag=kivanc-tatlitug"},"234":{"name":"Kurt Seyit ve \u015eura","link":"https:\/\/balcilar-blog.com\/?tag=kurt-seyit-ve-sura"},"175":{"name":"Kuzey G\u00fcney","link":"https:\/\/balcilar-blog.com\/?tag=kuzey-guney"},"25":{"name":"Star Tv","link":"https:\/\/balcilar-blog.com\/?tag=star-tv"},"841":{"name":"Yeni dizi","link":"https:\/\/balcilar-blog.com\/?tag=yeni-dizi"}},"comments_number":"0","wpmagazine_modules_lite_featured_media_urls":{"thumbnail":"","cvmm-medium":"","cvmm-medium-plus":"","cvmm-portrait":"","cvmm-medium-square":"","cvmm-large":"","cvmm-small":"","full":""},"_links":{"self":[{"href":"https:\/\/balcilar-blog.com\/index.php?rest_route=\/wp\/v2\/posts\/11299","targetHints":{"allow":["GET"]}}],"collection":[{"href":"https:\/\/balcilar-blog.com\/index.php?rest_route=\/wp\/v2\/posts"}],"about":[{"href":"https:\/\/balcilar-blog.com\/index.php?rest_route=\/wp\/v2\/types\/post"}],"author":[{"embeddable":true,"href":"https:\/\/balcilar-blog.com\/index.php?rest_route=\/wp\/v2\/users\/3"}],"replies":[{"embeddable":true,"href":"https:\/\/balcilar-blog.com\/index.php?rest_route=%2Fwp%2Fv2%2Fcomments&post=11299"}],"version-history":[{"count":2,"href":"https:\/\/balcilar-blog.com\/index.php?rest_route=\/wp\/v2\/posts\/11299\/revisions"}],"predecessor-version":[{"id":11302,"href":"https:\/\/balcilar-blog.com\/index.php?rest_route=\/wp\/v2\/posts\/11299\/revisions\/11302"}],"wp:attachment":[{"href":"https:\/\/balcilar-blog.com\/index.php?rest_route=%2Fwp%2Fv2%2Fmedia&parent=11299"}],"wp:term":[{"taxonomy":"category","embeddable":true,"href":"https:\/\/balcilar-blog.com\/index.php?rest_route=%2Fwp%2Fv2%2Fcategories&post=11299"},{"taxonomy":"post_tag","embeddable":true,"href":"https:\/\/balcilar-blog.com\/index.php?rest_route=%2Fwp%2Fv2%2Ftags&post=11299"}],"curies":[{"name":"wp","href":"https:\/\/api.w.org\/{rel}","templated":true}]}}