{"id":11261,"date":"2015-10-25T11:20:51","date_gmt":"2015-10-25T09:20:51","guid":{"rendered":"http:\/\/balcilar-blog.com\/?p=11261"},"modified":"2015-10-25T17:15:20","modified_gmt":"2015-10-25T15:15:20","slug":"hazal-cagatay-fanlarinin-gereksiz-tartismasi-niye","status":"publish","type":"post","link":"https:\/\/balcilar-blog.com\/?p=11261","title":{"rendered":"Hazal &#8211; \u00c7a\u011fatay Fanlar\u0131n\u0131n gereksiz tart\u0131\u015fmas\u0131 niye?"},"content":{"rendered":"<p><a href=\"http:\/\/balcilar-blog.com\/wp-content\/uploads\/2015\/02\/Ekran-Al\u0131nt\u0131s\u0131maral.kp1_.png\"><img loading=\"lazy\" decoding=\"async\" class=\"alignnone size-full wp-image-6698\" src=\"http:\/\/balcilar-blog.com\/wp-content\/uploads\/2015\/02\/Ekran-Al\u0131nt\u0131s\u0131maral.kp1_.png\" alt=\"Ekran Al\u0131nt\u0131s\u0131maral.kp1\" width=\"679\" height=\"379\" srcset=\"https:\/\/balcilar-blog.com\/wp-content\/uploads\/2015\/02\/Ekran-Al\u0131nt\u0131s\u0131maral.kp1_.png 679w, https:\/\/balcilar-blog.com\/wp-content\/uploads\/2015\/02\/Ekran-Al\u0131nt\u0131s\u0131maral.kp1_-300x167.png 300w\" sizes=\"auto, (max-width: 679px) 100vw, 679px\" \/><\/a><\/p>\n<p>Twitter&#8217;da tekipcilerim aras\u0131nda benim de ad\u0131m\u0131n ge\u00e7ti\u011fi bir kavga var. Maral dizisinin bitmesinde baz\u0131 Hazal fanlar\u0131, \u00c7a\u011fatay fanlar\u0131n\u0131 su\u00e7lad\u0131klar\u0131n\u0131 g\u00f6r\u00fcyorum. Ben her iki oyuncuyu da seven, takdir eden, her ikisi hakk\u0131nda Blog yaz\u0131lar\u0131 yazan tarafs\u0131z bir yazar\u0131m. Zaten taraf olamam da, g\u00f6rd\u00fc\u011f\u00fcm aksakl\u0131klar\u0131 yap\u0131c\u0131 ele\u015ftiri olarak dobra dobra s\u00f6yler, yazar\u0131m.<\/p>\n<p>D\u00fcn gece cep telefonuma, mail kutumu 50&#8217;e yak\u0131n mesaj geldi\u011fini g\u00f6rd\u00fcm. Kar\u015f\u0131l\u0131kl\u0131 su\u00e7lamalar. Hi\u00e7 de gereksiz. Temelde her iki taraf da, <span style=\"color: #ff0000;\"><strong>Hazal Kaya<\/strong><\/span>&#8216;y\u0131 ve <span style=\"color: #ff0000;\"><strong>\u00c7a\u011fatay Ulusoy<\/strong><\/span>&#8216;u &#8220;<span style=\"color: #0000ff;\"><strong>Ad\u0131n\u0131 Feriha Koydum<\/strong><\/span>&#8221; dizisi ile tan\u0131d\u0131lar, \u00e7ok da sevdiler ve birer fan\u0131 oldular. Zira onlar\u0131n dizi a\u015fk\u0131 hala unutulmad\u0131.<\/p>\n<p>AFK&#8217;daki ba\u015far\u0131y\u0131 \u00c7a\u011fatay Ulusoy son dizisi Medcezir ile devam ettirdi. Hazal Kaya bir \u015fanss\u0131zl\u0131kt\u0131r, sonras\u0131 3 dizi de ba\u015far\u0131s\u0131z oldu \u00a0demiyordum, \u015fans\u0131 yaver gitmedi. En son &#8220;<span style=\"color: #0000ff;\"><strong>Maral En G\u00fczel Hikayem<\/strong><\/span>&#8221; neden devam etmedi\u011finin sebepleri \u00fczerinde konu\u015fal\u0131m? \u00c7\u00fcnk\u00fc, bu soru bana da soruluyor.<\/p>\n<p><strong>Maral&#8217;\u0131n reyting alamamas\u0131n\u0131n ba\u015fl\u0131ca sebepleri:<\/strong><\/p>\n<p>1- Kanal se\u00e7imi yanl\u0131\u015ft\u0131. Acun Il\u0131cal\u0131&#8217;n\u0131n yeni sat\u0131n ald\u0131\u011f\u0131 kanal TV8 kendisini e\u011flence kanal\u0131 olarak tan\u0131tt\u0131. Dizi i\u00e7in son akla gelen bir kanald\u0131.<\/p>\n<p>2- May\u0131s ay\u0131nda dizi \u00e7ok erken sezon finali yapt\u0131, Haziran ay\u0131 sonuna kadar devam etmeliydi.<\/p>\n<p>3- Hazal Kaya sevenleri ve izleyenler televizyondan direk seyretmek yerine, daha sonra internetten seyretmeyi ye\u011flediler. Bu da reytinglerin d\u00fc\u015f\u00fck g\u00f6sterdi.<\/p>\n<p>4- \u00c7a\u011fatay Ulusoy Fanlar\u0131&#8217;n\u0131n Hazal Kaya&#8217;n\u0131n aleyhine bir hareketlerini okumad\u0131m, g\u00f6rmedim.<\/p>\n<p>5- Partner se\u00e7iminde de bir uyumsuzluk yoktu. Aras Bulut \u0130ynemli ile Hazal Kaya \u00e7ok da yak\u0131\u015ft\u0131lar, uyumlar\u0131 m\u00fckemmeldi.<\/p>\n<p>6- Senaryoda 8-10 b\u00f6l\u00fcm sonunda sapmalar oldu. Hikaye ba\u015fka y\u00f6nlere do\u011fru gitti. Bilhassa son b\u00f6l\u00fcmlerde Maral&#8217;\u0131n Yi\u011fit&#8217;in &#8216;Benimle evlenir misin?&#8217; teklifine evet demesi gibi.<\/p>\n<p>7- Reytinglerin bu kadar \u00e7ok d\u00fc\u015f\u00fck olmas\u0131 Hazal&#8217;\u0131n moralini \u00e7ok bozmu\u015f, 26 B\u00f6l\u00fcm yay\u0131n garantisi olan dizinin s\u00f6zle\u015fme iptalini kabul etti\u011fini zannediyorum.<\/p>\n<p>8-Bir ka\u00e7 kendini bilmez Hazal hakk\u0131nda k\u00f6t\u00fc konu\u015fmu\u015f olabilir. Unutulmas\u0131n ki istisnalar kaideyi bozmaz.<\/p>\n<p>9-Her kim ne s\u00f6ylerse Hazal Kaya Maral&#8217;da aslanlar gibi oynad\u0131, performans\u0131 da olduk\u00e7a m\u00fckemmeldi.<\/p>\n<p>Maral&#8217;\u0131n erken final yapmas\u0131nda, hemen akl\u0131ma gelen ba\u015fl\u0131ca sebepler bunlar. Ba\u015fkaca sebepler de s\u0131ralanabilir.<\/p>\n<p><a href=\"http:\/\/balcilar-blog.com\/wp-content\/uploads\/2015\/03\/Ekran-Al\u0131nt\u0131s\u0131MARAL4.1.png\"><img loading=\"lazy\" decoding=\"async\" class=\"alignnone size-full wp-image-7715\" src=\"http:\/\/balcilar-blog.com\/wp-content\/uploads\/2015\/03\/Ekran-Al\u0131nt\u0131s\u0131MARAL4.1.png\" alt=\"Ekran Al\u0131nt\u0131s\u0131MARAL4.1\" width=\"622\" height=\"369\" srcset=\"https:\/\/balcilar-blog.com\/wp-content\/uploads\/2015\/03\/Ekran-Al\u0131nt\u0131s\u0131MARAL4.1.png 622w, https:\/\/balcilar-blog.com\/wp-content\/uploads\/2015\/03\/Ekran-Al\u0131nt\u0131s\u0131MARAL4.1-300x178.png 300w\" sizes=\"auto, (max-width: 622px) 100vw, 622px\" \/><\/a><\/p>\n<p>Kim ne derse desin, dizide Sarp ile Maral karakteri \u00e7ok g\u00fczel bir ikili olmu\u015flard\u0131r. S\u00f6ylenen bir tarafa, bu tart\u0131\u015fmalar gereksizdir.<\/p>\n<p><a href=\"http:\/\/balcilar-blog.com\/wp-content\/uploads\/2015\/10\/CSAvxtUXIAA0_Z6.jpg\"><img loading=\"lazy\" decoding=\"async\" class=\"alignnone size-full wp-image-11264\" src=\"http:\/\/balcilar-blog.com\/wp-content\/uploads\/2015\/10\/CSAvxtUXIAA0_Z6.jpg\" alt=\"CSAvxtUXIAA0_Z6\" width=\"640\" height=\"434\" srcset=\"https:\/\/balcilar-blog.com\/wp-content\/uploads\/2015\/10\/CSAvxtUXIAA0_Z6.jpg 640w, https:\/\/balcilar-blog.com\/wp-content\/uploads\/2015\/10\/CSAvxtUXIAA0_Z6-300x203.jpg 300w\" sizes=\"auto, (max-width: 640px) 100vw, 640px\" \/><\/a><\/p>\n<p>G\u00fczel g\u00f6zl\u00fc, g\u00fczel y\u00fczl\u00fc, g\u00fczeller g\u00fczeli s\u00fcper oyuncu <span style=\"color: #ff0000;\"><strong>Hazal Kaya<\/strong><\/span>&#8216;ya bu son yar\u0131m kalan dizin olsun deyip, ba\u015far\u0131lar ve bol \u015fanslar diliyorum.<\/p>\n<p>Moralini hi\u00e7 bozma&#8230; Unutma! Hazal Kaya; \u00a0Fanlar\u0131n ve binlerce sevenlerin senin hep yan\u0131nda ve arkanda olacaklard\u0131r.<\/p>\n<p>Sayg\u0131lar ve sevgiler.<\/p>\n<p>Abdurrahman Balc\u0131lar<\/p>\n<p>Twitter: abdurrahman balc\u0131lar@abbalcilar<\/p>\n<p>Mail : <a href=\"mailto:ab.balcilar@hotmail.com\">ab.balcilar@hotmail.com<\/a><\/p>\n<p>Blog:\u00a0<a href=\"http:\/\/t.co\/znqmIZgIqn\">blog.milliyet.com.tr\/cansever<\/a><\/p>\n<p>Blog:\u00a0<strong>balcilar<\/strong>&#8211;<strong>blog.com<\/strong><\/p>\n","protected":false},"excerpt":{"rendered":"<p>Twitter&#8217;da tekipcilerim aras\u0131nda benim de ad\u0131m\u0131n ge\u00e7ti\u011fi bir kavga var. Maral dizisinin bitmesinde baz\u0131 Hazal fanlar\u0131, \u00c7a\u011fatay fanlar\u0131n\u0131 su\u00e7lad\u0131klar\u0131n\u0131 g\u00f6r\u00fcyorum. Ben her iki oyuncuyu da seven, takdir eden, her ikisi hakk\u0131nda Blog yaz\u0131lar\u0131 yazan tarafs\u0131z bir yazar\u0131m. Zaten taraf olamam da, g\u00f6rd\u00fc\u011f\u00fcm aksakl\u0131klar\u0131 yap\u0131c\u0131 ele\u015ftiri olarak dobra dobra s\u00f6yler, yazar\u0131m. D\u00fcn gece cep telefonuma, mail [&hellip;]<\/p>\n","protected":false},"author":3,"featured_media":0,"comment_status":"open","ping_status":"open","sticky":false,"template":"","format":"standard","meta":{"footnotes":""},"categories":[2],"tags":[391,533,867,19,534,392],"class_list":["post-11261","post","type-post","status-publish","format-standard","hentry","category-tv-programlari","tag-acun-ilicali","tag-aras-bulut-iynemli","tag-en-guzel-hikayem","tag-hazal-kaya","tag-maral","tag-tv8"],"views":5131,"blog_post_layout_featured_media_urls":{"thumbnail":"","full":""},"categories_names":{"2":{"name":"TV Programlar\u0131","link":"https:\/\/balcilar-blog.com\/?cat=2"}},"tags_names":{"391":{"name":"Acun Il\u0131cal\u0131","link":"https:\/\/balcilar-blog.com\/?tag=acun-ilicali"},"533":{"name":"Aras Bulut \u0130ynemli","link":"https:\/\/balcilar-blog.com\/?tag=aras-bulut-iynemli"},"867":{"name":"En G\u00fczel Hikayem","link":"https:\/\/balcilar-blog.com\/?tag=en-guzel-hikayem"},"19":{"name":"Hazal Kaya","link":"https:\/\/balcilar-blog.com\/?tag=hazal-kaya"},"534":{"name":"Maral","link":"https:\/\/balcilar-blog.com\/?tag=maral"},"392":{"name":"Tv8","link":"https:\/\/balcilar-blog.com\/?tag=tv8"}},"comments_number":"2","wpmagazine_modules_lite_featured_media_urls":{"thumbnail":"","cvmm-medium":"","cvmm-medium-plus":"","cvmm-portrait":"","cvmm-medium-square":"","cvmm-large":"","cvmm-small":"","full":""},"_links":{"self":[{"href":"https:\/\/balcilar-blog.com\/index.php?rest_route=\/wp\/v2\/posts\/11261","targetHints":{"allow":["GET"]}}],"collection":[{"href":"https:\/\/balcilar-blog.com\/index.php?rest_route=\/wp\/v2\/posts"}],"about":[{"href":"https:\/\/balcilar-blog.com\/index.php?rest_route=\/wp\/v2\/types\/post"}],"author":[{"embeddable":true,"href":"https:\/\/balcilar-blog.com\/index.php?rest_route=\/wp\/v2\/users\/3"}],"replies":[{"embeddable":true,"href":"https:\/\/balcilar-blog.com\/index.php?rest_route=%2Fwp%2Fv2%2Fcomments&post=11261"}],"version-history":[{"count":4,"href":"https:\/\/balcilar-blog.com\/index.php?rest_route=\/wp\/v2\/posts\/11261\/revisions"}],"predecessor-version":[{"id":11271,"href":"https:\/\/balcilar-blog.com\/index.php?rest_route=\/wp\/v2\/posts\/11261\/revisions\/11271"}],"wp:attachment":[{"href":"https:\/\/balcilar-blog.com\/index.php?rest_route=%2Fwp%2Fv2%2Fmedia&parent=11261"}],"wp:term":[{"taxonomy":"category","embeddable":true,"href":"https:\/\/balcilar-blog.com\/index.php?rest_route=%2Fwp%2Fv2%2Fcategories&post=11261"},{"taxonomy":"post_tag","embeddable":true,"href":"https:\/\/balcilar-blog.com\/index.php?rest_route=%2Fwp%2Fv2%2Ftags&post=11261"}],"curies":[{"name":"wp","href":"https:\/\/api.w.org\/{rel}","templated":true}]}}